{"id":8230,"date":"2021-05-06T18:32:22","date_gmt":"2021-05-06T21:32:22","guid":{"rendered":"http:\/\/www.delexodo.com.ar\/?p=8230"},"modified":"2021-05-06T18:32:22","modified_gmt":"2021-05-06T21:32:22","slug":"el-becario-dispuso-un-aumento-en-el-valor-de-las-becas-provinciales-de-nivel-secundario","status":"publish","type":"post","link":"https:\/\/www.delexodo.com.ar\/?p=8230","title":{"rendered":"EL BECARIO DISPUSO UN AUMENTO EN EL VALOR DE LAS BECAS PROVINCIALES DE NIVEL SECUNDARIO"},"content":{"rendered":"\n<p>El Instituto Becario inform\u00f3 que a partir de este mes se estableci\u00f3 un incremento superior al 60% en las becas que perciben los estudiantes del nivel secundario.<\/p>\n\n\n\n<p><em>\u00abHemos evaluado que ha quedado desactualizado el monto de las becas secundarias y entendimos que el contexto ameritaba un esfuerzo para establecer este incremento\u00bb<\/em>, explic\u00f3 el director ejecutivo del Becario, Sebasti\u00e1n B\u00e9rtoli, al dar a conocer la decisi\u00f3n del organismo provincial.<\/p>\n\n\n\n<p>Tambi\u00e9n inform\u00f3 que contin\u00faa el pago de becas a estudiantes del nivel superior, que comprende a terciarios y universitarios, debido a que se corresponde con los beneficios otorgados en 2020, cuyo primer per\u00edodo de pago va de agosto a diciembre y el segundo de marzo a junio, completando as\u00ed nueve meses del calendario anual.<\/p>\n\n\n\n<p>Respecto a los estudiantes secundarios, dijo que se abona ya este mes con aumento, a los alumnos que renovaron su solicitud como as\u00ed tambi\u00e9n a las becas nuevas de 2021. Cabe recordar que el pago para este nivel comienza en mayo y se extiende hasta noviembre, y luego contin\u00faa de febrero a marzo, tambi\u00e9n en dos per\u00edodos que completan el calendario anual.<\/p>\n\n\n\n<p>En este sentido, B\u00e9rtoli remarc\u00f3<em>: \u00abDesde el Instituto Becario creemos que es importante destacar el esfuerzo que realiza el gobierno provincial para seguir acompa\u00f1ando y potenciando el futuro de los estudiantes entrerrianos a trav\u00e9s de las becas las que ahora fueron incrementadas en su valor\u00bb<\/em>.<\/p>\n\n\n\n<p>Record\u00f3 adem\u00e1s que se extendi\u00f3 hasta el 14 de mayo el plazo de inscripci\u00f3n para la gesti\u00f3n de becas del nivel secundario, por lo que los estudiantes podr\u00e1n iniciar su tr\u00e1mite online hasta esa fecha. Posteriormente, quedar\u00e1 habilitado el ingreso a la plataforma para aquellos que comenzaron su solicitud, cuya fecha l\u00edmite para completar la informaci\u00f3n del tr\u00e1mite que ya se hab\u00eda iniciado es el 30 de mayo.<\/p>\n\n\n\n<p>De igual modo, B\u00e9rtoli record\u00f3 que ante dudas o consultas se encuentra disponible el chat online en la web del organismo <strong><a href=\"https:\/\/www.institutobecario.gov.ar\/\" target=\"_blank\" rel=\"noreferrer noopener\">www.institutobecario.gov.ar<\/a><\/strong>, de lunes a viernes de 9 a 13.<\/p>\n\n\n\n<p>Para finalizar el funcionario destac\u00f3<em>: \u00abDesde el becario seguimos trabajando con transparencia, desarrollando herramientas que fortalezcan la educaci\u00f3n y el futuro de nuestros estudiantes, no s\u00f3lo con las becas sino tambi\u00e9n con diferentes programas que benefician a los alumnos entrerrianos\u00bb<\/em>.<\/p>\n","protected":false},"excerpt":{"rendered":"<p>El Instituto Becario inform\u00f3 que a partir de este mes se estableci\u00f3 un incremento superior al 60% en las becas&hellip;<\/p>\n","protected":false},"author":1,"featured_media":8231,"comment_status":"closed","ping_status":"closed","sticky":false,"template":"","format":"standard","meta":{"_joinchat":[],"footnotes":""},"categories":[65,1,69],"tags":[],"class_list":["post-8230","post","type-post","status-publish","format-standard","has-post-thumbnail","hentry","category-destacados","category-sincategoria","category-noticias"],"yoast_head":"<!-- This site is optimized with the Yoast SEO plugin v25.1 - https:\/\/yoast.com\/wordpress\/plugins\/seo\/ -->\n<title>EL BECARIO DISPUSO UN AUMENTO EN EL VALOR DE LAS BECAS PROVINCIALES DE NIVEL SECUNDARIO - Del \u00c9xodo Nogoy\u00e1<\/title>\n<meta name=\"robots\" content=\"index, follow, max-snippet:-1, max-image-preview:large, max-video-preview:-1\" \/>\n<link rel=\"canonical\" href=\"https:\/\/www.delexodo.com.ar\/?p=8230\" \/>\n<meta property=\"og:locale\" content=\"es_ES\" \/>\n<meta property=\"og:type\" content=\"article\" \/>\n<meta property=\"og:title\" content=\"EL BECARIO DISPUSO UN AUMENTO EN EL VALOR DE LAS BECAS PROVINCIALES DE NIVEL SECUNDARIO - Del \u00c9xodo Nogoy\u00e1\" \/>\n<meta property=\"og:description\" content=\"El Instituto Becario inform\u00f3 que a partir de este mes se estableci\u00f3 un incremento superior al 60% en las becas&hellip;\" \/>\n<meta property=\"og:url\" content=\"https:\/\/www.delexodo.com.ar\/?p=8230\" \/>\n<meta property=\"og:site_name\" content=\"Del \u00c9xodo Nogoy\u00e1\" \/>\n<meta property=\"article:published_time\" content=\"2021-05-06T21:32:22+00:00\" \/>\n<meta property=\"og:image\" content=\"https:\/\/www.delexodo.com.ar\/wp-content\/uploads\/2021\/05\/BECARIO-AUMENTO.jpg\" \/>\n\t<meta property=\"og:image:width\" content=\"938\" \/>\n\t<meta property=\"og:image:height\" content=\"610\" \/>\n\t<meta property=\"og:image:type\" content=\"image\/jpeg\" \/>\n<meta name=\"author\" content=\"admin\" \/>\n<meta name=\"twitter:card\" content=\"summary_large_image\" \/>\n<meta name=\"twitter:label1\" content=\"Escrito por\" \/>\n\t<meta name=\"twitter:data1\" content=\"admin\" \/>\n\t<meta name=\"twitter:label2\" content=\"Tiempo de lectura\" \/>\n\t<meta name=\"twitter:data2\" content=\"2 minutos\" \/>\n<script type=\"application\/ld+json\" class=\"yoast-schema-graph\">{\"@context\":\"https:\/\/schema.org\",\"@graph\":[{\"@type\":\"Article\",\"@id\":\"https:\/\/www.delexodo.com.ar\/?p=8230#article\",\"isPartOf\":{\"@id\":\"https:\/\/www.delexodo.com.ar\/?p=8230\"},\"author\":{\"name\":\"admin\",\"@id\":\"https:\/\/www.delexodo.com.ar\/#\/schema\/person\/bbed37f7da8e938660b34f2013ba449d\"},\"headline\":\"EL BECARIO DISPUSO UN AUMENTO EN EL VALOR DE LAS BECAS PROVINCIALES DE NIVEL SECUNDARIO\",\"datePublished\":\"2021-05-06T21:32:22+00:00\",\"mainEntityOfPage\":{\"@id\":\"https:\/\/www.delexodo.com.ar\/?p=8230\"},\"wordCount\":404,\"publisher\":{\"@id\":\"https:\/\/www.delexodo.com.ar\/#organization\"},\"image\":{\"@id\":\"https:\/\/www.delexodo.com.ar\/?p=8230#primaryimage\"},\"thumbnailUrl\":\"https:\/\/www.delexodo.com.ar\/wp-content\/uploads\/2021\/05\/BECARIO-AUMENTO.jpg\",\"articleSection\":[\"Destacados\",\"Nogoya\",\"NOTICIAS\"],\"inLanguage\":\"es\"},{\"@type\":\"WebPage\",\"@id\":\"https:\/\/www.delexodo.com.ar\/?p=8230\",\"url\":\"https:\/\/www.delexodo.com.ar\/?p=8230\",\"name\":\"EL BECARIO DISPUSO UN AUMENTO EN EL VALOR DE LAS BECAS PROVINCIALES DE NIVEL SECUNDARIO - Del \u00c9xodo Nogoy\u00e1\",\"isPartOf\":{\"@id\":\"https:\/\/www.delexodo.com.ar\/#website\"},\"primaryImageOfPage\":{\"@id\":\"https:\/\/www.delexodo.com.ar\/?p=8230#primaryimage\"},\"image\":{\"@id\":\"https:\/\/www.delexodo.com.ar\/?p=8230#primaryimage\"},\"thumbnailUrl\":\"https:\/\/www.delexodo.com.ar\/wp-content\/uploads\/2021\/05\/BECARIO-AUMENTO.jpg\",\"datePublished\":\"2021-05-06T21:32:22+00:00\",\"breadcrumb\":{\"@id\":\"https:\/\/www.delexodo.com.ar\/?p=8230#breadcrumb\"},\"inLanguage\":\"es\",\"potentialAction\":[{\"@type\":\"ReadAction\",\"target\":[\"https:\/\/www.delexodo.com.ar\/?p=8230\"]}]},{\"@type\":\"ImageObject\",\"inLanguage\":\"es\",\"@id\":\"https:\/\/www.delexodo.com.ar\/?p=8230#primaryimage\",\"url\":\"https:\/\/www.delexodo.com.ar\/wp-content\/uploads\/2021\/05\/BECARIO-AUMENTO.jpg\",\"contentUrl\":\"https:\/\/www.delexodo.com.ar\/wp-content\/uploads\/2021\/05\/BECARIO-AUMENTO.jpg\",\"width\":938,\"height\":610},{\"@type\":\"BreadcrumbList\",\"@id\":\"https:\/\/www.delexodo.com.ar\/?p=8230#breadcrumb\",\"itemListElement\":[{\"@type\":\"ListItem\",\"position\":1,\"name\":\"Portada\",\"item\":\"https:\/\/www.delexodo.com.ar\/\"},{\"@type\":\"ListItem\",\"position\":2,\"name\":\"EL BECARIO DISPUSO UN AUMENTO EN EL VALOR DE LAS BECAS PROVINCIALES DE NIVEL SECUNDARIO\"}]},{\"@type\":\"WebSite\",\"@id\":\"https:\/\/www.delexodo.com.ar\/#website\",\"url\":\"https:\/\/www.delexodo.com.ar\/\",\"name\":\"Del \u00c9xodo Nogoy\u00e1\",\"description\":\"El Portal de Noticias de la Regi\u00f3n\",\"publisher\":{\"@id\":\"https:\/\/www.delexodo.com.ar\/#organization\"},\"potentialAction\":[{\"@type\":\"SearchAction\",\"target\":{\"@type\":\"EntryPoint\",\"urlTemplate\":\"https:\/\/www.delexodo.com.ar\/?s={search_term_string}\"},\"query-input\":{\"@type\":\"PropertyValueSpecification\",\"valueRequired\":true,\"valueName\":\"search_term_string\"}}],\"inLanguage\":\"es\"},{\"@type\":\"Organization\",\"@id\":\"https:\/\/www.delexodo.com.ar\/#organization\",\"name\":\"Del \u00c9xodo Nogoy\u00e1\",\"url\":\"https:\/\/www.delexodo.com.ar\/\",\"logo\":{\"@type\":\"ImageObject\",\"inLanguage\":\"es\",\"@id\":\"https:\/\/www.delexodo.com.ar\/#\/schema\/logo\/image\/\",\"url\":\"https:\/\/www.delexodo.com.ar\/wp-content\/uploads\/2024\/10\/cropped-cropped-LOGO24.png\",\"contentUrl\":\"https:\/\/www.delexodo.com.ar\/wp-content\/uploads\/2024\/10\/cropped-cropped-LOGO24.png\",\"width\":512,\"height\":349,\"caption\":\"Del \u00c9xodo Nogoy\u00e1\"},\"image\":{\"@id\":\"https:\/\/www.delexodo.com.ar\/#\/schema\/logo\/image\/\"}},{\"@type\":\"Person\",\"@id\":\"https:\/\/www.delexodo.com.ar\/#\/schema\/person\/bbed37f7da8e938660b34f2013ba449d\",\"name\":\"admin\",\"image\":{\"@type\":\"ImageObject\",\"inLanguage\":\"es\",\"@id\":\"https:\/\/www.delexodo.com.ar\/#\/schema\/person\/image\/\",\"url\":\"https:\/\/secure.gravatar.com\/avatar\/6b1558d1b6df085f1901bd5bd98523d7?s=96&d=mm&r=g\",\"contentUrl\":\"https:\/\/secure.gravatar.com\/avatar\/6b1558d1b6df085f1901bd5bd98523d7?s=96&d=mm&r=g\",\"caption\":\"admin\"},\"url\":\"https:\/\/www.delexodo.com.ar\/?author=1\"}]}<\/script>\n<!-- \/ Yoast SEO plugin. -->","yoast_head_json":{"title":"EL BECARIO DISPUSO UN AUMENTO EN EL VALOR DE LAS BECAS PROVINCIALES DE NIVEL SECUNDARIO - Del \u00c9xodo Nogoy\u00e1","robots":{"index":"index","follow":"follow","max-snippet":"max-snippet:-1","max-image-preview":"max-image-preview:large","max-video-preview":"max-video-preview:-1"},"canonical":"https:\/\/www.delexodo.com.ar\/?p=8230","og_locale":"es_ES","og_type":"article","og_title":"EL BECARIO DISPUSO UN AUMENTO EN EL VALOR DE LAS BECAS PROVINCIALES DE NIVEL SECUNDARIO - Del \u00c9xodo Nogoy\u00e1","og_description":"El Instituto Becario inform\u00f3 que a partir de este mes se estableci\u00f3 un incremento superior al 60% en las becas&hellip;","og_url":"https:\/\/www.delexodo.com.ar\/?p=8230","og_site_name":"Del \u00c9xodo Nogoy\u00e1","article_published_time":"2021-05-06T21:32:22+00:00","og_image":[{"width":938,"height":610,"url":"https:\/\/www.delexodo.com.ar\/wp-content\/uploads\/2021\/05\/BECARIO-AUMENTO.jpg","type":"image\/jpeg"}],"author":"admin","twitter_card":"summary_large_image","twitter_misc":{"Escrito por":"admin","Tiempo de lectura":"2 minutos"},"schema":{"@context":"https:\/\/schema.org","@graph":[{"@type":"Article","@id":"https:\/\/www.delexodo.com.ar\/?p=8230#article","isPartOf":{"@id":"https:\/\/www.delexodo.com.ar\/?p=8230"},"author":{"name":"admin","@id":"https:\/\/www.delexodo.com.ar\/#\/schema\/person\/bbed37f7da8e938660b34f2013ba449d"},"headline":"EL BECARIO DISPUSO UN AUMENTO EN EL VALOR DE LAS BECAS PROVINCIALES DE NIVEL SECUNDARIO","datePublished":"2021-05-06T21:32:22+00:00","mainEntityOfPage":{"@id":"https:\/\/www.delexodo.com.ar\/?p=8230"},"wordCount":404,"publisher":{"@id":"https:\/\/www.delexodo.com.ar\/#organization"},"image":{"@id":"https:\/\/www.delexodo.com.ar\/?p=8230#primaryimage"},"thumbnailUrl":"https:\/\/www.delexodo.com.ar\/wp-content\/uploads\/2021\/05\/BECARIO-AUMENTO.jpg","articleSection":["Destacados","Nogoya","NOTICIAS"],"inLanguage":"es"},{"@type":"WebPage","@id":"https:\/\/www.delexodo.com.ar\/?p=8230","url":"https:\/\/www.delexodo.com.ar\/?p=8230","name":"EL BECARIO DISPUSO UN AUMENTO EN EL VALOR DE LAS BECAS PROVINCIALES DE NIVEL SECUNDARIO - Del \u00c9xodo Nogoy\u00e1","isPartOf":{"@id":"https:\/\/www.delexodo.com.ar\/#website"},"primaryImageOfPage":{"@id":"https:\/\/www.delexodo.com.ar\/?p=8230#primaryimage"},"image":{"@id":"https:\/\/www.delexodo.com.ar\/?p=8230#primaryimage"},"thumbnailUrl":"https:\/\/www.delexodo.com.ar\/wp-content\/uploads\/2021\/05\/BECARIO-AUMENTO.jpg","datePublished":"2021-05-06T21:32:22+00:00","breadcrumb":{"@id":"https:\/\/www.delexodo.com.ar\/?p=8230#breadcrumb"},"inLanguage":"es","potentialAction":[{"@type":"ReadAction","target":["https:\/\/www.delexodo.com.ar\/?p=8230"]}]},{"@type":"ImageObject","inLanguage":"es","@id":"https:\/\/www.delexodo.com.ar\/?p=8230#primaryimage","url":"https:\/\/www.delexodo.com.ar\/wp-content\/uploads\/2021\/05\/BECARIO-AUMENTO.jpg","contentUrl":"https:\/\/www.delexodo.com.ar\/wp-content\/uploads\/2021\/05\/BECARIO-AUMENTO.jpg","width":938,"height":610},{"@type":"BreadcrumbList","@id":"https:\/\/www.delexodo.com.ar\/?p=8230#breadcrumb","itemListElement":[{"@type":"ListItem","position":1,"name":"Portada","item":"https:\/\/www.delexodo.com.ar\/"},{"@type":"ListItem","position":2,"name":"EL BECARIO DISPUSO UN AUMENTO EN EL VALOR DE LAS BECAS PROVINCIALES DE NIVEL SECUNDARIO"}]},{"@type":"WebSite","@id":"https:\/\/www.delexodo.com.ar\/#website","url":"https:\/\/www.delexodo.com.ar\/","name":"Del \u00c9xodo Nogoy\u00e1","description":"El Portal de Noticias de la Regi\u00f3n","publisher":{"@id":"https:\/\/www.delexodo.com.ar\/#organization"},"potentialAction":[{"@type":"SearchAction","target":{"@type":"EntryPoint","urlTemplate":"https:\/\/www.delexodo.com.ar\/?s={search_term_string}"},"query-input":{"@type":"PropertyValueSpecification","valueRequired":true,"valueName":"search_term_string"}}],"inLanguage":"es"},{"@type":"Organization","@id":"https:\/\/www.delexodo.com.ar\/#organization","name":"Del \u00c9xodo Nogoy\u00e1","url":"https:\/\/www.delexodo.com.ar\/","logo":{"@type":"ImageObject","inLanguage":"es","@id":"https:\/\/www.delexodo.com.ar\/#\/schema\/logo\/image\/","url":"https:\/\/www.delexodo.com.ar\/wp-content\/uploads\/2024\/10\/cropped-cropped-LOGO24.png","contentUrl":"https:\/\/www.delexodo.com.ar\/wp-content\/uploads\/2024\/10\/cropped-cropped-LOGO24.png","width":512,"height":349,"caption":"Del \u00c9xodo Nogoy\u00e1"},"image":{"@id":"https:\/\/www.delexodo.com.ar\/#\/schema\/logo\/image\/"}},{"@type":"Person","@id":"https:\/\/www.delexodo.com.ar\/#\/schema\/person\/bbed37f7da8e938660b34f2013ba449d","name":"admin","image":{"@type":"ImageObject","inLanguage":"es","@id":"https:\/\/www.delexodo.com.ar\/#\/schema\/person\/image\/","url":"https:\/\/secure.gravatar.com\/avatar\/6b1558d1b6df085f1901bd5bd98523d7?s=96&d=mm&r=g","contentUrl":"https:\/\/secure.gravatar.com\/avatar\/6b1558d1b6df085f1901bd5bd98523d7?s=96&d=mm&r=g","caption":"admin"},"url":"https:\/\/www.delexodo.com.ar\/?author=1"}]}},"_links":{"self":[{"href":"https:\/\/www.delexodo.com.ar\/index.php?rest_route=\/wp\/v2\/posts\/8230","targetHints":{"allow":["GET"]}}],"collection":[{"href":"https:\/\/www.delexodo.com.ar\/index.php?rest_route=\/wp\/v2\/posts"}],"about":[{"href":"https:\/\/www.delexodo.com.ar\/index.php?rest_route=\/wp\/v2\/types\/post"}],"author":[{"embeddable":true,"href":"https:\/\/www.delexodo.com.ar\/index.php?rest_route=\/wp\/v2\/users\/1"}],"replies":[{"embeddable":true,"href":"https:\/\/www.delexodo.com.ar\/index.php?rest_route=%2Fwp%2Fv2%2Fcomments&post=8230"}],"version-history":[{"count":0,"href":"https:\/\/www.delexodo.com.ar\/index.php?rest_route=\/wp\/v2\/posts\/8230\/revisions"}],"wp:featuredmedia":[{"embeddable":true,"href":"https:\/\/www.delexodo.com.ar\/index.php?rest_route=\/wp\/v2\/media\/8231"}],"wp:attachment":[{"href":"https:\/\/www.delexodo.com.ar\/index.php?rest_route=%2Fwp%2Fv2%2Fmedia&parent=8230"}],"wp:term":[{"taxonomy":"category","embeddable":true,"href":"https:\/\/www.delexodo.com.ar\/index.php?rest_route=%2Fwp%2Fv2%2Fcategories&post=8230"},{"taxonomy":"post_tag","embeddable":true,"href":"https:\/\/www.delexodo.com.ar\/index.php?rest_route=%2Fwp%2Fv2%2Ftags&post=8230"}],"curies":[{"name":"wp","href":"https:\/\/api.w.org\/{rel}","templated":true}]}}