{"id":7678,"date":"2021-01-30T20:12:46","date_gmt":"2021-01-30T23:12:46","guid":{"rendered":"http:\/\/www.delexodo.com.ar\/?p=7678"},"modified":"2021-01-30T20:12:47","modified_gmt":"2021-01-30T23:12:47","slug":"ucr-cambiemos-juntos-por-el-cambio-construir-la-nueva-conformacion-politica","status":"publish","type":"post","link":"https:\/\/www.delexodo.com.ar\/?p=7678","title":{"rendered":"UCR-CAMBIEMOS-JUNTOS POR EL CAMBIO: \u00abCONSTRUIR\u00bb LA NUEVA CONFORMACI\u00d3N POL\u00cdTICA"},"content":{"rendered":"\n<p>Cerca de 150 dirigentes, de diferentes localidades entrerrianas, se reunieron este s\u00e1bado para avanzar en la conformaci\u00f3n de un grupo pol\u00edtico. En la oportunidad ratificaron la pertenencia a la Uni\u00f3n C\u00edvica Radical y la importancia de seguir trabajando en la consolidaci\u00f3n de Cambiemos-Juntos por el Cambio.<\/p>\n\n\n\n<div class=\"wp-block-image\"><figure class=\"alignright size-large is-resized\"><img loading=\"lazy\" decoding=\"async\" src=\"http:\/\/www.delexodo.com.ar\/wp-content\/uploads\/2021\/01\/CONSTRUIR-CAVAGNA.jpg\" alt=\"\" class=\"wp-image-7683\" width=\"297\" height=\"187\" srcset=\"https:\/\/www.delexodo.com.ar\/wp-content\/uploads\/2021\/01\/CONSTRUIR-CAVAGNA.jpg 529w, https:\/\/www.delexodo.com.ar\/wp-content\/uploads\/2021\/01\/CONSTRUIR-CAVAGNA-300x189.jpg 300w, https:\/\/www.delexodo.com.ar\/wp-content\/uploads\/2021\/01\/CONSTRUIR-CAVAGNA-95x60.jpg 95w\" sizes=\"auto, (max-width: 297px) 100vw, 297px\" \/><\/figure><\/div>\n\n\n\n<p>Los asistentes acordaron por unanimidad, con un fuerte y largo aplauso, llevar como identidad la denominaci\u00f3n <strong>\u2018Construir\u2019<\/strong>, consider\u00e1ndola una propuesta basada en los cimientos de la experiencia, hacia un proyecto que incluya a todas las mujeres y hombres entrerrianos.<\/p>\n\n\n\n<p>Con la mirada puesta en el futuro y en el compromiso de avanzar. Con la decisi\u00f3n de \u2018Construir\u2019 desde la diversidad de perspectivas, apostando a los consensos y los equipos a trav\u00e9s del di\u00e1logo.<\/p>\n\n\n\n<div class=\"wp-block-image\"><figure class=\"alignleft size-large is-resized\"><img loading=\"lazy\" decoding=\"async\" src=\"http:\/\/www.delexodo.com.ar\/wp-content\/uploads\/2021\/01\/CONSTRUIR-SCHNEIDER-GALIBERTI.jpg\" alt=\"\" class=\"wp-image-7682\" width=\"283\" height=\"254\" srcset=\"https:\/\/www.delexodo.com.ar\/wp-content\/uploads\/2021\/01\/CONSTRUIR-SCHNEIDER-GALIBERTI.jpg 443w, https:\/\/www.delexodo.com.ar\/wp-content\/uploads\/2021\/01\/CONSTRUIR-SCHNEIDER-GALIBERTI-300x270.jpg 300w\" sizes=\"auto, (max-width: 283px) 100vw, 283px\" \/><\/figure><\/div>\n\n\n\n<p>En tanto que designaron como integrantes de la mesa de conducci\u00f3n a los intendentes <strong>Pedro Galimberti (Chajar\u00ed), Dar\u00edo Schneider (Crespo), Bruno Sarubi (La Paz) y Rafael Cavagna (Nogoy\u00e1); a la viceintendente Flavia Pamberger (Ram\u00edrez) y a los legisladores provinciales Juli\u00e1n Maneiro y Uriel Brupbacher (diputados) y Rub\u00e9n Dal Mol\u00edn (senador)<\/strong>.<\/p>\n\n\n\n<p>El encuentro dirigencial fue este s\u00e1bado en la ciudad de General Ram\u00edrez. Adem\u00e1s de la localidad anfitriona, tambi\u00e9n hubo representantes de; Alcaraz, Aldea Mar\u00eda Luisa, Aldea Spatzenkutter, Aranguren, Arroyo Burgos, Bovril, Chajar\u00ed, Concordia, Crespo, Diamante, El Pingo, Estaci\u00f3n Sosa, Federaci\u00f3n, Feliciano, Gobernador Mansilla, Hasenkamp, Hern\u00e1ndez, Hernandarias, La Paz, Las Tunas, Maci\u00e1, Mar\u00eda Grande, Nogoy\u00e1, Oro Verde, Paran\u00e1, Piedras Blancas, Rosario del Tala, San Gustavo, Sauce de Luna, Tabossi, Viale y Victoria.<\/p>\n\n\n\n<p>En las palabras y en los rostros se reflejaron la militancia, las expectativas, el aire nuevo, la energ\u00eda y las esperanzas, para caminar hacia un partido unido y fuerte.<\/p>\n\n\n\n<p>Los oradores remarcaron el momento como <em>\u201cun d\u00eda fundacional e hist\u00f3rico, porque nace una oportunidad que se recordar\u00e1 con afecto en los pr\u00f3ximos a\u00f1os\u201d<\/em>, subrayando que el inicio es <em><strong>\u201cdesde la base, de abajo hacia arriba, para Construir la fuerza de la UCR dentro de Cambiemos\u201d<\/strong><\/em>.<\/p>\n\n\n\n<p>Dieron trascendencia a la importancia de<em> \u201ctrabajar en conjunto en la construcci\u00f3n de un proceso pol\u00edtico distinto y plural que genere un espacio amplio y propositivo, con el objetivo com\u00fan de ofrecerles a los entrerrianos una alternativa capacitada, que cuenta con las soluciones para un proyecto de provincia diferente en la cual el elector conf\u00ede\u201d. Destacaron contar con dirigentes preparados y capacitados \u201cpara gobernar y transformar Entre R\u00edos, despu\u00e9s de 20 a\u00f1os de peronismo que sumergieron la provincia en la pobreza y en el atraso\u201d<\/em>.<\/p>\n\n\n\n<p>En ese contexto reflejaron que el <em>\u201cdesarrollo y crecimiento es posible, fundado en los valores de la cultura del trabajo y del esfuerzo compartido, para darle a los entrerrianos una provincia distinta\u201d<\/em>.<\/p>\n\n\n\n<p>Dentro de las fortalezas del espacio pol\u00edtico, se remarc\u00f3 la experiencia de gobierno en distintos municipios, llevada adelante \u201ccon planificaci\u00f3n, honestidad y compromiso\u201d por las<em> \u201cgestiones transformadoras de Cambiemos\u201d, destacando \u201cla defensa de lo p\u00fablico, con valores democr\u00e1ticos, republicanos, de igualdad, justicia, honestidad y trabajo\u201d<\/em>.<\/p>\n\n\n\n<p><strong>DOCUMENTO FUNDACIONAL<br><\/strong>La pol\u00edtica es una construcci\u00f3n colectiva, algo donde todos podemos participar. Nosotros la estamos haciendo a paso firme, con un dialogo plural, ajustados a la realidad y con objetivos claros. Queremos gobernar Entre R\u00edos para transformarla. Esa es nuestra meta, y por eso, en la combinaci\u00f3n de ideas y opiniones estamos construyendo este nuevo espacio dentro de la Uni\u00f3n C\u00edvica Radical.<br>Reafirmamos nuestra pertenencia a Cambiemos &#8211; Juntos por el Cambio, y en el marco de esta conjunci\u00f3n de ideas, se\u00f1alamos que este es un espacio abierto, en construcci\u00f3n y de trabajo. Sostenemos a la democracia como herramienta para conjugar verdaderos liderazgos pol\u00edticos.<br>Este proyecto pol\u00edtico se basa en ideas y experiencias. Estas ideas y experiencias son las que definen nuestra identidad, y se convierten en nuestro mapa de acci\u00f3n. Somos un grupo de radicales que conocemos la realidad de nuestra provincia; gobernamos en muchas de ellas y aspiramos a transformar una realidad que no nos conforma. Conocemos el desaf\u00edo que implica poner la cara frente a los vecinos todos los d\u00edas, para arremangarnos y solucionar sus problemas.<br>Tenemos una provincia estancada, con un estado provincial ausente, que se desentiende de sus problemas y que no contiene a todos. Nosotros tenemos la mirada en el futuro y pondremos todo nuestro esfuerzo para reconstruirla y crecer con cada entrerriano.<br>Nuestros esfuerzos y propuestas se coordinan en el marco de modernos sistemas de liderazgos que requieren: pluralidad, eficiencia en la toma de decisiones y consensos amplios.<\/p>\n\n\n\n<p>Por ello, dando continuidad a la asamblea realizada en Hernandarias, aprobamos hoy por unanimidad:<br>1.- Aprobar la conformaci\u00f3n de un nuevo grupo pol\u00edtico que denominamos \u201cConstruir\u201d.<br>2.- Conformar una mesa de Coordinaci\u00f3n, lo suficientemente plural pero acotada en funci\u00f3n de la efectividad buscada, integrada por: Pedro Galimberti, Dar\u00edo Schneider, Uriel Brupbacher, Bruno Sarubi, Juli\u00e1n Maneiro, Rafael Cavagna, Rub\u00e9n Dal Mol\u00edn, Flavia Pamberger y un representante por juventud a designar.<br>3.- Otorgar facultades de representaci\u00f3n y el mandato de construcci\u00f3n de equipos de trabajos t\u00e9cnico-pol\u00edticos para alcanzar los objetivos ya se\u00f1alados.<\/p>\n\n\n\n<p>Queremos construir lo que otros destruyen. Queremos CONSTRUIR ENTRE R\u00cdOS<\/p>\n","protected":false},"excerpt":{"rendered":"<p>Cerca de 150 dirigentes, de diferentes localidades entrerrianas, se reunieron este s\u00e1bado para avanzar en la conformaci\u00f3n de un grupo&hellip;<\/p>\n","protected":false},"author":1,"featured_media":7679,"comment_status":"closed","ping_status":"closed","sticky":false,"template":"","format":"standard","meta":{"_joinchat":[],"footnotes":""},"categories":[65,1,69,349],"tags":[345],"class_list":["post-7678","post","type-post","status-publish","format-standard","has-post-thumbnail","hentry","category-destacados","category-sincategoria","category-noticias","category-politica","tag-destacar"],"yoast_head":"<!-- This site is optimized with the Yoast SEO plugin v25.1 - https:\/\/yoast.com\/wordpress\/plugins\/seo\/ -->\n<title>UCR-CAMBIEMOS-JUNTOS POR EL CAMBIO: &quot;CONSTRUIR&quot; LA NUEVA CONFORMACI\u00d3N POL\u00cdTICA - Del \u00c9xodo Nogoy\u00e1<\/title>\n<meta name=\"robots\" content=\"index, follow, max-snippet:-1, max-image-preview:large, max-video-preview:-1\" \/>\n<link rel=\"canonical\" href=\"https:\/\/www.delexodo.com.ar\/?p=7678\" \/>\n<meta property=\"og:locale\" content=\"es_ES\" \/>\n<meta property=\"og:type\" content=\"article\" \/>\n<meta property=\"og:title\" content=\"UCR-CAMBIEMOS-JUNTOS POR EL CAMBIO: &quot;CONSTRUIR&quot; LA NUEVA CONFORMACI\u00d3N POL\u00cdTICA - Del \u00c9xodo Nogoy\u00e1\" \/>\n<meta property=\"og:description\" content=\"Cerca de 150 dirigentes, de diferentes localidades entrerrianas, se reunieron este s\u00e1bado para avanzar en la conformaci\u00f3n de un grupo&hellip;\" \/>\n<meta property=\"og:url\" content=\"https:\/\/www.delexodo.com.ar\/?p=7678\" \/>\n<meta property=\"og:site_name\" content=\"Del \u00c9xodo Nogoy\u00e1\" \/>\n<meta property=\"article:published_time\" content=\"2021-01-30T23:12:46+00:00\" \/>\n<meta property=\"article:modified_time\" content=\"2021-01-30T23:12:47+00:00\" \/>\n<meta property=\"og:image\" content=\"https:\/\/www.delexodo.com.ar\/wp-content\/uploads\/2021\/01\/CONSTRUIR-PORTADA.jpeg\" \/>\n\t<meta property=\"og:image:width\" content=\"957\" \/>\n\t<meta property=\"og:image:height\" content=\"362\" \/>\n\t<meta property=\"og:image:type\" content=\"image\/jpeg\" \/>\n<meta name=\"author\" content=\"admin\" \/>\n<meta name=\"twitter:card\" content=\"summary_large_image\" \/>\n<meta name=\"twitter:label1\" content=\"Escrito por\" \/>\n\t<meta name=\"twitter:data1\" content=\"admin\" \/>\n\t<meta name=\"twitter:label2\" content=\"Tiempo de lectura\" \/>\n\t<meta name=\"twitter:data2\" content=\"4 minutos\" \/>\n<script type=\"application\/ld+json\" class=\"yoast-schema-graph\">{\"@context\":\"https:\/\/schema.org\",\"@graph\":[{\"@type\":\"Article\",\"@id\":\"https:\/\/www.delexodo.com.ar\/?p=7678#article\",\"isPartOf\":{\"@id\":\"https:\/\/www.delexodo.com.ar\/?p=7678\"},\"author\":{\"name\":\"admin\",\"@id\":\"https:\/\/www.delexodo.com.ar\/#\/schema\/person\/bbed37f7da8e938660b34f2013ba449d\"},\"headline\":\"UCR-CAMBIEMOS-JUNTOS POR EL CAMBIO: \u00abCONSTRUIR\u00bb LA NUEVA CONFORMACI\u00d3N POL\u00cdTICA\",\"datePublished\":\"2021-01-30T23:12:46+00:00\",\"dateModified\":\"2021-01-30T23:12:47+00:00\",\"mainEntityOfPage\":{\"@id\":\"https:\/\/www.delexodo.com.ar\/?p=7678\"},\"wordCount\":902,\"publisher\":{\"@id\":\"https:\/\/www.delexodo.com.ar\/#organization\"},\"image\":{\"@id\":\"https:\/\/www.delexodo.com.ar\/?p=7678#primaryimage\"},\"thumbnailUrl\":\"https:\/\/www.delexodo.com.ar\/wp-content\/uploads\/2021\/01\/CONSTRUIR-PORTADA.jpeg\",\"keywords\":[\"destacar\"],\"articleSection\":[\"Destacados\",\"Nogoya\",\"NOTICIAS\",\"Politica\"],\"inLanguage\":\"es\"},{\"@type\":\"WebPage\",\"@id\":\"https:\/\/www.delexodo.com.ar\/?p=7678\",\"url\":\"https:\/\/www.delexodo.com.ar\/?p=7678\",\"name\":\"UCR-CAMBIEMOS-JUNTOS POR EL CAMBIO: \\\"CONSTRUIR\\\" LA NUEVA CONFORMACI\u00d3N POL\u00cdTICA - Del \u00c9xodo Nogoy\u00e1\",\"isPartOf\":{\"@id\":\"https:\/\/www.delexodo.com.ar\/#website\"},\"primaryImageOfPage\":{\"@id\":\"https:\/\/www.delexodo.com.ar\/?p=7678#primaryimage\"},\"image\":{\"@id\":\"https:\/\/www.delexodo.com.ar\/?p=7678#primaryimage\"},\"thumbnailUrl\":\"https:\/\/www.delexodo.com.ar\/wp-content\/uploads\/2021\/01\/CONSTRUIR-PORTADA.jpeg\",\"datePublished\":\"2021-01-30T23:12:46+00:00\",\"dateModified\":\"2021-01-30T23:12:47+00:00\",\"breadcrumb\":{\"@id\":\"https:\/\/www.delexodo.com.ar\/?p=7678#breadcrumb\"},\"inLanguage\":\"es\",\"potentialAction\":[{\"@type\":\"ReadAction\",\"target\":[\"https:\/\/www.delexodo.com.ar\/?p=7678\"]}]},{\"@type\":\"ImageObject\",\"inLanguage\":\"es\",\"@id\":\"https:\/\/www.delexodo.com.ar\/?p=7678#primaryimage\",\"url\":\"https:\/\/www.delexodo.com.ar\/wp-content\/uploads\/2021\/01\/CONSTRUIR-PORTADA.jpeg\",\"contentUrl\":\"https:\/\/www.delexodo.com.ar\/wp-content\/uploads\/2021\/01\/CONSTRUIR-PORTADA.jpeg\",\"width\":957,\"height\":362},{\"@type\":\"BreadcrumbList\",\"@id\":\"https:\/\/www.delexodo.com.ar\/?p=7678#breadcrumb\",\"itemListElement\":[{\"@type\":\"ListItem\",\"position\":1,\"name\":\"Portada\",\"item\":\"https:\/\/www.delexodo.com.ar\/\"},{\"@type\":\"ListItem\",\"position\":2,\"name\":\"UCR-CAMBIEMOS-JUNTOS POR EL CAMBIO: \u00abCONSTRUIR\u00bb LA NUEVA CONFORMACI\u00d3N POL\u00cdTICA\"}]},{\"@type\":\"WebSite\",\"@id\":\"https:\/\/www.delexodo.com.ar\/#website\",\"url\":\"https:\/\/www.delexodo.com.ar\/\",\"name\":\"Del \u00c9xodo Nogoy\u00e1\",\"description\":\"El Portal de Noticias de la Regi\u00f3n\",\"publisher\":{\"@id\":\"https:\/\/www.delexodo.com.ar\/#organization\"},\"potentialAction\":[{\"@type\":\"SearchAction\",\"target\":{\"@type\":\"EntryPoint\",\"urlTemplate\":\"https:\/\/www.delexodo.com.ar\/?s={search_term_string}\"},\"query-input\":{\"@type\":\"PropertyValueSpecification\",\"valueRequired\":true,\"valueName\":\"search_term_string\"}}],\"inLanguage\":\"es\"},{\"@type\":\"Organization\",\"@id\":\"https:\/\/www.delexodo.com.ar\/#organization\",\"name\":\"Del \u00c9xodo Nogoy\u00e1\",\"url\":\"https:\/\/www.delexodo.com.ar\/\",\"logo\":{\"@type\":\"ImageObject\",\"inLanguage\":\"es\",\"@id\":\"https:\/\/www.delexodo.com.ar\/#\/schema\/logo\/image\/\",\"url\":\"https:\/\/www.delexodo.com.ar\/wp-content\/uploads\/2024\/10\/cropped-cropped-LOGO24.png\",\"contentUrl\":\"https:\/\/www.delexodo.com.ar\/wp-content\/uploads\/2024\/10\/cropped-cropped-LOGO24.png\",\"width\":512,\"height\":349,\"caption\":\"Del \u00c9xodo Nogoy\u00e1\"},\"image\":{\"@id\":\"https:\/\/www.delexodo.com.ar\/#\/schema\/logo\/image\/\"}},{\"@type\":\"Person\",\"@id\":\"https:\/\/www.delexodo.com.ar\/#\/schema\/person\/bbed37f7da8e938660b34f2013ba449d\",\"name\":\"admin\",\"image\":{\"@type\":\"ImageObject\",\"inLanguage\":\"es\",\"@id\":\"https:\/\/www.delexodo.com.ar\/#\/schema\/person\/image\/\",\"url\":\"https:\/\/secure.gravatar.com\/avatar\/6b1558d1b6df085f1901bd5bd98523d7?s=96&d=mm&r=g\",\"contentUrl\":\"https:\/\/secure.gravatar.com\/avatar\/6b1558d1b6df085f1901bd5bd98523d7?s=96&d=mm&r=g\",\"caption\":\"admin\"},\"url\":\"https:\/\/www.delexodo.com.ar\/?author=1\"}]}<\/script>\n<!-- \/ Yoast SEO plugin. -->","yoast_head_json":{"title":"UCR-CAMBIEMOS-JUNTOS POR EL CAMBIO: \"CONSTRUIR\" LA NUEVA CONFORMACI\u00d3N POL\u00cdTICA - Del \u00c9xodo Nogoy\u00e1","robots":{"index":"index","follow":"follow","max-snippet":"max-snippet:-1","max-image-preview":"max-image-preview:large","max-video-preview":"max-video-preview:-1"},"canonical":"https:\/\/www.delexodo.com.ar\/?p=7678","og_locale":"es_ES","og_type":"article","og_title":"UCR-CAMBIEMOS-JUNTOS POR EL CAMBIO: \"CONSTRUIR\" LA NUEVA CONFORMACI\u00d3N POL\u00cdTICA - Del \u00c9xodo Nogoy\u00e1","og_description":"Cerca de 150 dirigentes, de diferentes localidades entrerrianas, se reunieron este s\u00e1bado para avanzar en la conformaci\u00f3n de un grupo&hellip;","og_url":"https:\/\/www.delexodo.com.ar\/?p=7678","og_site_name":"Del \u00c9xodo Nogoy\u00e1","article_published_time":"2021-01-30T23:12:46+00:00","article_modified_time":"2021-01-30T23:12:47+00:00","og_image":[{"width":957,"height":362,"url":"https:\/\/www.delexodo.com.ar\/wp-content\/uploads\/2021\/01\/CONSTRUIR-PORTADA.jpeg","type":"image\/jpeg"}],"author":"admin","twitter_card":"summary_large_image","twitter_misc":{"Escrito por":"admin","Tiempo de lectura":"4 minutos"},"schema":{"@context":"https:\/\/schema.org","@graph":[{"@type":"Article","@id":"https:\/\/www.delexodo.com.ar\/?p=7678#article","isPartOf":{"@id":"https:\/\/www.delexodo.com.ar\/?p=7678"},"author":{"name":"admin","@id":"https:\/\/www.delexodo.com.ar\/#\/schema\/person\/bbed37f7da8e938660b34f2013ba449d"},"headline":"UCR-CAMBIEMOS-JUNTOS POR EL CAMBIO: \u00abCONSTRUIR\u00bb LA NUEVA CONFORMACI\u00d3N POL\u00cdTICA","datePublished":"2021-01-30T23:12:46+00:00","dateModified":"2021-01-30T23:12:47+00:00","mainEntityOfPage":{"@id":"https:\/\/www.delexodo.com.ar\/?p=7678"},"wordCount":902,"publisher":{"@id":"https:\/\/www.delexodo.com.ar\/#organization"},"image":{"@id":"https:\/\/www.delexodo.com.ar\/?p=7678#primaryimage"},"thumbnailUrl":"https:\/\/www.delexodo.com.ar\/wp-content\/uploads\/2021\/01\/CONSTRUIR-PORTADA.jpeg","keywords":["destacar"],"articleSection":["Destacados","Nogoya","NOTICIAS","Politica"],"inLanguage":"es"},{"@type":"WebPage","@id":"https:\/\/www.delexodo.com.ar\/?p=7678","url":"https:\/\/www.delexodo.com.ar\/?p=7678","name":"UCR-CAMBIEMOS-JUNTOS POR EL CAMBIO: \"CONSTRUIR\" LA NUEVA CONFORMACI\u00d3N POL\u00cdTICA - Del \u00c9xodo Nogoy\u00e1","isPartOf":{"@id":"https:\/\/www.delexodo.com.ar\/#website"},"primaryImageOfPage":{"@id":"https:\/\/www.delexodo.com.ar\/?p=7678#primaryimage"},"image":{"@id":"https:\/\/www.delexodo.com.ar\/?p=7678#primaryimage"},"thumbnailUrl":"https:\/\/www.delexodo.com.ar\/wp-content\/uploads\/2021\/01\/CONSTRUIR-PORTADA.jpeg","datePublished":"2021-01-30T23:12:46+00:00","dateModified":"2021-01-30T23:12:47+00:00","breadcrumb":{"@id":"https:\/\/www.delexodo.com.ar\/?p=7678#breadcrumb"},"inLanguage":"es","potentialAction":[{"@type":"ReadAction","target":["https:\/\/www.delexodo.com.ar\/?p=7678"]}]},{"@type":"ImageObject","inLanguage":"es","@id":"https:\/\/www.delexodo.com.ar\/?p=7678#primaryimage","url":"https:\/\/www.delexodo.com.ar\/wp-content\/uploads\/2021\/01\/CONSTRUIR-PORTADA.jpeg","contentUrl":"https:\/\/www.delexodo.com.ar\/wp-content\/uploads\/2021\/01\/CONSTRUIR-PORTADA.jpeg","width":957,"height":362},{"@type":"BreadcrumbList","@id":"https:\/\/www.delexodo.com.ar\/?p=7678#breadcrumb","itemListElement":[{"@type":"ListItem","position":1,"name":"Portada","item":"https:\/\/www.delexodo.com.ar\/"},{"@type":"ListItem","position":2,"name":"UCR-CAMBIEMOS-JUNTOS POR EL CAMBIO: \u00abCONSTRUIR\u00bb LA NUEVA CONFORMACI\u00d3N POL\u00cdTICA"}]},{"@type":"WebSite","@id":"https:\/\/www.delexodo.com.ar\/#website","url":"https:\/\/www.delexodo.com.ar\/","name":"Del \u00c9xodo Nogoy\u00e1","description":"El Portal de Noticias de la Regi\u00f3n","publisher":{"@id":"https:\/\/www.delexodo.com.ar\/#organization"},"potentialAction":[{"@type":"SearchAction","target":{"@type":"EntryPoint","urlTemplate":"https:\/\/www.delexodo.com.ar\/?s={search_term_string}"},"query-input":{"@type":"PropertyValueSpecification","valueRequired":true,"valueName":"search_term_string"}}],"inLanguage":"es"},{"@type":"Organization","@id":"https:\/\/www.delexodo.com.ar\/#organization","name":"Del \u00c9xodo Nogoy\u00e1","url":"https:\/\/www.delexodo.com.ar\/","logo":{"@type":"ImageObject","inLanguage":"es","@id":"https:\/\/www.delexodo.com.ar\/#\/schema\/logo\/image\/","url":"https:\/\/www.delexodo.com.ar\/wp-content\/uploads\/2024\/10\/cropped-cropped-LOGO24.png","contentUrl":"https:\/\/www.delexodo.com.ar\/wp-content\/uploads\/2024\/10\/cropped-cropped-LOGO24.png","width":512,"height":349,"caption":"Del \u00c9xodo Nogoy\u00e1"},"image":{"@id":"https:\/\/www.delexodo.com.ar\/#\/schema\/logo\/image\/"}},{"@type":"Person","@id":"https:\/\/www.delexodo.com.ar\/#\/schema\/person\/bbed37f7da8e938660b34f2013ba449d","name":"admin","image":{"@type":"ImageObject","inLanguage":"es","@id":"https:\/\/www.delexodo.com.ar\/#\/schema\/person\/image\/","url":"https:\/\/secure.gravatar.com\/avatar\/6b1558d1b6df085f1901bd5bd98523d7?s=96&d=mm&r=g","contentUrl":"https:\/\/secure.gravatar.com\/avatar\/6b1558d1b6df085f1901bd5bd98523d7?s=96&d=mm&r=g","caption":"admin"},"url":"https:\/\/www.delexodo.com.ar\/?author=1"}]}},"_links":{"self":[{"href":"https:\/\/www.delexodo.com.ar\/index.php?rest_route=\/wp\/v2\/posts\/7678","targetHints":{"allow":["GET"]}}],"collection":[{"href":"https:\/\/www.delexodo.com.ar\/index.php?rest_route=\/wp\/v2\/posts"}],"about":[{"href":"https:\/\/www.delexodo.com.ar\/index.php?rest_route=\/wp\/v2\/types\/post"}],"author":[{"embeddable":true,"href":"https:\/\/www.delexodo.com.ar\/index.php?rest_route=\/wp\/v2\/users\/1"}],"replies":[{"embeddable":true,"href":"https:\/\/www.delexodo.com.ar\/index.php?rest_route=%2Fwp%2Fv2%2Fcomments&post=7678"}],"version-history":[{"count":0,"href":"https:\/\/www.delexodo.com.ar\/index.php?rest_route=\/wp\/v2\/posts\/7678\/revisions"}],"wp:featuredmedia":[{"embeddable":true,"href":"https:\/\/www.delexodo.com.ar\/index.php?rest_route=\/wp\/v2\/media\/7679"}],"wp:attachment":[{"href":"https:\/\/www.delexodo.com.ar\/index.php?rest_route=%2Fwp%2Fv2%2Fmedia&parent=7678"}],"wp:term":[{"taxonomy":"category","embeddable":true,"href":"https:\/\/www.delexodo.com.ar\/index.php?rest_route=%2Fwp%2Fv2%2Fcategories&post=7678"},{"taxonomy":"post_tag","embeddable":true,"href":"https:\/\/www.delexodo.com.ar\/index.php?rest_route=%2Fwp%2Fv2%2Ftags&post=7678"}],"curies":[{"name":"wp","href":"https:\/\/api.w.org\/{rel}","templated":true}]}}