{"id":7671,"date":"2021-01-27T16:36:55","date_gmt":"2021-01-27T19:36:55","guid":{"rendered":"http:\/\/www.delexodo.com.ar\/?p=7671"},"modified":"2021-01-27T16:36:56","modified_gmt":"2021-01-27T19:36:56","slug":"en-articulacion-con-nacion-la-provincia-fortalece-la-red-entrerriana-de-hogares-de-proteccion-integral-para-mujeres","status":"publish","type":"post","link":"https:\/\/www.delexodo.com.ar\/?p=7671","title":{"rendered":"EN ARTICULACI\u00d3N CON NACI\u00d3N, LA PROVINCIA FORTALECE LA RED ENTRERRIANA DE HOGARES DE PROTECCI\u00d3N  INTEGRAL PARA MUJERES"},"content":{"rendered":"\n<p>La vicegobernadora Laura Stratta; la ministra de Desarrollo Social Marisa Paira; e integrantes del Ministerio de Mujeres, G\u00e9nero y Diversidad de Naci\u00f3n; mantuvieron un encuentro de trabajo con los equipos de los hogares de protecci\u00f3n a mujeres en situaci\u00f3n de violencia por razones de g\u00e9nero.<\/p>\n\n\n\n<div class=\"wp-block-image\"><figure class=\"aligncenter size-large\"><img loading=\"lazy\" decoding=\"async\" width=\"766\" height=\"350\" src=\"http:\/\/www.delexodo.com.ar\/wp-content\/uploads\/2021\/01\/Proteccion-Integral-para-Mujeres-Zoom.jpeg\" alt=\"\" class=\"wp-image-7673\" srcset=\"https:\/\/www.delexodo.com.ar\/wp-content\/uploads\/2021\/01\/Proteccion-Integral-para-Mujeres-Zoom.jpeg 766w, https:\/\/www.delexodo.com.ar\/wp-content\/uploads\/2021\/01\/Proteccion-Integral-para-Mujeres-Zoom-300x137.jpeg 300w\" sizes=\"auto, (max-width: 766px) 100vw, 766px\" \/><\/figure><\/div>\n\n\n\n<p>En modalidad virtual, representantes de los hogares de protecci\u00f3n de Paran\u00e1, Concordia, Gualeguaych\u00fa, Concepci\u00f3n del Uruguay, Col\u00f3n, Feliciano, Chajar\u00ed, San Salvador y Villaguay; se reunieron con la vicegobernadora, Laura Stratta; la ministra Marisa Paira; la secretaria de Mujeres, G\u00e9nero y Diversidad, Mariana Broggi; y la subsecretaria de Abordaje de las Violencias por Razones de G\u00e9nero del Ministerio de las Mujeres, G\u00e9neros y Diversidad de la Naci\u00f3n, Laurana Malacalza. Durante el encuentro se compartieron las agendas de la provincia y la Naci\u00f3n con el objetivo de consolidar un espacio de trabajo articulado para acompa\u00f1ar en las comunidades las tareas de asistencia a personas que sufren violencias por razones de g\u00e9nero.<\/p>\n\n\n\n<p>En ese marco la vicegobernadora Laura Stratta se refiri\u00f3 a&nbsp; <em>\u00abla necesidad de tejer redes para fortalecer el tejido social. Si hay algo que nos ha dejado la pandemia es una muestra clara de que nadie se salva solo y que es en la articulaci\u00f3n entre el gobierno nacional, el gobierno provincial, los gobiernos locales y las organizaciones de la comunidad, que encontramos respuestas integrales a las demandas que nos plantea la sociedad\u00bb<\/em>.<\/p>\n\n\n\n<p>&nbsp;Adem\u00e1s destac\u00f3 <em>\u00abdecisiones estrat\u00e9gicas en torno a fortalecer las \u00e1reas municipales\u00bb que se fueron tomando desde el Gobierno provincial para acompa\u00f1ar su tarea, as\u00ed como iniciativas legislativas de relevancia para revertir las desigualdades de g\u00e9nero como la sanci\u00f3n de la ley de Paridad Integral, que se trabaj\u00f3&nbsp; en el marco de una red multipartidaria y multisectorial; la ley de inclusi\u00f3n laboral trans; y la presentaci\u00f3n de un proyecto de ley para contar con un nuevo R\u00e9gimen de Protecci\u00f3n, Asistencia y Prevenci\u00f3n de la Violencia por Razones de G\u00e9nero \u00abque estuvimos trabajando con el Ministerio, con las organizaciones de la comunidad, con las \u00e1reas Mujer y que plantea este modo de hacer interministerialmente, intersectorialmente\u00bb, sostuvo. Respecto a ese proyecto Stratta destac\u00f3 que se trabaj\u00f3 desde una mirada amplia para que pudiera contemplar la diversidad de realidades que existe en la provincia, entendiendo que \u00abno hay un solo tipo de mujer sino que hay muchas mujeres, que no hay una sola forma de violencia sino que hay muchas violencias\u00bb<\/em>. Dicha iniciativa legislativa, indic\u00f3, tom\u00f3 estado parlamentario en la C\u00e1mara de Senadores y ser\u00e1 debatida en los primeros meses de este a\u00f1o.<\/p>\n\n\n\n<div class=\"wp-block-image\"><figure class=\"alignleft size-large is-resized\"><img loading=\"lazy\" decoding=\"async\" src=\"http:\/\/www.delexodo.com.ar\/wp-content\/uploads\/2021\/01\/Proteccion-Integral-para-Mujeres-Mesa1.jpeg\" alt=\"\" class=\"wp-image-7674\" width=\"280\" height=\"137\" srcset=\"https:\/\/www.delexodo.com.ar\/wp-content\/uploads\/2021\/01\/Proteccion-Integral-para-Mujeres-Mesa1.jpeg 515w, https:\/\/www.delexodo.com.ar\/wp-content\/uploads\/2021\/01\/Proteccion-Integral-para-Mujeres-Mesa1-300x147.jpeg 300w\" sizes=\"auto, (max-width: 280px) 100vw, 280px\" \/><\/figure><\/div>\n\n\n\n<p>Durante la reuni\u00f3n adem\u00e1s puso en valor la tarea comprometida de los hogares ante el contexto adverso de la pandemia y celebr\u00f3 la posibilidad de fortalecer y dar continuidad a esos espacios de encuentro.<\/p>\n\n\n\n<p>En el mismo sentido, al hacer uso de la palabra, la ministra Paira se\u00f1al\u00f3: <em>\u201cEs importante destacar el esfuerzo que han realizado los equipos en cada territorio el a\u00f1o pasado, que no fue sencillo por el contexto de pandemia que atravesamos. En este sentido, vale poner en valor el trabajo conjunto que estamos construyendo en cada comunidad, acompa\u00f1ando las estrategias que se plantean los gobiernos locales\u201d<\/em>.<\/p>\n\n\n\n<p><em>\u201cLa mirada integral ha sido el sentido que sostuvo e impuls\u00f3 las pol\u00edticas que dise\u00f1amos en materia de g\u00e9nero y diversidad, continuando el trabajo que vienen llevando adelante hace varios a\u00f1os el gobernador Gustavo Bordet y la vicegobernadora Laura Stratta. Para nosotros&nbsp; es fundamental generar herramientas para descentralizar las acciones y acompa\u00f1ar a los gobiernos locales en materia de atenci\u00f3n y prevenci\u00f3n de las violencias, porque esto nos permite trabajar a partir del principio de inmediatez ante la vulneraci\u00f3n de un derecho\u201d<\/em>.<\/p>\n\n\n\n<p>Por su parte, Broggi explic\u00f3: <em>\u201cEs importante institucionalizar estos espacios de encuentro e intercambio, donde poder plasmar los proyectos que cada Hogar lleva adelante. Nuestro objetivo es consolidar la articulaci\u00f3n con la naci\u00f3n y los municipios para fortalecer el trabajo en territorio.&nbsp;&nbsp; Vamos a continuar construyendo consensos en relaci\u00f3n a los abordajes de las violencias garantizado los derechos de las mujeres\u201d<\/em>.<\/p>\n\n\n\n<p><strong>Trabajo mancomunado con la Naci\u00f3n<\/strong><\/p>\n\n\n\n<div class=\"wp-block-image\"><figure class=\"aligncenter size-large\"><img loading=\"lazy\" decoding=\"async\" width=\"839\" height=\"422\" src=\"http:\/\/www.delexodo.com.ar\/wp-content\/uploads\/2021\/01\/Proteccion-Integral-para-Mujeres-Mesa.jpeg\" alt=\"\" class=\"wp-image-7675\" srcset=\"https:\/\/www.delexodo.com.ar\/wp-content\/uploads\/2021\/01\/Proteccion-Integral-para-Mujeres-Mesa.jpeg 839w, https:\/\/www.delexodo.com.ar\/wp-content\/uploads\/2021\/01\/Proteccion-Integral-para-Mujeres-Mesa-300x151.jpeg 300w, https:\/\/www.delexodo.com.ar\/wp-content\/uploads\/2021\/01\/Proteccion-Integral-para-Mujeres-Mesa-768x386.jpeg 768w\" sizes=\"auto, (max-width: 839px) 100vw, 839px\" \/><\/figure><\/div>\n\n\n\n<p>En relaci\u00f3n a las pol\u00edticas que lleva adelante la cartera nacional, Malacalza expuso las l\u00edneas de trabajo, y dijo: <em>\u201cEl esfuerzo que han hecho en la pandemia cada uno de los hogares ha sido clave para tejer redes. Nuestro gran impulso desde el Ministerio es la articulaci\u00f3n del gobierno nacional con las provincias y los municipios, para fortalecer la trama de protecci\u00f3n de cuidados que sabemos todas que se requiere ante una situaci\u00f3n de violencia por motivos de g\u00e9nero\u201d<\/em>.<\/p>\n\n\n\n<p>Adem\u00e1s agreg\u00f3: <em>\u201cEn estos casos tan complejos estamos convencidas que la salida no es individual,&nbsp; por eso tejer tramas colectivas, territoriales, en articulaci\u00f3n con las distintas instancias gubernamentales y de las organizaciones de la sociedad civil; permite construir sociedad m\u00e1s justas y equitativas\u201d.<\/em>&nbsp;&nbsp;<\/p>\n","protected":false},"excerpt":{"rendered":"<p>La vicegobernadora Laura Stratta; la ministra de Desarrollo Social Marisa Paira; e integrantes del Ministerio de Mujeres, G\u00e9nero y Diversidad&hellip;<\/p>\n","protected":false},"author":1,"featured_media":7672,"comment_status":"closed","ping_status":"closed","sticky":false,"template":"","format":"standard","meta":{"_joinchat":[],"footnotes":""},"categories":[65,69,349],"tags":[],"class_list":["post-7671","post","type-post","status-publish","format-standard","has-post-thumbnail","hentry","category-destacados","category-noticias","category-politica"],"yoast_head":"<!-- This site is optimized with the Yoast SEO plugin v25.1 - https:\/\/yoast.com\/wordpress\/plugins\/seo\/ -->\n<title>EN ARTICULACI\u00d3N CON NACI\u00d3N, LA PROVINCIA FORTALECE LA RED ENTRERRIANA DE HOGARES DE PROTECCI\u00d3N INTEGRAL PARA MUJERES - Del \u00c9xodo Nogoy\u00e1<\/title>\n<meta name=\"robots\" content=\"index, follow, max-snippet:-1, max-image-preview:large, max-video-preview:-1\" \/>\n<link rel=\"canonical\" href=\"https:\/\/www.delexodo.com.ar\/?p=7671\" \/>\n<meta property=\"og:locale\" content=\"es_ES\" \/>\n<meta property=\"og:type\" content=\"article\" \/>\n<meta property=\"og:title\" content=\"EN ARTICULACI\u00d3N CON NACI\u00d3N, LA PROVINCIA FORTALECE LA RED ENTRERRIANA DE HOGARES DE PROTECCI\u00d3N INTEGRAL PARA MUJERES - Del \u00c9xodo Nogoy\u00e1\" \/>\n<meta property=\"og:description\" content=\"La vicegobernadora Laura Stratta; la ministra de Desarrollo Social Marisa Paira; e integrantes del Ministerio de Mujeres, G\u00e9nero y Diversidad&hellip;\" \/>\n<meta property=\"og:url\" content=\"https:\/\/www.delexodo.com.ar\/?p=7671\" \/>\n<meta property=\"og:site_name\" content=\"Del \u00c9xodo Nogoy\u00e1\" \/>\n<meta property=\"article:published_time\" content=\"2021-01-27T19:36:55+00:00\" \/>\n<meta property=\"article:modified_time\" content=\"2021-01-27T19:36:56+00:00\" \/>\n<meta property=\"og:image\" content=\"https:\/\/www.delexodo.com.ar\/wp-content\/uploads\/2021\/01\/Proteccion-Integral-para-Mujeres.jpeg\" \/>\n\t<meta property=\"og:image:width\" content=\"949\" \/>\n\t<meta property=\"og:image:height\" content=\"640\" \/>\n\t<meta property=\"og:image:type\" content=\"image\/jpeg\" \/>\n<meta name=\"author\" content=\"admin\" \/>\n<meta name=\"twitter:card\" content=\"summary_large_image\" \/>\n<meta name=\"twitter:label1\" content=\"Escrito por\" \/>\n\t<meta name=\"twitter:data1\" content=\"admin\" \/>\n\t<meta name=\"twitter:label2\" content=\"Tiempo de lectura\" \/>\n\t<meta name=\"twitter:data2\" content=\"4 minutos\" \/>\n<script type=\"application\/ld+json\" class=\"yoast-schema-graph\">{\"@context\":\"https:\/\/schema.org\",\"@graph\":[{\"@type\":\"Article\",\"@id\":\"https:\/\/www.delexodo.com.ar\/?p=7671#article\",\"isPartOf\":{\"@id\":\"https:\/\/www.delexodo.com.ar\/?p=7671\"},\"author\":{\"name\":\"admin\",\"@id\":\"https:\/\/www.delexodo.com.ar\/#\/schema\/person\/bbed37f7da8e938660b34f2013ba449d\"},\"headline\":\"EN ARTICULACI\u00d3N CON NACI\u00d3N, LA PROVINCIA FORTALECE LA RED ENTRERRIANA DE HOGARES DE PROTECCI\u00d3N INTEGRAL PARA MUJERES\",\"datePublished\":\"2021-01-27T19:36:55+00:00\",\"dateModified\":\"2021-01-27T19:36:56+00:00\",\"mainEntityOfPage\":{\"@id\":\"https:\/\/www.delexodo.com.ar\/?p=7671\"},\"wordCount\":871,\"publisher\":{\"@id\":\"https:\/\/www.delexodo.com.ar\/#organization\"},\"image\":{\"@id\":\"https:\/\/www.delexodo.com.ar\/?p=7671#primaryimage\"},\"thumbnailUrl\":\"https:\/\/www.delexodo.com.ar\/wp-content\/uploads\/2021\/01\/Proteccion-Integral-para-Mujeres.jpeg\",\"articleSection\":[\"Destacados\",\"NOTICIAS\",\"Politica\"],\"inLanguage\":\"es\"},{\"@type\":\"WebPage\",\"@id\":\"https:\/\/www.delexodo.com.ar\/?p=7671\",\"url\":\"https:\/\/www.delexodo.com.ar\/?p=7671\",\"name\":\"EN ARTICULACI\u00d3N CON NACI\u00d3N, LA PROVINCIA FORTALECE LA RED ENTRERRIANA DE HOGARES DE PROTECCI\u00d3N INTEGRAL PARA MUJERES - Del \u00c9xodo Nogoy\u00e1\",\"isPartOf\":{\"@id\":\"https:\/\/www.delexodo.com.ar\/#website\"},\"primaryImageOfPage\":{\"@id\":\"https:\/\/www.delexodo.com.ar\/?p=7671#primaryimage\"},\"image\":{\"@id\":\"https:\/\/www.delexodo.com.ar\/?p=7671#primaryimage\"},\"thumbnailUrl\":\"https:\/\/www.delexodo.com.ar\/wp-content\/uploads\/2021\/01\/Proteccion-Integral-para-Mujeres.jpeg\",\"datePublished\":\"2021-01-27T19:36:55+00:00\",\"dateModified\":\"2021-01-27T19:36:56+00:00\",\"breadcrumb\":{\"@id\":\"https:\/\/www.delexodo.com.ar\/?p=7671#breadcrumb\"},\"inLanguage\":\"es\",\"potentialAction\":[{\"@type\":\"ReadAction\",\"target\":[\"https:\/\/www.delexodo.com.ar\/?p=7671\"]}]},{\"@type\":\"ImageObject\",\"inLanguage\":\"es\",\"@id\":\"https:\/\/www.delexodo.com.ar\/?p=7671#primaryimage\",\"url\":\"https:\/\/www.delexodo.com.ar\/wp-content\/uploads\/2021\/01\/Proteccion-Integral-para-Mujeres.jpeg\",\"contentUrl\":\"https:\/\/www.delexodo.com.ar\/wp-content\/uploads\/2021\/01\/Proteccion-Integral-para-Mujeres.jpeg\",\"width\":949,\"height\":640},{\"@type\":\"BreadcrumbList\",\"@id\":\"https:\/\/www.delexodo.com.ar\/?p=7671#breadcrumb\",\"itemListElement\":[{\"@type\":\"ListItem\",\"position\":1,\"name\":\"Portada\",\"item\":\"https:\/\/www.delexodo.com.ar\/\"},{\"@type\":\"ListItem\",\"position\":2,\"name\":\"EN ARTICULACI\u00d3N CON NACI\u00d3N, LA PROVINCIA FORTALECE LA RED ENTRERRIANA DE HOGARES DE PROTECCI\u00d3N INTEGRAL PARA MUJERES\"}]},{\"@type\":\"WebSite\",\"@id\":\"https:\/\/www.delexodo.com.ar\/#website\",\"url\":\"https:\/\/www.delexodo.com.ar\/\",\"name\":\"Del \u00c9xodo Nogoy\u00e1\",\"description\":\"El Portal de Noticias de la Regi\u00f3n\",\"publisher\":{\"@id\":\"https:\/\/www.delexodo.com.ar\/#organization\"},\"potentialAction\":[{\"@type\":\"SearchAction\",\"target\":{\"@type\":\"EntryPoint\",\"urlTemplate\":\"https:\/\/www.delexodo.com.ar\/?s={search_term_string}\"},\"query-input\":{\"@type\":\"PropertyValueSpecification\",\"valueRequired\":true,\"valueName\":\"search_term_string\"}}],\"inLanguage\":\"es\"},{\"@type\":\"Organization\",\"@id\":\"https:\/\/www.delexodo.com.ar\/#organization\",\"name\":\"Del \u00c9xodo Nogoy\u00e1\",\"url\":\"https:\/\/www.delexodo.com.ar\/\",\"logo\":{\"@type\":\"ImageObject\",\"inLanguage\":\"es\",\"@id\":\"https:\/\/www.delexodo.com.ar\/#\/schema\/logo\/image\/\",\"url\":\"https:\/\/www.delexodo.com.ar\/wp-content\/uploads\/2024\/10\/cropped-cropped-LOGO24.png\",\"contentUrl\":\"https:\/\/www.delexodo.com.ar\/wp-content\/uploads\/2024\/10\/cropped-cropped-LOGO24.png\",\"width\":512,\"height\":349,\"caption\":\"Del \u00c9xodo Nogoy\u00e1\"},\"image\":{\"@id\":\"https:\/\/www.delexodo.com.ar\/#\/schema\/logo\/image\/\"}},{\"@type\":\"Person\",\"@id\":\"https:\/\/www.delexodo.com.ar\/#\/schema\/person\/bbed37f7da8e938660b34f2013ba449d\",\"name\":\"admin\",\"image\":{\"@type\":\"ImageObject\",\"inLanguage\":\"es\",\"@id\":\"https:\/\/www.delexodo.com.ar\/#\/schema\/person\/image\/\",\"url\":\"https:\/\/secure.gravatar.com\/avatar\/6b1558d1b6df085f1901bd5bd98523d7?s=96&d=mm&r=g\",\"contentUrl\":\"https:\/\/secure.gravatar.com\/avatar\/6b1558d1b6df085f1901bd5bd98523d7?s=96&d=mm&r=g\",\"caption\":\"admin\"},\"url\":\"https:\/\/www.delexodo.com.ar\/?author=1\"}]}<\/script>\n<!-- \/ Yoast SEO plugin. -->","yoast_head_json":{"title":"EN ARTICULACI\u00d3N CON NACI\u00d3N, LA PROVINCIA FORTALECE LA RED ENTRERRIANA DE HOGARES DE PROTECCI\u00d3N INTEGRAL PARA MUJERES - Del \u00c9xodo Nogoy\u00e1","robots":{"index":"index","follow":"follow","max-snippet":"max-snippet:-1","max-image-preview":"max-image-preview:large","max-video-preview":"max-video-preview:-1"},"canonical":"https:\/\/www.delexodo.com.ar\/?p=7671","og_locale":"es_ES","og_type":"article","og_title":"EN ARTICULACI\u00d3N CON NACI\u00d3N, LA PROVINCIA FORTALECE LA RED ENTRERRIANA DE HOGARES DE PROTECCI\u00d3N INTEGRAL PARA MUJERES - Del \u00c9xodo Nogoy\u00e1","og_description":"La vicegobernadora Laura Stratta; la ministra de Desarrollo Social Marisa Paira; e integrantes del Ministerio de Mujeres, G\u00e9nero y Diversidad&hellip;","og_url":"https:\/\/www.delexodo.com.ar\/?p=7671","og_site_name":"Del \u00c9xodo Nogoy\u00e1","article_published_time":"2021-01-27T19:36:55+00:00","article_modified_time":"2021-01-27T19:36:56+00:00","og_image":[{"width":949,"height":640,"url":"https:\/\/www.delexodo.com.ar\/wp-content\/uploads\/2021\/01\/Proteccion-Integral-para-Mujeres.jpeg","type":"image\/jpeg"}],"author":"admin","twitter_card":"summary_large_image","twitter_misc":{"Escrito por":"admin","Tiempo de lectura":"4 minutos"},"schema":{"@context":"https:\/\/schema.org","@graph":[{"@type":"Article","@id":"https:\/\/www.delexodo.com.ar\/?p=7671#article","isPartOf":{"@id":"https:\/\/www.delexodo.com.ar\/?p=7671"},"author":{"name":"admin","@id":"https:\/\/www.delexodo.com.ar\/#\/schema\/person\/bbed37f7da8e938660b34f2013ba449d"},"headline":"EN ARTICULACI\u00d3N CON NACI\u00d3N, LA PROVINCIA FORTALECE LA RED ENTRERRIANA DE HOGARES DE PROTECCI\u00d3N INTEGRAL PARA MUJERES","datePublished":"2021-01-27T19:36:55+00:00","dateModified":"2021-01-27T19:36:56+00:00","mainEntityOfPage":{"@id":"https:\/\/www.delexodo.com.ar\/?p=7671"},"wordCount":871,"publisher":{"@id":"https:\/\/www.delexodo.com.ar\/#organization"},"image":{"@id":"https:\/\/www.delexodo.com.ar\/?p=7671#primaryimage"},"thumbnailUrl":"https:\/\/www.delexodo.com.ar\/wp-content\/uploads\/2021\/01\/Proteccion-Integral-para-Mujeres.jpeg","articleSection":["Destacados","NOTICIAS","Politica"],"inLanguage":"es"},{"@type":"WebPage","@id":"https:\/\/www.delexodo.com.ar\/?p=7671","url":"https:\/\/www.delexodo.com.ar\/?p=7671","name":"EN ARTICULACI\u00d3N CON NACI\u00d3N, LA PROVINCIA FORTALECE LA RED ENTRERRIANA DE HOGARES DE PROTECCI\u00d3N INTEGRAL PARA MUJERES - Del \u00c9xodo Nogoy\u00e1","isPartOf":{"@id":"https:\/\/www.delexodo.com.ar\/#website"},"primaryImageOfPage":{"@id":"https:\/\/www.delexodo.com.ar\/?p=7671#primaryimage"},"image":{"@id":"https:\/\/www.delexodo.com.ar\/?p=7671#primaryimage"},"thumbnailUrl":"https:\/\/www.delexodo.com.ar\/wp-content\/uploads\/2021\/01\/Proteccion-Integral-para-Mujeres.jpeg","datePublished":"2021-01-27T19:36:55+00:00","dateModified":"2021-01-27T19:36:56+00:00","breadcrumb":{"@id":"https:\/\/www.delexodo.com.ar\/?p=7671#breadcrumb"},"inLanguage":"es","potentialAction":[{"@type":"ReadAction","target":["https:\/\/www.delexodo.com.ar\/?p=7671"]}]},{"@type":"ImageObject","inLanguage":"es","@id":"https:\/\/www.delexodo.com.ar\/?p=7671#primaryimage","url":"https:\/\/www.delexodo.com.ar\/wp-content\/uploads\/2021\/01\/Proteccion-Integral-para-Mujeres.jpeg","contentUrl":"https:\/\/www.delexodo.com.ar\/wp-content\/uploads\/2021\/01\/Proteccion-Integral-para-Mujeres.jpeg","width":949,"height":640},{"@type":"BreadcrumbList","@id":"https:\/\/www.delexodo.com.ar\/?p=7671#breadcrumb","itemListElement":[{"@type":"ListItem","position":1,"name":"Portada","item":"https:\/\/www.delexodo.com.ar\/"},{"@type":"ListItem","position":2,"name":"EN ARTICULACI\u00d3N CON NACI\u00d3N, LA PROVINCIA FORTALECE LA RED ENTRERRIANA DE HOGARES DE PROTECCI\u00d3N INTEGRAL PARA MUJERES"}]},{"@type":"WebSite","@id":"https:\/\/www.delexodo.com.ar\/#website","url":"https:\/\/www.delexodo.com.ar\/","name":"Del \u00c9xodo Nogoy\u00e1","description":"El Portal de Noticias de la Regi\u00f3n","publisher":{"@id":"https:\/\/www.delexodo.com.ar\/#organization"},"potentialAction":[{"@type":"SearchAction","target":{"@type":"EntryPoint","urlTemplate":"https:\/\/www.delexodo.com.ar\/?s={search_term_string}"},"query-input":{"@type":"PropertyValueSpecification","valueRequired":true,"valueName":"search_term_string"}}],"inLanguage":"es"},{"@type":"Organization","@id":"https:\/\/www.delexodo.com.ar\/#organization","name":"Del \u00c9xodo Nogoy\u00e1","url":"https:\/\/www.delexodo.com.ar\/","logo":{"@type":"ImageObject","inLanguage":"es","@id":"https:\/\/www.delexodo.com.ar\/#\/schema\/logo\/image\/","url":"https:\/\/www.delexodo.com.ar\/wp-content\/uploads\/2024\/10\/cropped-cropped-LOGO24.png","contentUrl":"https:\/\/www.delexodo.com.ar\/wp-content\/uploads\/2024\/10\/cropped-cropped-LOGO24.png","width":512,"height":349,"caption":"Del \u00c9xodo Nogoy\u00e1"},"image":{"@id":"https:\/\/www.delexodo.com.ar\/#\/schema\/logo\/image\/"}},{"@type":"Person","@id":"https:\/\/www.delexodo.com.ar\/#\/schema\/person\/bbed37f7da8e938660b34f2013ba449d","name":"admin","image":{"@type":"ImageObject","inLanguage":"es","@id":"https:\/\/www.delexodo.com.ar\/#\/schema\/person\/image\/","url":"https:\/\/secure.gravatar.com\/avatar\/6b1558d1b6df085f1901bd5bd98523d7?s=96&d=mm&r=g","contentUrl":"https:\/\/secure.gravatar.com\/avatar\/6b1558d1b6df085f1901bd5bd98523d7?s=96&d=mm&r=g","caption":"admin"},"url":"https:\/\/www.delexodo.com.ar\/?author=1"}]}},"_links":{"self":[{"href":"https:\/\/www.delexodo.com.ar\/index.php?rest_route=\/wp\/v2\/posts\/7671","targetHints":{"allow":["GET"]}}],"collection":[{"href":"https:\/\/www.delexodo.com.ar\/index.php?rest_route=\/wp\/v2\/posts"}],"about":[{"href":"https:\/\/www.delexodo.com.ar\/index.php?rest_route=\/wp\/v2\/types\/post"}],"author":[{"embeddable":true,"href":"https:\/\/www.delexodo.com.ar\/index.php?rest_route=\/wp\/v2\/users\/1"}],"replies":[{"embeddable":true,"href":"https:\/\/www.delexodo.com.ar\/index.php?rest_route=%2Fwp%2Fv2%2Fcomments&post=7671"}],"version-history":[{"count":0,"href":"https:\/\/www.delexodo.com.ar\/index.php?rest_route=\/wp\/v2\/posts\/7671\/revisions"}],"wp:featuredmedia":[{"embeddable":true,"href":"https:\/\/www.delexodo.com.ar\/index.php?rest_route=\/wp\/v2\/media\/7672"}],"wp:attachment":[{"href":"https:\/\/www.delexodo.com.ar\/index.php?rest_route=%2Fwp%2Fv2%2Fmedia&parent=7671"}],"wp:term":[{"taxonomy":"category","embeddable":true,"href":"https:\/\/www.delexodo.com.ar\/index.php?rest_route=%2Fwp%2Fv2%2Fcategories&post=7671"},{"taxonomy":"post_tag","embeddable":true,"href":"https:\/\/www.delexodo.com.ar\/index.php?rest_route=%2Fwp%2Fv2%2Ftags&post=7671"}],"curies":[{"name":"wp","href":"https:\/\/api.w.org\/{rel}","templated":true}]}}