{"id":7668,"date":"2021-01-26T17:54:09","date_gmt":"2021-01-26T20:54:09","guid":{"rendered":"http:\/\/www.delexodo.com.ar\/?p=7668"},"modified":"2021-01-26T17:54:10","modified_gmt":"2021-01-26T20:54:10","slug":"paritaria-ate-y-upcn-el-gobierno-prorrogo-el-pago-de-la-suma-fija-a-empleados-y-jubilados","status":"publish","type":"post","link":"https:\/\/www.delexodo.com.ar\/?p=7668","title":{"rendered":"PARITARIA ATE y UPCN: EL GOBIERNO PRORROG\u00d3 EL PAGO DE LA SUMA FIJA A EMPLEADOS Y JUBILADOS"},"content":{"rendered":"\n<p>El anuncio tuvo lugar durante el primer encuentro paritario entre los representantes del gobierno y los gremios ATE y UPCN. Adem\u00e1s, se comprometi\u00f3 a ocupar cargos vacantes con pases a planta permanente. La escala.<\/p>\n\n\n\n<p>Durante el primer encuentro paritario entre los representantes del gobierno y los gremios ATE y UPCN, el secretario de Hacienda, Gustavo Labriola, hizo saber que se prorrog\u00f3 el pago del monto fijo a cuenta de la recomposici\u00f3n salarial que se liquidar\u00e1 en el mes de febrero. Se trata de una inversi\u00f3n de 650 millones por mes. Tambi\u00e9n beneficiar\u00e1 a jubilados.<\/p>\n\n\n\n<p>Se acord\u00f3 un cuarto intermedio hasta el jueves 4 de febrero que permitir\u00e1 contar con el n\u00famero necesario de miembros paritarios para realizar una propuesta salarial.<\/p>\n\n\n\n<p><strong>LA ESCALA<\/strong><\/p>\n\n\n\n<p>Los agentes que perciben hasta 35.000 pesos continuar\u00e1n cobrando otros 4.000 pesos; mientras que aquellos cuyo sueldo es hasta 55.000 cobrar\u00e1n otros 3.500 pesos, y aquellos que cobran hasta 120.000 seguir\u00e1n sumando 3.000 pesos en enero.<\/p>\n\n\n\n<p>Son 83.000 los trabajadores p\u00fablicos que continuar\u00e1n este mes cobrando la suma fija. Los jubilados tambi\u00e9n la seguir\u00e1n percibiendo de acuerdo al porcentaje de movilidad que corresponda.<\/p>\n\n\n\n<p><strong>VACANTES Y CONTRATADOS<\/strong><\/p>\n\n\n\n<p>Para ocupar los cargos vacantes de la planta permanente el gobierno respondi\u00f3 positivamente el pedido de los gremios y se elaborar\u00e1 un instructivo para comenzar el proceso en los pr\u00f3ximos 45 d\u00edas.<\/p>\n\n\n\n<p>Adem\u00e1s se ratific\u00f3 que el m\u00ednimo de los contratos de obra es de 27.000 pesos desde enero y se duplic\u00f3 el monto de los vi\u00e1ticos, es decir los gastos de movilidad de los agentes que deban trasladarse dentro o fuera de la provincia por motivos inherentes a sus funciones.<\/p>\n\n\n\n<p><strong>R\u00c9GIMEN JUR\u00cdDICO B\u00c1SICO<\/strong><\/p>\n\n\n\n<p>En cuanto a la implementaci\u00f3n del r\u00e9gimen jur\u00eddico b\u00e1sico se iniciar\u00e1 desde la semana pr\u00f3xima un trabajo conjunto con la Secretar\u00eda de Modernizaci\u00f3n para fortalecer las capacidades estatales, mediante proyectos abocados a la profesionalizaci\u00f3n y jerarquizaci\u00f3n del empleo p\u00fablico.<\/p>\n\n\n\n<p>Por \u00faltimo, se propuso continuar con las paritarias sectoriales, fundamentalmente en salud, y planes de viviendas para los agentes de la administraci\u00f3n p\u00fablica en diferentes puntos de la provincia.<\/p>\n\n\n\n<p>Participaron del encuentro en la sede de la Secretar\u00eda de Trabajo, el secretario de Hacienda; Gustavo Labriola; el secretario de Trabajo, Angel Zacar\u00edas, el director de Trabajo, Pablo Pagnone, la directora de Asuntos Jur\u00eddicos del Ministerio de Hacienda, Sandra Vara, el director de Asuntos Jur\u00eddicos del Ministerio de Gobierno, Miguel Arr\u00faa Gobo.<\/p>\n\n\n\n<p>Representaron a los gremios el secretario general de ATE, Oscar Muntes; y el secretario adjunto, Horacio Rizzi, y por UPCN, la secretaria gremial, Carina Dominguez y vocal, Maria Cristina Melgarejo.<\/p>\n\n\n\n<p>LOS GREMIOS MANIFESTARON SU \u201cSABOR AGRIDULCE\u201d TRAS LA REUNI\u00d3N PARITARIA<\/p>\n\n\n\n<p>Representantes de los gremios estatales informaron <strong><em>\u201cten\u00edamos muchas expectativas, pero nos vamos con un sabor agridulce\u201d<\/em><\/strong>.<\/p>\n\n\n\n<p>La Secretaria General de UPCN Carina Dom\u00ednguez dijo que <em>\u201cde la reuni\u00f3n salimos desilusionados, esperamos una propuesta concreta para analizar, hab\u00edamos solicitado que el gobierno no venga con las manos vac\u00edas, pero el cuarto intermedio se realizar\u00e1 el 4 de febrero y all\u00ed se hablar\u00e1 de la propuesta. Hoy nos vamos sin respuestas\u201d<\/em>.<\/p>\n\n\n\n<p><em>\u201cUPCN hab\u00eda planteado 20 puntos donde se hac\u00eda eje en la recomposici\u00f3n salarial y otro era reivindicaci\u00f3n sobre el sector salud\u201d<\/em>, se\u00f1al\u00f3.<\/p>\n\n\n\n<p>Adem\u00e1s, destac\u00f3 <em>\u201cun avance sobre la regularizaci\u00f3n de planta como cobertura de vacantes\u201d<\/em>.<\/p>\n\n\n\n<p>En cuanto al incremento salarial dijo que <em>\u201cno fijamos ning\u00fan condicionante sobre un porcentaje, sino que esperamos que no se dilaten los tiempos, sino que se traten estas cuestiones en febrero\u201d<\/em>.<\/p>\n\n\n\n<p>Sobre la pr\u00f3rroga de las sumas fijas para empleados activos y pasivos, dijo que <em>\u201ces similar a la que se entreg\u00f3 en octubre, noviembre y diciembre\u201d<\/em>.<\/p>\n\n\n\n<p>En tanto, el secretario general de ATE, Oscar Muntes, resalt\u00f3 que <em>\u201cten\u00edamos muchas expectativas, pero nos vamos con un sabor agridulce porque no tenemos propuesta salarial\u201d<\/em>.<\/p>\n\n\n\n<p><em>\u201cTenemos confirmado un aumento a los contratos de obra a 27.000 pesos, y vamos a percibir un monto fijo. Adem\u00e1s, se avanz\u00f3 en respuestas al pase a planta permanente, recategorizaci\u00f3n laboral y actualizaci\u00f3n de vi\u00e1ticos\u201d<\/em>, sum\u00f3.<\/p>\n\n\n\n<p>En este sentido dijo <em>\u201cen el cuarto intermedio tendremos una respuesta a los puntos que plateamos y a su vez habr\u00e1 una propuesta salarial\u201d.<\/em><\/p>\n\n\n\n<p><em>\u201cEn 2020 perdimos mucho, y esperamos que la propuesta se acerque a la realidad que estamos viviendo\u201d<\/em>, culmin\u00f3.<\/p>\n\n\n\n<p>Fuente: ElOnce<\/p>\n","protected":false},"excerpt":{"rendered":"<p>El anuncio tuvo lugar durante el primer encuentro paritario entre los representantes del gobierno y los gremios ATE y UPCN.&hellip;<\/p>\n","protected":false},"author":1,"featured_media":7669,"comment_status":"closed","ping_status":"closed","sticky":false,"template":"","format":"standard","meta":{"_joinchat":[],"footnotes":""},"categories":[65,1,69,349],"tags":[],"class_list":["post-7668","post","type-post","status-publish","format-standard","has-post-thumbnail","hentry","category-destacados","category-sincategoria","category-noticias","category-politica"],"yoast_head":"<!-- This site is optimized with the Yoast SEO plugin v25.1 - https:\/\/yoast.com\/wordpress\/plugins\/seo\/ -->\n<title>PARITARIA ATE y UPCN: EL GOBIERNO PRORROG\u00d3 EL PAGO DE LA SUMA FIJA A EMPLEADOS Y JUBILADOS - Del \u00c9xodo Nogoy\u00e1<\/title>\n<meta name=\"robots\" content=\"index, follow, max-snippet:-1, max-image-preview:large, max-video-preview:-1\" \/>\n<link rel=\"canonical\" href=\"https:\/\/www.delexodo.com.ar\/?p=7668\" \/>\n<meta property=\"og:locale\" content=\"es_ES\" \/>\n<meta property=\"og:type\" content=\"article\" \/>\n<meta property=\"og:title\" content=\"PARITARIA ATE y UPCN: EL GOBIERNO PRORROG\u00d3 EL PAGO DE LA SUMA FIJA A EMPLEADOS Y JUBILADOS - Del \u00c9xodo Nogoy\u00e1\" \/>\n<meta property=\"og:description\" content=\"El anuncio tuvo lugar durante el primer encuentro paritario entre los representantes del gobierno y los gremios ATE y UPCN.&hellip;\" \/>\n<meta property=\"og:url\" content=\"https:\/\/www.delexodo.com.ar\/?p=7668\" \/>\n<meta property=\"og:site_name\" content=\"Del \u00c9xodo Nogoy\u00e1\" \/>\n<meta property=\"article:published_time\" content=\"2021-01-26T20:54:09+00:00\" \/>\n<meta property=\"article:modified_time\" content=\"2021-01-26T20:54:10+00:00\" \/>\n<meta property=\"og:image\" content=\"https:\/\/www.delexodo.com.ar\/wp-content\/uploads\/2021\/01\/ATE-UPCN-PORTADA.png\" \/>\n\t<meta property=\"og:image:width\" content=\"1204\" \/>\n\t<meta property=\"og:image:height\" content=\"299\" \/>\n\t<meta property=\"og:image:type\" content=\"image\/png\" \/>\n<meta name=\"author\" content=\"admin\" \/>\n<meta name=\"twitter:card\" content=\"summary_large_image\" \/>\n<meta name=\"twitter:label1\" content=\"Escrito por\" \/>\n\t<meta name=\"twitter:data1\" content=\"admin\" \/>\n\t<meta name=\"twitter:label2\" content=\"Tiempo de lectura\" \/>\n\t<meta name=\"twitter:data2\" content=\"4 minutos\" \/>\n<script type=\"application\/ld+json\" class=\"yoast-schema-graph\">{\"@context\":\"https:\/\/schema.org\",\"@graph\":[{\"@type\":\"Article\",\"@id\":\"https:\/\/www.delexodo.com.ar\/?p=7668#article\",\"isPartOf\":{\"@id\":\"https:\/\/www.delexodo.com.ar\/?p=7668\"},\"author\":{\"name\":\"admin\",\"@id\":\"https:\/\/www.delexodo.com.ar\/#\/schema\/person\/bbed37f7da8e938660b34f2013ba449d\"},\"headline\":\"PARITARIA ATE y UPCN: EL GOBIERNO PRORROG\u00d3 EL PAGO DE LA SUMA FIJA A EMPLEADOS Y JUBILADOS\",\"datePublished\":\"2021-01-26T20:54:09+00:00\",\"dateModified\":\"2021-01-26T20:54:10+00:00\",\"mainEntityOfPage\":{\"@id\":\"https:\/\/www.delexodo.com.ar\/?p=7668\"},\"wordCount\":758,\"publisher\":{\"@id\":\"https:\/\/www.delexodo.com.ar\/#organization\"},\"image\":{\"@id\":\"https:\/\/www.delexodo.com.ar\/?p=7668#primaryimage\"},\"thumbnailUrl\":\"https:\/\/www.delexodo.com.ar\/wp-content\/uploads\/2021\/01\/ATE-UPCN-PORTADA.png\",\"articleSection\":[\"Destacados\",\"Nogoya\",\"NOTICIAS\",\"Politica\"],\"inLanguage\":\"es\"},{\"@type\":\"WebPage\",\"@id\":\"https:\/\/www.delexodo.com.ar\/?p=7668\",\"url\":\"https:\/\/www.delexodo.com.ar\/?p=7668\",\"name\":\"PARITARIA ATE y UPCN: EL GOBIERNO PRORROG\u00d3 EL PAGO DE LA SUMA FIJA A EMPLEADOS Y JUBILADOS - Del \u00c9xodo Nogoy\u00e1\",\"isPartOf\":{\"@id\":\"https:\/\/www.delexodo.com.ar\/#website\"},\"primaryImageOfPage\":{\"@id\":\"https:\/\/www.delexodo.com.ar\/?p=7668#primaryimage\"},\"image\":{\"@id\":\"https:\/\/www.delexodo.com.ar\/?p=7668#primaryimage\"},\"thumbnailUrl\":\"https:\/\/www.delexodo.com.ar\/wp-content\/uploads\/2021\/01\/ATE-UPCN-PORTADA.png\",\"datePublished\":\"2021-01-26T20:54:09+00:00\",\"dateModified\":\"2021-01-26T20:54:10+00:00\",\"breadcrumb\":{\"@id\":\"https:\/\/www.delexodo.com.ar\/?p=7668#breadcrumb\"},\"inLanguage\":\"es\",\"potentialAction\":[{\"@type\":\"ReadAction\",\"target\":[\"https:\/\/www.delexodo.com.ar\/?p=7668\"]}]},{\"@type\":\"ImageObject\",\"inLanguage\":\"es\",\"@id\":\"https:\/\/www.delexodo.com.ar\/?p=7668#primaryimage\",\"url\":\"https:\/\/www.delexodo.com.ar\/wp-content\/uploads\/2021\/01\/ATE-UPCN-PORTADA.png\",\"contentUrl\":\"https:\/\/www.delexodo.com.ar\/wp-content\/uploads\/2021\/01\/ATE-UPCN-PORTADA.png\",\"width\":1204,\"height\":299},{\"@type\":\"BreadcrumbList\",\"@id\":\"https:\/\/www.delexodo.com.ar\/?p=7668#breadcrumb\",\"itemListElement\":[{\"@type\":\"ListItem\",\"position\":1,\"name\":\"Portada\",\"item\":\"https:\/\/www.delexodo.com.ar\/\"},{\"@type\":\"ListItem\",\"position\":2,\"name\":\"PARITARIA ATE y UPCN: EL GOBIERNO PRORROG\u00d3 EL PAGO DE LA SUMA FIJA A EMPLEADOS Y JUBILADOS\"}]},{\"@type\":\"WebSite\",\"@id\":\"https:\/\/www.delexodo.com.ar\/#website\",\"url\":\"https:\/\/www.delexodo.com.ar\/\",\"name\":\"Del \u00c9xodo Nogoy\u00e1\",\"description\":\"El Portal de Noticias de la Regi\u00f3n\",\"publisher\":{\"@id\":\"https:\/\/www.delexodo.com.ar\/#organization\"},\"potentialAction\":[{\"@type\":\"SearchAction\",\"target\":{\"@type\":\"EntryPoint\",\"urlTemplate\":\"https:\/\/www.delexodo.com.ar\/?s={search_term_string}\"},\"query-input\":{\"@type\":\"PropertyValueSpecification\",\"valueRequired\":true,\"valueName\":\"search_term_string\"}}],\"inLanguage\":\"es\"},{\"@type\":\"Organization\",\"@id\":\"https:\/\/www.delexodo.com.ar\/#organization\",\"name\":\"Del \u00c9xodo Nogoy\u00e1\",\"url\":\"https:\/\/www.delexodo.com.ar\/\",\"logo\":{\"@type\":\"ImageObject\",\"inLanguage\":\"es\",\"@id\":\"https:\/\/www.delexodo.com.ar\/#\/schema\/logo\/image\/\",\"url\":\"https:\/\/www.delexodo.com.ar\/wp-content\/uploads\/2024\/10\/cropped-cropped-LOGO24.png\",\"contentUrl\":\"https:\/\/www.delexodo.com.ar\/wp-content\/uploads\/2024\/10\/cropped-cropped-LOGO24.png\",\"width\":512,\"height\":349,\"caption\":\"Del \u00c9xodo Nogoy\u00e1\"},\"image\":{\"@id\":\"https:\/\/www.delexodo.com.ar\/#\/schema\/logo\/image\/\"}},{\"@type\":\"Person\",\"@id\":\"https:\/\/www.delexodo.com.ar\/#\/schema\/person\/bbed37f7da8e938660b34f2013ba449d\",\"name\":\"admin\",\"image\":{\"@type\":\"ImageObject\",\"inLanguage\":\"es\",\"@id\":\"https:\/\/www.delexodo.com.ar\/#\/schema\/person\/image\/\",\"url\":\"https:\/\/secure.gravatar.com\/avatar\/6b1558d1b6df085f1901bd5bd98523d7?s=96&d=mm&r=g\",\"contentUrl\":\"https:\/\/secure.gravatar.com\/avatar\/6b1558d1b6df085f1901bd5bd98523d7?s=96&d=mm&r=g\",\"caption\":\"admin\"},\"url\":\"https:\/\/www.delexodo.com.ar\/?author=1\"}]}<\/script>\n<!-- \/ Yoast SEO plugin. -->","yoast_head_json":{"title":"PARITARIA ATE y UPCN: EL GOBIERNO PRORROG\u00d3 EL PAGO DE LA SUMA FIJA A EMPLEADOS Y JUBILADOS - Del \u00c9xodo Nogoy\u00e1","robots":{"index":"index","follow":"follow","max-snippet":"max-snippet:-1","max-image-preview":"max-image-preview:large","max-video-preview":"max-video-preview:-1"},"canonical":"https:\/\/www.delexodo.com.ar\/?p=7668","og_locale":"es_ES","og_type":"article","og_title":"PARITARIA ATE y UPCN: EL GOBIERNO PRORROG\u00d3 EL PAGO DE LA SUMA FIJA A EMPLEADOS Y JUBILADOS - Del \u00c9xodo Nogoy\u00e1","og_description":"El anuncio tuvo lugar durante el primer encuentro paritario entre los representantes del gobierno y los gremios ATE y UPCN.&hellip;","og_url":"https:\/\/www.delexodo.com.ar\/?p=7668","og_site_name":"Del \u00c9xodo Nogoy\u00e1","article_published_time":"2021-01-26T20:54:09+00:00","article_modified_time":"2021-01-26T20:54:10+00:00","og_image":[{"width":1204,"height":299,"url":"https:\/\/www.delexodo.com.ar\/wp-content\/uploads\/2021\/01\/ATE-UPCN-PORTADA.png","type":"image\/png"}],"author":"admin","twitter_card":"summary_large_image","twitter_misc":{"Escrito por":"admin","Tiempo de lectura":"4 minutos"},"schema":{"@context":"https:\/\/schema.org","@graph":[{"@type":"Article","@id":"https:\/\/www.delexodo.com.ar\/?p=7668#article","isPartOf":{"@id":"https:\/\/www.delexodo.com.ar\/?p=7668"},"author":{"name":"admin","@id":"https:\/\/www.delexodo.com.ar\/#\/schema\/person\/bbed37f7da8e938660b34f2013ba449d"},"headline":"PARITARIA ATE y UPCN: EL GOBIERNO PRORROG\u00d3 EL PAGO DE LA SUMA FIJA A EMPLEADOS Y JUBILADOS","datePublished":"2021-01-26T20:54:09+00:00","dateModified":"2021-01-26T20:54:10+00:00","mainEntityOfPage":{"@id":"https:\/\/www.delexodo.com.ar\/?p=7668"},"wordCount":758,"publisher":{"@id":"https:\/\/www.delexodo.com.ar\/#organization"},"image":{"@id":"https:\/\/www.delexodo.com.ar\/?p=7668#primaryimage"},"thumbnailUrl":"https:\/\/www.delexodo.com.ar\/wp-content\/uploads\/2021\/01\/ATE-UPCN-PORTADA.png","articleSection":["Destacados","Nogoya","NOTICIAS","Politica"],"inLanguage":"es"},{"@type":"WebPage","@id":"https:\/\/www.delexodo.com.ar\/?p=7668","url":"https:\/\/www.delexodo.com.ar\/?p=7668","name":"PARITARIA ATE y UPCN: EL GOBIERNO PRORROG\u00d3 EL PAGO DE LA SUMA FIJA A EMPLEADOS Y JUBILADOS - Del \u00c9xodo Nogoy\u00e1","isPartOf":{"@id":"https:\/\/www.delexodo.com.ar\/#website"},"primaryImageOfPage":{"@id":"https:\/\/www.delexodo.com.ar\/?p=7668#primaryimage"},"image":{"@id":"https:\/\/www.delexodo.com.ar\/?p=7668#primaryimage"},"thumbnailUrl":"https:\/\/www.delexodo.com.ar\/wp-content\/uploads\/2021\/01\/ATE-UPCN-PORTADA.png","datePublished":"2021-01-26T20:54:09+00:00","dateModified":"2021-01-26T20:54:10+00:00","breadcrumb":{"@id":"https:\/\/www.delexodo.com.ar\/?p=7668#breadcrumb"},"inLanguage":"es","potentialAction":[{"@type":"ReadAction","target":["https:\/\/www.delexodo.com.ar\/?p=7668"]}]},{"@type":"ImageObject","inLanguage":"es","@id":"https:\/\/www.delexodo.com.ar\/?p=7668#primaryimage","url":"https:\/\/www.delexodo.com.ar\/wp-content\/uploads\/2021\/01\/ATE-UPCN-PORTADA.png","contentUrl":"https:\/\/www.delexodo.com.ar\/wp-content\/uploads\/2021\/01\/ATE-UPCN-PORTADA.png","width":1204,"height":299},{"@type":"BreadcrumbList","@id":"https:\/\/www.delexodo.com.ar\/?p=7668#breadcrumb","itemListElement":[{"@type":"ListItem","position":1,"name":"Portada","item":"https:\/\/www.delexodo.com.ar\/"},{"@type":"ListItem","position":2,"name":"PARITARIA ATE y UPCN: EL GOBIERNO PRORROG\u00d3 EL PAGO DE LA SUMA FIJA A EMPLEADOS Y JUBILADOS"}]},{"@type":"WebSite","@id":"https:\/\/www.delexodo.com.ar\/#website","url":"https:\/\/www.delexodo.com.ar\/","name":"Del \u00c9xodo Nogoy\u00e1","description":"El Portal de Noticias de la Regi\u00f3n","publisher":{"@id":"https:\/\/www.delexodo.com.ar\/#organization"},"potentialAction":[{"@type":"SearchAction","target":{"@type":"EntryPoint","urlTemplate":"https:\/\/www.delexodo.com.ar\/?s={search_term_string}"},"query-input":{"@type":"PropertyValueSpecification","valueRequired":true,"valueName":"search_term_string"}}],"inLanguage":"es"},{"@type":"Organization","@id":"https:\/\/www.delexodo.com.ar\/#organization","name":"Del \u00c9xodo Nogoy\u00e1","url":"https:\/\/www.delexodo.com.ar\/","logo":{"@type":"ImageObject","inLanguage":"es","@id":"https:\/\/www.delexodo.com.ar\/#\/schema\/logo\/image\/","url":"https:\/\/www.delexodo.com.ar\/wp-content\/uploads\/2024\/10\/cropped-cropped-LOGO24.png","contentUrl":"https:\/\/www.delexodo.com.ar\/wp-content\/uploads\/2024\/10\/cropped-cropped-LOGO24.png","width":512,"height":349,"caption":"Del \u00c9xodo Nogoy\u00e1"},"image":{"@id":"https:\/\/www.delexodo.com.ar\/#\/schema\/logo\/image\/"}},{"@type":"Person","@id":"https:\/\/www.delexodo.com.ar\/#\/schema\/person\/bbed37f7da8e938660b34f2013ba449d","name":"admin","image":{"@type":"ImageObject","inLanguage":"es","@id":"https:\/\/www.delexodo.com.ar\/#\/schema\/person\/image\/","url":"https:\/\/secure.gravatar.com\/avatar\/6b1558d1b6df085f1901bd5bd98523d7?s=96&d=mm&r=g","contentUrl":"https:\/\/secure.gravatar.com\/avatar\/6b1558d1b6df085f1901bd5bd98523d7?s=96&d=mm&r=g","caption":"admin"},"url":"https:\/\/www.delexodo.com.ar\/?author=1"}]}},"_links":{"self":[{"href":"https:\/\/www.delexodo.com.ar\/index.php?rest_route=\/wp\/v2\/posts\/7668","targetHints":{"allow":["GET"]}}],"collection":[{"href":"https:\/\/www.delexodo.com.ar\/index.php?rest_route=\/wp\/v2\/posts"}],"about":[{"href":"https:\/\/www.delexodo.com.ar\/index.php?rest_route=\/wp\/v2\/types\/post"}],"author":[{"embeddable":true,"href":"https:\/\/www.delexodo.com.ar\/index.php?rest_route=\/wp\/v2\/users\/1"}],"replies":[{"embeddable":true,"href":"https:\/\/www.delexodo.com.ar\/index.php?rest_route=%2Fwp%2Fv2%2Fcomments&post=7668"}],"version-history":[{"count":0,"href":"https:\/\/www.delexodo.com.ar\/index.php?rest_route=\/wp\/v2\/posts\/7668\/revisions"}],"wp:featuredmedia":[{"embeddable":true,"href":"https:\/\/www.delexodo.com.ar\/index.php?rest_route=\/wp\/v2\/media\/7669"}],"wp:attachment":[{"href":"https:\/\/www.delexodo.com.ar\/index.php?rest_route=%2Fwp%2Fv2%2Fmedia&parent=7668"}],"wp:term":[{"taxonomy":"category","embeddable":true,"href":"https:\/\/www.delexodo.com.ar\/index.php?rest_route=%2Fwp%2Fv2%2Fcategories&post=7668"},{"taxonomy":"post_tag","embeddable":true,"href":"https:\/\/www.delexodo.com.ar\/index.php?rest_route=%2Fwp%2Fv2%2Ftags&post=7668"}],"curies":[{"name":"wp","href":"https:\/\/api.w.org\/{rel}","templated":true}]}}