{"id":7591,"date":"2021-01-19T18:59:40","date_gmt":"2021-01-19T21:59:40","guid":{"rendered":"http:\/\/www.delexodo.com.ar\/?p=7591"},"modified":"2021-01-19T19:25:27","modified_gmt":"2021-01-19T22:25:27","slug":"se-registro-un-terremoto-de-64-grados-en-la-escala-richter-en-san-juan-y-se-sintio-en-distintos-punto-del-pais","status":"publish","type":"post","link":"https:\/\/www.delexodo.com.ar\/?p=7591","title":{"rendered":"SE REGISTR\u00d3 UN TERREMOTO DE 6,4 GRADOS EN LA ESCALA RICHTER EN SAN JUAN Y SE SINTI\u00d3 EN DISTINTOS PUNTO DEL PAIS"},"content":{"rendered":"\n<p>Un sismo de 6,4 grados en la escala de Richter se registr\u00f3 durante la noche de este lunes, algunos minutos antes de la media noche en la provincia de San Juan y tambi\u00e9n se sinti\u00f3, con diferente intensidad, en Mendoza, Cordoba, Entre R\u00edos y Santa Fe.<\/p>\n\n\n\n<div class=\"wp-block-image\"><figure class=\"aligncenter size-large\"><img loading=\"lazy\" decoding=\"async\" width=\"730\" height=\"411\" src=\"http:\/\/www.delexodo.com.ar\/wp-content\/uploads\/2021\/01\/SISMO-SUPERMERCADO.jpg\" alt=\"\" class=\"wp-image-7593\" srcset=\"https:\/\/www.delexodo.com.ar\/wp-content\/uploads\/2021\/01\/SISMO-SUPERMERCADO.jpg 730w, https:\/\/www.delexodo.com.ar\/wp-content\/uploads\/2021\/01\/SISMO-SUPERMERCADO-300x169.jpg 300w\" sizes=\"auto, (max-width: 730px) 100vw, 730px\" \/><\/figure><\/div>\n\n\n\n<p>Seg\u00fan inform\u00f3 el Instituto Nacional de Prevenci\u00f3n S\u00edsmica (INPRES), el fen\u00f3meno alcanz\u00f3 su m\u00e1xima intensidad a las <strong>23:46:22<\/strong>, y tuvo una profundidad de 8 kil\u00f3metros, mientras que su epicentro fue a 57 kil\u00f3metros al sudoeste de San Juan capital.<\/p>\n\n\n\n<div class=\"wp-block-image\"><figure class=\"alignright size-large is-resized\"><img loading=\"lazy\" decoding=\"async\" src=\"http:\/\/www.delexodo.com.ar\/wp-content\/uploads\/2021\/01\/SISMO-RUTA1.jpeg\" alt=\"\" class=\"wp-image-7595\" width=\"144\" height=\"240\" srcset=\"https:\/\/www.delexodo.com.ar\/wp-content\/uploads\/2021\/01\/SISMO-RUTA1.jpeg 574w, https:\/\/www.delexodo.com.ar\/wp-content\/uploads\/2021\/01\/SISMO-RUTA1-180x300.jpeg 180w\" sizes=\"auto, (max-width: 144px) 100vw, 144px\" \/><\/figure><\/div>\n\n\n\n<p>El temblor gener\u00f3 gran preocupaci\u00f3n entre los ciudadanos sanjuaninos, que se vieron sorprendidos por la situaci\u00f3n. <\/p>\n\n\n\n<p>En la ma\u00f1ana de radio dialogamos con el periodista <strong>DANIEL PEREYRA de Radio Bohemia 100.1 de San Juan<\/strong> qui\u00e9n brind\u00f3 detalles desde el minuto uno del sismo y la actualidad en horas de la ma\u00f1ana del martes.<\/p>\n\n\n\n<figure class=\"wp-block-embed is-type-video is-provider-youtube wp-block-embed-youtube wp-embed-aspect-16-9 wp-has-aspect-ratio\"><div class=\"wp-block-embed__wrapper\">\n<iframe loading=\"lazy\" title=\"#AIRE #MxV - ENTREVISTA D. PEREYRA - SISMO EN SAN JUAN\" width=\"500\" height=\"281\" src=\"https:\/\/www.youtube.com\/embed\/CpH7VKiB6yw?feature=oembed\" frameborder=\"0\" allow=\"accelerometer; autoplay; clipboard-write; encrypted-media; gyroscope; picture-in-picture; web-share\" referrerpolicy=\"strict-origin-when-cross-origin\" allowfullscreen><\/iframe>\n<\/div><\/figure>\n\n\n\n<div class=\"wp-block-image\"><figure class=\"alignleft size-large is-resized\"><img loading=\"lazy\" decoding=\"async\" src=\"http:\/\/www.delexodo.com.ar\/wp-content\/uploads\/2021\/01\/SERIO-UNAC.jpg\" alt=\"\" class=\"wp-image-7592\" width=\"244\" height=\"137\" srcset=\"https:\/\/www.delexodo.com.ar\/wp-content\/uploads\/2021\/01\/SERIO-UNAC.jpg 800w, https:\/\/www.delexodo.com.ar\/wp-content\/uploads\/2021\/01\/SERIO-UNAC-300x169.jpg 300w, https:\/\/www.delexodo.com.ar\/wp-content\/uploads\/2021\/01\/SERIO-UNAC-768x432.jpg 768w\" sizes=\"auto, (max-width: 244px) 100vw, 244px\" \/><\/figure><\/div>\n\n\n\n<p>Por su parte el &nbsp;gobernador local, Sergio U\u00f1ac, brind\u00f3 una conferencia de prensa en la que precis\u00f3 que no hubo v\u00edctimas fatales, pero s\u00ed <em>\u201cdos ni\u00f1os con traumatismos moderados y un adulto mayor con traumatismo grave\u201d, <\/em>adem\u00e1s de <em>\u201ccuatro personas evacuadas en el departamento de Zonda, quienes fueron derivados a un centro integrador comunitario cercano<\/em>\u201d.<\/p>\n\n\n\n<p><em>\u201cDespu\u00e9s del terremoto de 1944, la Provincia viene trabajando con un c\u00f3digo edilicio que ha permitido tener un alto porcentaje de su construcci\u00f3n sismorresistente, y eso ha permitido soportar de una manera distinta habiendo sido de una magnitud parecida al terremoto del 44\u2033.<\/em><\/p>\n\n\n\n<p>Luego del sismo principal, hubo una serie de r\u00e9plicas, aunque de menor magnitud, de 4.4, 4.9 y 4.1 grados en la escala de Richter, sucesivamente, que durante la madrugada del martes afect\u00f3 mayormente a la ciudad de San Juan y a las localidades de Caucete, Mirayes, Barreal y el Valle de Media Agua, seg\u00fan detall\u00f3 el INPRES.<\/p>\n\n\n\n<figure class=\"wp-block-embed is-type-rich is-provider-twitter wp-block-embed-twitter\"><div class=\"wp-block-embed__wrapper\">\n<blockquote class=\"twitter-tweet\" data-width=\"500\" data-dnt=\"true\"><p lang=\"es\" dir=\"ltr\">En este momento quiero transmitir calma a las familias, tras el sismo que hemos vivido en <a href=\"https:\/\/twitter.com\/hashtag\/SanJuan?src=hash&amp;ref_src=twsrc%5Etfw\">#SanJuan<\/a>. Pongamos en pr\u00e1ctica todas las medidas que hemos aprendido para prevenir incidentes, mientras estamos abocados a conocer el impacto del mismo para colaborar en todo lo necesario.<\/p>&mdash; Sergio U\u00f1ac (@sergiounac) <a href=\"https:\/\/twitter.com\/sergiounac\/status\/1351369532699533317?ref_src=twsrc%5Etfw\">January 19, 2021<\/a><\/blockquote><script async src=\"https:\/\/platform.twitter.com\/widgets.js\" charset=\"utf-8\"><\/script>\n<\/div><\/figure>\n\n\n\n<p><em>&nbsp;\u201cEn este momento quiero transmitir calma a las familias, tras el sismo que hemos vivido en San Juan. Pongamos en pr\u00e1ctica todas las medidas que hemos aprendido para prevenir incidentes, mientras estamos abocados a conocer el impacto del mismo para colaborar en todo lo necesario\u201d<\/em>, manifest\u00f3 <strong>U\u00f1ac en su cuenta de Twitter<\/strong>.<\/p>\n\n\n\n<p>Incluso se registr\u00f3 un eco fuerte en Santiago de Chile, principalmente entre las regiones de Atacama y Maule, aunque el Servicio Hidrogr\u00e1fico y Oceanogr\u00e1fico de la Armada (SHOA) de ese pa\u00eds inform\u00f3 que las caracter\u00edsticas del movimiento <strong><em>\u201cno re\u00fanen las condiciones para decretar una alerta de tsunami en las costas\u201d<\/em><\/strong>.<\/p>\n\n\n\n<p>Este sismo fue similar al que sucedi\u00f3 en 1977 en la ciudad sanjuanina de Caucete, aunque en esta ocasi\u00f3n se produjo <strong>en una zona donde hay una serie de fallas activas que pertenecen al Valle de Pie de Palo, que es muy activa<\/strong>.<\/p>\n\n\n\n<p>&nbsp;<strong>Tambi\u00e9n est\u00e1 muy cerca una falla que tiene salida a la superficie y se ubica en el r\u00edo San Juan. Es decir, la provincia tiene esas fallas muy activas en esta regi\u00f3n. Es, pr\u00e1cticamente, en el pueblo de Pocitos, que est\u00e1 habitada<\/strong>.<\/p>\n\n\n\n<p>Seg\u00fan el primer informe presentado por el Gobierno sanjuanino, el saldo inicial del terremoto fue de cuatro personas con heridas leves que fueron derivadas por precauci\u00f3n a hospitales. <em>\u201cNo tuvimos que lamentar muertos, pero s\u00ed algunos da\u00f1os materiales\u201d<\/em>, afirm\u00f3 Pereyra.<\/p>\n\n\n\n<p>El propio Gobierno local emiti\u00f3 un informe en el que se analiz\u00f3 al detalle la situaci\u00f3n de cada una de las regiones de la provincia respecto al episodio. As\u00ed, se especific\u00f3 que en zonas como Caucete hubo da\u00f1os importantes en algunos edificios y todos sus residentes tendr\u00e1n que mudarse a otros domicilios por un per\u00edodo de meses.<\/p>\n\n\n\n<p>Otro de los puntos que gener\u00f3 mucha preocupaci\u00f3n fue una grieta de alrededor de un kil\u00f3metro de longitud que se form\u00f3 transversalmente a lo largo de la Ruta Nacional N\u00ba 40, que une San Juan con la provincia de Mendoza.<\/p>\n\n\n\n<p>La Direcci\u00f3n Nacional de Vialidad emiti\u00f3 un informe con el detalles de las calzadas afectadas y pidi\u00f3 \u201ccircular con extrema precauci\u00f3n sobre RN 40 sentido Sur\u201d y tener con cuidado al transitar por Ruta Nacional 153 en el ingreso al Valle de Pedernal, porque hay rocas en la traza.<\/p>\n\n\n\n<p><strong>\u201cLos da\u00f1os, gracias a Dios, han sido de muy baja consideraci\u00f3n\u201d<\/strong><\/p>\n\n\n\n<p><strong><u>RED GEOCIENT\u00cdFICA DE CHILE<\/u><\/strong><\/p>\n\n\n\n<figure class=\"wp-block-embed is-type-rich is-provider-twitter wp-block-embed-twitter\"><div class=\"wp-block-embed__wrapper\">\n<blockquote class=\"twitter-tweet\" data-width=\"500\" data-dnt=\"true\"><p lang=\"es\" dir=\"ltr\">INTERNACIONAL \u26a0\ufe0f | Sismo de magnitud 6.8 (Mw) ocurri\u00f3 a las 23:46:21 del Lunes 18 de Enero (horario de Chile) a 42 km al suroeste de Ciudad de San Juan &#8211; Argentina con una profundidad de 10 kil\u00f3metros. (Fuente: <a href=\"https:\/\/twitter.com\/hashtag\/EMSC?src=hash&amp;ref_src=twsrc%5Etfw\">#EMSC<\/a>)<br><br>Ampliaremos. <a href=\"https:\/\/t.co\/wW3cPlXORW\">pic.twitter.com\/wW3cPlXORW<\/a><\/p>&mdash; Red Geocient\u00edfica de Chile (@RedGeoChile) <a href=\"https:\/\/twitter.com\/RedGeoChile\/status\/1351361382164418560?ref_src=twsrc%5Etfw\">January 19, 2021<\/a><\/blockquote><script async src=\"https:\/\/platform.twitter.com\/widgets.js\" charset=\"utf-8\"><\/script>\n<\/div><\/figure>\n\n\n\n<p><strong>TERREMOTO EN SAN JUAN, #ARGENTINA<\/strong>| Un fuerte sismo magnitud 6.5 (Mw) y superficial, afect\u00f3 anoche a la provincia trasandina de San Juan, percibi\u00e9ndose tambi\u00e9n en el territorio chileno, entre #Atacama y #LaAraucan\u00eda. Las mayores intensidades se registraron en los valles interiores, precordillera y cordillera de las regiones de Atacama, Coquimbo, Valpara\u00edso y Metropolitana de Santiago.<\/p>\n\n\n\n<p>\u00bfQu\u00e9 tipo de falla? El sismo fue originado en una falla de rumbo cortical, seg\u00fan el tensor de momento publicado por el USGS (\u00abpelota de playa\u00bb), localizada al noreste de Villa Media Agua y al sureste de la ciudad de San Juan.<\/p>\n\n\n\n<p>\u00bfPor qu\u00e9 gener\u00f3 da\u00f1os? Al ser un sismo muy superficial y de una magnitud considerable, gener\u00f3 da\u00f1os importantes en la zona epicentral (VII Mercalli) y pueblos aleda\u00f1os, e incluso hasta en San Juan, donde se registr\u00f3 ca\u00edda de postes, cortes de suministro el\u00e9ctrico, ca\u00edda de objetos desde repisas y agrietamiento en 800 m de la Ruta Nacional 40 en Media Agua. Las viviendas de adobe o casas \u00abprecarias\u00bb tambi\u00e9n sufrieron da\u00f1os materiales.<\/p>\n\n\n\n<p>\u00bfEste tipo de sismo puede ocurrir en Chile? S\u00ed, pero son escasos en el registro hist\u00f3rico. Esto es debido a que en el territorio chileno, la mayor\u00eda de la sismicidad tiene su origen en fallas normales o inversas, es decir, el alzamiento o hundimiento de un bloque con respecto a otro, por ejemplo, por subducci\u00f3n (terremotos interplaca costeros, como el 27F-2010, 16S-2015) e intraplaca (Tongoy-Andacollo en 2019, Punitaqui en 1997), a profundidades superiores a los 25 km, en promedio. Sismos corticales en fallas de rumbo se podr\u00edan producir en lineamientos como la falla Liqui\u00f1e-Ofqui en el sur, y en otras fallas m\u00e1s peque\u00f1as.<\/p>\n\n\n\n<p>Significancia hist\u00f3rica: As\u00ed es, porque 3 d\u00edas antes del 18 de enero, se conmemoran los 77 a\u00f1os de ocurrencia del gran terremoto de San Juan de 1944, magnitud estimada 6.9 Mw, el que dej\u00f3 graves da\u00f1os en la ciudad y v\u00edctimas fatales evaluadas en 9 mil personas. El terremoto fue tan da\u00f1ino puesto que pr\u00e1cticamente todas las edificaciones de la ciudad eran de adobes. Posterior al terremoto, se estructur\u00f3 una reconstrucci\u00f3n con un plan regulador para la construcci\u00f3n antis\u00edsmica.<\/p>\n\n\n\n<p>R\u00e9plicas: el USGS ha contabilizado hasta las 12:45 hr. chilena de hoy, 6 r\u00e9plicas con magnitudes superiores a los 4.3 mb, perceptibles en San Juan e incluso en Chile (la de 5.3 mb, Vicu\u00f1a y Salamanca: intensidad II Mercalli). A su vez, el INPRES argentino registra m\u00e1s de 30 r\u00e9plicas en la zona, muchas de ellas perceptibles en la capital provincial. Estas probablemente continuar\u00e1n por toda esta semana, al menos. Al ser un sismo superficial y de magnitud sobre 6, las r\u00e9plicas ser\u00e1n numerosas, probablemente m\u00e1s de un centenar.<\/p>\n\n\n\n<p>Central: #RedGeo_Vicu\u00f1a.<\/p>\n","protected":false},"excerpt":{"rendered":"<p>Un sismo de 6,4 grados en la escala de Richter se registr\u00f3 durante la noche de este lunes, algunos minutos&hellip;<\/p>\n","protected":false},"author":1,"featured_media":7598,"comment_status":"closed","ping_status":"closed","sticky":false,"template":"","format":"standard","meta":{"_joinchat":[],"footnotes":""},"categories":[65,69],"tags":[345],"class_list":["post-7591","post","type-post","status-publish","format-standard","has-post-thumbnail","hentry","category-destacados","category-noticias","tag-destacar"],"yoast_head":"<!-- This site is optimized with the Yoast SEO plugin v25.1 - https:\/\/yoast.com\/wordpress\/plugins\/seo\/ -->\n<title>SE REGISTR\u00d3 UN TERREMOTO DE 6,4 GRADOS EN LA ESCALA RICHTER EN SAN JUAN Y SE SINTI\u00d3 EN DISTINTOS PUNTO DEL PAIS - Del \u00c9xodo Nogoy\u00e1<\/title>\n<meta name=\"robots\" content=\"index, follow, max-snippet:-1, max-image-preview:large, max-video-preview:-1\" \/>\n<link rel=\"canonical\" href=\"https:\/\/www.delexodo.com.ar\/?p=7591\" \/>\n<meta property=\"og:locale\" content=\"es_ES\" \/>\n<meta property=\"og:type\" content=\"article\" \/>\n<meta property=\"og:title\" content=\"SE REGISTR\u00d3 UN TERREMOTO DE 6,4 GRADOS EN LA ESCALA RICHTER EN SAN JUAN Y SE SINTI\u00d3 EN DISTINTOS PUNTO DEL PAIS - Del \u00c9xodo Nogoy\u00e1\" \/>\n<meta property=\"og:description\" content=\"Un sismo de 6,4 grados en la escala de Richter se registr\u00f3 durante la noche de este lunes, algunos minutos&hellip;\" \/>\n<meta property=\"og:url\" content=\"https:\/\/www.delexodo.com.ar\/?p=7591\" \/>\n<meta property=\"og:site_name\" content=\"Del \u00c9xodo Nogoy\u00e1\" \/>\n<meta property=\"article:published_time\" content=\"2021-01-19T21:59:40+00:00\" \/>\n<meta property=\"article:modified_time\" content=\"2021-01-19T22:25:27+00:00\" \/>\n<meta property=\"og:image\" content=\"https:\/\/www.delexodo.com.ar\/wp-content\/uploads\/2021\/01\/SISMO-PORTADAS.jpg\" \/>\n\t<meta property=\"og:image:width\" content=\"957\" \/>\n\t<meta property=\"og:image:height\" content=\"474\" \/>\n\t<meta property=\"og:image:type\" content=\"image\/jpeg\" \/>\n<meta name=\"author\" content=\"admin\" \/>\n<meta name=\"twitter:card\" content=\"summary_large_image\" \/>\n<meta name=\"twitter:label1\" content=\"Escrito por\" \/>\n\t<meta name=\"twitter:data1\" content=\"admin\" \/>\n\t<meta name=\"twitter:label2\" content=\"Tiempo de lectura\" \/>\n\t<meta name=\"twitter:data2\" content=\"6 minutos\" \/>\n<script type=\"application\/ld+json\" class=\"yoast-schema-graph\">{\"@context\":\"https:\/\/schema.org\",\"@graph\":[{\"@type\":\"Article\",\"@id\":\"https:\/\/www.delexodo.com.ar\/?p=7591#article\",\"isPartOf\":{\"@id\":\"https:\/\/www.delexodo.com.ar\/?p=7591\"},\"author\":{\"name\":\"admin\",\"@id\":\"https:\/\/www.delexodo.com.ar\/#\/schema\/person\/bbed37f7da8e938660b34f2013ba449d\"},\"headline\":\"SE REGISTR\u00d3 UN TERREMOTO DE 6,4 GRADOS EN LA ESCALA RICHTER EN SAN JUAN Y SE SINTI\u00d3 EN DISTINTOS PUNTO DEL PAIS\",\"datePublished\":\"2021-01-19T21:59:40+00:00\",\"dateModified\":\"2021-01-19T22:25:27+00:00\",\"mainEntityOfPage\":{\"@id\":\"https:\/\/www.delexodo.com.ar\/?p=7591\"},\"wordCount\":1221,\"publisher\":{\"@id\":\"https:\/\/www.delexodo.com.ar\/#organization\"},\"image\":{\"@id\":\"https:\/\/www.delexodo.com.ar\/?p=7591#primaryimage\"},\"thumbnailUrl\":\"https:\/\/www.delexodo.com.ar\/wp-content\/uploads\/2021\/01\/SISMO-PORTADAS.jpg\",\"keywords\":[\"destacar\"],\"articleSection\":[\"Destacados\",\"NOTICIAS\"],\"inLanguage\":\"es\"},{\"@type\":\"WebPage\",\"@id\":\"https:\/\/www.delexodo.com.ar\/?p=7591\",\"url\":\"https:\/\/www.delexodo.com.ar\/?p=7591\",\"name\":\"SE REGISTR\u00d3 UN TERREMOTO DE 6,4 GRADOS EN LA ESCALA RICHTER EN SAN JUAN Y SE SINTI\u00d3 EN DISTINTOS PUNTO DEL PAIS - Del \u00c9xodo Nogoy\u00e1\",\"isPartOf\":{\"@id\":\"https:\/\/www.delexodo.com.ar\/#website\"},\"primaryImageOfPage\":{\"@id\":\"https:\/\/www.delexodo.com.ar\/?p=7591#primaryimage\"},\"image\":{\"@id\":\"https:\/\/www.delexodo.com.ar\/?p=7591#primaryimage\"},\"thumbnailUrl\":\"https:\/\/www.delexodo.com.ar\/wp-content\/uploads\/2021\/01\/SISMO-PORTADAS.jpg\",\"datePublished\":\"2021-01-19T21:59:40+00:00\",\"dateModified\":\"2021-01-19T22:25:27+00:00\",\"breadcrumb\":{\"@id\":\"https:\/\/www.delexodo.com.ar\/?p=7591#breadcrumb\"},\"inLanguage\":\"es\",\"potentialAction\":[{\"@type\":\"ReadAction\",\"target\":[\"https:\/\/www.delexodo.com.ar\/?p=7591\"]}]},{\"@type\":\"ImageObject\",\"inLanguage\":\"es\",\"@id\":\"https:\/\/www.delexodo.com.ar\/?p=7591#primaryimage\",\"url\":\"https:\/\/www.delexodo.com.ar\/wp-content\/uploads\/2021\/01\/SISMO-PORTADAS.jpg\",\"contentUrl\":\"https:\/\/www.delexodo.com.ar\/wp-content\/uploads\/2021\/01\/SISMO-PORTADAS.jpg\",\"width\":957,\"height\":474},{\"@type\":\"BreadcrumbList\",\"@id\":\"https:\/\/www.delexodo.com.ar\/?p=7591#breadcrumb\",\"itemListElement\":[{\"@type\":\"ListItem\",\"position\":1,\"name\":\"Portada\",\"item\":\"https:\/\/www.delexodo.com.ar\/\"},{\"@type\":\"ListItem\",\"position\":2,\"name\":\"SE REGISTR\u00d3 UN TERREMOTO DE 6,4 GRADOS EN LA ESCALA RICHTER EN SAN JUAN Y SE SINTI\u00d3 EN DISTINTOS PUNTO DEL PAIS\"}]},{\"@type\":\"WebSite\",\"@id\":\"https:\/\/www.delexodo.com.ar\/#website\",\"url\":\"https:\/\/www.delexodo.com.ar\/\",\"name\":\"Del \u00c9xodo Nogoy\u00e1\",\"description\":\"El Portal de Noticias de la Regi\u00f3n\",\"publisher\":{\"@id\":\"https:\/\/www.delexodo.com.ar\/#organization\"},\"potentialAction\":[{\"@type\":\"SearchAction\",\"target\":{\"@type\":\"EntryPoint\",\"urlTemplate\":\"https:\/\/www.delexodo.com.ar\/?s={search_term_string}\"},\"query-input\":{\"@type\":\"PropertyValueSpecification\",\"valueRequired\":true,\"valueName\":\"search_term_string\"}}],\"inLanguage\":\"es\"},{\"@type\":\"Organization\",\"@id\":\"https:\/\/www.delexodo.com.ar\/#organization\",\"name\":\"Del \u00c9xodo Nogoy\u00e1\",\"url\":\"https:\/\/www.delexodo.com.ar\/\",\"logo\":{\"@type\":\"ImageObject\",\"inLanguage\":\"es\",\"@id\":\"https:\/\/www.delexodo.com.ar\/#\/schema\/logo\/image\/\",\"url\":\"https:\/\/www.delexodo.com.ar\/wp-content\/uploads\/2024\/10\/cropped-cropped-LOGO24.png\",\"contentUrl\":\"https:\/\/www.delexodo.com.ar\/wp-content\/uploads\/2024\/10\/cropped-cropped-LOGO24.png\",\"width\":512,\"height\":349,\"caption\":\"Del \u00c9xodo Nogoy\u00e1\"},\"image\":{\"@id\":\"https:\/\/www.delexodo.com.ar\/#\/schema\/logo\/image\/\"}},{\"@type\":\"Person\",\"@id\":\"https:\/\/www.delexodo.com.ar\/#\/schema\/person\/bbed37f7da8e938660b34f2013ba449d\",\"name\":\"admin\",\"image\":{\"@type\":\"ImageObject\",\"inLanguage\":\"es\",\"@id\":\"https:\/\/www.delexodo.com.ar\/#\/schema\/person\/image\/\",\"url\":\"https:\/\/secure.gravatar.com\/avatar\/6b1558d1b6df085f1901bd5bd98523d7?s=96&d=mm&r=g\",\"contentUrl\":\"https:\/\/secure.gravatar.com\/avatar\/6b1558d1b6df085f1901bd5bd98523d7?s=96&d=mm&r=g\",\"caption\":\"admin\"},\"url\":\"https:\/\/www.delexodo.com.ar\/?author=1\"}]}<\/script>\n<!-- \/ Yoast SEO plugin. -->","yoast_head_json":{"title":"SE REGISTR\u00d3 UN TERREMOTO DE 6,4 GRADOS EN LA ESCALA RICHTER EN SAN JUAN Y SE SINTI\u00d3 EN DISTINTOS PUNTO DEL PAIS - Del \u00c9xodo Nogoy\u00e1","robots":{"index":"index","follow":"follow","max-snippet":"max-snippet:-1","max-image-preview":"max-image-preview:large","max-video-preview":"max-video-preview:-1"},"canonical":"https:\/\/www.delexodo.com.ar\/?p=7591","og_locale":"es_ES","og_type":"article","og_title":"SE REGISTR\u00d3 UN TERREMOTO DE 6,4 GRADOS EN LA ESCALA RICHTER EN SAN JUAN Y SE SINTI\u00d3 EN DISTINTOS PUNTO DEL PAIS - Del \u00c9xodo Nogoy\u00e1","og_description":"Un sismo de 6,4 grados en la escala de Richter se registr\u00f3 durante la noche de este lunes, algunos minutos&hellip;","og_url":"https:\/\/www.delexodo.com.ar\/?p=7591","og_site_name":"Del \u00c9xodo Nogoy\u00e1","article_published_time":"2021-01-19T21:59:40+00:00","article_modified_time":"2021-01-19T22:25:27+00:00","og_image":[{"width":957,"height":474,"url":"https:\/\/www.delexodo.com.ar\/wp-content\/uploads\/2021\/01\/SISMO-PORTADAS.jpg","type":"image\/jpeg"}],"author":"admin","twitter_card":"summary_large_image","twitter_misc":{"Escrito por":"admin","Tiempo de lectura":"6 minutos"},"schema":{"@context":"https:\/\/schema.org","@graph":[{"@type":"Article","@id":"https:\/\/www.delexodo.com.ar\/?p=7591#article","isPartOf":{"@id":"https:\/\/www.delexodo.com.ar\/?p=7591"},"author":{"name":"admin","@id":"https:\/\/www.delexodo.com.ar\/#\/schema\/person\/bbed37f7da8e938660b34f2013ba449d"},"headline":"SE REGISTR\u00d3 UN TERREMOTO DE 6,4 GRADOS EN LA ESCALA RICHTER EN SAN JUAN Y SE SINTI\u00d3 EN DISTINTOS PUNTO DEL PAIS","datePublished":"2021-01-19T21:59:40+00:00","dateModified":"2021-01-19T22:25:27+00:00","mainEntityOfPage":{"@id":"https:\/\/www.delexodo.com.ar\/?p=7591"},"wordCount":1221,"publisher":{"@id":"https:\/\/www.delexodo.com.ar\/#organization"},"image":{"@id":"https:\/\/www.delexodo.com.ar\/?p=7591#primaryimage"},"thumbnailUrl":"https:\/\/www.delexodo.com.ar\/wp-content\/uploads\/2021\/01\/SISMO-PORTADAS.jpg","keywords":["destacar"],"articleSection":["Destacados","NOTICIAS"],"inLanguage":"es"},{"@type":"WebPage","@id":"https:\/\/www.delexodo.com.ar\/?p=7591","url":"https:\/\/www.delexodo.com.ar\/?p=7591","name":"SE REGISTR\u00d3 UN TERREMOTO DE 6,4 GRADOS EN LA ESCALA RICHTER EN SAN JUAN Y SE SINTI\u00d3 EN DISTINTOS PUNTO DEL PAIS - Del \u00c9xodo Nogoy\u00e1","isPartOf":{"@id":"https:\/\/www.delexodo.com.ar\/#website"},"primaryImageOfPage":{"@id":"https:\/\/www.delexodo.com.ar\/?p=7591#primaryimage"},"image":{"@id":"https:\/\/www.delexodo.com.ar\/?p=7591#primaryimage"},"thumbnailUrl":"https:\/\/www.delexodo.com.ar\/wp-content\/uploads\/2021\/01\/SISMO-PORTADAS.jpg","datePublished":"2021-01-19T21:59:40+00:00","dateModified":"2021-01-19T22:25:27+00:00","breadcrumb":{"@id":"https:\/\/www.delexodo.com.ar\/?p=7591#breadcrumb"},"inLanguage":"es","potentialAction":[{"@type":"ReadAction","target":["https:\/\/www.delexodo.com.ar\/?p=7591"]}]},{"@type":"ImageObject","inLanguage":"es","@id":"https:\/\/www.delexodo.com.ar\/?p=7591#primaryimage","url":"https:\/\/www.delexodo.com.ar\/wp-content\/uploads\/2021\/01\/SISMO-PORTADAS.jpg","contentUrl":"https:\/\/www.delexodo.com.ar\/wp-content\/uploads\/2021\/01\/SISMO-PORTADAS.jpg","width":957,"height":474},{"@type":"BreadcrumbList","@id":"https:\/\/www.delexodo.com.ar\/?p=7591#breadcrumb","itemListElement":[{"@type":"ListItem","position":1,"name":"Portada","item":"https:\/\/www.delexodo.com.ar\/"},{"@type":"ListItem","position":2,"name":"SE REGISTR\u00d3 UN TERREMOTO DE 6,4 GRADOS EN LA ESCALA RICHTER EN SAN JUAN Y SE SINTI\u00d3 EN DISTINTOS PUNTO DEL PAIS"}]},{"@type":"WebSite","@id":"https:\/\/www.delexodo.com.ar\/#website","url":"https:\/\/www.delexodo.com.ar\/","name":"Del \u00c9xodo Nogoy\u00e1","description":"El Portal de Noticias de la Regi\u00f3n","publisher":{"@id":"https:\/\/www.delexodo.com.ar\/#organization"},"potentialAction":[{"@type":"SearchAction","target":{"@type":"EntryPoint","urlTemplate":"https:\/\/www.delexodo.com.ar\/?s={search_term_string}"},"query-input":{"@type":"PropertyValueSpecification","valueRequired":true,"valueName":"search_term_string"}}],"inLanguage":"es"},{"@type":"Organization","@id":"https:\/\/www.delexodo.com.ar\/#organization","name":"Del \u00c9xodo Nogoy\u00e1","url":"https:\/\/www.delexodo.com.ar\/","logo":{"@type":"ImageObject","inLanguage":"es","@id":"https:\/\/www.delexodo.com.ar\/#\/schema\/logo\/image\/","url":"https:\/\/www.delexodo.com.ar\/wp-content\/uploads\/2024\/10\/cropped-cropped-LOGO24.png","contentUrl":"https:\/\/www.delexodo.com.ar\/wp-content\/uploads\/2024\/10\/cropped-cropped-LOGO24.png","width":512,"height":349,"caption":"Del \u00c9xodo Nogoy\u00e1"},"image":{"@id":"https:\/\/www.delexodo.com.ar\/#\/schema\/logo\/image\/"}},{"@type":"Person","@id":"https:\/\/www.delexodo.com.ar\/#\/schema\/person\/bbed37f7da8e938660b34f2013ba449d","name":"admin","image":{"@type":"ImageObject","inLanguage":"es","@id":"https:\/\/www.delexodo.com.ar\/#\/schema\/person\/image\/","url":"https:\/\/secure.gravatar.com\/avatar\/6b1558d1b6df085f1901bd5bd98523d7?s=96&d=mm&r=g","contentUrl":"https:\/\/secure.gravatar.com\/avatar\/6b1558d1b6df085f1901bd5bd98523d7?s=96&d=mm&r=g","caption":"admin"},"url":"https:\/\/www.delexodo.com.ar\/?author=1"}]}},"_links":{"self":[{"href":"https:\/\/www.delexodo.com.ar\/index.php?rest_route=\/wp\/v2\/posts\/7591","targetHints":{"allow":["GET"]}}],"collection":[{"href":"https:\/\/www.delexodo.com.ar\/index.php?rest_route=\/wp\/v2\/posts"}],"about":[{"href":"https:\/\/www.delexodo.com.ar\/index.php?rest_route=\/wp\/v2\/types\/post"}],"author":[{"embeddable":true,"href":"https:\/\/www.delexodo.com.ar\/index.php?rest_route=\/wp\/v2\/users\/1"}],"replies":[{"embeddable":true,"href":"https:\/\/www.delexodo.com.ar\/index.php?rest_route=%2Fwp%2Fv2%2Fcomments&post=7591"}],"version-history":[{"count":0,"href":"https:\/\/www.delexodo.com.ar\/index.php?rest_route=\/wp\/v2\/posts\/7591\/revisions"}],"wp:featuredmedia":[{"embeddable":true,"href":"https:\/\/www.delexodo.com.ar\/index.php?rest_route=\/wp\/v2\/media\/7598"}],"wp:attachment":[{"href":"https:\/\/www.delexodo.com.ar\/index.php?rest_route=%2Fwp%2Fv2%2Fmedia&parent=7591"}],"wp:term":[{"taxonomy":"category","embeddable":true,"href":"https:\/\/www.delexodo.com.ar\/index.php?rest_route=%2Fwp%2Fv2%2Fcategories&post=7591"},{"taxonomy":"post_tag","embeddable":true,"href":"https:\/\/www.delexodo.com.ar\/index.php?rest_route=%2Fwp%2Fv2%2Ftags&post=7591"}],"curies":[{"name":"wp","href":"https:\/\/api.w.org\/{rel}","templated":true}]}}