{"id":7573,"date":"2021-01-15T18:56:41","date_gmt":"2021-01-15T21:56:41","guid":{"rendered":"http:\/\/www.delexodo.com.ar\/?p=7573"},"modified":"2021-01-15T18:56:42","modified_gmt":"2021-01-15T21:56:42","slug":"desde-el-sabado-transportistas-propietarios-de-camiones-haran-paro-por-tiempo-indeterminado","status":"publish","type":"post","link":"https:\/\/www.delexodo.com.ar\/?p=7573","title":{"rendered":"DESDE EL S\u00c1BADO, TRANSPORTISTAS PROPIETARIOS DE CAMIONES HAR\u00c1N PARO POR TIEMPO INDETERMINADO"},"content":{"rendered":"\n<p>Lleg\u00f3 a los medios el anuncio por parte de <strong>Transportistas Unidos de Argentina -TUDA-<\/strong> de un paro por tiempo indeterminado que comenzar\u00e1 a la cero horas del s\u00e1bado 16.<\/p>\n\n\n\n<div class=\"wp-block-image\"><figure class=\"alignleft size-large is-resized\"><img loading=\"lazy\" decoding=\"async\" src=\"http:\/\/www.delexodo.com.ar\/wp-content\/uploads\/2021\/01\/TUDA-CONVOCA.jpg\" alt=\"\" class=\"wp-image-7574\" width=\"323\" height=\"411\" srcset=\"https:\/\/www.delexodo.com.ar\/wp-content\/uploads\/2021\/01\/TUDA-CONVOCA.jpg 395w, https:\/\/www.delexodo.com.ar\/wp-content\/uploads\/2021\/01\/TUDA-CONVOCA-236x300.jpg 236w\" sizes=\"auto, (max-width: 323px) 100vw, 323px\" \/><\/figure><\/div>\n\n\n\n<p><strong>Transportistas Unidos<\/strong>, agrupaci\u00f3n que registra aproximadamente 2 mil camioneros y que hace un tiempo se agruparon al no verse representados por ninguna de las entidades existentes. Este espacio comenz\u00f3 con un grupo de amigos que se unieron para manifestar los problemas de los transportistas\u00a0y hoy ya tramitan la personalidad jur\u00eddica.\u00a0<\/p>\n\n\n\n<p>En la ma\u00f1ana de la radio dialogamos con el presidente de TUDA, SANTIAGO CARLUCCI qui\u00e9n explic\u00f3 los motivos de la medida adoptada desde el sector; <em>\u00abel motivo es la emergencia econ\u00f3mica que est\u00e1 teniendo el autotransporte de carga con altos costos log\u00edsticos que vienen trepando de manera escalonada y no as\u00ed las tarifas\u201d<\/em> y adem\u00e1s, remarc\u00f3 <em>\u00abson 15 puntos los que se reclaman que est\u00e1n relacionados con peajes, combustibles, t\u00e9cnicas, tarifas y precios por kil\u00f3metro, entre otros pedidos\u00bb<\/em>. <\/p>\n\n\n\n<figure class=\"wp-block-embed is-type-video is-provider-youtube wp-block-embed-youtube wp-embed-aspect-16-9 wp-has-aspect-ratio\"><div class=\"wp-block-embed__wrapper\">\n<iframe loading=\"lazy\" title=\"#AIRE #MxV - SANTIAGO CARLUCCI - TRANSPORTISTAS UNIDOS\" width=\"500\" height=\"281\" src=\"https:\/\/www.youtube.com\/embed\/GygHDIyyh7c?feature=oembed\" frameborder=\"0\" allow=\"accelerometer; autoplay; clipboard-write; encrypted-media; gyroscope; picture-in-picture; web-share\" referrerpolicy=\"strict-origin-when-cross-origin\" allowfullscreen><\/iframe>\n<\/div><\/figure>\n\n\n\n<p>Carlucci se\u00f1al\u00f3 que ser\u00e1n dos mil camiones detenidos aproximadamente y m\u00e1s de 40 puntos en todo el pa\u00eds y que a partir del inicio de los cortes, solo podr\u00e1n circular autos particulares, \u00f3mnibus de pasajeros, transporte de ox\u00edgeno, insumos m\u00e9dicos y oncol\u00f3gicos por los puntos de movilizaci\u00f3n y se\u00f1al\u00f3 que la convocatoria fue\u00a0<strong>realizada con 60 d\u00edas de antelaci\u00f3n.<\/strong><\/p>\n\n\n\n<p><em><strong>\u201cEl motivo es la emergencia econ\u00f3mica que est\u00e1 teniendo el autotransporte de carga con altos costos log\u00edsticos que vienen trepando de manera escalonada y no as\u00ed las tarifas\u201d.<\/strong><\/em><\/p>\n\n\n\n<div class=\"wp-block-image\"><figure class=\"aligncenter size-large\"><img loading=\"lazy\" decoding=\"async\" width=\"935\" height=\"486\" src=\"http:\/\/www.delexodo.com.ar\/wp-content\/uploads\/2021\/01\/TUDA-BLOG.jpg\" alt=\"\" class=\"wp-image-7575\" srcset=\"https:\/\/www.delexodo.com.ar\/wp-content\/uploads\/2021\/01\/TUDA-BLOG.jpg 935w, https:\/\/www.delexodo.com.ar\/wp-content\/uploads\/2021\/01\/TUDA-BLOG-300x156.jpg 300w, https:\/\/www.delexodo.com.ar\/wp-content\/uploads\/2021\/01\/TUDA-BLOG-768x399.jpg 768w\" sizes=\"auto, (max-width: 935px) 100vw, 935px\" \/><\/figure><\/div>\n\n\n\n<p>Para que se levante la medida, desde\u00a0<strong>T.U.D.A\u00a0<\/strong>se\u00f1alaron que hay determinados puntos que tienen injerencia nacional y que otros los puede resolver el ministerio de transporte. \u201cQueremos que los cambios est\u00e9n<strong>\u00a0publicados en Bolet\u00edn Oficial<\/strong>\u00a0para que sean efectivos\u201d, asegur\u00f3.<\/p>\n\n\n\n<p>Por otra parte, distintos medios de la provincia de Entre R\u00edos dieron cuenta de que se espera alrededor de un centenar de camiones que transportan distintas cargas, (granos, en su mayor\u00eda), <strong>se va a cortar en el T\u00fanel Subfluvial, en ambas manos, y se est\u00e1 evaluando cortar tambi\u00e9n del lado de Santa Fe. Adem\u00e1s en la rotonda de Victoria, de acceso al puente a Rosario; en Gualeguaych\u00fa en el kil\u00f3metro 53 de la autov\u00eda 14 y en la rotonda de Tala (cruce de las rutas 39 y 6)<\/strong> se sumar\u00e1n al paro nacional.<\/p>\n","protected":false},"excerpt":{"rendered":"<p>Lleg\u00f3 a los medios el anuncio por parte de Transportistas Unidos de Argentina -TUDA- de un paro por tiempo indeterminado&hellip;<\/p>\n","protected":false},"author":1,"featured_media":7576,"comment_status":"closed","ping_status":"closed","sticky":false,"template":"","format":"standard","meta":{"_joinchat":[],"footnotes":""},"categories":[65,69],"tags":[345],"class_list":["post-7573","post","type-post","status-publish","format-standard","has-post-thumbnail","hentry","category-destacados","category-noticias","tag-destacar"],"yoast_head":"<!-- This site is optimized with the Yoast SEO plugin v25.1 - https:\/\/yoast.com\/wordpress\/plugins\/seo\/ -->\n<title>DESDE EL S\u00c1BADO, TRANSPORTISTAS PROPIETARIOS DE CAMIONES HAR\u00c1N PARO POR TIEMPO INDETERMINADO - Del \u00c9xodo Nogoy\u00e1<\/title>\n<meta name=\"robots\" content=\"index, follow, max-snippet:-1, max-image-preview:large, max-video-preview:-1\" \/>\n<link rel=\"canonical\" href=\"https:\/\/www.delexodo.com.ar\/?p=7573\" \/>\n<meta property=\"og:locale\" content=\"es_ES\" \/>\n<meta property=\"og:type\" content=\"article\" \/>\n<meta property=\"og:title\" content=\"DESDE EL S\u00c1BADO, TRANSPORTISTAS PROPIETARIOS DE CAMIONES HAR\u00c1N PARO POR TIEMPO INDETERMINADO - Del \u00c9xodo Nogoy\u00e1\" \/>\n<meta property=\"og:description\" content=\"Lleg\u00f3 a los medios el anuncio por parte de Transportistas Unidos de Argentina -TUDA- de un paro por tiempo indeterminado&hellip;\" \/>\n<meta property=\"og:url\" content=\"https:\/\/www.delexodo.com.ar\/?p=7573\" \/>\n<meta property=\"og:site_name\" content=\"Del \u00c9xodo Nogoy\u00e1\" \/>\n<meta property=\"article:published_time\" content=\"2021-01-15T21:56:41+00:00\" \/>\n<meta property=\"article:modified_time\" content=\"2021-01-15T21:56:42+00:00\" \/>\n<meta property=\"og:image\" content=\"https:\/\/www.delexodo.com.ar\/wp-content\/uploads\/2021\/01\/TUDA-CAMIONES.jpg\" \/>\n\t<meta property=\"og:image:width\" content=\"765\" \/>\n\t<meta property=\"og:image:height\" content=\"430\" \/>\n\t<meta property=\"og:image:type\" content=\"image\/jpeg\" \/>\n<meta name=\"author\" content=\"admin\" \/>\n<meta name=\"twitter:card\" content=\"summary_large_image\" \/>\n<meta name=\"twitter:label1\" content=\"Escrito por\" \/>\n\t<meta name=\"twitter:data1\" content=\"admin\" \/>\n\t<meta name=\"twitter:label2\" content=\"Tiempo de lectura\" \/>\n\t<meta name=\"twitter:data2\" content=\"2 minutos\" \/>\n<script type=\"application\/ld+json\" class=\"yoast-schema-graph\">{\"@context\":\"https:\/\/schema.org\",\"@graph\":[{\"@type\":\"Article\",\"@id\":\"https:\/\/www.delexodo.com.ar\/?p=7573#article\",\"isPartOf\":{\"@id\":\"https:\/\/www.delexodo.com.ar\/?p=7573\"},\"author\":{\"name\":\"admin\",\"@id\":\"https:\/\/www.delexodo.com.ar\/#\/schema\/person\/bbed37f7da8e938660b34f2013ba449d\"},\"headline\":\"DESDE EL S\u00c1BADO, TRANSPORTISTAS PROPIETARIOS DE CAMIONES HAR\u00c1N PARO POR TIEMPO INDETERMINADO\",\"datePublished\":\"2021-01-15T21:56:41+00:00\",\"dateModified\":\"2021-01-15T21:56:42+00:00\",\"mainEntityOfPage\":{\"@id\":\"https:\/\/www.delexodo.com.ar\/?p=7573\"},\"wordCount\":428,\"publisher\":{\"@id\":\"https:\/\/www.delexodo.com.ar\/#organization\"},\"image\":{\"@id\":\"https:\/\/www.delexodo.com.ar\/?p=7573#primaryimage\"},\"thumbnailUrl\":\"https:\/\/www.delexodo.com.ar\/wp-content\/uploads\/2021\/01\/TUDA-CAMIONES.jpg\",\"keywords\":[\"destacar\"],\"articleSection\":[\"Destacados\",\"NOTICIAS\"],\"inLanguage\":\"es\"},{\"@type\":\"WebPage\",\"@id\":\"https:\/\/www.delexodo.com.ar\/?p=7573\",\"url\":\"https:\/\/www.delexodo.com.ar\/?p=7573\",\"name\":\"DESDE EL S\u00c1BADO, TRANSPORTISTAS PROPIETARIOS DE CAMIONES HAR\u00c1N PARO POR TIEMPO INDETERMINADO - Del \u00c9xodo Nogoy\u00e1\",\"isPartOf\":{\"@id\":\"https:\/\/www.delexodo.com.ar\/#website\"},\"primaryImageOfPage\":{\"@id\":\"https:\/\/www.delexodo.com.ar\/?p=7573#primaryimage\"},\"image\":{\"@id\":\"https:\/\/www.delexodo.com.ar\/?p=7573#primaryimage\"},\"thumbnailUrl\":\"https:\/\/www.delexodo.com.ar\/wp-content\/uploads\/2021\/01\/TUDA-CAMIONES.jpg\",\"datePublished\":\"2021-01-15T21:56:41+00:00\",\"dateModified\":\"2021-01-15T21:56:42+00:00\",\"breadcrumb\":{\"@id\":\"https:\/\/www.delexodo.com.ar\/?p=7573#breadcrumb\"},\"inLanguage\":\"es\",\"potentialAction\":[{\"@type\":\"ReadAction\",\"target\":[\"https:\/\/www.delexodo.com.ar\/?p=7573\"]}]},{\"@type\":\"ImageObject\",\"inLanguage\":\"es\",\"@id\":\"https:\/\/www.delexodo.com.ar\/?p=7573#primaryimage\",\"url\":\"https:\/\/www.delexodo.com.ar\/wp-content\/uploads\/2021\/01\/TUDA-CAMIONES.jpg\",\"contentUrl\":\"https:\/\/www.delexodo.com.ar\/wp-content\/uploads\/2021\/01\/TUDA-CAMIONES.jpg\",\"width\":765,\"height\":430},{\"@type\":\"BreadcrumbList\",\"@id\":\"https:\/\/www.delexodo.com.ar\/?p=7573#breadcrumb\",\"itemListElement\":[{\"@type\":\"ListItem\",\"position\":1,\"name\":\"Portada\",\"item\":\"https:\/\/www.delexodo.com.ar\/\"},{\"@type\":\"ListItem\",\"position\":2,\"name\":\"DESDE EL S\u00c1BADO, TRANSPORTISTAS PROPIETARIOS DE CAMIONES HAR\u00c1N PARO POR TIEMPO INDETERMINADO\"}]},{\"@type\":\"WebSite\",\"@id\":\"https:\/\/www.delexodo.com.ar\/#website\",\"url\":\"https:\/\/www.delexodo.com.ar\/\",\"name\":\"Del \u00c9xodo Nogoy\u00e1\",\"description\":\"El Portal de Noticias de la Regi\u00f3n\",\"publisher\":{\"@id\":\"https:\/\/www.delexodo.com.ar\/#organization\"},\"potentialAction\":[{\"@type\":\"SearchAction\",\"target\":{\"@type\":\"EntryPoint\",\"urlTemplate\":\"https:\/\/www.delexodo.com.ar\/?s={search_term_string}\"},\"query-input\":{\"@type\":\"PropertyValueSpecification\",\"valueRequired\":true,\"valueName\":\"search_term_string\"}}],\"inLanguage\":\"es\"},{\"@type\":\"Organization\",\"@id\":\"https:\/\/www.delexodo.com.ar\/#organization\",\"name\":\"Del \u00c9xodo Nogoy\u00e1\",\"url\":\"https:\/\/www.delexodo.com.ar\/\",\"logo\":{\"@type\":\"ImageObject\",\"inLanguage\":\"es\",\"@id\":\"https:\/\/www.delexodo.com.ar\/#\/schema\/logo\/image\/\",\"url\":\"https:\/\/www.delexodo.com.ar\/wp-content\/uploads\/2024\/10\/cropped-cropped-LOGO24.png\",\"contentUrl\":\"https:\/\/www.delexodo.com.ar\/wp-content\/uploads\/2024\/10\/cropped-cropped-LOGO24.png\",\"width\":512,\"height\":349,\"caption\":\"Del \u00c9xodo Nogoy\u00e1\"},\"image\":{\"@id\":\"https:\/\/www.delexodo.com.ar\/#\/schema\/logo\/image\/\"}},{\"@type\":\"Person\",\"@id\":\"https:\/\/www.delexodo.com.ar\/#\/schema\/person\/bbed37f7da8e938660b34f2013ba449d\",\"name\":\"admin\",\"image\":{\"@type\":\"ImageObject\",\"inLanguage\":\"es\",\"@id\":\"https:\/\/www.delexodo.com.ar\/#\/schema\/person\/image\/\",\"url\":\"https:\/\/secure.gravatar.com\/avatar\/6b1558d1b6df085f1901bd5bd98523d7?s=96&d=mm&r=g\",\"contentUrl\":\"https:\/\/secure.gravatar.com\/avatar\/6b1558d1b6df085f1901bd5bd98523d7?s=96&d=mm&r=g\",\"caption\":\"admin\"},\"url\":\"https:\/\/www.delexodo.com.ar\/?author=1\"}]}<\/script>\n<!-- \/ Yoast SEO plugin. -->","yoast_head_json":{"title":"DESDE EL S\u00c1BADO, TRANSPORTISTAS PROPIETARIOS DE CAMIONES HAR\u00c1N PARO POR TIEMPO INDETERMINADO - Del \u00c9xodo Nogoy\u00e1","robots":{"index":"index","follow":"follow","max-snippet":"max-snippet:-1","max-image-preview":"max-image-preview:large","max-video-preview":"max-video-preview:-1"},"canonical":"https:\/\/www.delexodo.com.ar\/?p=7573","og_locale":"es_ES","og_type":"article","og_title":"DESDE EL S\u00c1BADO, TRANSPORTISTAS PROPIETARIOS DE CAMIONES HAR\u00c1N PARO POR TIEMPO INDETERMINADO - Del \u00c9xodo Nogoy\u00e1","og_description":"Lleg\u00f3 a los medios el anuncio por parte de Transportistas Unidos de Argentina -TUDA- de un paro por tiempo indeterminado&hellip;","og_url":"https:\/\/www.delexodo.com.ar\/?p=7573","og_site_name":"Del \u00c9xodo Nogoy\u00e1","article_published_time":"2021-01-15T21:56:41+00:00","article_modified_time":"2021-01-15T21:56:42+00:00","og_image":[{"width":765,"height":430,"url":"https:\/\/www.delexodo.com.ar\/wp-content\/uploads\/2021\/01\/TUDA-CAMIONES.jpg","type":"image\/jpeg"}],"author":"admin","twitter_card":"summary_large_image","twitter_misc":{"Escrito por":"admin","Tiempo de lectura":"2 minutos"},"schema":{"@context":"https:\/\/schema.org","@graph":[{"@type":"Article","@id":"https:\/\/www.delexodo.com.ar\/?p=7573#article","isPartOf":{"@id":"https:\/\/www.delexodo.com.ar\/?p=7573"},"author":{"name":"admin","@id":"https:\/\/www.delexodo.com.ar\/#\/schema\/person\/bbed37f7da8e938660b34f2013ba449d"},"headline":"DESDE EL S\u00c1BADO, TRANSPORTISTAS PROPIETARIOS DE CAMIONES HAR\u00c1N PARO POR TIEMPO INDETERMINADO","datePublished":"2021-01-15T21:56:41+00:00","dateModified":"2021-01-15T21:56:42+00:00","mainEntityOfPage":{"@id":"https:\/\/www.delexodo.com.ar\/?p=7573"},"wordCount":428,"publisher":{"@id":"https:\/\/www.delexodo.com.ar\/#organization"},"image":{"@id":"https:\/\/www.delexodo.com.ar\/?p=7573#primaryimage"},"thumbnailUrl":"https:\/\/www.delexodo.com.ar\/wp-content\/uploads\/2021\/01\/TUDA-CAMIONES.jpg","keywords":["destacar"],"articleSection":["Destacados","NOTICIAS"],"inLanguage":"es"},{"@type":"WebPage","@id":"https:\/\/www.delexodo.com.ar\/?p=7573","url":"https:\/\/www.delexodo.com.ar\/?p=7573","name":"DESDE EL S\u00c1BADO, TRANSPORTISTAS PROPIETARIOS DE CAMIONES HAR\u00c1N PARO POR TIEMPO INDETERMINADO - Del \u00c9xodo Nogoy\u00e1","isPartOf":{"@id":"https:\/\/www.delexodo.com.ar\/#website"},"primaryImageOfPage":{"@id":"https:\/\/www.delexodo.com.ar\/?p=7573#primaryimage"},"image":{"@id":"https:\/\/www.delexodo.com.ar\/?p=7573#primaryimage"},"thumbnailUrl":"https:\/\/www.delexodo.com.ar\/wp-content\/uploads\/2021\/01\/TUDA-CAMIONES.jpg","datePublished":"2021-01-15T21:56:41+00:00","dateModified":"2021-01-15T21:56:42+00:00","breadcrumb":{"@id":"https:\/\/www.delexodo.com.ar\/?p=7573#breadcrumb"},"inLanguage":"es","potentialAction":[{"@type":"ReadAction","target":["https:\/\/www.delexodo.com.ar\/?p=7573"]}]},{"@type":"ImageObject","inLanguage":"es","@id":"https:\/\/www.delexodo.com.ar\/?p=7573#primaryimage","url":"https:\/\/www.delexodo.com.ar\/wp-content\/uploads\/2021\/01\/TUDA-CAMIONES.jpg","contentUrl":"https:\/\/www.delexodo.com.ar\/wp-content\/uploads\/2021\/01\/TUDA-CAMIONES.jpg","width":765,"height":430},{"@type":"BreadcrumbList","@id":"https:\/\/www.delexodo.com.ar\/?p=7573#breadcrumb","itemListElement":[{"@type":"ListItem","position":1,"name":"Portada","item":"https:\/\/www.delexodo.com.ar\/"},{"@type":"ListItem","position":2,"name":"DESDE EL S\u00c1BADO, TRANSPORTISTAS PROPIETARIOS DE CAMIONES HAR\u00c1N PARO POR TIEMPO INDETERMINADO"}]},{"@type":"WebSite","@id":"https:\/\/www.delexodo.com.ar\/#website","url":"https:\/\/www.delexodo.com.ar\/","name":"Del \u00c9xodo Nogoy\u00e1","description":"El Portal de Noticias de la Regi\u00f3n","publisher":{"@id":"https:\/\/www.delexodo.com.ar\/#organization"},"potentialAction":[{"@type":"SearchAction","target":{"@type":"EntryPoint","urlTemplate":"https:\/\/www.delexodo.com.ar\/?s={search_term_string}"},"query-input":{"@type":"PropertyValueSpecification","valueRequired":true,"valueName":"search_term_string"}}],"inLanguage":"es"},{"@type":"Organization","@id":"https:\/\/www.delexodo.com.ar\/#organization","name":"Del \u00c9xodo Nogoy\u00e1","url":"https:\/\/www.delexodo.com.ar\/","logo":{"@type":"ImageObject","inLanguage":"es","@id":"https:\/\/www.delexodo.com.ar\/#\/schema\/logo\/image\/","url":"https:\/\/www.delexodo.com.ar\/wp-content\/uploads\/2024\/10\/cropped-cropped-LOGO24.png","contentUrl":"https:\/\/www.delexodo.com.ar\/wp-content\/uploads\/2024\/10\/cropped-cropped-LOGO24.png","width":512,"height":349,"caption":"Del \u00c9xodo Nogoy\u00e1"},"image":{"@id":"https:\/\/www.delexodo.com.ar\/#\/schema\/logo\/image\/"}},{"@type":"Person","@id":"https:\/\/www.delexodo.com.ar\/#\/schema\/person\/bbed37f7da8e938660b34f2013ba449d","name":"admin","image":{"@type":"ImageObject","inLanguage":"es","@id":"https:\/\/www.delexodo.com.ar\/#\/schema\/person\/image\/","url":"https:\/\/secure.gravatar.com\/avatar\/6b1558d1b6df085f1901bd5bd98523d7?s=96&d=mm&r=g","contentUrl":"https:\/\/secure.gravatar.com\/avatar\/6b1558d1b6df085f1901bd5bd98523d7?s=96&d=mm&r=g","caption":"admin"},"url":"https:\/\/www.delexodo.com.ar\/?author=1"}]}},"_links":{"self":[{"href":"https:\/\/www.delexodo.com.ar\/index.php?rest_route=\/wp\/v2\/posts\/7573","targetHints":{"allow":["GET"]}}],"collection":[{"href":"https:\/\/www.delexodo.com.ar\/index.php?rest_route=\/wp\/v2\/posts"}],"about":[{"href":"https:\/\/www.delexodo.com.ar\/index.php?rest_route=\/wp\/v2\/types\/post"}],"author":[{"embeddable":true,"href":"https:\/\/www.delexodo.com.ar\/index.php?rest_route=\/wp\/v2\/users\/1"}],"replies":[{"embeddable":true,"href":"https:\/\/www.delexodo.com.ar\/index.php?rest_route=%2Fwp%2Fv2%2Fcomments&post=7573"}],"version-history":[{"count":0,"href":"https:\/\/www.delexodo.com.ar\/index.php?rest_route=\/wp\/v2\/posts\/7573\/revisions"}],"wp:featuredmedia":[{"embeddable":true,"href":"https:\/\/www.delexodo.com.ar\/index.php?rest_route=\/wp\/v2\/media\/7576"}],"wp:attachment":[{"href":"https:\/\/www.delexodo.com.ar\/index.php?rest_route=%2Fwp%2Fv2%2Fmedia&parent=7573"}],"wp:term":[{"taxonomy":"category","embeddable":true,"href":"https:\/\/www.delexodo.com.ar\/index.php?rest_route=%2Fwp%2Fv2%2Fcategories&post=7573"},{"taxonomy":"post_tag","embeddable":true,"href":"https:\/\/www.delexodo.com.ar\/index.php?rest_route=%2Fwp%2Fv2%2Ftags&post=7573"}],"curies":[{"name":"wp","href":"https:\/\/api.w.org\/{rel}","templated":true}]}}