{"id":7566,"date":"2021-01-12T15:30:27","date_gmt":"2021-01-12T18:30:27","guid":{"rendered":"http:\/\/www.delexodo.com.ar\/?p=7566"},"modified":"2021-01-12T15:30:28","modified_gmt":"2021-01-12T18:30:28","slug":"nueva-convocatoria-nacional-para-la-produccion-cientifica-artistica-y-literaria","status":"publish","type":"post","link":"https:\/\/www.delexodo.com.ar\/?p=7566","title":{"rendered":"NUEVA CONVOCATORIA NACIONAL PARA LA PRODUCCI\u00d3N CIENT\u00cdFICA, ART\u00cdSTICA Y LITERARIA"},"content":{"rendered":"\n<p>La Secretar\u00eda de Cultura de Entre R\u00edos informa sobre la convocatoria del Ministerio de Cultura de Naci\u00f3n para presentar postulaciones a la convocatoria con la que el Estado nacional estimula y recompensa la producci\u00f3n cient\u00edfica, art\u00edstica y literaria.<\/p>\n\n\n\n<p>El R\u00e9gimen de Premios Nacionales en Ciencias, Artes y Letras tiene el objetivo de estimular y recompensar la producci\u00f3n cient\u00edfica, art\u00edstica y literaria. Desde su primera convocatoria en 1914, su finalidad es el reconocimiento por parte del Estado Nacional a los creadores e investigadores del pa\u00eds cuyas obras conforman el patrimonio cultural de los argentinos.<\/p>\n\n\n\n<p>A la nueva convocatoria que se encuentra abierta pueden postularse autoras y autores mayores de 18 a\u00f1os, argentinos nativos o naturalizados y que residan en el pa\u00eds. La inscripci\u00f3n deber\u00e1 realizarse a trav\u00e9s de este formulario de inscripci\u00f3n hasta el 13 de febrero de 2021<\/p>\n\n\n\n<p>Se trata de una distinci\u00f3n para las y los autores que, a trav\u00e9s de la obra presentada hayan contribuido significativamente al progreso de la actividad en que compiten. Concursar\u00e1n las primeras ediciones de obras publicadas y\/o estrenadas durante el per\u00edodo 2016-2019 sin excepci\u00f3n, en los siguientes grupos y especialidades: Letras: Literatura infantil; Artes esc\u00e9nicas: Teatro Musical y Teatro Infantil; Ensayo: Ensayo Filos\u00f3fico y Ensayo Pedag\u00f3gico; y M\u00fasica: Jazz y Mel\u00f3dica.<\/p>\n\n\n\n<p>En cada una de las disciplinas, el jurado podr\u00e1 otorgar hasta tres premios y tres menciones especiales, de acuerdo al siguiente detalle:<\/p>\n\n\n\n<p>Primer premio: $250.000, Diploma de Honor y una pensi\u00f3n vitalicia a partir de los 60 a\u00f1os de edad, equivalente a cinco jubilaciones m\u00ednimas. Segundo premio: $160.000 pesos y Diploma de Honor. Tercer premio: $90.000 pesos y Diploma de Honor. Menciones Especiales: Diploma de Honor.<\/p>\n\n\n\n<p>Por dudas y consultas escribir a:<\/p>\n\n\n\n<p><strong>premios.nacionales@cultura.gob.ar<\/strong> <strong>premiosnacionales.mcn@gmail.com<\/strong><\/p>\n\n\n\n<p>Bases y condiciones:<\/p>\n\n\n\n<p><a href=\"https:\/\/www.cultura.gob.ar\/media\/uploads\/premiosnacionales_bases-y-condiciones.pdf\" target=\"_blank\" rel=\"noreferrer noopener\"><strong>https:\/\/www.cultura.gob.ar\/media\/uploads\/premiosnacionales_bases-y-condiciones.pdf<\/strong><\/a><\/p>\n","protected":false},"excerpt":{"rendered":"<p>La Secretar\u00eda de Cultura de Entre R\u00edos informa sobre la convocatoria del Ministerio de Cultura de Naci\u00f3n para presentar postulaciones&hellip;<\/p>\n","protected":false},"author":1,"featured_media":7567,"comment_status":"closed","ping_status":"closed","sticky":false,"template":"","format":"standard","meta":{"_joinchat":[],"footnotes":""},"categories":[355,65,69],"tags":[],"class_list":["post-7566","post","type-post","status-publish","format-standard","has-post-thumbnail","hentry","category-cultura","category-destacados","category-noticias"],"yoast_head":"<!-- This site is optimized with the Yoast SEO plugin v25.1 - https:\/\/yoast.com\/wordpress\/plugins\/seo\/ -->\n<title>NUEVA CONVOCATORIA NACIONAL PARA LA PRODUCCI\u00d3N CIENT\u00cdFICA, ART\u00cdSTICA Y LITERARIA - Del \u00c9xodo Nogoy\u00e1<\/title>\n<meta name=\"robots\" content=\"index, follow, max-snippet:-1, max-image-preview:large, max-video-preview:-1\" \/>\n<link rel=\"canonical\" href=\"https:\/\/www.delexodo.com.ar\/?p=7566\" \/>\n<meta property=\"og:locale\" content=\"es_ES\" \/>\n<meta property=\"og:type\" content=\"article\" \/>\n<meta property=\"og:title\" content=\"NUEVA CONVOCATORIA NACIONAL PARA LA PRODUCCI\u00d3N CIENT\u00cdFICA, ART\u00cdSTICA Y LITERARIA - Del \u00c9xodo Nogoy\u00e1\" \/>\n<meta property=\"og:description\" content=\"La Secretar\u00eda de Cultura de Entre R\u00edos informa sobre la convocatoria del Ministerio de Cultura de Naci\u00f3n para presentar postulaciones&hellip;\" \/>\n<meta property=\"og:url\" content=\"https:\/\/www.delexodo.com.ar\/?p=7566\" \/>\n<meta property=\"og:site_name\" content=\"Del \u00c9xodo Nogoy\u00e1\" \/>\n<meta property=\"article:published_time\" content=\"2021-01-12T18:30:27+00:00\" \/>\n<meta property=\"article:modified_time\" content=\"2021-01-12T18:30:28+00:00\" \/>\n<meta property=\"og:image\" content=\"https:\/\/www.delexodo.com.ar\/wp-content\/uploads\/2021\/01\/Premios-nacionales-R.jpg\" \/>\n\t<meta property=\"og:image:width\" content=\"1920\" \/>\n\t<meta property=\"og:image:height\" content=\"1280\" \/>\n\t<meta property=\"og:image:type\" content=\"image\/jpeg\" \/>\n<meta name=\"author\" content=\"admin\" \/>\n<meta name=\"twitter:card\" content=\"summary_large_image\" \/>\n<meta name=\"twitter:label1\" content=\"Escrito por\" \/>\n\t<meta name=\"twitter:data1\" content=\"admin\" \/>\n\t<meta name=\"twitter:label2\" content=\"Tiempo de lectura\" \/>\n\t<meta name=\"twitter:data2\" content=\"2 minutos\" \/>\n<script type=\"application\/ld+json\" class=\"yoast-schema-graph\">{\"@context\":\"https:\/\/schema.org\",\"@graph\":[{\"@type\":\"Article\",\"@id\":\"https:\/\/www.delexodo.com.ar\/?p=7566#article\",\"isPartOf\":{\"@id\":\"https:\/\/www.delexodo.com.ar\/?p=7566\"},\"author\":{\"name\":\"admin\",\"@id\":\"https:\/\/www.delexodo.com.ar\/#\/schema\/person\/bbed37f7da8e938660b34f2013ba449d\"},\"headline\":\"NUEVA CONVOCATORIA NACIONAL PARA LA PRODUCCI\u00d3N CIENT\u00cdFICA, ART\u00cdSTICA Y LITERARIA\",\"datePublished\":\"2021-01-12T18:30:27+00:00\",\"dateModified\":\"2021-01-12T18:30:28+00:00\",\"mainEntityOfPage\":{\"@id\":\"https:\/\/www.delexodo.com.ar\/?p=7566\"},\"wordCount\":337,\"publisher\":{\"@id\":\"https:\/\/www.delexodo.com.ar\/#organization\"},\"image\":{\"@id\":\"https:\/\/www.delexodo.com.ar\/?p=7566#primaryimage\"},\"thumbnailUrl\":\"https:\/\/www.delexodo.com.ar\/wp-content\/uploads\/2021\/01\/Premios-nacionales-R.jpg\",\"articleSection\":[\"Cultura\",\"Destacados\",\"NOTICIAS\"],\"inLanguage\":\"es\"},{\"@type\":\"WebPage\",\"@id\":\"https:\/\/www.delexodo.com.ar\/?p=7566\",\"url\":\"https:\/\/www.delexodo.com.ar\/?p=7566\",\"name\":\"NUEVA CONVOCATORIA NACIONAL PARA LA PRODUCCI\u00d3N CIENT\u00cdFICA, ART\u00cdSTICA Y LITERARIA - Del \u00c9xodo Nogoy\u00e1\",\"isPartOf\":{\"@id\":\"https:\/\/www.delexodo.com.ar\/#website\"},\"primaryImageOfPage\":{\"@id\":\"https:\/\/www.delexodo.com.ar\/?p=7566#primaryimage\"},\"image\":{\"@id\":\"https:\/\/www.delexodo.com.ar\/?p=7566#primaryimage\"},\"thumbnailUrl\":\"https:\/\/www.delexodo.com.ar\/wp-content\/uploads\/2021\/01\/Premios-nacionales-R.jpg\",\"datePublished\":\"2021-01-12T18:30:27+00:00\",\"dateModified\":\"2021-01-12T18:30:28+00:00\",\"breadcrumb\":{\"@id\":\"https:\/\/www.delexodo.com.ar\/?p=7566#breadcrumb\"},\"inLanguage\":\"es\",\"potentialAction\":[{\"@type\":\"ReadAction\",\"target\":[\"https:\/\/www.delexodo.com.ar\/?p=7566\"]}]},{\"@type\":\"ImageObject\",\"inLanguage\":\"es\",\"@id\":\"https:\/\/www.delexodo.com.ar\/?p=7566#primaryimage\",\"url\":\"https:\/\/www.delexodo.com.ar\/wp-content\/uploads\/2021\/01\/Premios-nacionales-R.jpg\",\"contentUrl\":\"https:\/\/www.delexodo.com.ar\/wp-content\/uploads\/2021\/01\/Premios-nacionales-R.jpg\",\"width\":1920,\"height\":1280},{\"@type\":\"BreadcrumbList\",\"@id\":\"https:\/\/www.delexodo.com.ar\/?p=7566#breadcrumb\",\"itemListElement\":[{\"@type\":\"ListItem\",\"position\":1,\"name\":\"Portada\",\"item\":\"https:\/\/www.delexodo.com.ar\/\"},{\"@type\":\"ListItem\",\"position\":2,\"name\":\"NUEVA CONVOCATORIA NACIONAL PARA LA PRODUCCI\u00d3N CIENT\u00cdFICA, ART\u00cdSTICA Y LITERARIA\"}]},{\"@type\":\"WebSite\",\"@id\":\"https:\/\/www.delexodo.com.ar\/#website\",\"url\":\"https:\/\/www.delexodo.com.ar\/\",\"name\":\"Del \u00c9xodo Nogoy\u00e1\",\"description\":\"El Portal de Noticias de la Regi\u00f3n\",\"publisher\":{\"@id\":\"https:\/\/www.delexodo.com.ar\/#organization\"},\"potentialAction\":[{\"@type\":\"SearchAction\",\"target\":{\"@type\":\"EntryPoint\",\"urlTemplate\":\"https:\/\/www.delexodo.com.ar\/?s={search_term_string}\"},\"query-input\":{\"@type\":\"PropertyValueSpecification\",\"valueRequired\":true,\"valueName\":\"search_term_string\"}}],\"inLanguage\":\"es\"},{\"@type\":\"Organization\",\"@id\":\"https:\/\/www.delexodo.com.ar\/#organization\",\"name\":\"Del \u00c9xodo Nogoy\u00e1\",\"url\":\"https:\/\/www.delexodo.com.ar\/\",\"logo\":{\"@type\":\"ImageObject\",\"inLanguage\":\"es\",\"@id\":\"https:\/\/www.delexodo.com.ar\/#\/schema\/logo\/image\/\",\"url\":\"https:\/\/www.delexodo.com.ar\/wp-content\/uploads\/2024\/10\/cropped-cropped-LOGO24.png\",\"contentUrl\":\"https:\/\/www.delexodo.com.ar\/wp-content\/uploads\/2024\/10\/cropped-cropped-LOGO24.png\",\"width\":512,\"height\":349,\"caption\":\"Del \u00c9xodo Nogoy\u00e1\"},\"image\":{\"@id\":\"https:\/\/www.delexodo.com.ar\/#\/schema\/logo\/image\/\"}},{\"@type\":\"Person\",\"@id\":\"https:\/\/www.delexodo.com.ar\/#\/schema\/person\/bbed37f7da8e938660b34f2013ba449d\",\"name\":\"admin\",\"image\":{\"@type\":\"ImageObject\",\"inLanguage\":\"es\",\"@id\":\"https:\/\/www.delexodo.com.ar\/#\/schema\/person\/image\/\",\"url\":\"https:\/\/secure.gravatar.com\/avatar\/6b1558d1b6df085f1901bd5bd98523d7?s=96&d=mm&r=g\",\"contentUrl\":\"https:\/\/secure.gravatar.com\/avatar\/6b1558d1b6df085f1901bd5bd98523d7?s=96&d=mm&r=g\",\"caption\":\"admin\"},\"url\":\"https:\/\/www.delexodo.com.ar\/?author=1\"}]}<\/script>\n<!-- \/ Yoast SEO plugin. -->","yoast_head_json":{"title":"NUEVA CONVOCATORIA NACIONAL PARA LA PRODUCCI\u00d3N CIENT\u00cdFICA, ART\u00cdSTICA Y LITERARIA - Del \u00c9xodo Nogoy\u00e1","robots":{"index":"index","follow":"follow","max-snippet":"max-snippet:-1","max-image-preview":"max-image-preview:large","max-video-preview":"max-video-preview:-1"},"canonical":"https:\/\/www.delexodo.com.ar\/?p=7566","og_locale":"es_ES","og_type":"article","og_title":"NUEVA CONVOCATORIA NACIONAL PARA LA PRODUCCI\u00d3N CIENT\u00cdFICA, ART\u00cdSTICA Y LITERARIA - Del \u00c9xodo Nogoy\u00e1","og_description":"La Secretar\u00eda de Cultura de Entre R\u00edos informa sobre la convocatoria del Ministerio de Cultura de Naci\u00f3n para presentar postulaciones&hellip;","og_url":"https:\/\/www.delexodo.com.ar\/?p=7566","og_site_name":"Del \u00c9xodo Nogoy\u00e1","article_published_time":"2021-01-12T18:30:27+00:00","article_modified_time":"2021-01-12T18:30:28+00:00","og_image":[{"width":1920,"height":1280,"url":"https:\/\/www.delexodo.com.ar\/wp-content\/uploads\/2021\/01\/Premios-nacionales-R.jpg","type":"image\/jpeg"}],"author":"admin","twitter_card":"summary_large_image","twitter_misc":{"Escrito por":"admin","Tiempo de lectura":"2 minutos"},"schema":{"@context":"https:\/\/schema.org","@graph":[{"@type":"Article","@id":"https:\/\/www.delexodo.com.ar\/?p=7566#article","isPartOf":{"@id":"https:\/\/www.delexodo.com.ar\/?p=7566"},"author":{"name":"admin","@id":"https:\/\/www.delexodo.com.ar\/#\/schema\/person\/bbed37f7da8e938660b34f2013ba449d"},"headline":"NUEVA CONVOCATORIA NACIONAL PARA LA PRODUCCI\u00d3N CIENT\u00cdFICA, ART\u00cdSTICA Y LITERARIA","datePublished":"2021-01-12T18:30:27+00:00","dateModified":"2021-01-12T18:30:28+00:00","mainEntityOfPage":{"@id":"https:\/\/www.delexodo.com.ar\/?p=7566"},"wordCount":337,"publisher":{"@id":"https:\/\/www.delexodo.com.ar\/#organization"},"image":{"@id":"https:\/\/www.delexodo.com.ar\/?p=7566#primaryimage"},"thumbnailUrl":"https:\/\/www.delexodo.com.ar\/wp-content\/uploads\/2021\/01\/Premios-nacionales-R.jpg","articleSection":["Cultura","Destacados","NOTICIAS"],"inLanguage":"es"},{"@type":"WebPage","@id":"https:\/\/www.delexodo.com.ar\/?p=7566","url":"https:\/\/www.delexodo.com.ar\/?p=7566","name":"NUEVA CONVOCATORIA NACIONAL PARA LA PRODUCCI\u00d3N CIENT\u00cdFICA, ART\u00cdSTICA Y LITERARIA - Del \u00c9xodo Nogoy\u00e1","isPartOf":{"@id":"https:\/\/www.delexodo.com.ar\/#website"},"primaryImageOfPage":{"@id":"https:\/\/www.delexodo.com.ar\/?p=7566#primaryimage"},"image":{"@id":"https:\/\/www.delexodo.com.ar\/?p=7566#primaryimage"},"thumbnailUrl":"https:\/\/www.delexodo.com.ar\/wp-content\/uploads\/2021\/01\/Premios-nacionales-R.jpg","datePublished":"2021-01-12T18:30:27+00:00","dateModified":"2021-01-12T18:30:28+00:00","breadcrumb":{"@id":"https:\/\/www.delexodo.com.ar\/?p=7566#breadcrumb"},"inLanguage":"es","potentialAction":[{"@type":"ReadAction","target":["https:\/\/www.delexodo.com.ar\/?p=7566"]}]},{"@type":"ImageObject","inLanguage":"es","@id":"https:\/\/www.delexodo.com.ar\/?p=7566#primaryimage","url":"https:\/\/www.delexodo.com.ar\/wp-content\/uploads\/2021\/01\/Premios-nacionales-R.jpg","contentUrl":"https:\/\/www.delexodo.com.ar\/wp-content\/uploads\/2021\/01\/Premios-nacionales-R.jpg","width":1920,"height":1280},{"@type":"BreadcrumbList","@id":"https:\/\/www.delexodo.com.ar\/?p=7566#breadcrumb","itemListElement":[{"@type":"ListItem","position":1,"name":"Portada","item":"https:\/\/www.delexodo.com.ar\/"},{"@type":"ListItem","position":2,"name":"NUEVA CONVOCATORIA NACIONAL PARA LA PRODUCCI\u00d3N CIENT\u00cdFICA, ART\u00cdSTICA Y LITERARIA"}]},{"@type":"WebSite","@id":"https:\/\/www.delexodo.com.ar\/#website","url":"https:\/\/www.delexodo.com.ar\/","name":"Del \u00c9xodo Nogoy\u00e1","description":"El Portal de Noticias de la Regi\u00f3n","publisher":{"@id":"https:\/\/www.delexodo.com.ar\/#organization"},"potentialAction":[{"@type":"SearchAction","target":{"@type":"EntryPoint","urlTemplate":"https:\/\/www.delexodo.com.ar\/?s={search_term_string}"},"query-input":{"@type":"PropertyValueSpecification","valueRequired":true,"valueName":"search_term_string"}}],"inLanguage":"es"},{"@type":"Organization","@id":"https:\/\/www.delexodo.com.ar\/#organization","name":"Del \u00c9xodo Nogoy\u00e1","url":"https:\/\/www.delexodo.com.ar\/","logo":{"@type":"ImageObject","inLanguage":"es","@id":"https:\/\/www.delexodo.com.ar\/#\/schema\/logo\/image\/","url":"https:\/\/www.delexodo.com.ar\/wp-content\/uploads\/2024\/10\/cropped-cropped-LOGO24.png","contentUrl":"https:\/\/www.delexodo.com.ar\/wp-content\/uploads\/2024\/10\/cropped-cropped-LOGO24.png","width":512,"height":349,"caption":"Del \u00c9xodo Nogoy\u00e1"},"image":{"@id":"https:\/\/www.delexodo.com.ar\/#\/schema\/logo\/image\/"}},{"@type":"Person","@id":"https:\/\/www.delexodo.com.ar\/#\/schema\/person\/bbed37f7da8e938660b34f2013ba449d","name":"admin","image":{"@type":"ImageObject","inLanguage":"es","@id":"https:\/\/www.delexodo.com.ar\/#\/schema\/person\/image\/","url":"https:\/\/secure.gravatar.com\/avatar\/6b1558d1b6df085f1901bd5bd98523d7?s=96&d=mm&r=g","contentUrl":"https:\/\/secure.gravatar.com\/avatar\/6b1558d1b6df085f1901bd5bd98523d7?s=96&d=mm&r=g","caption":"admin"},"url":"https:\/\/www.delexodo.com.ar\/?author=1"}]}},"_links":{"self":[{"href":"https:\/\/www.delexodo.com.ar\/index.php?rest_route=\/wp\/v2\/posts\/7566","targetHints":{"allow":["GET"]}}],"collection":[{"href":"https:\/\/www.delexodo.com.ar\/index.php?rest_route=\/wp\/v2\/posts"}],"about":[{"href":"https:\/\/www.delexodo.com.ar\/index.php?rest_route=\/wp\/v2\/types\/post"}],"author":[{"embeddable":true,"href":"https:\/\/www.delexodo.com.ar\/index.php?rest_route=\/wp\/v2\/users\/1"}],"replies":[{"embeddable":true,"href":"https:\/\/www.delexodo.com.ar\/index.php?rest_route=%2Fwp%2Fv2%2Fcomments&post=7566"}],"version-history":[{"count":0,"href":"https:\/\/www.delexodo.com.ar\/index.php?rest_route=\/wp\/v2\/posts\/7566\/revisions"}],"wp:featuredmedia":[{"embeddable":true,"href":"https:\/\/www.delexodo.com.ar\/index.php?rest_route=\/wp\/v2\/media\/7567"}],"wp:attachment":[{"href":"https:\/\/www.delexodo.com.ar\/index.php?rest_route=%2Fwp%2Fv2%2Fmedia&parent=7566"}],"wp:term":[{"taxonomy":"category","embeddable":true,"href":"https:\/\/www.delexodo.com.ar\/index.php?rest_route=%2Fwp%2Fv2%2Fcategories&post=7566"},{"taxonomy":"post_tag","embeddable":true,"href":"https:\/\/www.delexodo.com.ar\/index.php?rest_route=%2Fwp%2Fv2%2Ftags&post=7566"}],"curies":[{"name":"wp","href":"https:\/\/api.w.org\/{rel}","templated":true}]}}