{"id":7558,"date":"2021-01-11T20:25:01","date_gmt":"2021-01-11T23:25:01","guid":{"rendered":"http:\/\/www.delexodo.com.ar\/?p=7558"},"modified":"2021-01-11T20:27:31","modified_gmt":"2021-01-11T23:27:31","slug":"restricciones-a-las-exportaciones-productores-y-agroindustria-hacen-sentir-sus-reclamos","status":"publish","type":"post","link":"https:\/\/www.delexodo.com.ar\/?p=7558","title":{"rendered":"RESTRICCIONES A LAS EXPORTACIONES &#8211; PRODUCTORES Y AGROINDUSTRIA HACEN SENTIR SUS RECLAMOS"},"content":{"rendered":"\n<p>Asamblea ciudadana el domingo convocada desde la Filial Crespo de la FAA y el cese de comercializaci\u00f3n de granos de 72 horas dispuesto por un sector de la Mesa de Enlace son el principio de las manifestaciones de desacuerdo del sector tras los anuncios de gobierno nacional del cierre de las exportaciones de ma\u00edz.<\/p>\n\n\n\n<figure class=\"wp-block-image size-large\"><img loading=\"lazy\" decoding=\"async\" width=\"953\" height=\"433\" src=\"http:\/\/www.delexodo.com.ar\/wp-content\/uploads\/2021\/01\/ASAMBLEA-PORTADA.jpeg\" alt=\"\" class=\"wp-image-7552\" srcset=\"https:\/\/www.delexodo.com.ar\/wp-content\/uploads\/2021\/01\/ASAMBLEA-PORTADA.jpeg 953w, https:\/\/www.delexodo.com.ar\/wp-content\/uploads\/2021\/01\/ASAMBLEA-PORTADA-300x136.jpeg 300w, https:\/\/www.delexodo.com.ar\/wp-content\/uploads\/2021\/01\/ASAMBLEA-PORTADA-768x349.jpeg 768w\" sizes=\"auto, (max-width: 953px) 100vw, 953px\" \/><\/figure>\n\n\n\n<p>En las primeras horas de este lunes el ministerio de Agricultura de la Naci\u00f3n, a cargo de Luis Basterra, anunci\u00f3 la reapertura parcial de las exportaciones de ma\u00edz. La medida se tom\u00f3 luego de negociaciones con representantes del Consejo Agroindustrial Argentino, desde donde garantizaron que hay suficiente ma\u00edz para abastecer el mercado interno.<\/p>\n\n\n\n<div class=\"wp-block-image\"><figure class=\"alignleft size-large is-resized\"><img loading=\"lazy\" decoding=\"async\" src=\"https:\/\/www.delexodo.com.ar\/wp-content\/uploads\/2021\/01\/Dirigentes-del-campo-que-integran-la-Mesa-de-Enlace.jpg\" alt=\"\" class=\"wp-image-7559\" width=\"291\" height=\"183\" srcset=\"https:\/\/www.delexodo.com.ar\/wp-content\/uploads\/2021\/01\/Dirigentes-del-campo-que-integran-la-Mesa-de-Enlace.jpg 727w, https:\/\/www.delexodo.com.ar\/wp-content\/uploads\/2021\/01\/Dirigentes-del-campo-que-integran-la-Mesa-de-Enlace-300x190.jpg 300w, https:\/\/www.delexodo.com.ar\/wp-content\/uploads\/2021\/01\/Dirigentes-del-campo-que-integran-la-Mesa-de-Enlace-95x60.jpg 95w\" sizes=\"auto, (max-width: 291px) 100vw, 291px\" \/><\/figure><\/div>\n\n\n\n<p>Los presidentes de Confederaciones Rurales Argentinas, Jorge Chemes, y de Federaci\u00f3n Agraria, Carlos Achetoni, aseguraron que la medida no los satisface, ya que se fij\u00f3 un tope diario de exportaciones a registrar y las protestas se extender\u00e1n durante 72 horas.<\/p>\n\n\n\n<p>En la ma\u00f1ana de radio dialogamos con <strong>Jos\u00e9 Colombatto &#8211; Presidente Federaci\u00f3n de Asociaciones Rurales de Entre R\u00edos (Farer)<\/strong> qui\u00e9n acompa\u00f1\u00f3 la asamblea del domingo y desde la federaci\u00f3n plante\u00f3 la postura detr\u00e1s de los anuncios y de la situaci\u00f3n que atraviesa el sector,<\/p>\n\n\n\n<figure class=\"wp-block-embed is-type-video is-provider-youtube wp-block-embed-youtube wp-embed-aspect-16-9 wp-has-aspect-ratio\"><div class=\"wp-block-embed__wrapper\">\n<iframe loading=\"lazy\" title=\"#AIRE #MxV - JOS\u00c9 COLOMBATO - FARER 11\/01\/21\" width=\"500\" height=\"281\" src=\"https:\/\/www.youtube.com\/embed\/UAKeaY2vD4c?feature=oembed\" frameborder=\"0\" allow=\"accelerometer; autoplay; clipboard-write; encrypted-media; gyroscope; picture-in-picture; web-share\" referrerpolicy=\"strict-origin-when-cross-origin\" allowfullscreen><\/iframe>\n<\/div><\/figure>\n\n\n\n<p>Colombatto se\u00f1al\u00f3 que <em>\u201cpiensan s\u00f3lo en sacarle al productor y nunca en c\u00f3mo ayudarlo. Atravesamos una sequ\u00eda hist\u00f3rica pero el Gobierno se hace el distra\u00eddo. Lo \u00fanico que le importa es recaudar para mantener un Estado cada vez m\u00e1s inviable. La movilizaci\u00f3n tiene que ver con el hartazgo de una metodolog\u00eda que siempre acude al mismo sector para buscar ox\u00edgeno. Otra vez el campo paga la fiesta de la pol\u00edtica. Argentina necesita previsibilidad, pol\u00edticas que sostengan y arraiguen cada d\u00eda m\u00e1s productores y familias en el campo y estas medidas que minan la confianza van a contramano\u201d<\/em>, opin\u00f3.<\/p>\n\n\n\n<p>El dirigente de Gualeguaych\u00fa sostuvo que <em>\u201cayer fueron las retenciones, Vicent\u00edn y poner en riesgo la propiedad privada. Hoy es el ma\u00edz. Ma\u00f1ana ser\u00e1 la carne, el trigo o vaya a saber que otra idea brillante. Vienen por todo. Vienen por todos. Vienen por el campo. Pero sepan que el interior est\u00e1 fuerte, firme y unido. Sostenemos el federalismo y ning\u00fan gobierno unitario se llevar\u00e1 puesto a los productores sin luchar\u201d<\/em>, asever\u00f3.<\/p>\n\n\n\n<p>Por \u00faltimo, indic\u00f3 que <strong><em>\u201csi el gobierno no da marcha atr\u00e1s en forma total esto se va a gravar y se van a ir por mayores medidas, medidas m\u00e1s contundentes\u201d, <\/em><\/strong>finaliz\u00f3.<\/p>\n\n\n\n<div class=\"wp-block-image\"><figure class=\"alignright size-large is-resized\"><img loading=\"lazy\" decoding=\"async\" src=\"https:\/\/www.delexodo.com.ar\/wp-content\/uploads\/2021\/01\/Jorge-Chemes1.jpg\" alt=\"\" class=\"wp-image-7560\" width=\"269\" height=\"202\" srcset=\"https:\/\/www.delexodo.com.ar\/wp-content\/uploads\/2021\/01\/Jorge-Chemes1.jpg 716w, https:\/\/www.delexodo.com.ar\/wp-content\/uploads\/2021\/01\/Jorge-Chemes1-300x225.jpg 300w\" sizes=\"auto, (max-width: 269px) 100vw, 269px\" \/><\/figure><\/div>\n\n\n\n<p><em>\u201cLo que necesitamos es la eliminaci\u00f3n total. No lo vemos favorable porque consideramos que estamos dentro de una intervenci\u00f3n que si hoy son 30 toneladas ma\u00f1ana pueden ser 60, 100 lo que quieran\u201d<\/em>, dijo <strong>Jorge Chemes<\/strong> de Confederaciones Rurales Argentinas (CRA) en declaraciones a Radio Mitre en la ma\u00f1ana de hoy.<\/p>\n\n\n\n<div class=\"wp-block-image\"><figure class=\"alignleft size-large is-resized\"><img loading=\"lazy\" decoding=\"async\" src=\"https:\/\/www.delexodo.com.ar\/wp-content\/uploads\/2021\/01\/Carlos-Achetoni-Presidente-de-Federacion-Agraria.jpg\" alt=\"\" class=\"wp-image-7561\" width=\"253\" height=\"142\" srcset=\"https:\/\/www.delexodo.com.ar\/wp-content\/uploads\/2021\/01\/Carlos-Achetoni-Presidente-de-Federacion-Agraria.jpg 768w, https:\/\/www.delexodo.com.ar\/wp-content\/uploads\/2021\/01\/Carlos-Achetoni-Presidente-de-Federacion-Agraria-300x169.jpg 300w\" sizes=\"auto, (max-width: 253px) 100vw, 253px\" \/><\/figure><\/div>\n\n\n\n<p>Por su parte, el presidente de la Federaci\u00f3n Agraria Argentina,\u00a0<strong>Carlos Achetoni<\/strong>, dijo que la decisi\u00f3n del gobierno de reabrir parcialmente las exportaciones de ma\u00edz,<em>\u00a0<strong>\u201ces una medida que no nos satisface\u201d<\/strong><\/em><strong>,<\/strong>\u00a0ya que se fij\u00f3 un tope diario de exportaciones a registrar de solamente 30 mil toneladas por d\u00eda.<\/p>\n\n\n\n<p>Cave recordar que\u00a0<strong>las entidades que convocaron al cese de comercializaci\u00f3n de granos son Sociedad Rural Argentina, Federaci\u00f3n Agraria Argentina y Confederaciones Rurales Argentinas. Si bien se pronunci\u00f3 en contra del cepo a las ventas al exterior de ma\u00edz, los integrantes de Coninagro no adhieren a la protesta y apuestan al di\u00e1logo con el Gobierno.<\/strong><\/p>\n","protected":false},"excerpt":{"rendered":"<p>Asamblea ciudadana el domingo convocada desde la Filial Crespo de la FAA y el cese de comercializaci\u00f3n de granos de&hellip;<\/p>\n","protected":false},"author":1,"featured_media":7562,"comment_status":"closed","ping_status":"closed","sticky":false,"template":"","format":"standard","meta":{"_joinchat":[],"footnotes":""},"categories":[65,351,69,349],"tags":[345],"class_list":["post-7558","post","type-post","status-publish","format-standard","has-post-thumbnail","hentry","category-destacados","category-el-campo","category-noticias","category-politica","tag-destacar"],"yoast_head":"<!-- This site is optimized with the Yoast SEO plugin v25.1 - https:\/\/yoast.com\/wordpress\/plugins\/seo\/ -->\n<title>RESTRICCIONES A LAS EXPORTACIONES - PRODUCTORES Y AGROINDUSTRIA HACEN SENTIR SUS RECLAMOS - Del \u00c9xodo Nogoy\u00e1<\/title>\n<meta name=\"robots\" content=\"index, follow, max-snippet:-1, max-image-preview:large, max-video-preview:-1\" \/>\n<link rel=\"canonical\" href=\"https:\/\/www.delexodo.com.ar\/?p=7558\" \/>\n<meta property=\"og:locale\" content=\"es_ES\" \/>\n<meta property=\"og:type\" content=\"article\" \/>\n<meta property=\"og:title\" content=\"RESTRICCIONES A LAS EXPORTACIONES - PRODUCTORES Y AGROINDUSTRIA HACEN SENTIR SUS RECLAMOS - Del \u00c9xodo Nogoy\u00e1\" \/>\n<meta property=\"og:description\" content=\"Asamblea ciudadana el domingo convocada desde la Filial Crespo de la FAA y el cese de comercializaci\u00f3n de granos de&hellip;\" \/>\n<meta property=\"og:url\" content=\"https:\/\/www.delexodo.com.ar\/?p=7558\" \/>\n<meta property=\"og:site_name\" content=\"Del \u00c9xodo Nogoy\u00e1\" \/>\n<meta property=\"article:published_time\" content=\"2021-01-11T23:25:01+00:00\" \/>\n<meta property=\"article:modified_time\" content=\"2021-01-11T23:27:31+00:00\" \/>\n<meta property=\"og:image\" content=\"https:\/\/www.delexodo.com.ar\/wp-content\/uploads\/2021\/01\/Colombatto.png\" \/>\n\t<meta property=\"og:image:width\" content=\"1166\" \/>\n\t<meta property=\"og:image:height\" content=\"634\" \/>\n\t<meta property=\"og:image:type\" content=\"image\/png\" \/>\n<meta name=\"author\" content=\"admin\" \/>\n<meta name=\"twitter:card\" content=\"summary_large_image\" \/>\n<meta name=\"twitter:label1\" content=\"Escrito por\" \/>\n\t<meta name=\"twitter:data1\" content=\"admin\" \/>\n\t<meta name=\"twitter:label2\" content=\"Tiempo de lectura\" \/>\n\t<meta name=\"twitter:data2\" content=\"3 minutos\" \/>\n<script type=\"application\/ld+json\" class=\"yoast-schema-graph\">{\"@context\":\"https:\/\/schema.org\",\"@graph\":[{\"@type\":\"Article\",\"@id\":\"https:\/\/www.delexodo.com.ar\/?p=7558#article\",\"isPartOf\":{\"@id\":\"https:\/\/www.delexodo.com.ar\/?p=7558\"},\"author\":{\"name\":\"admin\",\"@id\":\"https:\/\/www.delexodo.com.ar\/#\/schema\/person\/bbed37f7da8e938660b34f2013ba449d\"},\"headline\":\"RESTRICCIONES A LAS EXPORTACIONES &#8211; PRODUCTORES Y AGROINDUSTRIA HACEN SENTIR SUS RECLAMOS\",\"datePublished\":\"2021-01-11T23:25:01+00:00\",\"dateModified\":\"2021-01-11T23:27:31+00:00\",\"mainEntityOfPage\":{\"@id\":\"https:\/\/www.delexodo.com.ar\/?p=7558\"},\"wordCount\":609,\"publisher\":{\"@id\":\"https:\/\/www.delexodo.com.ar\/#organization\"},\"image\":{\"@id\":\"https:\/\/www.delexodo.com.ar\/?p=7558#primaryimage\"},\"thumbnailUrl\":\"https:\/\/www.delexodo.com.ar\/wp-content\/uploads\/2021\/01\/Colombatto.png\",\"keywords\":[\"destacar\"],\"articleSection\":[\"Destacados\",\"El Campo\",\"NOTICIAS\",\"Politica\"],\"inLanguage\":\"es\"},{\"@type\":\"WebPage\",\"@id\":\"https:\/\/www.delexodo.com.ar\/?p=7558\",\"url\":\"https:\/\/www.delexodo.com.ar\/?p=7558\",\"name\":\"RESTRICCIONES A LAS EXPORTACIONES - PRODUCTORES Y AGROINDUSTRIA HACEN SENTIR SUS RECLAMOS - Del \u00c9xodo Nogoy\u00e1\",\"isPartOf\":{\"@id\":\"https:\/\/www.delexodo.com.ar\/#website\"},\"primaryImageOfPage\":{\"@id\":\"https:\/\/www.delexodo.com.ar\/?p=7558#primaryimage\"},\"image\":{\"@id\":\"https:\/\/www.delexodo.com.ar\/?p=7558#primaryimage\"},\"thumbnailUrl\":\"https:\/\/www.delexodo.com.ar\/wp-content\/uploads\/2021\/01\/Colombatto.png\",\"datePublished\":\"2021-01-11T23:25:01+00:00\",\"dateModified\":\"2021-01-11T23:27:31+00:00\",\"breadcrumb\":{\"@id\":\"https:\/\/www.delexodo.com.ar\/?p=7558#breadcrumb\"},\"inLanguage\":\"es\",\"potentialAction\":[{\"@type\":\"ReadAction\",\"target\":[\"https:\/\/www.delexodo.com.ar\/?p=7558\"]}]},{\"@type\":\"ImageObject\",\"inLanguage\":\"es\",\"@id\":\"https:\/\/www.delexodo.com.ar\/?p=7558#primaryimage\",\"url\":\"https:\/\/www.delexodo.com.ar\/wp-content\/uploads\/2021\/01\/Colombatto.png\",\"contentUrl\":\"https:\/\/www.delexodo.com.ar\/wp-content\/uploads\/2021\/01\/Colombatto.png\",\"width\":1166,\"height\":634},{\"@type\":\"BreadcrumbList\",\"@id\":\"https:\/\/www.delexodo.com.ar\/?p=7558#breadcrumb\",\"itemListElement\":[{\"@type\":\"ListItem\",\"position\":1,\"name\":\"Portada\",\"item\":\"https:\/\/www.delexodo.com.ar\/\"},{\"@type\":\"ListItem\",\"position\":2,\"name\":\"RESTRICCIONES A LAS EXPORTACIONES &#8211; PRODUCTORES Y AGROINDUSTRIA HACEN SENTIR SUS RECLAMOS\"}]},{\"@type\":\"WebSite\",\"@id\":\"https:\/\/www.delexodo.com.ar\/#website\",\"url\":\"https:\/\/www.delexodo.com.ar\/\",\"name\":\"Del \u00c9xodo Nogoy\u00e1\",\"description\":\"El Portal de Noticias de la Regi\u00f3n\",\"publisher\":{\"@id\":\"https:\/\/www.delexodo.com.ar\/#organization\"},\"potentialAction\":[{\"@type\":\"SearchAction\",\"target\":{\"@type\":\"EntryPoint\",\"urlTemplate\":\"https:\/\/www.delexodo.com.ar\/?s={search_term_string}\"},\"query-input\":{\"@type\":\"PropertyValueSpecification\",\"valueRequired\":true,\"valueName\":\"search_term_string\"}}],\"inLanguage\":\"es\"},{\"@type\":\"Organization\",\"@id\":\"https:\/\/www.delexodo.com.ar\/#organization\",\"name\":\"Del \u00c9xodo Nogoy\u00e1\",\"url\":\"https:\/\/www.delexodo.com.ar\/\",\"logo\":{\"@type\":\"ImageObject\",\"inLanguage\":\"es\",\"@id\":\"https:\/\/www.delexodo.com.ar\/#\/schema\/logo\/image\/\",\"url\":\"https:\/\/www.delexodo.com.ar\/wp-content\/uploads\/2024\/10\/cropped-cropped-LOGO24.png\",\"contentUrl\":\"https:\/\/www.delexodo.com.ar\/wp-content\/uploads\/2024\/10\/cropped-cropped-LOGO24.png\",\"width\":512,\"height\":349,\"caption\":\"Del \u00c9xodo Nogoy\u00e1\"},\"image\":{\"@id\":\"https:\/\/www.delexodo.com.ar\/#\/schema\/logo\/image\/\"}},{\"@type\":\"Person\",\"@id\":\"https:\/\/www.delexodo.com.ar\/#\/schema\/person\/bbed37f7da8e938660b34f2013ba449d\",\"name\":\"admin\",\"image\":{\"@type\":\"ImageObject\",\"inLanguage\":\"es\",\"@id\":\"https:\/\/www.delexodo.com.ar\/#\/schema\/person\/image\/\",\"url\":\"https:\/\/secure.gravatar.com\/avatar\/6b1558d1b6df085f1901bd5bd98523d7?s=96&d=mm&r=g\",\"contentUrl\":\"https:\/\/secure.gravatar.com\/avatar\/6b1558d1b6df085f1901bd5bd98523d7?s=96&d=mm&r=g\",\"caption\":\"admin\"},\"url\":\"https:\/\/www.delexodo.com.ar\/?author=1\"}]}<\/script>\n<!-- \/ Yoast SEO plugin. -->","yoast_head_json":{"title":"RESTRICCIONES A LAS EXPORTACIONES - PRODUCTORES Y AGROINDUSTRIA HACEN SENTIR SUS RECLAMOS - Del \u00c9xodo Nogoy\u00e1","robots":{"index":"index","follow":"follow","max-snippet":"max-snippet:-1","max-image-preview":"max-image-preview:large","max-video-preview":"max-video-preview:-1"},"canonical":"https:\/\/www.delexodo.com.ar\/?p=7558","og_locale":"es_ES","og_type":"article","og_title":"RESTRICCIONES A LAS EXPORTACIONES - PRODUCTORES Y AGROINDUSTRIA HACEN SENTIR SUS RECLAMOS - Del \u00c9xodo Nogoy\u00e1","og_description":"Asamblea ciudadana el domingo convocada desde la Filial Crespo de la FAA y el cese de comercializaci\u00f3n de granos de&hellip;","og_url":"https:\/\/www.delexodo.com.ar\/?p=7558","og_site_name":"Del \u00c9xodo Nogoy\u00e1","article_published_time":"2021-01-11T23:25:01+00:00","article_modified_time":"2021-01-11T23:27:31+00:00","og_image":[{"width":1166,"height":634,"url":"https:\/\/www.delexodo.com.ar\/wp-content\/uploads\/2021\/01\/Colombatto.png","type":"image\/png"}],"author":"admin","twitter_card":"summary_large_image","twitter_misc":{"Escrito por":"admin","Tiempo de lectura":"3 minutos"},"schema":{"@context":"https:\/\/schema.org","@graph":[{"@type":"Article","@id":"https:\/\/www.delexodo.com.ar\/?p=7558#article","isPartOf":{"@id":"https:\/\/www.delexodo.com.ar\/?p=7558"},"author":{"name":"admin","@id":"https:\/\/www.delexodo.com.ar\/#\/schema\/person\/bbed37f7da8e938660b34f2013ba449d"},"headline":"RESTRICCIONES A LAS EXPORTACIONES &#8211; PRODUCTORES Y AGROINDUSTRIA HACEN SENTIR SUS RECLAMOS","datePublished":"2021-01-11T23:25:01+00:00","dateModified":"2021-01-11T23:27:31+00:00","mainEntityOfPage":{"@id":"https:\/\/www.delexodo.com.ar\/?p=7558"},"wordCount":609,"publisher":{"@id":"https:\/\/www.delexodo.com.ar\/#organization"},"image":{"@id":"https:\/\/www.delexodo.com.ar\/?p=7558#primaryimage"},"thumbnailUrl":"https:\/\/www.delexodo.com.ar\/wp-content\/uploads\/2021\/01\/Colombatto.png","keywords":["destacar"],"articleSection":["Destacados","El Campo","NOTICIAS","Politica"],"inLanguage":"es"},{"@type":"WebPage","@id":"https:\/\/www.delexodo.com.ar\/?p=7558","url":"https:\/\/www.delexodo.com.ar\/?p=7558","name":"RESTRICCIONES A LAS EXPORTACIONES - PRODUCTORES Y AGROINDUSTRIA HACEN SENTIR SUS RECLAMOS - Del \u00c9xodo Nogoy\u00e1","isPartOf":{"@id":"https:\/\/www.delexodo.com.ar\/#website"},"primaryImageOfPage":{"@id":"https:\/\/www.delexodo.com.ar\/?p=7558#primaryimage"},"image":{"@id":"https:\/\/www.delexodo.com.ar\/?p=7558#primaryimage"},"thumbnailUrl":"https:\/\/www.delexodo.com.ar\/wp-content\/uploads\/2021\/01\/Colombatto.png","datePublished":"2021-01-11T23:25:01+00:00","dateModified":"2021-01-11T23:27:31+00:00","breadcrumb":{"@id":"https:\/\/www.delexodo.com.ar\/?p=7558#breadcrumb"},"inLanguage":"es","potentialAction":[{"@type":"ReadAction","target":["https:\/\/www.delexodo.com.ar\/?p=7558"]}]},{"@type":"ImageObject","inLanguage":"es","@id":"https:\/\/www.delexodo.com.ar\/?p=7558#primaryimage","url":"https:\/\/www.delexodo.com.ar\/wp-content\/uploads\/2021\/01\/Colombatto.png","contentUrl":"https:\/\/www.delexodo.com.ar\/wp-content\/uploads\/2021\/01\/Colombatto.png","width":1166,"height":634},{"@type":"BreadcrumbList","@id":"https:\/\/www.delexodo.com.ar\/?p=7558#breadcrumb","itemListElement":[{"@type":"ListItem","position":1,"name":"Portada","item":"https:\/\/www.delexodo.com.ar\/"},{"@type":"ListItem","position":2,"name":"RESTRICCIONES A LAS EXPORTACIONES &#8211; PRODUCTORES Y AGROINDUSTRIA HACEN SENTIR SUS RECLAMOS"}]},{"@type":"WebSite","@id":"https:\/\/www.delexodo.com.ar\/#website","url":"https:\/\/www.delexodo.com.ar\/","name":"Del \u00c9xodo Nogoy\u00e1","description":"El Portal de Noticias de la Regi\u00f3n","publisher":{"@id":"https:\/\/www.delexodo.com.ar\/#organization"},"potentialAction":[{"@type":"SearchAction","target":{"@type":"EntryPoint","urlTemplate":"https:\/\/www.delexodo.com.ar\/?s={search_term_string}"},"query-input":{"@type":"PropertyValueSpecification","valueRequired":true,"valueName":"search_term_string"}}],"inLanguage":"es"},{"@type":"Organization","@id":"https:\/\/www.delexodo.com.ar\/#organization","name":"Del \u00c9xodo Nogoy\u00e1","url":"https:\/\/www.delexodo.com.ar\/","logo":{"@type":"ImageObject","inLanguage":"es","@id":"https:\/\/www.delexodo.com.ar\/#\/schema\/logo\/image\/","url":"https:\/\/www.delexodo.com.ar\/wp-content\/uploads\/2024\/10\/cropped-cropped-LOGO24.png","contentUrl":"https:\/\/www.delexodo.com.ar\/wp-content\/uploads\/2024\/10\/cropped-cropped-LOGO24.png","width":512,"height":349,"caption":"Del \u00c9xodo Nogoy\u00e1"},"image":{"@id":"https:\/\/www.delexodo.com.ar\/#\/schema\/logo\/image\/"}},{"@type":"Person","@id":"https:\/\/www.delexodo.com.ar\/#\/schema\/person\/bbed37f7da8e938660b34f2013ba449d","name":"admin","image":{"@type":"ImageObject","inLanguage":"es","@id":"https:\/\/www.delexodo.com.ar\/#\/schema\/person\/image\/","url":"https:\/\/secure.gravatar.com\/avatar\/6b1558d1b6df085f1901bd5bd98523d7?s=96&d=mm&r=g","contentUrl":"https:\/\/secure.gravatar.com\/avatar\/6b1558d1b6df085f1901bd5bd98523d7?s=96&d=mm&r=g","caption":"admin"},"url":"https:\/\/www.delexodo.com.ar\/?author=1"}]}},"_links":{"self":[{"href":"https:\/\/www.delexodo.com.ar\/index.php?rest_route=\/wp\/v2\/posts\/7558","targetHints":{"allow":["GET"]}}],"collection":[{"href":"https:\/\/www.delexodo.com.ar\/index.php?rest_route=\/wp\/v2\/posts"}],"about":[{"href":"https:\/\/www.delexodo.com.ar\/index.php?rest_route=\/wp\/v2\/types\/post"}],"author":[{"embeddable":true,"href":"https:\/\/www.delexodo.com.ar\/index.php?rest_route=\/wp\/v2\/users\/1"}],"replies":[{"embeddable":true,"href":"https:\/\/www.delexodo.com.ar\/index.php?rest_route=%2Fwp%2Fv2%2Fcomments&post=7558"}],"version-history":[{"count":0,"href":"https:\/\/www.delexodo.com.ar\/index.php?rest_route=\/wp\/v2\/posts\/7558\/revisions"}],"wp:featuredmedia":[{"embeddable":true,"href":"https:\/\/www.delexodo.com.ar\/index.php?rest_route=\/wp\/v2\/media\/7562"}],"wp:attachment":[{"href":"https:\/\/www.delexodo.com.ar\/index.php?rest_route=%2Fwp%2Fv2%2Fmedia&parent=7558"}],"wp:term":[{"taxonomy":"category","embeddable":true,"href":"https:\/\/www.delexodo.com.ar\/index.php?rest_route=%2Fwp%2Fv2%2Fcategories&post=7558"},{"taxonomy":"post_tag","embeddable":true,"href":"https:\/\/www.delexodo.com.ar\/index.php?rest_route=%2Fwp%2Fv2%2Ftags&post=7558"}],"curies":[{"name":"wp","href":"https:\/\/api.w.org\/{rel}","templated":true}]}}