{"id":7551,"date":"2021-01-10T21:06:22","date_gmt":"2021-01-11T00:06:22","guid":{"rendered":"http:\/\/www.delexodo.com.ar\/?p=7551"},"modified":"2021-01-10T21:07:17","modified_gmt":"2021-01-11T00:07:17","slug":"reclamos-asamblea-ciudadana-en-la-rotonda-de-crespo","status":"publish","type":"post","link":"https:\/\/www.delexodo.com.ar\/?p=7551","title":{"rendered":"RECLAMOS: ASAMBLEA CIUDADANA EN LA ROTONDA DE CRESPO"},"content":{"rendered":"\n<p>Tal como se hab\u00eda anunciado el pasado lunes 4 en un comunicado que lleg\u00f3 por intermedio de la FAA Filial Crespo, este domingo 10 se realiz\u00f3 en la rotonda de Crespo la Asamblea Ciudadana en reclamo al gobierno nacional respecto de las \u00faltimas medidas adoptadas, una de las cuales result\u00f3 en la medida de fuerza que se llevar\u00e1 acabo ma\u00f1ana lunes 11 y hasta el mi\u00e9rcoles 13 inclusive convocada desde CRA, FAA y la SRA. \u00ab<em>Las decisiones de los que nos gobiernan son equivocadas y van agravando la situaci\u00f3n. Porque prohibir es arbitrario, como en el caso de exportar ma\u00edz.<\/em>\u00ab<\/p>\n\n\n\n<figure class=\"wp-block-image size-large\"><img loading=\"lazy\" decoding=\"async\" width=\"868\" height=\"399\" src=\"https:\/\/www.delexodo.com.ar\/wp-content\/uploads\/2021\/01\/ASAMBLEA-ROTONDA.jpeg\" alt=\"\" class=\"wp-image-7553\" srcset=\"https:\/\/www.delexodo.com.ar\/wp-content\/uploads\/2021\/01\/ASAMBLEA-ROTONDA.jpeg 868w, https:\/\/www.delexodo.com.ar\/wp-content\/uploads\/2021\/01\/ASAMBLEA-ROTONDA-300x138.jpeg 300w, https:\/\/www.delexodo.com.ar\/wp-content\/uploads\/2021\/01\/ASAMBLEA-ROTONDA-768x353.jpeg 768w\" sizes=\"auto, (max-width: 868px) 100vw, 868px\" \/><\/figure>\n\n\n\n<p>Desde la filial Crespo lleg\u00f3 a la redacci\u00f3n un comunicado respecto de la asamblea llevada acabo en el d\u00eda de hoy en el que se plantea la necesidad de dialogo en este momento tan especial que viven los argentinos.<\/p>\n\n\n\n<div class=\"wp-block-image\"><figure class=\"alignleft size-large is-resized\"><img loading=\"lazy\" decoding=\"async\" src=\"https:\/\/www.delexodo.com.ar\/wp-content\/uploads\/2021\/01\/ASAMBLEA-GALLINGER.jpeg\" alt=\"\" class=\"wp-image-7554\" width=\"141\" height=\"246\" srcset=\"https:\/\/www.delexodo.com.ar\/wp-content\/uploads\/2021\/01\/ASAMBLEA-GALLINGER.jpeg 327w, https:\/\/www.delexodo.com.ar\/wp-content\/uploads\/2021\/01\/ASAMBLEA-GALLINGER-172x300.jpeg 172w\" sizes=\"auto, (max-width: 141px) 100vw, 141px\" \/><\/figure><\/div>\n\n\n\n<p><strong>EL COMUNICADO<\/strong><\/p>\n\n\n\n<p class=\"has-text-align-center\"><strong>Que nuestro futuro no sea nuestro pasado.<\/strong><\/p>\n\n\n\n<p>La Asamblea Ciudadana realizada este domingo 10 en la Rotonda De Crespo alza su voz diciendo que en este momento tan especial que vivimos los argentinos, con miradas desesperanzadas, los comercios que cierran, el turismo complicado, la educaci\u00f3n sin educar, personas sin trabajo, la salud sin resolver, las prohibiciones a la producci\u00f3n y un Gobierno que inicia una guerra con el sector m\u00e1s din\u00e1mico e innovador de la econom\u00eda argentina, como lo es el Campo, es porque &nbsp;decidi\u00f3 renunciar al futuro.<\/p>\n\n\n\n<p><strong>HOY La verdad no importa.<\/strong><\/p>\n\n\n\n<p>Nos preocupa y mucho que la necedad y la soberbia est\u00e9n en la mesa de las decisiones del pa\u00eds y las palabras hirientes y peyorativas puestas en boca del propio jefe del Ejecutivo.<\/p>\n\n\n\n<p>Y lamentamos que estas medidas de cerrar las exportaciones, el incremento de las retenciones recientemente al sector lechero y tantas otras medidas m\u00e1s,&nbsp; son un veloz salto al pasado.<\/p>\n\n\n\n<p>El des\u00e1nimo&nbsp; que instalan las decisiones del gobierno es un mal pron\u00f3stico para la inversi\u00f3n.&nbsp;<\/p>\n\n\n\n<p>Los principios y valores republicanos, la moral y la \u00e9tica tanto p\u00fablica como privada son principios que jam\u00e1s negociaremos.<\/p>\n\n\n\n<p>Que la pobreza disminuye con trabajo y educaci\u00f3n.<\/p>\n\n\n\n<p>Queremos la libertad de expresi\u00f3n como puente al dialogo.<\/p>\n\n\n\n<p>Solicitamos<\/p>\n\n\n\n<ul class=\"wp-block-list\"><li>Auditoria externa en todas las \u00e1reas del gobierno para saber que, en donde, cuando y para quien se gastan los dineros p\u00fablicos. Porque un funcionario p\u00fablico maneja los fondos que son de todos y tenemos el derecho y la obligaci\u00f3n de saber en qu\u00e9 se gastan nuestros impuestos.<\/li><li>En especial una auditoria externa a la Provincia de Entre R\u00edos, Queremos saber los entrerrianos que hizo Bordet con los 500 millones de d\u00f3lares que ahora no cumple con el pago y hace que nuestra provincia entre en default.<\/li><li>&nbsp;Quitar los impuestos de los alimentos, como medida paliativa para ayudar a la mesa de los argentinos, en esta situaci\u00f3n tan dif\u00edcil que nos toca vivir.<\/li><li>Incentivar el empleo privado (menor carga social al empleador)<\/li><li>Hablar con la verdad y erradicar la mentira en la comunicaci\u00f3n oficial<\/li><li>Disminuir el gasto p\u00fablico. Lo hacen nuestros pa\u00edses vecinos, \u00bfPor qu\u00e9 no la Argentina?<\/li><li>Que el ajuste lo hagan los pol\u00edticos no solo el pueblo.<\/li><li>Programa de disminuci\u00f3n a las retenciones hasta eliminarlas, y eliminar impuestos&nbsp; porque con m\u00e1s impuestos a las empresas y a los comercios se genera m\u00e1s pobreza,<\/li><li>El campo argentino tiene la vocaci\u00f3n de producir, trabajar, generar empleo y combatir la pobreza en beneficio de toda la sociedad. El gobierno nacional y el provincial solo lo deben dejar que lo haga.<\/li><\/ul>\n","protected":false},"excerpt":{"rendered":"<p>Tal como se hab\u00eda anunciado el pasado lunes 4 en un comunicado que lleg\u00f3 por intermedio de la FAA Filial&hellip;<\/p>\n","protected":false},"author":1,"featured_media":7552,"comment_status":"closed","ping_status":"closed","sticky":false,"template":"","format":"standard","meta":{"_joinchat":[],"footnotes":""},"categories":[65,351,69],"tags":[],"class_list":["post-7551","post","type-post","status-publish","format-standard","has-post-thumbnail","hentry","category-destacados","category-el-campo","category-noticias"],"yoast_head":"<!-- This site is optimized with the Yoast SEO plugin v25.1 - https:\/\/yoast.com\/wordpress\/plugins\/seo\/ -->\n<title>RECLAMOS: ASAMBLEA CIUDADANA EN LA ROTONDA DE CRESPO - Del \u00c9xodo Nogoy\u00e1<\/title>\n<meta name=\"robots\" content=\"index, follow, max-snippet:-1, max-image-preview:large, max-video-preview:-1\" \/>\n<link rel=\"canonical\" href=\"https:\/\/www.delexodo.com.ar\/?p=7551\" \/>\n<meta property=\"og:locale\" content=\"es_ES\" \/>\n<meta property=\"og:type\" content=\"article\" \/>\n<meta property=\"og:title\" content=\"RECLAMOS: ASAMBLEA CIUDADANA EN LA ROTONDA DE CRESPO - Del \u00c9xodo Nogoy\u00e1\" \/>\n<meta property=\"og:description\" content=\"Tal como se hab\u00eda anunciado el pasado lunes 4 en un comunicado que lleg\u00f3 por intermedio de la FAA Filial&hellip;\" \/>\n<meta property=\"og:url\" content=\"https:\/\/www.delexodo.com.ar\/?p=7551\" \/>\n<meta property=\"og:site_name\" content=\"Del \u00c9xodo Nogoy\u00e1\" \/>\n<meta property=\"article:published_time\" content=\"2021-01-11T00:06:22+00:00\" \/>\n<meta property=\"article:modified_time\" content=\"2021-01-11T00:07:17+00:00\" \/>\n<meta property=\"og:image\" content=\"https:\/\/www.delexodo.com.ar\/wp-content\/uploads\/2021\/01\/ASAMBLEA-PORTADA.jpeg\" \/>\n\t<meta property=\"og:image:width\" content=\"953\" \/>\n\t<meta property=\"og:image:height\" content=\"433\" \/>\n\t<meta property=\"og:image:type\" content=\"image\/jpeg\" \/>\n<meta name=\"author\" content=\"admin\" \/>\n<meta name=\"twitter:card\" content=\"summary_large_image\" \/>\n<meta name=\"twitter:label1\" content=\"Escrito por\" \/>\n\t<meta name=\"twitter:data1\" content=\"admin\" \/>\n\t<meta name=\"twitter:label2\" content=\"Tiempo de lectura\" \/>\n\t<meta name=\"twitter:data2\" content=\"3 minutos\" \/>\n<script type=\"application\/ld+json\" class=\"yoast-schema-graph\">{\"@context\":\"https:\/\/schema.org\",\"@graph\":[{\"@type\":\"Article\",\"@id\":\"https:\/\/www.delexodo.com.ar\/?p=7551#article\",\"isPartOf\":{\"@id\":\"https:\/\/www.delexodo.com.ar\/?p=7551\"},\"author\":{\"name\":\"admin\",\"@id\":\"https:\/\/www.delexodo.com.ar\/#\/schema\/person\/bbed37f7da8e938660b34f2013ba449d\"},\"headline\":\"RECLAMOS: ASAMBLEA CIUDADANA EN LA ROTONDA DE CRESPO\",\"datePublished\":\"2021-01-11T00:06:22+00:00\",\"dateModified\":\"2021-01-11T00:07:17+00:00\",\"mainEntityOfPage\":{\"@id\":\"https:\/\/www.delexodo.com.ar\/?p=7551\"},\"wordCount\":612,\"publisher\":{\"@id\":\"https:\/\/www.delexodo.com.ar\/#organization\"},\"image\":{\"@id\":\"https:\/\/www.delexodo.com.ar\/?p=7551#primaryimage\"},\"thumbnailUrl\":\"https:\/\/www.delexodo.com.ar\/wp-content\/uploads\/2021\/01\/ASAMBLEA-PORTADA.jpeg\",\"articleSection\":[\"Destacados\",\"El Campo\",\"NOTICIAS\"],\"inLanguage\":\"es\"},{\"@type\":\"WebPage\",\"@id\":\"https:\/\/www.delexodo.com.ar\/?p=7551\",\"url\":\"https:\/\/www.delexodo.com.ar\/?p=7551\",\"name\":\"RECLAMOS: ASAMBLEA CIUDADANA EN LA ROTONDA DE CRESPO - Del \u00c9xodo Nogoy\u00e1\",\"isPartOf\":{\"@id\":\"https:\/\/www.delexodo.com.ar\/#website\"},\"primaryImageOfPage\":{\"@id\":\"https:\/\/www.delexodo.com.ar\/?p=7551#primaryimage\"},\"image\":{\"@id\":\"https:\/\/www.delexodo.com.ar\/?p=7551#primaryimage\"},\"thumbnailUrl\":\"https:\/\/www.delexodo.com.ar\/wp-content\/uploads\/2021\/01\/ASAMBLEA-PORTADA.jpeg\",\"datePublished\":\"2021-01-11T00:06:22+00:00\",\"dateModified\":\"2021-01-11T00:07:17+00:00\",\"breadcrumb\":{\"@id\":\"https:\/\/www.delexodo.com.ar\/?p=7551#breadcrumb\"},\"inLanguage\":\"es\",\"potentialAction\":[{\"@type\":\"ReadAction\",\"target\":[\"https:\/\/www.delexodo.com.ar\/?p=7551\"]}]},{\"@type\":\"ImageObject\",\"inLanguage\":\"es\",\"@id\":\"https:\/\/www.delexodo.com.ar\/?p=7551#primaryimage\",\"url\":\"https:\/\/www.delexodo.com.ar\/wp-content\/uploads\/2021\/01\/ASAMBLEA-PORTADA.jpeg\",\"contentUrl\":\"https:\/\/www.delexodo.com.ar\/wp-content\/uploads\/2021\/01\/ASAMBLEA-PORTADA.jpeg\",\"width\":953,\"height\":433},{\"@type\":\"BreadcrumbList\",\"@id\":\"https:\/\/www.delexodo.com.ar\/?p=7551#breadcrumb\",\"itemListElement\":[{\"@type\":\"ListItem\",\"position\":1,\"name\":\"Portada\",\"item\":\"https:\/\/www.delexodo.com.ar\/\"},{\"@type\":\"ListItem\",\"position\":2,\"name\":\"RECLAMOS: ASAMBLEA CIUDADANA EN LA ROTONDA DE CRESPO\"}]},{\"@type\":\"WebSite\",\"@id\":\"https:\/\/www.delexodo.com.ar\/#website\",\"url\":\"https:\/\/www.delexodo.com.ar\/\",\"name\":\"Del \u00c9xodo Nogoy\u00e1\",\"description\":\"El Portal de Noticias de la Regi\u00f3n\",\"publisher\":{\"@id\":\"https:\/\/www.delexodo.com.ar\/#organization\"},\"potentialAction\":[{\"@type\":\"SearchAction\",\"target\":{\"@type\":\"EntryPoint\",\"urlTemplate\":\"https:\/\/www.delexodo.com.ar\/?s={search_term_string}\"},\"query-input\":{\"@type\":\"PropertyValueSpecification\",\"valueRequired\":true,\"valueName\":\"search_term_string\"}}],\"inLanguage\":\"es\"},{\"@type\":\"Organization\",\"@id\":\"https:\/\/www.delexodo.com.ar\/#organization\",\"name\":\"Del \u00c9xodo Nogoy\u00e1\",\"url\":\"https:\/\/www.delexodo.com.ar\/\",\"logo\":{\"@type\":\"ImageObject\",\"inLanguage\":\"es\",\"@id\":\"https:\/\/www.delexodo.com.ar\/#\/schema\/logo\/image\/\",\"url\":\"https:\/\/www.delexodo.com.ar\/wp-content\/uploads\/2024\/10\/cropped-cropped-LOGO24.png\",\"contentUrl\":\"https:\/\/www.delexodo.com.ar\/wp-content\/uploads\/2024\/10\/cropped-cropped-LOGO24.png\",\"width\":512,\"height\":349,\"caption\":\"Del \u00c9xodo Nogoy\u00e1\"},\"image\":{\"@id\":\"https:\/\/www.delexodo.com.ar\/#\/schema\/logo\/image\/\"}},{\"@type\":\"Person\",\"@id\":\"https:\/\/www.delexodo.com.ar\/#\/schema\/person\/bbed37f7da8e938660b34f2013ba449d\",\"name\":\"admin\",\"image\":{\"@type\":\"ImageObject\",\"inLanguage\":\"es\",\"@id\":\"https:\/\/www.delexodo.com.ar\/#\/schema\/person\/image\/\",\"url\":\"https:\/\/secure.gravatar.com\/avatar\/6b1558d1b6df085f1901bd5bd98523d7?s=96&d=mm&r=g\",\"contentUrl\":\"https:\/\/secure.gravatar.com\/avatar\/6b1558d1b6df085f1901bd5bd98523d7?s=96&d=mm&r=g\",\"caption\":\"admin\"},\"url\":\"https:\/\/www.delexodo.com.ar\/?author=1\"}]}<\/script>\n<!-- \/ Yoast SEO plugin. -->","yoast_head_json":{"title":"RECLAMOS: ASAMBLEA CIUDADANA EN LA ROTONDA DE CRESPO - Del \u00c9xodo Nogoy\u00e1","robots":{"index":"index","follow":"follow","max-snippet":"max-snippet:-1","max-image-preview":"max-image-preview:large","max-video-preview":"max-video-preview:-1"},"canonical":"https:\/\/www.delexodo.com.ar\/?p=7551","og_locale":"es_ES","og_type":"article","og_title":"RECLAMOS: ASAMBLEA CIUDADANA EN LA ROTONDA DE CRESPO - Del \u00c9xodo Nogoy\u00e1","og_description":"Tal como se hab\u00eda anunciado el pasado lunes 4 en un comunicado que lleg\u00f3 por intermedio de la FAA Filial&hellip;","og_url":"https:\/\/www.delexodo.com.ar\/?p=7551","og_site_name":"Del \u00c9xodo Nogoy\u00e1","article_published_time":"2021-01-11T00:06:22+00:00","article_modified_time":"2021-01-11T00:07:17+00:00","og_image":[{"width":953,"height":433,"url":"https:\/\/www.delexodo.com.ar\/wp-content\/uploads\/2021\/01\/ASAMBLEA-PORTADA.jpeg","type":"image\/jpeg"}],"author":"admin","twitter_card":"summary_large_image","twitter_misc":{"Escrito por":"admin","Tiempo de lectura":"3 minutos"},"schema":{"@context":"https:\/\/schema.org","@graph":[{"@type":"Article","@id":"https:\/\/www.delexodo.com.ar\/?p=7551#article","isPartOf":{"@id":"https:\/\/www.delexodo.com.ar\/?p=7551"},"author":{"name":"admin","@id":"https:\/\/www.delexodo.com.ar\/#\/schema\/person\/bbed37f7da8e938660b34f2013ba449d"},"headline":"RECLAMOS: ASAMBLEA CIUDADANA EN LA ROTONDA DE CRESPO","datePublished":"2021-01-11T00:06:22+00:00","dateModified":"2021-01-11T00:07:17+00:00","mainEntityOfPage":{"@id":"https:\/\/www.delexodo.com.ar\/?p=7551"},"wordCount":612,"publisher":{"@id":"https:\/\/www.delexodo.com.ar\/#organization"},"image":{"@id":"https:\/\/www.delexodo.com.ar\/?p=7551#primaryimage"},"thumbnailUrl":"https:\/\/www.delexodo.com.ar\/wp-content\/uploads\/2021\/01\/ASAMBLEA-PORTADA.jpeg","articleSection":["Destacados","El Campo","NOTICIAS"],"inLanguage":"es"},{"@type":"WebPage","@id":"https:\/\/www.delexodo.com.ar\/?p=7551","url":"https:\/\/www.delexodo.com.ar\/?p=7551","name":"RECLAMOS: ASAMBLEA CIUDADANA EN LA ROTONDA DE CRESPO - Del \u00c9xodo Nogoy\u00e1","isPartOf":{"@id":"https:\/\/www.delexodo.com.ar\/#website"},"primaryImageOfPage":{"@id":"https:\/\/www.delexodo.com.ar\/?p=7551#primaryimage"},"image":{"@id":"https:\/\/www.delexodo.com.ar\/?p=7551#primaryimage"},"thumbnailUrl":"https:\/\/www.delexodo.com.ar\/wp-content\/uploads\/2021\/01\/ASAMBLEA-PORTADA.jpeg","datePublished":"2021-01-11T00:06:22+00:00","dateModified":"2021-01-11T00:07:17+00:00","breadcrumb":{"@id":"https:\/\/www.delexodo.com.ar\/?p=7551#breadcrumb"},"inLanguage":"es","potentialAction":[{"@type":"ReadAction","target":["https:\/\/www.delexodo.com.ar\/?p=7551"]}]},{"@type":"ImageObject","inLanguage":"es","@id":"https:\/\/www.delexodo.com.ar\/?p=7551#primaryimage","url":"https:\/\/www.delexodo.com.ar\/wp-content\/uploads\/2021\/01\/ASAMBLEA-PORTADA.jpeg","contentUrl":"https:\/\/www.delexodo.com.ar\/wp-content\/uploads\/2021\/01\/ASAMBLEA-PORTADA.jpeg","width":953,"height":433},{"@type":"BreadcrumbList","@id":"https:\/\/www.delexodo.com.ar\/?p=7551#breadcrumb","itemListElement":[{"@type":"ListItem","position":1,"name":"Portada","item":"https:\/\/www.delexodo.com.ar\/"},{"@type":"ListItem","position":2,"name":"RECLAMOS: ASAMBLEA CIUDADANA EN LA ROTONDA DE CRESPO"}]},{"@type":"WebSite","@id":"https:\/\/www.delexodo.com.ar\/#website","url":"https:\/\/www.delexodo.com.ar\/","name":"Del \u00c9xodo Nogoy\u00e1","description":"El Portal de Noticias de la Regi\u00f3n","publisher":{"@id":"https:\/\/www.delexodo.com.ar\/#organization"},"potentialAction":[{"@type":"SearchAction","target":{"@type":"EntryPoint","urlTemplate":"https:\/\/www.delexodo.com.ar\/?s={search_term_string}"},"query-input":{"@type":"PropertyValueSpecification","valueRequired":true,"valueName":"search_term_string"}}],"inLanguage":"es"},{"@type":"Organization","@id":"https:\/\/www.delexodo.com.ar\/#organization","name":"Del \u00c9xodo Nogoy\u00e1","url":"https:\/\/www.delexodo.com.ar\/","logo":{"@type":"ImageObject","inLanguage":"es","@id":"https:\/\/www.delexodo.com.ar\/#\/schema\/logo\/image\/","url":"https:\/\/www.delexodo.com.ar\/wp-content\/uploads\/2024\/10\/cropped-cropped-LOGO24.png","contentUrl":"https:\/\/www.delexodo.com.ar\/wp-content\/uploads\/2024\/10\/cropped-cropped-LOGO24.png","width":512,"height":349,"caption":"Del \u00c9xodo Nogoy\u00e1"},"image":{"@id":"https:\/\/www.delexodo.com.ar\/#\/schema\/logo\/image\/"}},{"@type":"Person","@id":"https:\/\/www.delexodo.com.ar\/#\/schema\/person\/bbed37f7da8e938660b34f2013ba449d","name":"admin","image":{"@type":"ImageObject","inLanguage":"es","@id":"https:\/\/www.delexodo.com.ar\/#\/schema\/person\/image\/","url":"https:\/\/secure.gravatar.com\/avatar\/6b1558d1b6df085f1901bd5bd98523d7?s=96&d=mm&r=g","contentUrl":"https:\/\/secure.gravatar.com\/avatar\/6b1558d1b6df085f1901bd5bd98523d7?s=96&d=mm&r=g","caption":"admin"},"url":"https:\/\/www.delexodo.com.ar\/?author=1"}]}},"_links":{"self":[{"href":"https:\/\/www.delexodo.com.ar\/index.php?rest_route=\/wp\/v2\/posts\/7551","targetHints":{"allow":["GET"]}}],"collection":[{"href":"https:\/\/www.delexodo.com.ar\/index.php?rest_route=\/wp\/v2\/posts"}],"about":[{"href":"https:\/\/www.delexodo.com.ar\/index.php?rest_route=\/wp\/v2\/types\/post"}],"author":[{"embeddable":true,"href":"https:\/\/www.delexodo.com.ar\/index.php?rest_route=\/wp\/v2\/users\/1"}],"replies":[{"embeddable":true,"href":"https:\/\/www.delexodo.com.ar\/index.php?rest_route=%2Fwp%2Fv2%2Fcomments&post=7551"}],"version-history":[{"count":0,"href":"https:\/\/www.delexodo.com.ar\/index.php?rest_route=\/wp\/v2\/posts\/7551\/revisions"}],"wp:featuredmedia":[{"embeddable":true,"href":"https:\/\/www.delexodo.com.ar\/index.php?rest_route=\/wp\/v2\/media\/7552"}],"wp:attachment":[{"href":"https:\/\/www.delexodo.com.ar\/index.php?rest_route=%2Fwp%2Fv2%2Fmedia&parent=7551"}],"wp:term":[{"taxonomy":"category","embeddable":true,"href":"https:\/\/www.delexodo.com.ar\/index.php?rest_route=%2Fwp%2Fv2%2Fcategories&post=7551"},{"taxonomy":"post_tag","embeddable":true,"href":"https:\/\/www.delexodo.com.ar\/index.php?rest_route=%2Fwp%2Fv2%2Ftags&post=7551"}],"curies":[{"name":"wp","href":"https:\/\/api.w.org\/{rel}","templated":true}]}}