{"id":7546,"date":"2021-01-08T16:49:03","date_gmt":"2021-01-08T19:49:03","guid":{"rendered":"http:\/\/www.delexodo.com.ar\/?p=7546"},"modified":"2021-01-08T16:49:03","modified_gmt":"2021-01-08T19:49:03","slug":"entre-rios-la-provincia-restringira-la-circulacion-entre-la-una-y-las-seis","status":"publish","type":"post","link":"https:\/\/www.delexodo.com.ar\/?p=7546","title":{"rendered":"ENTRE R\u00cdOS: LA PROVINCIA RESTRINGIR\u00c1 LA CIRCULACI\u00d3N ENTRE LA UNA Y LAS SEIS"},"content":{"rendered":"\n<p>En el marco de la reglamentaci\u00f3n que estableci\u00f3 el gobierno nacional en el decreto 4\/21, y en di\u00e1logo con las instituciones de los distintos sectores econ\u00f3micos e intendentes, el gobierno de la provincia dispuso restringir la circulaci\u00f3n entre la una y las seis. Ser\u00e1 del 9 de enero al 24, inclusive.<\/p>\n\n\n\n<div class=\"wp-block-image\"><figure class=\"alignleft size-large is-resized\"><img loading=\"lazy\" decoding=\"async\" src=\"https:\/\/www.delexodo.com.ar\/wp-content\/uploads\/2021\/01\/STRATA-ROMERO-SIGNES.png\" alt=\"\" class=\"wp-image-7548\" width=\"340\" height=\"226\" srcset=\"https:\/\/www.delexodo.com.ar\/wp-content\/uploads\/2021\/01\/STRATA-ROMERO-SIGNES.png 585w, https:\/\/www.delexodo.com.ar\/wp-content\/uploads\/2021\/01\/STRATA-ROMERO-SIGNES-300x199.png 300w\" sizes=\"auto, (max-width: 340px) 100vw, 340px\" \/><\/figure><\/div>\n\n\n\n<p>La vicegobernadora Laura Stratta encabez\u00f3 este viernes una reuni\u00f3n por videoconferencia con los presidentes de la Liga de Intendentes Justicialistas, Lucas Larrarte; del Foro de Intendentes Radicales, Rafael Cavagna y de la Uni\u00f3n de Intendentes Vecinalistas, Oscar Toledo. Lo hizo junto a la ministra de Gobierno, Rosario Romero; el Fiscal de Estado, Julio Rodr\u00edguez Signes; los ministros de Producci\u00f3n, Juan Jos\u00e9 Bahillo; de Salud, Sonia Vel\u00e1zquez y el director General de Epidemiolog\u00eda, Diego Garcilazo.<\/p>\n\n\n\n<p>En su art\u00edculo 1\u00b0 el decreto N\u00b0 5\/21 del Poder Ejecutivo de Entre R\u00edos establece la restricci\u00f3n en todo el territorio provincial de <strong><span class=\"has-inline-color has-luminous-vivid-orange-color\">\u201cla circulaci\u00f3n de personas en la franja horaria comprendida entre la 1 am y 6 am, con una tolerancia de 30 minutos\u201d<\/span><\/strong>. Asimismo, en su art\u00edculo N\u00b0 2 dispone <span class=\"has-inline-color has-luminous-vivid-orange-color\"><strong>\u201cla restricci\u00f3n de la actividad comercial\u201d<\/strong> <\/span>en la misma franja horaria.<\/p>\n\n\n\n<p>Por otra parte, el decreto que comenzar\u00e1 a regir a la una de este s\u00e1bado, except\u00faa de las restricciones a las personas que se desempe\u00f1en en <strong><em>\u201clas actividades declaradas esenciales y a los ciudadanos afectados a su efectivo cumplimiento, conforme previsto en el art. 11\u00ba del DNU N\u00ba 1033\/20\u201d<\/em><\/strong>.<\/p>\n\n\n\n<p>Por \u00faltimo, la vigencia de esta nueva medida ser\u00e1 desde<strong><span class=\"has-inline-color has-luminous-vivid-orange-color\"> \u201cel d\u00eda s\u00e1bado 9 de enero hasta el domingo 24 de enero de 2021 inclusive\u201d<\/span><\/strong>.<\/p>\n\n\n\n<p>En ese marco, Stratta explic\u00f3 que <em>\u201cnos parece importante generar un espacio de di\u00e1logo y de escucha que nos permita poder avanzar en este contexto tan complejo y tan complicado como el que estamos atravesando\u201d, y sostuvo que \u201cen funci\u00f3n de la evaluaci\u00f3n sanitaria\u201d establecimos \u201cel cese de la circulaci\u00f3n en un rango horario que va desde la 1 a 6 con una media hora que se da para que la gente pueda trasladarse exceptuando a quienes trabajan en empleos esenciales\u201d<\/em>.<\/p>\n\n\n\n<p>Asimismo, <em>\u201cel decreto provincial tambi\u00e9n prev\u00e9 que si hay municipios que por su realidad epidemiol\u00f3gica consideran que deben ampliar el rango horario en el que no se puede circular lo pueden hacer con una norma municipal\u201d<\/em>, precis\u00f3 Stratta.<\/p>\n\n\n\n<p>Por otra parte, Romero se\u00f1al\u00f3:<em> \u00abobservando la din\u00e1mica de la transmisi\u00f3n de los nuevos contagios, el Gobierno provincial acaba de dictar una norma de restricci\u00f3n de circulaci\u00f3n entre la 1 y las 6 de la ma\u00f1ana a partir de este s\u00e1bado 9 de enero hasta el 24 de enero. Las autoridades sanitarias han podido establecer que son las reuniones sociales nocturnas las que conllevan el m\u00e1s alto riesgo de transmisi\u00f3n y favorecen la propagaci\u00f3n del virus\u00bb<\/em>, explic\u00f3 la ministra Romero.<\/p>\n\n\n\n<p>Adem\u00e1s, la titular de Gobierno y Justicia subray\u00f3 que<em> \u00abla Polic\u00eda de Entre R\u00edos realizar\u00e1 operativos en conjunto con las autoridades municipales y se requerir\u00e1 el apoyo de las fuerzas de seguridad federales para controlar la circulaci\u00f3n de personas. Lo que se busca es evitar las concentraciones nocturnas. Las personas que circulen en ese horario sin justificaci\u00f3n, ser\u00e1n notificadas y se elevar\u00e1n los informes a los Juzgados Federales que correspondan\u00bb<\/em>.<\/p>\n\n\n\n<p>Por su parte, la ministra de Salud, Sonia Vel\u00e1zquez expuso la situaci\u00f3n epidemiol\u00f3gica que atraviesa la provincia en los \u00faltimos 14 d\u00edas, y manifest\u00f3 la preocupaci\u00f3n en torno a la ocupaci\u00f3n de los servicios de salud a ra\u00edz del crecimiento de casos que se registran desde la \u00faltima semana de diciembre.<\/p>\n\n\n\n<p>\u00a0<em>\u201cLa pandemia lejos de retirarse est\u00e1 muy presente, y el relajamiento que ha habido con el componente de las conductas ha sido un factor preponderante\u201d, sostuvo Vel\u00e1zquez, y aclar\u00f3: \u201cEstamos buscando un equilibrio de todas las partes a fin de perjudicar lo menos posible a las econom\u00edas regionales y las actividades comerciales\u201d<\/em>.<\/p>\n\n\n\n<p>Asimismo, Bahillo inform\u00f3 sobre la consulta con todos los sectores para lograr que la medida fuera con el mayor consenso posible, teniendo en cuenta el esfuerzo que se realiz\u00f3 para lograr reactivar las distintas econom\u00edas regionales.<\/p>\n\n\n\n<p>\u00a0<em>\u201cFundamentalmente dialogamos con los prestadores del sector tur\u00edstico y gastron\u00f3mico, que fueron los m\u00e1s afectados por las restricciones a la circulaci\u00f3n y hoy necesitan seguir funcionando para mantener sus actividades, en una temporada que se presenta auspiciosa, y en la cual se observa el cumplimiento de los protocolos establecidos para su apertura\u201d<\/em>, destac\u00f3 el titular de la cartera productiva.<\/p>\n","protected":false},"excerpt":{"rendered":"<p>En el marco de la reglamentaci\u00f3n que estableci\u00f3 el gobierno nacional en el decreto 4\/21, y en di\u00e1logo con las&hellip;<\/p>\n","protected":false},"author":1,"featured_media":7547,"comment_status":"closed","ping_status":"closed","sticky":false,"template":"","format":"standard","meta":{"_joinchat":[],"footnotes":""},"categories":[65,69,352],"tags":[],"class_list":["post-7546","post","type-post","status-publish","format-standard","has-post-thumbnail","hentry","category-destacados","category-noticias","category-salud"],"yoast_head":"<!-- This site is optimized with the Yoast SEO plugin v25.1 - https:\/\/yoast.com\/wordpress\/plugins\/seo\/ -->\n<title>ENTRE R\u00cdOS: LA PROVINCIA RESTRINGIR\u00c1 LA CIRCULACI\u00d3N ENTRE LA UNA Y LAS SEIS - Del \u00c9xodo Nogoy\u00e1<\/title>\n<meta name=\"robots\" content=\"index, follow, max-snippet:-1, max-image-preview:large, max-video-preview:-1\" \/>\n<link rel=\"canonical\" href=\"https:\/\/www.delexodo.com.ar\/?p=7546\" \/>\n<meta property=\"og:locale\" content=\"es_ES\" \/>\n<meta property=\"og:type\" content=\"article\" \/>\n<meta property=\"og:title\" content=\"ENTRE R\u00cdOS: LA PROVINCIA RESTRINGIR\u00c1 LA CIRCULACI\u00d3N ENTRE LA UNA Y LAS SEIS - Del \u00c9xodo Nogoy\u00e1\" \/>\n<meta property=\"og:description\" content=\"En el marco de la reglamentaci\u00f3n que estableci\u00f3 el gobierno nacional en el decreto 4\/21, y en di\u00e1logo con las&hellip;\" \/>\n<meta property=\"og:url\" content=\"https:\/\/www.delexodo.com.ar\/?p=7546\" \/>\n<meta property=\"og:site_name\" content=\"Del \u00c9xodo Nogoy\u00e1\" \/>\n<meta property=\"article:published_time\" content=\"2021-01-08T19:49:03+00:00\" \/>\n<meta property=\"og:image\" content=\"https:\/\/www.delexodo.com.ar\/wp-content\/uploads\/2021\/01\/STRATTA-INTENDENTES.jpg\" \/>\n\t<meta property=\"og:image:width\" content=\"951\" \/>\n\t<meta property=\"og:image:height\" content=\"396\" \/>\n\t<meta property=\"og:image:type\" content=\"image\/jpeg\" \/>\n<meta name=\"author\" content=\"admin\" \/>\n<meta name=\"twitter:card\" content=\"summary_large_image\" \/>\n<meta name=\"twitter:label1\" content=\"Escrito por\" \/>\n\t<meta name=\"twitter:data1\" content=\"admin\" \/>\n\t<meta name=\"twitter:label2\" content=\"Tiempo de lectura\" \/>\n\t<meta name=\"twitter:data2\" content=\"4 minutos\" \/>\n<script type=\"application\/ld+json\" class=\"yoast-schema-graph\">{\"@context\":\"https:\/\/schema.org\",\"@graph\":[{\"@type\":\"Article\",\"@id\":\"https:\/\/www.delexodo.com.ar\/?p=7546#article\",\"isPartOf\":{\"@id\":\"https:\/\/www.delexodo.com.ar\/?p=7546\"},\"author\":{\"name\":\"admin\",\"@id\":\"https:\/\/www.delexodo.com.ar\/#\/schema\/person\/bbed37f7da8e938660b34f2013ba449d\"},\"headline\":\"ENTRE R\u00cdOS: LA PROVINCIA RESTRINGIR\u00c1 LA CIRCULACI\u00d3N ENTRE LA UNA Y LAS SEIS\",\"datePublished\":\"2021-01-08T19:49:03+00:00\",\"mainEntityOfPage\":{\"@id\":\"https:\/\/www.delexodo.com.ar\/?p=7546\"},\"wordCount\":781,\"publisher\":{\"@id\":\"https:\/\/www.delexodo.com.ar\/#organization\"},\"image\":{\"@id\":\"https:\/\/www.delexodo.com.ar\/?p=7546#primaryimage\"},\"thumbnailUrl\":\"https:\/\/www.delexodo.com.ar\/wp-content\/uploads\/2021\/01\/STRATTA-INTENDENTES.jpg\",\"articleSection\":[\"Destacados\",\"NOTICIAS\",\"Salud\"],\"inLanguage\":\"es\"},{\"@type\":\"WebPage\",\"@id\":\"https:\/\/www.delexodo.com.ar\/?p=7546\",\"url\":\"https:\/\/www.delexodo.com.ar\/?p=7546\",\"name\":\"ENTRE R\u00cdOS: LA PROVINCIA RESTRINGIR\u00c1 LA CIRCULACI\u00d3N ENTRE LA UNA Y LAS SEIS - Del \u00c9xodo Nogoy\u00e1\",\"isPartOf\":{\"@id\":\"https:\/\/www.delexodo.com.ar\/#website\"},\"primaryImageOfPage\":{\"@id\":\"https:\/\/www.delexodo.com.ar\/?p=7546#primaryimage\"},\"image\":{\"@id\":\"https:\/\/www.delexodo.com.ar\/?p=7546#primaryimage\"},\"thumbnailUrl\":\"https:\/\/www.delexodo.com.ar\/wp-content\/uploads\/2021\/01\/STRATTA-INTENDENTES.jpg\",\"datePublished\":\"2021-01-08T19:49:03+00:00\",\"breadcrumb\":{\"@id\":\"https:\/\/www.delexodo.com.ar\/?p=7546#breadcrumb\"},\"inLanguage\":\"es\",\"potentialAction\":[{\"@type\":\"ReadAction\",\"target\":[\"https:\/\/www.delexodo.com.ar\/?p=7546\"]}]},{\"@type\":\"ImageObject\",\"inLanguage\":\"es\",\"@id\":\"https:\/\/www.delexodo.com.ar\/?p=7546#primaryimage\",\"url\":\"https:\/\/www.delexodo.com.ar\/wp-content\/uploads\/2021\/01\/STRATTA-INTENDENTES.jpg\",\"contentUrl\":\"https:\/\/www.delexodo.com.ar\/wp-content\/uploads\/2021\/01\/STRATTA-INTENDENTES.jpg\",\"width\":951,\"height\":396},{\"@type\":\"BreadcrumbList\",\"@id\":\"https:\/\/www.delexodo.com.ar\/?p=7546#breadcrumb\",\"itemListElement\":[{\"@type\":\"ListItem\",\"position\":1,\"name\":\"Portada\",\"item\":\"https:\/\/www.delexodo.com.ar\/\"},{\"@type\":\"ListItem\",\"position\":2,\"name\":\"ENTRE R\u00cdOS: LA PROVINCIA RESTRINGIR\u00c1 LA CIRCULACI\u00d3N ENTRE LA UNA Y LAS SEIS\"}]},{\"@type\":\"WebSite\",\"@id\":\"https:\/\/www.delexodo.com.ar\/#website\",\"url\":\"https:\/\/www.delexodo.com.ar\/\",\"name\":\"Del \u00c9xodo Nogoy\u00e1\",\"description\":\"El Portal de Noticias de la Regi\u00f3n\",\"publisher\":{\"@id\":\"https:\/\/www.delexodo.com.ar\/#organization\"},\"potentialAction\":[{\"@type\":\"SearchAction\",\"target\":{\"@type\":\"EntryPoint\",\"urlTemplate\":\"https:\/\/www.delexodo.com.ar\/?s={search_term_string}\"},\"query-input\":{\"@type\":\"PropertyValueSpecification\",\"valueRequired\":true,\"valueName\":\"search_term_string\"}}],\"inLanguage\":\"es\"},{\"@type\":\"Organization\",\"@id\":\"https:\/\/www.delexodo.com.ar\/#organization\",\"name\":\"Del \u00c9xodo Nogoy\u00e1\",\"url\":\"https:\/\/www.delexodo.com.ar\/\",\"logo\":{\"@type\":\"ImageObject\",\"inLanguage\":\"es\",\"@id\":\"https:\/\/www.delexodo.com.ar\/#\/schema\/logo\/image\/\",\"url\":\"https:\/\/www.delexodo.com.ar\/wp-content\/uploads\/2024\/10\/cropped-cropped-LOGO24.png\",\"contentUrl\":\"https:\/\/www.delexodo.com.ar\/wp-content\/uploads\/2024\/10\/cropped-cropped-LOGO24.png\",\"width\":512,\"height\":349,\"caption\":\"Del \u00c9xodo Nogoy\u00e1\"},\"image\":{\"@id\":\"https:\/\/www.delexodo.com.ar\/#\/schema\/logo\/image\/\"}},{\"@type\":\"Person\",\"@id\":\"https:\/\/www.delexodo.com.ar\/#\/schema\/person\/bbed37f7da8e938660b34f2013ba449d\",\"name\":\"admin\",\"image\":{\"@type\":\"ImageObject\",\"inLanguage\":\"es\",\"@id\":\"https:\/\/www.delexodo.com.ar\/#\/schema\/person\/image\/\",\"url\":\"https:\/\/secure.gravatar.com\/avatar\/6b1558d1b6df085f1901bd5bd98523d7?s=96&d=mm&r=g\",\"contentUrl\":\"https:\/\/secure.gravatar.com\/avatar\/6b1558d1b6df085f1901bd5bd98523d7?s=96&d=mm&r=g\",\"caption\":\"admin\"},\"url\":\"https:\/\/www.delexodo.com.ar\/?author=1\"}]}<\/script>\n<!-- \/ Yoast SEO plugin. -->","yoast_head_json":{"title":"ENTRE R\u00cdOS: LA PROVINCIA RESTRINGIR\u00c1 LA CIRCULACI\u00d3N ENTRE LA UNA Y LAS SEIS - Del \u00c9xodo Nogoy\u00e1","robots":{"index":"index","follow":"follow","max-snippet":"max-snippet:-1","max-image-preview":"max-image-preview:large","max-video-preview":"max-video-preview:-1"},"canonical":"https:\/\/www.delexodo.com.ar\/?p=7546","og_locale":"es_ES","og_type":"article","og_title":"ENTRE R\u00cdOS: LA PROVINCIA RESTRINGIR\u00c1 LA CIRCULACI\u00d3N ENTRE LA UNA Y LAS SEIS - Del \u00c9xodo Nogoy\u00e1","og_description":"En el marco de la reglamentaci\u00f3n que estableci\u00f3 el gobierno nacional en el decreto 4\/21, y en di\u00e1logo con las&hellip;","og_url":"https:\/\/www.delexodo.com.ar\/?p=7546","og_site_name":"Del \u00c9xodo Nogoy\u00e1","article_published_time":"2021-01-08T19:49:03+00:00","og_image":[{"width":951,"height":396,"url":"https:\/\/www.delexodo.com.ar\/wp-content\/uploads\/2021\/01\/STRATTA-INTENDENTES.jpg","type":"image\/jpeg"}],"author":"admin","twitter_card":"summary_large_image","twitter_misc":{"Escrito por":"admin","Tiempo de lectura":"4 minutos"},"schema":{"@context":"https:\/\/schema.org","@graph":[{"@type":"Article","@id":"https:\/\/www.delexodo.com.ar\/?p=7546#article","isPartOf":{"@id":"https:\/\/www.delexodo.com.ar\/?p=7546"},"author":{"name":"admin","@id":"https:\/\/www.delexodo.com.ar\/#\/schema\/person\/bbed37f7da8e938660b34f2013ba449d"},"headline":"ENTRE R\u00cdOS: LA PROVINCIA RESTRINGIR\u00c1 LA CIRCULACI\u00d3N ENTRE LA UNA Y LAS SEIS","datePublished":"2021-01-08T19:49:03+00:00","mainEntityOfPage":{"@id":"https:\/\/www.delexodo.com.ar\/?p=7546"},"wordCount":781,"publisher":{"@id":"https:\/\/www.delexodo.com.ar\/#organization"},"image":{"@id":"https:\/\/www.delexodo.com.ar\/?p=7546#primaryimage"},"thumbnailUrl":"https:\/\/www.delexodo.com.ar\/wp-content\/uploads\/2021\/01\/STRATTA-INTENDENTES.jpg","articleSection":["Destacados","NOTICIAS","Salud"],"inLanguage":"es"},{"@type":"WebPage","@id":"https:\/\/www.delexodo.com.ar\/?p=7546","url":"https:\/\/www.delexodo.com.ar\/?p=7546","name":"ENTRE R\u00cdOS: LA PROVINCIA RESTRINGIR\u00c1 LA CIRCULACI\u00d3N ENTRE LA UNA Y LAS SEIS - Del \u00c9xodo Nogoy\u00e1","isPartOf":{"@id":"https:\/\/www.delexodo.com.ar\/#website"},"primaryImageOfPage":{"@id":"https:\/\/www.delexodo.com.ar\/?p=7546#primaryimage"},"image":{"@id":"https:\/\/www.delexodo.com.ar\/?p=7546#primaryimage"},"thumbnailUrl":"https:\/\/www.delexodo.com.ar\/wp-content\/uploads\/2021\/01\/STRATTA-INTENDENTES.jpg","datePublished":"2021-01-08T19:49:03+00:00","breadcrumb":{"@id":"https:\/\/www.delexodo.com.ar\/?p=7546#breadcrumb"},"inLanguage":"es","potentialAction":[{"@type":"ReadAction","target":["https:\/\/www.delexodo.com.ar\/?p=7546"]}]},{"@type":"ImageObject","inLanguage":"es","@id":"https:\/\/www.delexodo.com.ar\/?p=7546#primaryimage","url":"https:\/\/www.delexodo.com.ar\/wp-content\/uploads\/2021\/01\/STRATTA-INTENDENTES.jpg","contentUrl":"https:\/\/www.delexodo.com.ar\/wp-content\/uploads\/2021\/01\/STRATTA-INTENDENTES.jpg","width":951,"height":396},{"@type":"BreadcrumbList","@id":"https:\/\/www.delexodo.com.ar\/?p=7546#breadcrumb","itemListElement":[{"@type":"ListItem","position":1,"name":"Portada","item":"https:\/\/www.delexodo.com.ar\/"},{"@type":"ListItem","position":2,"name":"ENTRE R\u00cdOS: LA PROVINCIA RESTRINGIR\u00c1 LA CIRCULACI\u00d3N ENTRE LA UNA Y LAS SEIS"}]},{"@type":"WebSite","@id":"https:\/\/www.delexodo.com.ar\/#website","url":"https:\/\/www.delexodo.com.ar\/","name":"Del \u00c9xodo Nogoy\u00e1","description":"El Portal de Noticias de la Regi\u00f3n","publisher":{"@id":"https:\/\/www.delexodo.com.ar\/#organization"},"potentialAction":[{"@type":"SearchAction","target":{"@type":"EntryPoint","urlTemplate":"https:\/\/www.delexodo.com.ar\/?s={search_term_string}"},"query-input":{"@type":"PropertyValueSpecification","valueRequired":true,"valueName":"search_term_string"}}],"inLanguage":"es"},{"@type":"Organization","@id":"https:\/\/www.delexodo.com.ar\/#organization","name":"Del \u00c9xodo Nogoy\u00e1","url":"https:\/\/www.delexodo.com.ar\/","logo":{"@type":"ImageObject","inLanguage":"es","@id":"https:\/\/www.delexodo.com.ar\/#\/schema\/logo\/image\/","url":"https:\/\/www.delexodo.com.ar\/wp-content\/uploads\/2024\/10\/cropped-cropped-LOGO24.png","contentUrl":"https:\/\/www.delexodo.com.ar\/wp-content\/uploads\/2024\/10\/cropped-cropped-LOGO24.png","width":512,"height":349,"caption":"Del \u00c9xodo Nogoy\u00e1"},"image":{"@id":"https:\/\/www.delexodo.com.ar\/#\/schema\/logo\/image\/"}},{"@type":"Person","@id":"https:\/\/www.delexodo.com.ar\/#\/schema\/person\/bbed37f7da8e938660b34f2013ba449d","name":"admin","image":{"@type":"ImageObject","inLanguage":"es","@id":"https:\/\/www.delexodo.com.ar\/#\/schema\/person\/image\/","url":"https:\/\/secure.gravatar.com\/avatar\/6b1558d1b6df085f1901bd5bd98523d7?s=96&d=mm&r=g","contentUrl":"https:\/\/secure.gravatar.com\/avatar\/6b1558d1b6df085f1901bd5bd98523d7?s=96&d=mm&r=g","caption":"admin"},"url":"https:\/\/www.delexodo.com.ar\/?author=1"}]}},"_links":{"self":[{"href":"https:\/\/www.delexodo.com.ar\/index.php?rest_route=\/wp\/v2\/posts\/7546","targetHints":{"allow":["GET"]}}],"collection":[{"href":"https:\/\/www.delexodo.com.ar\/index.php?rest_route=\/wp\/v2\/posts"}],"about":[{"href":"https:\/\/www.delexodo.com.ar\/index.php?rest_route=\/wp\/v2\/types\/post"}],"author":[{"embeddable":true,"href":"https:\/\/www.delexodo.com.ar\/index.php?rest_route=\/wp\/v2\/users\/1"}],"replies":[{"embeddable":true,"href":"https:\/\/www.delexodo.com.ar\/index.php?rest_route=%2Fwp%2Fv2%2Fcomments&post=7546"}],"version-history":[{"count":0,"href":"https:\/\/www.delexodo.com.ar\/index.php?rest_route=\/wp\/v2\/posts\/7546\/revisions"}],"wp:featuredmedia":[{"embeddable":true,"href":"https:\/\/www.delexodo.com.ar\/index.php?rest_route=\/wp\/v2\/media\/7547"}],"wp:attachment":[{"href":"https:\/\/www.delexodo.com.ar\/index.php?rest_route=%2Fwp%2Fv2%2Fmedia&parent=7546"}],"wp:term":[{"taxonomy":"category","embeddable":true,"href":"https:\/\/www.delexodo.com.ar\/index.php?rest_route=%2Fwp%2Fv2%2Fcategories&post=7546"},{"taxonomy":"post_tag","embeddable":true,"href":"https:\/\/www.delexodo.com.ar\/index.php?rest_route=%2Fwp%2Fv2%2Ftags&post=7546"}],"curies":[{"name":"wp","href":"https:\/\/api.w.org\/{rel}","templated":true}]}}