{"id":7538,"date":"2021-01-08T13:14:43","date_gmt":"2021-01-08T16:14:43","guid":{"rendered":"http:\/\/www.delexodo.com.ar\/?p=7538"},"modified":"2021-01-08T16:18:29","modified_gmt":"2021-01-08T19:18:29","slug":"oficial-el-gobierno-establecio-nuevas-pautas-para-que-los-gobernadores-restrinjan-la-circulacion-ante-el-aumento-de-casos-de-coronavirus","status":"publish","type":"post","link":"https:\/\/www.delexodo.com.ar\/?p=7538","title":{"rendered":"OFICIAL: EL GOBIERNO ESTABLECI\u00d3 NUEVAS PAUTAS PARA QUE LOS GOBERNADORES RESTRINJAN LA CIRCULACI\u00d3N ANTE EL AUMENTO DE CASOS DE CORONAVIRUS"},"content":{"rendered":"\n<p>El jefe de Gabinete, Santiago Cafiero, anunci\u00f3 que el Gobierno emitir\u00e1 un decreto que regula en qu\u00e9 momento los gobernadores podr\u00e1n restringir la circulaci\u00f3n en sus jurisdicciones ante un aumento de casos de coronavirus. Tal como adelant\u00f3 Infobae, no ser\u00e1 una medida de cumplimiento obligatorio para todo el pa\u00eds, sino que cada gobernador tendr\u00e1 la potestad de aplicar las restricciones que considere pertinentes.<\/p>\n\n\n\n<figure class=\"wp-block-embed is-type-video is-provider-youtube wp-block-embed-youtube wp-embed-aspect-16-9 wp-has-aspect-ratio\"><div class=\"wp-block-embed__wrapper\">\n<iframe loading=\"lazy\" title=\"Conferencia de prensa de Santiago Cafiero, Carla Vizzotti y Mat\u00edas Lammens\" width=\"500\" height=\"281\" src=\"https:\/\/www.youtube.com\/embed\/DXo1NgM8Ueg?feature=oembed\" frameborder=\"0\" allow=\"accelerometer; autoplay; clipboard-write; encrypted-media; gyroscope; picture-in-picture; web-share\" referrerpolicy=\"strict-origin-when-cross-origin\" allowfullscreen><\/iframe>\n<\/div><\/figure>\n\n\n\n<p><em>\u201cLo que se hace a nivel nacional es fijar pautas y alertas sobre riesgos futuros. Hoy los gobernadores ya est\u00e1n facultados a adoptar medidas y lo que estamos haciendo es describiendo cu\u00e1l es el detalle de peligro del aumento de casos que est\u00e1 surgiendo en muchas provincias de nuestro pa\u00eds\u201d<\/em>, asegur\u00f3 Cafiero en una conferencia de prensa realizada en Casa de Gobierno.<\/p>\n\n\n\n<p>Luego de que C\u00f3rdoba, Ciudad de Buenos Aires y Mendoza expusieran su resistencia al cierre nocturno, el funcionario fue consultado sobre la obligatoriedad del decreto que se publicar\u00e1 esta tarde en el Bolet\u00edn Oficial. <em>\u201cEl art\u00edculo que est\u00e1 vigente, que vence el 31 de enero, le da facultades a los gobernadores para restringir actividades o la circulaci\u00f3n. Nosotros lo que hacemos es definir el riesgo epidemiol\u00f3gico a partir de estos requisitos. Lo que hizo el Estado es lo mismo que ha hecho desde el primer d\u00eda: trabajar en conjunto con todas las jurisdicciones. El Gobierno fija pautas nacionales y en virtud de la diversidad demogr\u00e1fica y cultural de la Argentina, quienes est\u00e1n al frente de los territorios deber\u00e1n llevarlas adelante\u201d<\/em>, contest\u00f3 Cafiero.<\/p>\n\n\n\n<p>Y agreg\u00f3: <em>\u201cFrente a esos indicadores de riesgo, suponiendo un sem\u00e1foro, si hubiera un rojo all\u00ed se deber\u00e1n tomar medidas de restricci\u00f3n y esas medidas las deben tomar los gobernadores y el jefe de Gobierno de la Ciudad de Buenos Aires. El Gobierno define par\u00e1metros y enciende alertas. Quien debe tomar decisiones son los gobernadores\u201d<\/em>.<\/p>\n\n\n\n<p>La secretaria de Acceso a la Salud, Carla Vizzotti, explic\u00f3 cu\u00e1les cu\u00e1les son los requisitos que deber\u00e1n observar los gobernadores para aplicar las restricciones:<\/p>\n\n\n\n<p><strong><span class=\"has-inline-color has-luminous-vivid-orange-color\">1 &#8211; RAZ\u00d3N: cuando el cociente (resultado de dividir) entre el n\u00famero de casos confirmados acumulados en los \u00faltimos 14 d\u00edas y el n\u00famero de casos confirmados acumulados en los 14 d\u00edas previos, sea superior a 1,20 (es decir, que los casos aumenten un 20% de una quincena a la otra)<\/span><\/strong><\/p>\n\n\n\n<p><strong><span class=\"has-inline-color has-luminous-vivid-orange-color\">2 &#8211; INCIDENCIA: cuando el n\u00famero de casos confirmados acumulados de los \u00faltimos 14 d\u00edas por 100 mil habitantes, sea superior a 150<\/span><\/strong><\/p>\n\n\n\n<p><span class=\"has-inline-color has-luminous-vivid-orange-color\"><strong>En funci\u00f3n de estos indicadores, el gobierno nacional solicitar\u00e1 a las autoridades locales que apliquen medidas para disminuir los contactos, priorizando la limitaci\u00f3n de la circulaci\u00f3n nocturna.<\/strong><\/span><\/p>\n\n\n\n<p>Cafiero indic\u00f3 que hay zonas donde efectivamente ya se cumplen estos par\u00e1metros, como en Mar del Plata y Pinamar. El ministro coordinador resalt\u00f3 adem\u00e1s que la Ciudad de Buenos Aires atraviesa una aceleraci\u00f3n de la curva similar a la de agosto, cuando alcanz\u00f3 el pico de enfermos.<\/p>\n\n\n\n<h2 class=\"wp-block-heading\"><a href=\"https:\/\/drive.google.com\/file\/d\/1mCVMPrrDds5omoyl_sTcArcrCfBdpYC5\/view\" target=\"_blank\" rel=\"noreferrer noopener\">El decreto que establece los criterios de restricci\u00f3n nocturna<\/a><\/h2>\n\n\n\n<p><strong>ART\u00cdCULO 1\u00b0.- CONDICI\u00d3N EPIDEMIOL\u00d3GICA Y EVALUACI\u00d3N DE RIESGO.<\/strong><\/p>\n\n\n\n<p>En el marco de lo establecido en el primer p\u00e1rrafo del art\u00edculo 4\u00b0 del Decreto N\u00b0 1033\/20,&nbsp;<mark>se define que existe alto riesgo sanitario y condiciones epidemiol\u00f3gicas que ameritan por parte de los Gobernadores y las Gobernadoras de Provincias y del Jefe de Gobierno de la CIUDAD AUT\u00d3NOMA DE BUENOS AIRES, adoptar medidas de limitaci\u00f3n de la circulaci\u00f3n<\/mark>, cuando se cumplan los siguientes par\u00e1metros sanitarios:<\/p>\n\n\n\n<p>La raz\u00f3n de casos, definida como el cociente entre el n\u00famero de casos confirmados acumulados en los \u00faltimos CATORCE (14) d\u00edas y el n\u00famero de casos confirmados acumulados en los CATORCE (14) d\u00edas previos, sea superior a UNO COMA VEINTE (1,20).<\/p>\n\n\n\n<p>Y la incidencia definida como el n\u00famero de casos confirmados acumulados de los \u00faltimos CATORCE(14) d\u00edas por CIEN MIL (100.000) habitantes, sea superior a CIENTO CINCUENTA (150).<\/p>\n\n\n\n<p><strong>ART\u00cdCULO 2\u00b0.- NOCTURNIDAD. SITUACIONES QUE FAVORECEN LA CIRCULACI\u00d3N DEL VIRUS.<\/strong><\/p>\n\n\n\n<p>Observando la din\u00e1mica de la transmisi\u00f3n de los nuevos contagios del virus SARS-CoV2, las autoridades provinciales y de la CIUDAD AUT\u00d3NOMA DE BUENOS AIRES, con el objetivo de evitar situaciones que puedan favorecer su propagaci\u00f3n,&nbsp;<mark>deber\u00e1n priorizar la limitaci\u00f3n de la circulaci\u00f3n en el horario nocturno<\/mark>, dado que, a partir de la experiencia nacional e internacional, se ha podido establecer que&nbsp;<mark>las actividades que conllevan alto riesgo de transmisi\u00f3n son las que implican contacto estrecho prolongado en espacios cerrados con escasa ventilaci\u00f3n o abiertos que involucran la concentraci\u00f3n de personas, dificultan el uso de tapabocas\/ nariz y el mantenimiento de la distancia f\u00edsica.<\/mark><\/p>\n\n\n\n<p><strong>ART\u00cdCULO 3\u00b0.- ARTICULACI\u00d3N.<\/strong><\/p>\n\n\n\n<p>Con el fin de colaborar con el monitoreo de los indicadores mencionados en el art\u00edculo 1\u00b0, el MINISTERIO DE SALUD de la Naci\u00f3n articular\u00e1 con las autoridades sanitarias de las distintas jurisdicciones.<\/p>\n\n\n\n<p><strong>ART\u00cdCULO 4\u00b0.- CONTROL. COOPERACI\u00d3N.<\/strong><\/p>\n\n\n\n<p>En aquellos casos en los cuales los Gobernadores y las Gobernadoras de Provincias o el Jefe de Gobierno de la CIUDAD AUT\u00d3NOMA DE BUENOS AIRES adopten medidas que limiten la circulaci\u00f3n de las personas podr\u00e1n requerir al MINISTERIO DE SEGURIDAD de la Naci\u00f3n o a otras autoridades del Sector P\u00fablico Nacional su cooperaci\u00f3n para realizar controles en rutas, v\u00edas de acceso, espacios p\u00fablicos y dem\u00e1s lugares estrat\u00e9gicos que determinen con el fin de coadyuvar a garantizar el cumplimiento de las medidas de protecci\u00f3n sanitaria que evitan la propagaci\u00f3n del virus.<\/p>\n\n\n\n<p><strong>ART\u00cdCULO 5\u00b0<\/strong>.- El presente decreto entrar\u00e1 en vigencia el d\u00eda de su publicaci\u00f3n en el BOLET\u00cdN OFICIAL.<\/p>\n\n\n\n<p><strong>ART\u00cdCULO 6\u00b0<\/strong>.- Comun\u00edquese, publ\u00edquese, dese a la DIRECCI\u00d3N NACIONAL DEL REGISTRO OFICIAL y arch\u00edvese.<\/p>\n\n\n\n<p>Fuente: Infobae<\/p>\n","protected":false},"excerpt":{"rendered":"<p>El jefe de Gabinete, Santiago Cafiero, anunci\u00f3 que el Gobierno emitir\u00e1 un decreto que regula en qu\u00e9 momento los gobernadores&hellip;<\/p>\n","protected":false},"author":1,"featured_media":7539,"comment_status":"closed","ping_status":"closed","sticky":false,"template":"","format":"standard","meta":{"_joinchat":[],"footnotes":""},"categories":[65,1,69,352],"tags":[345],"class_list":["post-7538","post","type-post","status-publish","format-standard","has-post-thumbnail","hentry","category-destacados","category-sincategoria","category-noticias","category-salud","tag-destacar"],"yoast_head":"<!-- This site is optimized with the Yoast SEO plugin v25.1 - https:\/\/yoast.com\/wordpress\/plugins\/seo\/ -->\n<title>OFICIAL: EL GOBIERNO ESTABLECI\u00d3 NUEVAS PAUTAS PARA QUE LOS GOBERNADORES RESTRINJAN LA CIRCULACI\u00d3N ANTE EL AUMENTO DE CASOS DE CORONAVIRUS - Del \u00c9xodo Nogoy\u00e1<\/title>\n<meta name=\"robots\" content=\"index, follow, max-snippet:-1, max-image-preview:large, max-video-preview:-1\" \/>\n<link rel=\"canonical\" href=\"https:\/\/www.delexodo.com.ar\/?p=7538\" \/>\n<meta property=\"og:locale\" content=\"es_ES\" \/>\n<meta property=\"og:type\" content=\"article\" \/>\n<meta property=\"og:title\" content=\"OFICIAL: EL GOBIERNO ESTABLECI\u00d3 NUEVAS PAUTAS PARA QUE LOS GOBERNADORES RESTRINJAN LA CIRCULACI\u00d3N ANTE EL AUMENTO DE CASOS DE CORONAVIRUS - Del \u00c9xodo Nogoy\u00e1\" \/>\n<meta property=\"og:description\" content=\"El jefe de Gabinete, Santiago Cafiero, anunci\u00f3 que el Gobierno emitir\u00e1 un decreto que regula en qu\u00e9 momento los gobernadores&hellip;\" \/>\n<meta property=\"og:url\" content=\"https:\/\/www.delexodo.com.ar\/?p=7538\" \/>\n<meta property=\"og:site_name\" content=\"Del \u00c9xodo Nogoy\u00e1\" \/>\n<meta property=\"article:published_time\" content=\"2021-01-08T16:14:43+00:00\" \/>\n<meta property=\"article:modified_time\" content=\"2021-01-08T19:18:29+00:00\" \/>\n<meta property=\"og:image\" content=\"https:\/\/www.delexodo.com.ar\/wp-content\/uploads\/2021\/01\/LAMMENS-CAFIERO-VIZOTTI.jpg\" \/>\n\t<meta property=\"og:image:width\" content=\"954\" \/>\n\t<meta property=\"og:image:height\" content=\"453\" \/>\n\t<meta property=\"og:image:type\" content=\"image\/jpeg\" \/>\n<meta name=\"author\" content=\"admin\" \/>\n<meta name=\"twitter:card\" content=\"summary_large_image\" \/>\n<meta name=\"twitter:label1\" content=\"Escrito por\" \/>\n\t<meta name=\"twitter:data1\" content=\"admin\" \/>\n\t<meta name=\"twitter:label2\" content=\"Tiempo de lectura\" \/>\n\t<meta name=\"twitter:data2\" content=\"5 minutos\" \/>\n<script type=\"application\/ld+json\" class=\"yoast-schema-graph\">{\"@context\":\"https:\/\/schema.org\",\"@graph\":[{\"@type\":\"Article\",\"@id\":\"https:\/\/www.delexodo.com.ar\/?p=7538#article\",\"isPartOf\":{\"@id\":\"https:\/\/www.delexodo.com.ar\/?p=7538\"},\"author\":{\"name\":\"admin\",\"@id\":\"https:\/\/www.delexodo.com.ar\/#\/schema\/person\/bbed37f7da8e938660b34f2013ba449d\"},\"headline\":\"OFICIAL: EL GOBIERNO ESTABLECI\u00d3 NUEVAS PAUTAS PARA QUE LOS GOBERNADORES RESTRINJAN LA CIRCULACI\u00d3N ANTE EL AUMENTO DE CASOS DE CORONAVIRUS\",\"datePublished\":\"2021-01-08T16:14:43+00:00\",\"dateModified\":\"2021-01-08T19:18:29+00:00\",\"mainEntityOfPage\":{\"@id\":\"https:\/\/www.delexodo.com.ar\/?p=7538\"},\"wordCount\":1008,\"publisher\":{\"@id\":\"https:\/\/www.delexodo.com.ar\/#organization\"},\"image\":{\"@id\":\"https:\/\/www.delexodo.com.ar\/?p=7538#primaryimage\"},\"thumbnailUrl\":\"https:\/\/www.delexodo.com.ar\/wp-content\/uploads\/2021\/01\/LAMMENS-CAFIERO-VIZOTTI.jpg\",\"keywords\":[\"destacar\"],\"articleSection\":[\"Destacados\",\"Nogoya\",\"NOTICIAS\",\"Salud\"],\"inLanguage\":\"es\"},{\"@type\":\"WebPage\",\"@id\":\"https:\/\/www.delexodo.com.ar\/?p=7538\",\"url\":\"https:\/\/www.delexodo.com.ar\/?p=7538\",\"name\":\"OFICIAL: EL GOBIERNO ESTABLECI\u00d3 NUEVAS PAUTAS PARA QUE LOS GOBERNADORES RESTRINJAN LA CIRCULACI\u00d3N ANTE EL AUMENTO DE CASOS DE CORONAVIRUS - Del \u00c9xodo Nogoy\u00e1\",\"isPartOf\":{\"@id\":\"https:\/\/www.delexodo.com.ar\/#website\"},\"primaryImageOfPage\":{\"@id\":\"https:\/\/www.delexodo.com.ar\/?p=7538#primaryimage\"},\"image\":{\"@id\":\"https:\/\/www.delexodo.com.ar\/?p=7538#primaryimage\"},\"thumbnailUrl\":\"https:\/\/www.delexodo.com.ar\/wp-content\/uploads\/2021\/01\/LAMMENS-CAFIERO-VIZOTTI.jpg\",\"datePublished\":\"2021-01-08T16:14:43+00:00\",\"dateModified\":\"2021-01-08T19:18:29+00:00\",\"breadcrumb\":{\"@id\":\"https:\/\/www.delexodo.com.ar\/?p=7538#breadcrumb\"},\"inLanguage\":\"es\",\"potentialAction\":[{\"@type\":\"ReadAction\",\"target\":[\"https:\/\/www.delexodo.com.ar\/?p=7538\"]}]},{\"@type\":\"ImageObject\",\"inLanguage\":\"es\",\"@id\":\"https:\/\/www.delexodo.com.ar\/?p=7538#primaryimage\",\"url\":\"https:\/\/www.delexodo.com.ar\/wp-content\/uploads\/2021\/01\/LAMMENS-CAFIERO-VIZOTTI.jpg\",\"contentUrl\":\"https:\/\/www.delexodo.com.ar\/wp-content\/uploads\/2021\/01\/LAMMENS-CAFIERO-VIZOTTI.jpg\",\"width\":954,\"height\":453},{\"@type\":\"BreadcrumbList\",\"@id\":\"https:\/\/www.delexodo.com.ar\/?p=7538#breadcrumb\",\"itemListElement\":[{\"@type\":\"ListItem\",\"position\":1,\"name\":\"Portada\",\"item\":\"https:\/\/www.delexodo.com.ar\/\"},{\"@type\":\"ListItem\",\"position\":2,\"name\":\"OFICIAL: EL GOBIERNO ESTABLECI\u00d3 NUEVAS PAUTAS PARA QUE LOS GOBERNADORES RESTRINJAN LA CIRCULACI\u00d3N ANTE EL AUMENTO DE CASOS DE CORONAVIRUS\"}]},{\"@type\":\"WebSite\",\"@id\":\"https:\/\/www.delexodo.com.ar\/#website\",\"url\":\"https:\/\/www.delexodo.com.ar\/\",\"name\":\"Del \u00c9xodo Nogoy\u00e1\",\"description\":\"El Portal de Noticias de la Regi\u00f3n\",\"publisher\":{\"@id\":\"https:\/\/www.delexodo.com.ar\/#organization\"},\"potentialAction\":[{\"@type\":\"SearchAction\",\"target\":{\"@type\":\"EntryPoint\",\"urlTemplate\":\"https:\/\/www.delexodo.com.ar\/?s={search_term_string}\"},\"query-input\":{\"@type\":\"PropertyValueSpecification\",\"valueRequired\":true,\"valueName\":\"search_term_string\"}}],\"inLanguage\":\"es\"},{\"@type\":\"Organization\",\"@id\":\"https:\/\/www.delexodo.com.ar\/#organization\",\"name\":\"Del \u00c9xodo Nogoy\u00e1\",\"url\":\"https:\/\/www.delexodo.com.ar\/\",\"logo\":{\"@type\":\"ImageObject\",\"inLanguage\":\"es\",\"@id\":\"https:\/\/www.delexodo.com.ar\/#\/schema\/logo\/image\/\",\"url\":\"https:\/\/www.delexodo.com.ar\/wp-content\/uploads\/2024\/10\/cropped-cropped-LOGO24.png\",\"contentUrl\":\"https:\/\/www.delexodo.com.ar\/wp-content\/uploads\/2024\/10\/cropped-cropped-LOGO24.png\",\"width\":512,\"height\":349,\"caption\":\"Del \u00c9xodo Nogoy\u00e1\"},\"image\":{\"@id\":\"https:\/\/www.delexodo.com.ar\/#\/schema\/logo\/image\/\"}},{\"@type\":\"Person\",\"@id\":\"https:\/\/www.delexodo.com.ar\/#\/schema\/person\/bbed37f7da8e938660b34f2013ba449d\",\"name\":\"admin\",\"image\":{\"@type\":\"ImageObject\",\"inLanguage\":\"es\",\"@id\":\"https:\/\/www.delexodo.com.ar\/#\/schema\/person\/image\/\",\"url\":\"https:\/\/secure.gravatar.com\/avatar\/6b1558d1b6df085f1901bd5bd98523d7?s=96&d=mm&r=g\",\"contentUrl\":\"https:\/\/secure.gravatar.com\/avatar\/6b1558d1b6df085f1901bd5bd98523d7?s=96&d=mm&r=g\",\"caption\":\"admin\"},\"url\":\"https:\/\/www.delexodo.com.ar\/?author=1\"}]}<\/script>\n<!-- \/ Yoast SEO plugin. -->","yoast_head_json":{"title":"OFICIAL: EL GOBIERNO ESTABLECI\u00d3 NUEVAS PAUTAS PARA QUE LOS GOBERNADORES RESTRINJAN LA CIRCULACI\u00d3N ANTE EL AUMENTO DE CASOS DE CORONAVIRUS - Del \u00c9xodo Nogoy\u00e1","robots":{"index":"index","follow":"follow","max-snippet":"max-snippet:-1","max-image-preview":"max-image-preview:large","max-video-preview":"max-video-preview:-1"},"canonical":"https:\/\/www.delexodo.com.ar\/?p=7538","og_locale":"es_ES","og_type":"article","og_title":"OFICIAL: EL GOBIERNO ESTABLECI\u00d3 NUEVAS PAUTAS PARA QUE LOS GOBERNADORES RESTRINJAN LA CIRCULACI\u00d3N ANTE EL AUMENTO DE CASOS DE CORONAVIRUS - Del \u00c9xodo Nogoy\u00e1","og_description":"El jefe de Gabinete, Santiago Cafiero, anunci\u00f3 que el Gobierno emitir\u00e1 un decreto que regula en qu\u00e9 momento los gobernadores&hellip;","og_url":"https:\/\/www.delexodo.com.ar\/?p=7538","og_site_name":"Del \u00c9xodo Nogoy\u00e1","article_published_time":"2021-01-08T16:14:43+00:00","article_modified_time":"2021-01-08T19:18:29+00:00","og_image":[{"width":954,"height":453,"url":"https:\/\/www.delexodo.com.ar\/wp-content\/uploads\/2021\/01\/LAMMENS-CAFIERO-VIZOTTI.jpg","type":"image\/jpeg"}],"author":"admin","twitter_card":"summary_large_image","twitter_misc":{"Escrito por":"admin","Tiempo de lectura":"5 minutos"},"schema":{"@context":"https:\/\/schema.org","@graph":[{"@type":"Article","@id":"https:\/\/www.delexodo.com.ar\/?p=7538#article","isPartOf":{"@id":"https:\/\/www.delexodo.com.ar\/?p=7538"},"author":{"name":"admin","@id":"https:\/\/www.delexodo.com.ar\/#\/schema\/person\/bbed37f7da8e938660b34f2013ba449d"},"headline":"OFICIAL: EL GOBIERNO ESTABLECI\u00d3 NUEVAS PAUTAS PARA QUE LOS GOBERNADORES RESTRINJAN LA CIRCULACI\u00d3N ANTE EL AUMENTO DE CASOS DE CORONAVIRUS","datePublished":"2021-01-08T16:14:43+00:00","dateModified":"2021-01-08T19:18:29+00:00","mainEntityOfPage":{"@id":"https:\/\/www.delexodo.com.ar\/?p=7538"},"wordCount":1008,"publisher":{"@id":"https:\/\/www.delexodo.com.ar\/#organization"},"image":{"@id":"https:\/\/www.delexodo.com.ar\/?p=7538#primaryimage"},"thumbnailUrl":"https:\/\/www.delexodo.com.ar\/wp-content\/uploads\/2021\/01\/LAMMENS-CAFIERO-VIZOTTI.jpg","keywords":["destacar"],"articleSection":["Destacados","Nogoya","NOTICIAS","Salud"],"inLanguage":"es"},{"@type":"WebPage","@id":"https:\/\/www.delexodo.com.ar\/?p=7538","url":"https:\/\/www.delexodo.com.ar\/?p=7538","name":"OFICIAL: EL GOBIERNO ESTABLECI\u00d3 NUEVAS PAUTAS PARA QUE LOS GOBERNADORES RESTRINJAN LA CIRCULACI\u00d3N ANTE EL AUMENTO DE CASOS DE CORONAVIRUS - Del \u00c9xodo Nogoy\u00e1","isPartOf":{"@id":"https:\/\/www.delexodo.com.ar\/#website"},"primaryImageOfPage":{"@id":"https:\/\/www.delexodo.com.ar\/?p=7538#primaryimage"},"image":{"@id":"https:\/\/www.delexodo.com.ar\/?p=7538#primaryimage"},"thumbnailUrl":"https:\/\/www.delexodo.com.ar\/wp-content\/uploads\/2021\/01\/LAMMENS-CAFIERO-VIZOTTI.jpg","datePublished":"2021-01-08T16:14:43+00:00","dateModified":"2021-01-08T19:18:29+00:00","breadcrumb":{"@id":"https:\/\/www.delexodo.com.ar\/?p=7538#breadcrumb"},"inLanguage":"es","potentialAction":[{"@type":"ReadAction","target":["https:\/\/www.delexodo.com.ar\/?p=7538"]}]},{"@type":"ImageObject","inLanguage":"es","@id":"https:\/\/www.delexodo.com.ar\/?p=7538#primaryimage","url":"https:\/\/www.delexodo.com.ar\/wp-content\/uploads\/2021\/01\/LAMMENS-CAFIERO-VIZOTTI.jpg","contentUrl":"https:\/\/www.delexodo.com.ar\/wp-content\/uploads\/2021\/01\/LAMMENS-CAFIERO-VIZOTTI.jpg","width":954,"height":453},{"@type":"BreadcrumbList","@id":"https:\/\/www.delexodo.com.ar\/?p=7538#breadcrumb","itemListElement":[{"@type":"ListItem","position":1,"name":"Portada","item":"https:\/\/www.delexodo.com.ar\/"},{"@type":"ListItem","position":2,"name":"OFICIAL: EL GOBIERNO ESTABLECI\u00d3 NUEVAS PAUTAS PARA QUE LOS GOBERNADORES RESTRINJAN LA CIRCULACI\u00d3N ANTE EL AUMENTO DE CASOS DE CORONAVIRUS"}]},{"@type":"WebSite","@id":"https:\/\/www.delexodo.com.ar\/#website","url":"https:\/\/www.delexodo.com.ar\/","name":"Del \u00c9xodo Nogoy\u00e1","description":"El Portal de Noticias de la Regi\u00f3n","publisher":{"@id":"https:\/\/www.delexodo.com.ar\/#organization"},"potentialAction":[{"@type":"SearchAction","target":{"@type":"EntryPoint","urlTemplate":"https:\/\/www.delexodo.com.ar\/?s={search_term_string}"},"query-input":{"@type":"PropertyValueSpecification","valueRequired":true,"valueName":"search_term_string"}}],"inLanguage":"es"},{"@type":"Organization","@id":"https:\/\/www.delexodo.com.ar\/#organization","name":"Del \u00c9xodo Nogoy\u00e1","url":"https:\/\/www.delexodo.com.ar\/","logo":{"@type":"ImageObject","inLanguage":"es","@id":"https:\/\/www.delexodo.com.ar\/#\/schema\/logo\/image\/","url":"https:\/\/www.delexodo.com.ar\/wp-content\/uploads\/2024\/10\/cropped-cropped-LOGO24.png","contentUrl":"https:\/\/www.delexodo.com.ar\/wp-content\/uploads\/2024\/10\/cropped-cropped-LOGO24.png","width":512,"height":349,"caption":"Del \u00c9xodo Nogoy\u00e1"},"image":{"@id":"https:\/\/www.delexodo.com.ar\/#\/schema\/logo\/image\/"}},{"@type":"Person","@id":"https:\/\/www.delexodo.com.ar\/#\/schema\/person\/bbed37f7da8e938660b34f2013ba449d","name":"admin","image":{"@type":"ImageObject","inLanguage":"es","@id":"https:\/\/www.delexodo.com.ar\/#\/schema\/person\/image\/","url":"https:\/\/secure.gravatar.com\/avatar\/6b1558d1b6df085f1901bd5bd98523d7?s=96&d=mm&r=g","contentUrl":"https:\/\/secure.gravatar.com\/avatar\/6b1558d1b6df085f1901bd5bd98523d7?s=96&d=mm&r=g","caption":"admin"},"url":"https:\/\/www.delexodo.com.ar\/?author=1"}]}},"_links":{"self":[{"href":"https:\/\/www.delexodo.com.ar\/index.php?rest_route=\/wp\/v2\/posts\/7538","targetHints":{"allow":["GET"]}}],"collection":[{"href":"https:\/\/www.delexodo.com.ar\/index.php?rest_route=\/wp\/v2\/posts"}],"about":[{"href":"https:\/\/www.delexodo.com.ar\/index.php?rest_route=\/wp\/v2\/types\/post"}],"author":[{"embeddable":true,"href":"https:\/\/www.delexodo.com.ar\/index.php?rest_route=\/wp\/v2\/users\/1"}],"replies":[{"embeddable":true,"href":"https:\/\/www.delexodo.com.ar\/index.php?rest_route=%2Fwp%2Fv2%2Fcomments&post=7538"}],"version-history":[{"count":0,"href":"https:\/\/www.delexodo.com.ar\/index.php?rest_route=\/wp\/v2\/posts\/7538\/revisions"}],"wp:featuredmedia":[{"embeddable":true,"href":"https:\/\/www.delexodo.com.ar\/index.php?rest_route=\/wp\/v2\/media\/7539"}],"wp:attachment":[{"href":"https:\/\/www.delexodo.com.ar\/index.php?rest_route=%2Fwp%2Fv2%2Fmedia&parent=7538"}],"wp:term":[{"taxonomy":"category","embeddable":true,"href":"https:\/\/www.delexodo.com.ar\/index.php?rest_route=%2Fwp%2Fv2%2Fcategories&post=7538"},{"taxonomy":"post_tag","embeddable":true,"href":"https:\/\/www.delexodo.com.ar\/index.php?rest_route=%2Fwp%2Fv2%2Ftags&post=7538"}],"curies":[{"name":"wp","href":"https:\/\/api.w.org\/{rel}","templated":true}]}}