{"id":7535,"date":"2021-01-05T22:50:08","date_gmt":"2021-01-06T01:50:08","guid":{"rendered":"http:\/\/www.delexodo.com.ar\/?p=7535"},"modified":"2021-01-05T22:50:09","modified_gmt":"2021-01-06T01:50:09","slug":"tres-entidades-confirmaron-un-paro-por-tres-dias","status":"publish","type":"post","link":"https:\/\/www.delexodo.com.ar\/?p=7535","title":{"rendered":"TRES ENTIDADES CONFIRMARON UN PARO POR TRES D\u00cdAS"},"content":{"rendered":"\n<p>Ser\u00e1 desde el lunes 11 de enero hasta el mi\u00e9rcoles 13 inclusive con un cese de comercializaci\u00f3n de todos los granos. El comunicado no tiene la firma de CONINAGRO que no adhiri\u00f3 a la medida de fuerza.<\/p>\n\n\n\n<p><strong><em>\u201cComo ha venido sucediendo desde su creaci\u00f3n, en la Comisi\u00f3n de Enlace de Entidades Agropecuarias hemos procurado trabajar siempre sobre las coincidencias que existen quienes la conformamos\u201d<\/em><\/strong>, as\u00ed comienza un comunicado de prensa emitido en la tarde de hoy.<\/p>\n\n\n\n<p>Seg\u00fan destacan esas coincidencias indican que las cuatro entidades que integran la Comisi\u00f3n <em>\u201crechazan el cierre del registro de exportaci\u00f3n de ma\u00edz por tratarse de una medida absolutamente perjudicial para el campo y para la Argentina en su conjunto, como hemos venido sosteniendo desde su anuncio\u201d<\/em> manifestaron.<\/p>\n\n\n\n<p>Respecto a las definiciones admitieron que <em>\u201cas\u00ed como hemos trabajado sobre los consensos, tambi\u00e9n hemos sido respetuosos de la autonom\u00eda que tiene cada una de las entidades al interior de sus \u00f3rganos de Gobierno\u201d<\/em>.<\/p>\n\n\n\n<blockquote class=\"wp-block-quote is-layout-flow wp-block-quote-is-layout-flow\"><p><a href=\"https:\/\/www.delexodo.com.ar\/esta-medida-es-una-nueva-usurpacion-la-faa-convoca-a-una-asamblea-ciudadana-para-el-domingo-10\/\" target=\"_blank\" rel=\"noreferrer noopener\">\u201cESTA MEDIDA ES UNA NUEVA USURPACI\u00d3N\u201d \u2013 LA FAA CONVOCA A UNA ASAMBLEA CIUDADANA PARA EL DOMINGO 10<\/a><\/p><\/blockquote>\n\n\n\n<p>Al referirse a las definiciones; desde CRA, FAA y la SRA (sin la firma de CONINAGRO) anunciaron formalmente <em>un \u201ccese de comercializaci\u00f3n de todos los granos desde las 0 horas del lunes 11 de enero hasta las 24 horas del mi\u00e9rcoles 13 de enero del corriente\u201d<\/em>.<\/p>\n\n\n\n<p>En este sentido instaron a revisar esta medida a la que calificaron como <strong><em>\u201cabsolutamente negativa para los intereses de todos los argentinos, en un marco del di\u00e1logo con las autoridades que puedan resolver los destinos del futuro del campo y del pa\u00eds\u201d<\/em><\/strong>.<\/p>\n\n\n\n<p>Fuente: campototalweb.com.ar<\/p>\n","protected":false},"excerpt":{"rendered":"<p>Ser\u00e1 desde el lunes 11 de enero hasta el mi\u00e9rcoles 13 inclusive con un cese de comercializaci\u00f3n de todos los&hellip;<\/p>\n","protected":false},"author":1,"featured_media":7536,"comment_status":"closed","ping_status":"closed","sticky":false,"template":"","format":"standard","meta":{"_joinchat":[],"footnotes":""},"categories":[65,351,69],"tags":[],"class_list":["post-7535","post","type-post","status-publish","format-standard","has-post-thumbnail","hentry","category-destacados","category-el-campo","category-noticias"],"yoast_head":"<!-- This site is optimized with the Yoast SEO plugin v25.1 - https:\/\/yoast.com\/wordpress\/plugins\/seo\/ -->\n<title>TRES ENTIDADES CONFIRMARON UN PARO POR TRES D\u00cdAS - Del \u00c9xodo Nogoy\u00e1<\/title>\n<meta name=\"robots\" content=\"index, follow, max-snippet:-1, max-image-preview:large, max-video-preview:-1\" \/>\n<link rel=\"canonical\" href=\"https:\/\/www.delexodo.com.ar\/?p=7535\" \/>\n<meta property=\"og:locale\" content=\"es_ES\" \/>\n<meta property=\"og:type\" content=\"article\" \/>\n<meta property=\"og:title\" content=\"TRES ENTIDADES CONFIRMARON UN PARO POR TRES D\u00cdAS - Del \u00c9xodo Nogoy\u00e1\" \/>\n<meta property=\"og:description\" content=\"Ser\u00e1 desde el lunes 11 de enero hasta el mi\u00e9rcoles 13 inclusive con un cese de comercializaci\u00f3n de todos los&hellip;\" \/>\n<meta property=\"og:url\" content=\"https:\/\/www.delexodo.com.ar\/?p=7535\" \/>\n<meta property=\"og:site_name\" content=\"Del \u00c9xodo Nogoy\u00e1\" \/>\n<meta property=\"article:published_time\" content=\"2021-01-06T01:50:08+00:00\" \/>\n<meta property=\"article:modified_time\" content=\"2021-01-06T01:50:09+00:00\" \/>\n<meta property=\"og:image\" content=\"https:\/\/www.delexodo.com.ar\/wp-content\/uploads\/2021\/01\/PARO-DEL-CAMPO.jpg\" \/>\n\t<meta property=\"og:image:width\" content=\"730\" \/>\n\t<meta property=\"og:image:height\" content=\"412\" \/>\n\t<meta property=\"og:image:type\" content=\"image\/jpeg\" \/>\n<meta name=\"author\" content=\"admin\" \/>\n<meta name=\"twitter:card\" content=\"summary_large_image\" \/>\n<meta name=\"twitter:label1\" content=\"Escrito por\" \/>\n\t<meta name=\"twitter:data1\" content=\"admin\" \/>\n\t<meta name=\"twitter:label2\" content=\"Tiempo de lectura\" \/>\n\t<meta name=\"twitter:data2\" content=\"1 minuto\" \/>\n<script type=\"application\/ld+json\" class=\"yoast-schema-graph\">{\"@context\":\"https:\/\/schema.org\",\"@graph\":[{\"@type\":\"Article\",\"@id\":\"https:\/\/www.delexodo.com.ar\/?p=7535#article\",\"isPartOf\":{\"@id\":\"https:\/\/www.delexodo.com.ar\/?p=7535\"},\"author\":{\"name\":\"admin\",\"@id\":\"https:\/\/www.delexodo.com.ar\/#\/schema\/person\/bbed37f7da8e938660b34f2013ba449d\"},\"headline\":\"TRES ENTIDADES CONFIRMARON UN PARO POR TRES D\u00cdAS\",\"datePublished\":\"2021-01-06T01:50:08+00:00\",\"dateModified\":\"2021-01-06T01:50:09+00:00\",\"mainEntityOfPage\":{\"@id\":\"https:\/\/www.delexodo.com.ar\/?p=7535\"},\"wordCount\":283,\"publisher\":{\"@id\":\"https:\/\/www.delexodo.com.ar\/#organization\"},\"image\":{\"@id\":\"https:\/\/www.delexodo.com.ar\/?p=7535#primaryimage\"},\"thumbnailUrl\":\"https:\/\/www.delexodo.com.ar\/wp-content\/uploads\/2021\/01\/PARO-DEL-CAMPO.jpg\",\"articleSection\":[\"Destacados\",\"El Campo\",\"NOTICIAS\"],\"inLanguage\":\"es\"},{\"@type\":\"WebPage\",\"@id\":\"https:\/\/www.delexodo.com.ar\/?p=7535\",\"url\":\"https:\/\/www.delexodo.com.ar\/?p=7535\",\"name\":\"TRES ENTIDADES CONFIRMARON UN PARO POR TRES D\u00cdAS - Del \u00c9xodo Nogoy\u00e1\",\"isPartOf\":{\"@id\":\"https:\/\/www.delexodo.com.ar\/#website\"},\"primaryImageOfPage\":{\"@id\":\"https:\/\/www.delexodo.com.ar\/?p=7535#primaryimage\"},\"image\":{\"@id\":\"https:\/\/www.delexodo.com.ar\/?p=7535#primaryimage\"},\"thumbnailUrl\":\"https:\/\/www.delexodo.com.ar\/wp-content\/uploads\/2021\/01\/PARO-DEL-CAMPO.jpg\",\"datePublished\":\"2021-01-06T01:50:08+00:00\",\"dateModified\":\"2021-01-06T01:50:09+00:00\",\"breadcrumb\":{\"@id\":\"https:\/\/www.delexodo.com.ar\/?p=7535#breadcrumb\"},\"inLanguage\":\"es\",\"potentialAction\":[{\"@type\":\"ReadAction\",\"target\":[\"https:\/\/www.delexodo.com.ar\/?p=7535\"]}]},{\"@type\":\"ImageObject\",\"inLanguage\":\"es\",\"@id\":\"https:\/\/www.delexodo.com.ar\/?p=7535#primaryimage\",\"url\":\"https:\/\/www.delexodo.com.ar\/wp-content\/uploads\/2021\/01\/PARO-DEL-CAMPO.jpg\",\"contentUrl\":\"https:\/\/www.delexodo.com.ar\/wp-content\/uploads\/2021\/01\/PARO-DEL-CAMPO.jpg\",\"width\":730,\"height\":412},{\"@type\":\"BreadcrumbList\",\"@id\":\"https:\/\/www.delexodo.com.ar\/?p=7535#breadcrumb\",\"itemListElement\":[{\"@type\":\"ListItem\",\"position\":1,\"name\":\"Portada\",\"item\":\"https:\/\/www.delexodo.com.ar\/\"},{\"@type\":\"ListItem\",\"position\":2,\"name\":\"TRES ENTIDADES CONFIRMARON UN PARO POR TRES D\u00cdAS\"}]},{\"@type\":\"WebSite\",\"@id\":\"https:\/\/www.delexodo.com.ar\/#website\",\"url\":\"https:\/\/www.delexodo.com.ar\/\",\"name\":\"Del \u00c9xodo Nogoy\u00e1\",\"description\":\"El Portal de Noticias de la Regi\u00f3n\",\"publisher\":{\"@id\":\"https:\/\/www.delexodo.com.ar\/#organization\"},\"potentialAction\":[{\"@type\":\"SearchAction\",\"target\":{\"@type\":\"EntryPoint\",\"urlTemplate\":\"https:\/\/www.delexodo.com.ar\/?s={search_term_string}\"},\"query-input\":{\"@type\":\"PropertyValueSpecification\",\"valueRequired\":true,\"valueName\":\"search_term_string\"}}],\"inLanguage\":\"es\"},{\"@type\":\"Organization\",\"@id\":\"https:\/\/www.delexodo.com.ar\/#organization\",\"name\":\"Del \u00c9xodo Nogoy\u00e1\",\"url\":\"https:\/\/www.delexodo.com.ar\/\",\"logo\":{\"@type\":\"ImageObject\",\"inLanguage\":\"es\",\"@id\":\"https:\/\/www.delexodo.com.ar\/#\/schema\/logo\/image\/\",\"url\":\"https:\/\/www.delexodo.com.ar\/wp-content\/uploads\/2024\/10\/cropped-cropped-LOGO24.png\",\"contentUrl\":\"https:\/\/www.delexodo.com.ar\/wp-content\/uploads\/2024\/10\/cropped-cropped-LOGO24.png\",\"width\":512,\"height\":349,\"caption\":\"Del \u00c9xodo Nogoy\u00e1\"},\"image\":{\"@id\":\"https:\/\/www.delexodo.com.ar\/#\/schema\/logo\/image\/\"}},{\"@type\":\"Person\",\"@id\":\"https:\/\/www.delexodo.com.ar\/#\/schema\/person\/bbed37f7da8e938660b34f2013ba449d\",\"name\":\"admin\",\"image\":{\"@type\":\"ImageObject\",\"inLanguage\":\"es\",\"@id\":\"https:\/\/www.delexodo.com.ar\/#\/schema\/person\/image\/\",\"url\":\"https:\/\/secure.gravatar.com\/avatar\/6b1558d1b6df085f1901bd5bd98523d7?s=96&d=mm&r=g\",\"contentUrl\":\"https:\/\/secure.gravatar.com\/avatar\/6b1558d1b6df085f1901bd5bd98523d7?s=96&d=mm&r=g\",\"caption\":\"admin\"},\"url\":\"https:\/\/www.delexodo.com.ar\/?author=1\"}]}<\/script>\n<!-- \/ Yoast SEO plugin. -->","yoast_head_json":{"title":"TRES ENTIDADES CONFIRMARON UN PARO POR TRES D\u00cdAS - Del \u00c9xodo Nogoy\u00e1","robots":{"index":"index","follow":"follow","max-snippet":"max-snippet:-1","max-image-preview":"max-image-preview:large","max-video-preview":"max-video-preview:-1"},"canonical":"https:\/\/www.delexodo.com.ar\/?p=7535","og_locale":"es_ES","og_type":"article","og_title":"TRES ENTIDADES CONFIRMARON UN PARO POR TRES D\u00cdAS - Del \u00c9xodo Nogoy\u00e1","og_description":"Ser\u00e1 desde el lunes 11 de enero hasta el mi\u00e9rcoles 13 inclusive con un cese de comercializaci\u00f3n de todos los&hellip;","og_url":"https:\/\/www.delexodo.com.ar\/?p=7535","og_site_name":"Del \u00c9xodo Nogoy\u00e1","article_published_time":"2021-01-06T01:50:08+00:00","article_modified_time":"2021-01-06T01:50:09+00:00","og_image":[{"width":730,"height":412,"url":"https:\/\/www.delexodo.com.ar\/wp-content\/uploads\/2021\/01\/PARO-DEL-CAMPO.jpg","type":"image\/jpeg"}],"author":"admin","twitter_card":"summary_large_image","twitter_misc":{"Escrito por":"admin","Tiempo de lectura":"1 minuto"},"schema":{"@context":"https:\/\/schema.org","@graph":[{"@type":"Article","@id":"https:\/\/www.delexodo.com.ar\/?p=7535#article","isPartOf":{"@id":"https:\/\/www.delexodo.com.ar\/?p=7535"},"author":{"name":"admin","@id":"https:\/\/www.delexodo.com.ar\/#\/schema\/person\/bbed37f7da8e938660b34f2013ba449d"},"headline":"TRES ENTIDADES CONFIRMARON UN PARO POR TRES D\u00cdAS","datePublished":"2021-01-06T01:50:08+00:00","dateModified":"2021-01-06T01:50:09+00:00","mainEntityOfPage":{"@id":"https:\/\/www.delexodo.com.ar\/?p=7535"},"wordCount":283,"publisher":{"@id":"https:\/\/www.delexodo.com.ar\/#organization"},"image":{"@id":"https:\/\/www.delexodo.com.ar\/?p=7535#primaryimage"},"thumbnailUrl":"https:\/\/www.delexodo.com.ar\/wp-content\/uploads\/2021\/01\/PARO-DEL-CAMPO.jpg","articleSection":["Destacados","El Campo","NOTICIAS"],"inLanguage":"es"},{"@type":"WebPage","@id":"https:\/\/www.delexodo.com.ar\/?p=7535","url":"https:\/\/www.delexodo.com.ar\/?p=7535","name":"TRES ENTIDADES CONFIRMARON UN PARO POR TRES D\u00cdAS - Del \u00c9xodo Nogoy\u00e1","isPartOf":{"@id":"https:\/\/www.delexodo.com.ar\/#website"},"primaryImageOfPage":{"@id":"https:\/\/www.delexodo.com.ar\/?p=7535#primaryimage"},"image":{"@id":"https:\/\/www.delexodo.com.ar\/?p=7535#primaryimage"},"thumbnailUrl":"https:\/\/www.delexodo.com.ar\/wp-content\/uploads\/2021\/01\/PARO-DEL-CAMPO.jpg","datePublished":"2021-01-06T01:50:08+00:00","dateModified":"2021-01-06T01:50:09+00:00","breadcrumb":{"@id":"https:\/\/www.delexodo.com.ar\/?p=7535#breadcrumb"},"inLanguage":"es","potentialAction":[{"@type":"ReadAction","target":["https:\/\/www.delexodo.com.ar\/?p=7535"]}]},{"@type":"ImageObject","inLanguage":"es","@id":"https:\/\/www.delexodo.com.ar\/?p=7535#primaryimage","url":"https:\/\/www.delexodo.com.ar\/wp-content\/uploads\/2021\/01\/PARO-DEL-CAMPO.jpg","contentUrl":"https:\/\/www.delexodo.com.ar\/wp-content\/uploads\/2021\/01\/PARO-DEL-CAMPO.jpg","width":730,"height":412},{"@type":"BreadcrumbList","@id":"https:\/\/www.delexodo.com.ar\/?p=7535#breadcrumb","itemListElement":[{"@type":"ListItem","position":1,"name":"Portada","item":"https:\/\/www.delexodo.com.ar\/"},{"@type":"ListItem","position":2,"name":"TRES ENTIDADES CONFIRMARON UN PARO POR TRES D\u00cdAS"}]},{"@type":"WebSite","@id":"https:\/\/www.delexodo.com.ar\/#website","url":"https:\/\/www.delexodo.com.ar\/","name":"Del \u00c9xodo Nogoy\u00e1","description":"El Portal de Noticias de la Regi\u00f3n","publisher":{"@id":"https:\/\/www.delexodo.com.ar\/#organization"},"potentialAction":[{"@type":"SearchAction","target":{"@type":"EntryPoint","urlTemplate":"https:\/\/www.delexodo.com.ar\/?s={search_term_string}"},"query-input":{"@type":"PropertyValueSpecification","valueRequired":true,"valueName":"search_term_string"}}],"inLanguage":"es"},{"@type":"Organization","@id":"https:\/\/www.delexodo.com.ar\/#organization","name":"Del \u00c9xodo Nogoy\u00e1","url":"https:\/\/www.delexodo.com.ar\/","logo":{"@type":"ImageObject","inLanguage":"es","@id":"https:\/\/www.delexodo.com.ar\/#\/schema\/logo\/image\/","url":"https:\/\/www.delexodo.com.ar\/wp-content\/uploads\/2024\/10\/cropped-cropped-LOGO24.png","contentUrl":"https:\/\/www.delexodo.com.ar\/wp-content\/uploads\/2024\/10\/cropped-cropped-LOGO24.png","width":512,"height":349,"caption":"Del \u00c9xodo Nogoy\u00e1"},"image":{"@id":"https:\/\/www.delexodo.com.ar\/#\/schema\/logo\/image\/"}},{"@type":"Person","@id":"https:\/\/www.delexodo.com.ar\/#\/schema\/person\/bbed37f7da8e938660b34f2013ba449d","name":"admin","image":{"@type":"ImageObject","inLanguage":"es","@id":"https:\/\/www.delexodo.com.ar\/#\/schema\/person\/image\/","url":"https:\/\/secure.gravatar.com\/avatar\/6b1558d1b6df085f1901bd5bd98523d7?s=96&d=mm&r=g","contentUrl":"https:\/\/secure.gravatar.com\/avatar\/6b1558d1b6df085f1901bd5bd98523d7?s=96&d=mm&r=g","caption":"admin"},"url":"https:\/\/www.delexodo.com.ar\/?author=1"}]}},"_links":{"self":[{"href":"https:\/\/www.delexodo.com.ar\/index.php?rest_route=\/wp\/v2\/posts\/7535","targetHints":{"allow":["GET"]}}],"collection":[{"href":"https:\/\/www.delexodo.com.ar\/index.php?rest_route=\/wp\/v2\/posts"}],"about":[{"href":"https:\/\/www.delexodo.com.ar\/index.php?rest_route=\/wp\/v2\/types\/post"}],"author":[{"embeddable":true,"href":"https:\/\/www.delexodo.com.ar\/index.php?rest_route=\/wp\/v2\/users\/1"}],"replies":[{"embeddable":true,"href":"https:\/\/www.delexodo.com.ar\/index.php?rest_route=%2Fwp%2Fv2%2Fcomments&post=7535"}],"version-history":[{"count":0,"href":"https:\/\/www.delexodo.com.ar\/index.php?rest_route=\/wp\/v2\/posts\/7535\/revisions"}],"wp:featuredmedia":[{"embeddable":true,"href":"https:\/\/www.delexodo.com.ar\/index.php?rest_route=\/wp\/v2\/media\/7536"}],"wp:attachment":[{"href":"https:\/\/www.delexodo.com.ar\/index.php?rest_route=%2Fwp%2Fv2%2Fmedia&parent=7535"}],"wp:term":[{"taxonomy":"category","embeddable":true,"href":"https:\/\/www.delexodo.com.ar\/index.php?rest_route=%2Fwp%2Fv2%2Fcategories&post=7535"},{"taxonomy":"post_tag","embeddable":true,"href":"https:\/\/www.delexodo.com.ar\/index.php?rest_route=%2Fwp%2Fv2%2Ftags&post=7535"}],"curies":[{"name":"wp","href":"https:\/\/api.w.org\/{rel}","templated":true}]}}