{"id":7528,"date":"2021-01-05T22:26:54","date_gmt":"2021-01-06T01:26:54","guid":{"rendered":"http:\/\/www.delexodo.com.ar\/?p=7528"},"modified":"2021-01-05T22:26:55","modified_gmt":"2021-01-06T01:26:55","slug":"primero-tu-casa-se-entregaron-12-viviendas-en-hernandez","status":"publish","type":"post","link":"https:\/\/www.delexodo.com.ar\/?p=7528","title":{"rendered":"PRIMERO TU CASA : SE ENTREGARON 12 VIVIENDAS EN HERN\u00c1NDEZ"},"content":{"rendered":"\n<p>En el marco del Programa Primero tu Casa, el gobierno provincial, a trav\u00e9s del Instituto Aut\u00e1rquico de Planeamiento y Vivienda, inaugur\u00f3 12 viviendas en la localidad de Hern\u00e1ndez, departamento Nogoy\u00e1.<\/p>\n\n\n\n<div class=\"wp-block-image\"><figure class=\"alignleft size-large is-resized\"><img loading=\"lazy\" decoding=\"async\" src=\"https:\/\/www.delexodo.com.ar\/wp-content\/uploads\/2021\/01\/MAIDANA-GAIOLI-BORDET-BAHILO-L-STRATTA.jpg\" alt=\"\" class=\"wp-image-7532\" width=\"282\" height=\"176\" srcset=\"https:\/\/www.delexodo.com.ar\/wp-content\/uploads\/2021\/01\/MAIDANA-GAIOLI-BORDET-BAHILO-L-STRATTA.jpg 689w, https:\/\/www.delexodo.com.ar\/wp-content\/uploads\/2021\/01\/MAIDANA-GAIOLI-BORDET-BAHILO-L-STRATTA-300x187.jpg 300w, https:\/\/www.delexodo.com.ar\/wp-content\/uploads\/2021\/01\/MAIDANA-GAIOLI-BORDET-BAHILO-L-STRATTA-95x60.jpg 95w\" sizes=\"auto, (max-width: 282px) 100vw, 282px\" \/><\/figure><\/div>\n\n\n\n<p>El gobernador Bordet estuvo presente junto a la vicegobernadora, Laura Stratta, la Senadora del Dpto. Nogoya Dra. Flavia Maidana, el intendente local Luis Gaioli; el Ministro de Producci\u00f3n Juan Jos\u00e9 Bahillo y el titular del IAPV, Marcelo Bisogni quienes procedieron a la entrega de 12 viviendas en el marco del <strong>Programa Provincial Primero Tu Casa<\/strong>.<\/p>\n\n\n\n<p>En ese contexto Bordet se refiri\u00f3 a que la entrega de viviendas, es <em>\u201cuno de los hechos m\u00e1s gratificantes que tiene la gesti\u00f3n, poder conversar con los vecinos que acceden al techo propio, lo cual es un derecho constitucional\u201d<\/em> y detall\u00f3 <em>\u201ces un programa provincial que hemos instalado para poder generar viviendas, hoy entregamos 12 viviendas y est\u00e1n para terminar en dos meses 20 m\u00e1s y dec\u00eda el intendente que como la municipalidad tiene terreno, autom\u00e1ticamente ya estamos largando otro lote m\u00e1s de viviendas a licitaci\u00f3n\u201d<\/em>.<\/p>\n\n\n\n<figure class=\"wp-block-embed is-type-video is-provider-youtube wp-block-embed-youtube wp-embed-aspect-16-9 wp-has-aspect-ratio\"><div class=\"wp-block-embed__wrapper\">\n<iframe loading=\"lazy\" title=\"Entrega de viviendas en Hern\u00e1ndez\" width=\"500\" height=\"281\" src=\"https:\/\/www.youtube.com\/embed\/RMetvBe2VGk?feature=oembed\" frameborder=\"0\" allow=\"accelerometer; autoplay; clipboard-write; encrypted-media; gyroscope; picture-in-picture; web-share\" referrerpolicy=\"strict-origin-when-cross-origin\" allowfullscreen><\/iframe>\n<\/div><\/figure>\n\n\n\n<p>M\u00e1s adelante, indic\u00f3 <em>\u201ctambi\u00e9n es buena la oportunidad de estar en Hern\u00e1ndez para poder avanzar en la agenda de trabajo com\u00fan que tenemos con el intendente en obras que va definiendo y perfilando el municipio para llevar adelante\u201d<\/em> afirmando que la pandemia no fue un obst\u00e1culo para poder avanzar en obras como la extensi\u00f3n en la red de gas, que son 6.700 metros que se va a ampliar y estiman que en el primer trimestre de este a\u00f1o ya contando con el Presupuesto 2021 estar\u00e1n poniendo en el circuito esta obra de gas.<\/p>\n\n\n\n<div class=\"wp-block-image\"><figure class=\"alignright size-large is-resized\"><img decoding=\"async\" src=\"http:\/\/www.delexodo.com.ar\/wp-content\/uploads\/2021\/01\/MAIDANA-ENTREGA.jpg\" alt=\"\" class=\"wp-image-7530\" width=\"-229\" height=\"-167\" srcset=\"https:\/\/www.delexodo.com.ar\/wp-content\/uploads\/2021\/01\/MAIDANA-ENTREGA.jpg 558w, https:\/\/www.delexodo.com.ar\/wp-content\/uploads\/2021\/01\/MAIDANA-ENTREGA-300x219.jpg 300w\" sizes=\"(max-width: 558px) 100vw, 558px\" \/><\/figure><\/div>\n\n\n\n<p>Por otra parte la Senadora departamental se mostr\u00f3 cercana a la figura del Gobernador y manifest\u00f3 en su red social; <em>\u201cEs muy grato comenzar un a\u00f1o de esta manera, brindando nada m\u00e1s y nada menos que el techo propio a familias entrerrianas\u201d<\/em> participando de la entrega de las llaves a los nuevos propietarios de las flamantes viviendas.<\/p>\n\n\n\n<p>Por su parte el intendente Gaioli, manifest\u00f3 su agradecimiento al gobernador de la provincia por la visita y dijo: <em>\u201cHac\u00eda m\u00e1s de 10 a\u00f1os que no nos visitaba el primer mandatario provincial y no solamente por la satisfacci\u00f3n de contar con su presencia sino de saber que 12 vecinos de nuestra localidad hoy se hicieron de su casa\u201d<\/em>, resalt\u00f3.<\/p>\n\n\n\n<div class=\"wp-block-image\"><figure class=\"aligncenter size-large\"><img loading=\"lazy\" decoding=\"async\" width=\"774\" height=\"479\" src=\"https:\/\/www.delexodo.com.ar\/wp-content\/uploads\/2021\/01\/MAIDANA-BORDET-STRATTA.jpg\" alt=\"\" class=\"wp-image-7533\" srcset=\"https:\/\/www.delexodo.com.ar\/wp-content\/uploads\/2021\/01\/MAIDANA-BORDET-STRATTA.jpg 774w, https:\/\/www.delexodo.com.ar\/wp-content\/uploads\/2021\/01\/MAIDANA-BORDET-STRATTA-300x186.jpg 300w, https:\/\/www.delexodo.com.ar\/wp-content\/uploads\/2021\/01\/MAIDANA-BORDET-STRATTA-768x475.jpg 768w, https:\/\/www.delexodo.com.ar\/wp-content\/uploads\/2021\/01\/MAIDANA-BORDET-STRATTA-95x60.jpg 95w\" sizes=\"auto, (max-width: 774px) 100vw, 774px\" \/><\/figure><\/div>\n\n\n\n<p>En ese sentido se refiri\u00f3 a la satisfacci\u00f3n que sinti\u00f3 al ver la emoci\u00f3n de los vecinos en la entrega: <em>\u201cEra lindo ver la cara de alegr\u00eda de la gente cuando recib\u00eda su carpeta va a poder empezar este a\u00f1o con su propio hogar que para nosotros, los que estamos en la funci\u00f3n, nos toca esta tarea de administrar recursos y generar posibilidades para que la gente se radique y se quede en las localidades\u201d, enfatiz\u00f3 a la vez que resalt\u00f3: \u201cEs muy bueno, muy buenos augurios para este a\u00f1o\u201d<\/em>, indic\u00f3.<\/p>\n\n\n\n<p>Las unidades habitacionales las ejecut\u00f3 la empresa Verco S.A, ubicadas en en Calles Av. Gobernadores Entrerrianos y Pasaje Paseo del Parque, y tiene una inversi\u00f3n de 24.066.629,84 pesos<\/p>\n\n\n\n<p>En Hern\u00e1ndez, se construyeron 12 viviendas. De las cuales, se ejecutaron dos viviendas monoambientes, cinco viviendas de un dormitorio, y cinco soluciones habitacionales de dos dormitorios, una de ellas equipada para situaciones especiales de discapacidad.<\/p>\n\n\n\n<p>Fuente: Paralelo32 \u2013 Prensa Gobierno ER \u2013 Prensa Senadora Maidana.<\/p>\n","protected":false},"excerpt":{"rendered":"<p>En el marco del Programa Primero tu Casa, el gobierno provincial, a trav\u00e9s del Instituto Aut\u00e1rquico de Planeamiento y Vivienda,&hellip;<\/p>\n","protected":false},"author":1,"featured_media":7529,"comment_status":"closed","ping_status":"closed","sticky":false,"template":"","format":"standard","meta":{"_joinchat":[],"footnotes":""},"categories":[65,1,69,349],"tags":[],"class_list":["post-7528","post","type-post","status-publish","format-standard","has-post-thumbnail","hentry","category-destacados","category-sincategoria","category-noticias","category-politica"],"yoast_head":"<!-- This site is optimized with the Yoast SEO plugin v25.1 - https:\/\/yoast.com\/wordpress\/plugins\/seo\/ -->\n<title>PRIMERO TU CASA : SE ENTREGARON 12 VIVIENDAS EN HERN\u00c1NDEZ - Del \u00c9xodo Nogoy\u00e1<\/title>\n<meta name=\"robots\" content=\"index, follow, max-snippet:-1, max-image-preview:large, max-video-preview:-1\" \/>\n<link rel=\"canonical\" href=\"https:\/\/www.delexodo.com.ar\/?p=7528\" \/>\n<meta property=\"og:locale\" content=\"es_ES\" \/>\n<meta property=\"og:type\" content=\"article\" \/>\n<meta property=\"og:title\" content=\"PRIMERO TU CASA : SE ENTREGARON 12 VIVIENDAS EN HERN\u00c1NDEZ - Del \u00c9xodo Nogoy\u00e1\" \/>\n<meta property=\"og:description\" content=\"En el marco del Programa Primero tu Casa, el gobierno provincial, a trav\u00e9s del Instituto Aut\u00e1rquico de Planeamiento y Vivienda,&hellip;\" \/>\n<meta property=\"og:url\" content=\"https:\/\/www.delexodo.com.ar\/?p=7528\" \/>\n<meta property=\"og:site_name\" content=\"Del \u00c9xodo Nogoy\u00e1\" \/>\n<meta property=\"article:published_time\" content=\"2021-01-06T01:26:54+00:00\" \/>\n<meta property=\"article:modified_time\" content=\"2021-01-06T01:26:55+00:00\" \/>\n<meta property=\"og:image\" content=\"https:\/\/www.delexodo.com.ar\/wp-content\/uploads\/2021\/01\/MAIDANA-HERNANDEZ.jpg\" \/>\n\t<meta property=\"og:image:width\" content=\"931\" \/>\n\t<meta property=\"og:image:height\" content=\"498\" \/>\n\t<meta property=\"og:image:type\" content=\"image\/jpeg\" \/>\n<meta name=\"author\" content=\"admin\" \/>\n<meta name=\"twitter:card\" content=\"summary_large_image\" \/>\n<meta name=\"twitter:label1\" content=\"Escrito por\" \/>\n\t<meta name=\"twitter:data1\" content=\"admin\" \/>\n\t<meta name=\"twitter:label2\" content=\"Tiempo de lectura\" \/>\n\t<meta name=\"twitter:data2\" content=\"3 minutos\" \/>\n<script type=\"application\/ld+json\" class=\"yoast-schema-graph\">{\"@context\":\"https:\/\/schema.org\",\"@graph\":[{\"@type\":\"Article\",\"@id\":\"https:\/\/www.delexodo.com.ar\/?p=7528#article\",\"isPartOf\":{\"@id\":\"https:\/\/www.delexodo.com.ar\/?p=7528\"},\"author\":{\"name\":\"admin\",\"@id\":\"https:\/\/www.delexodo.com.ar\/#\/schema\/person\/bbed37f7da8e938660b34f2013ba449d\"},\"headline\":\"PRIMERO TU CASA : SE ENTREGARON 12 VIVIENDAS EN HERN\u00c1NDEZ\",\"datePublished\":\"2021-01-06T01:26:54+00:00\",\"dateModified\":\"2021-01-06T01:26:55+00:00\",\"mainEntityOfPage\":{\"@id\":\"https:\/\/www.delexodo.com.ar\/?p=7528\"},\"wordCount\":585,\"publisher\":{\"@id\":\"https:\/\/www.delexodo.com.ar\/#organization\"},\"image\":{\"@id\":\"https:\/\/www.delexodo.com.ar\/?p=7528#primaryimage\"},\"thumbnailUrl\":\"https:\/\/www.delexodo.com.ar\/wp-content\/uploads\/2021\/01\/MAIDANA-HERNANDEZ.jpg\",\"articleSection\":[\"Destacados\",\"Nogoya\",\"NOTICIAS\",\"Politica\"],\"inLanguage\":\"es\"},{\"@type\":\"WebPage\",\"@id\":\"https:\/\/www.delexodo.com.ar\/?p=7528\",\"url\":\"https:\/\/www.delexodo.com.ar\/?p=7528\",\"name\":\"PRIMERO TU CASA : SE ENTREGARON 12 VIVIENDAS EN HERN\u00c1NDEZ - Del \u00c9xodo Nogoy\u00e1\",\"isPartOf\":{\"@id\":\"https:\/\/www.delexodo.com.ar\/#website\"},\"primaryImageOfPage\":{\"@id\":\"https:\/\/www.delexodo.com.ar\/?p=7528#primaryimage\"},\"image\":{\"@id\":\"https:\/\/www.delexodo.com.ar\/?p=7528#primaryimage\"},\"thumbnailUrl\":\"https:\/\/www.delexodo.com.ar\/wp-content\/uploads\/2021\/01\/MAIDANA-HERNANDEZ.jpg\",\"datePublished\":\"2021-01-06T01:26:54+00:00\",\"dateModified\":\"2021-01-06T01:26:55+00:00\",\"breadcrumb\":{\"@id\":\"https:\/\/www.delexodo.com.ar\/?p=7528#breadcrumb\"},\"inLanguage\":\"es\",\"potentialAction\":[{\"@type\":\"ReadAction\",\"target\":[\"https:\/\/www.delexodo.com.ar\/?p=7528\"]}]},{\"@type\":\"ImageObject\",\"inLanguage\":\"es\",\"@id\":\"https:\/\/www.delexodo.com.ar\/?p=7528#primaryimage\",\"url\":\"https:\/\/www.delexodo.com.ar\/wp-content\/uploads\/2021\/01\/MAIDANA-HERNANDEZ.jpg\",\"contentUrl\":\"https:\/\/www.delexodo.com.ar\/wp-content\/uploads\/2021\/01\/MAIDANA-HERNANDEZ.jpg\",\"width\":931,\"height\":498},{\"@type\":\"BreadcrumbList\",\"@id\":\"https:\/\/www.delexodo.com.ar\/?p=7528#breadcrumb\",\"itemListElement\":[{\"@type\":\"ListItem\",\"position\":1,\"name\":\"Portada\",\"item\":\"https:\/\/www.delexodo.com.ar\/\"},{\"@type\":\"ListItem\",\"position\":2,\"name\":\"PRIMERO TU CASA : SE ENTREGARON 12 VIVIENDAS EN HERN\u00c1NDEZ\"}]},{\"@type\":\"WebSite\",\"@id\":\"https:\/\/www.delexodo.com.ar\/#website\",\"url\":\"https:\/\/www.delexodo.com.ar\/\",\"name\":\"Del \u00c9xodo Nogoy\u00e1\",\"description\":\"El Portal de Noticias de la Regi\u00f3n\",\"publisher\":{\"@id\":\"https:\/\/www.delexodo.com.ar\/#organization\"},\"potentialAction\":[{\"@type\":\"SearchAction\",\"target\":{\"@type\":\"EntryPoint\",\"urlTemplate\":\"https:\/\/www.delexodo.com.ar\/?s={search_term_string}\"},\"query-input\":{\"@type\":\"PropertyValueSpecification\",\"valueRequired\":true,\"valueName\":\"search_term_string\"}}],\"inLanguage\":\"es\"},{\"@type\":\"Organization\",\"@id\":\"https:\/\/www.delexodo.com.ar\/#organization\",\"name\":\"Del \u00c9xodo Nogoy\u00e1\",\"url\":\"https:\/\/www.delexodo.com.ar\/\",\"logo\":{\"@type\":\"ImageObject\",\"inLanguage\":\"es\",\"@id\":\"https:\/\/www.delexodo.com.ar\/#\/schema\/logo\/image\/\",\"url\":\"https:\/\/www.delexodo.com.ar\/wp-content\/uploads\/2024\/10\/cropped-cropped-LOGO24.png\",\"contentUrl\":\"https:\/\/www.delexodo.com.ar\/wp-content\/uploads\/2024\/10\/cropped-cropped-LOGO24.png\",\"width\":512,\"height\":349,\"caption\":\"Del \u00c9xodo Nogoy\u00e1\"},\"image\":{\"@id\":\"https:\/\/www.delexodo.com.ar\/#\/schema\/logo\/image\/\"}},{\"@type\":\"Person\",\"@id\":\"https:\/\/www.delexodo.com.ar\/#\/schema\/person\/bbed37f7da8e938660b34f2013ba449d\",\"name\":\"admin\",\"image\":{\"@type\":\"ImageObject\",\"inLanguage\":\"es\",\"@id\":\"https:\/\/www.delexodo.com.ar\/#\/schema\/person\/image\/\",\"url\":\"https:\/\/secure.gravatar.com\/avatar\/6b1558d1b6df085f1901bd5bd98523d7?s=96&d=mm&r=g\",\"contentUrl\":\"https:\/\/secure.gravatar.com\/avatar\/6b1558d1b6df085f1901bd5bd98523d7?s=96&d=mm&r=g\",\"caption\":\"admin\"},\"url\":\"https:\/\/www.delexodo.com.ar\/?author=1\"}]}<\/script>\n<!-- \/ Yoast SEO plugin. -->","yoast_head_json":{"title":"PRIMERO TU CASA : SE ENTREGARON 12 VIVIENDAS EN HERN\u00c1NDEZ - Del \u00c9xodo Nogoy\u00e1","robots":{"index":"index","follow":"follow","max-snippet":"max-snippet:-1","max-image-preview":"max-image-preview:large","max-video-preview":"max-video-preview:-1"},"canonical":"https:\/\/www.delexodo.com.ar\/?p=7528","og_locale":"es_ES","og_type":"article","og_title":"PRIMERO TU CASA : SE ENTREGARON 12 VIVIENDAS EN HERN\u00c1NDEZ - Del \u00c9xodo Nogoy\u00e1","og_description":"En el marco del Programa Primero tu Casa, el gobierno provincial, a trav\u00e9s del Instituto Aut\u00e1rquico de Planeamiento y Vivienda,&hellip;","og_url":"https:\/\/www.delexodo.com.ar\/?p=7528","og_site_name":"Del \u00c9xodo Nogoy\u00e1","article_published_time":"2021-01-06T01:26:54+00:00","article_modified_time":"2021-01-06T01:26:55+00:00","og_image":[{"width":931,"height":498,"url":"https:\/\/www.delexodo.com.ar\/wp-content\/uploads\/2021\/01\/MAIDANA-HERNANDEZ.jpg","type":"image\/jpeg"}],"author":"admin","twitter_card":"summary_large_image","twitter_misc":{"Escrito por":"admin","Tiempo de lectura":"3 minutos"},"schema":{"@context":"https:\/\/schema.org","@graph":[{"@type":"Article","@id":"https:\/\/www.delexodo.com.ar\/?p=7528#article","isPartOf":{"@id":"https:\/\/www.delexodo.com.ar\/?p=7528"},"author":{"name":"admin","@id":"https:\/\/www.delexodo.com.ar\/#\/schema\/person\/bbed37f7da8e938660b34f2013ba449d"},"headline":"PRIMERO TU CASA : SE ENTREGARON 12 VIVIENDAS EN HERN\u00c1NDEZ","datePublished":"2021-01-06T01:26:54+00:00","dateModified":"2021-01-06T01:26:55+00:00","mainEntityOfPage":{"@id":"https:\/\/www.delexodo.com.ar\/?p=7528"},"wordCount":585,"publisher":{"@id":"https:\/\/www.delexodo.com.ar\/#organization"},"image":{"@id":"https:\/\/www.delexodo.com.ar\/?p=7528#primaryimage"},"thumbnailUrl":"https:\/\/www.delexodo.com.ar\/wp-content\/uploads\/2021\/01\/MAIDANA-HERNANDEZ.jpg","articleSection":["Destacados","Nogoya","NOTICIAS","Politica"],"inLanguage":"es"},{"@type":"WebPage","@id":"https:\/\/www.delexodo.com.ar\/?p=7528","url":"https:\/\/www.delexodo.com.ar\/?p=7528","name":"PRIMERO TU CASA : SE ENTREGARON 12 VIVIENDAS EN HERN\u00c1NDEZ - Del \u00c9xodo Nogoy\u00e1","isPartOf":{"@id":"https:\/\/www.delexodo.com.ar\/#website"},"primaryImageOfPage":{"@id":"https:\/\/www.delexodo.com.ar\/?p=7528#primaryimage"},"image":{"@id":"https:\/\/www.delexodo.com.ar\/?p=7528#primaryimage"},"thumbnailUrl":"https:\/\/www.delexodo.com.ar\/wp-content\/uploads\/2021\/01\/MAIDANA-HERNANDEZ.jpg","datePublished":"2021-01-06T01:26:54+00:00","dateModified":"2021-01-06T01:26:55+00:00","breadcrumb":{"@id":"https:\/\/www.delexodo.com.ar\/?p=7528#breadcrumb"},"inLanguage":"es","potentialAction":[{"@type":"ReadAction","target":["https:\/\/www.delexodo.com.ar\/?p=7528"]}]},{"@type":"ImageObject","inLanguage":"es","@id":"https:\/\/www.delexodo.com.ar\/?p=7528#primaryimage","url":"https:\/\/www.delexodo.com.ar\/wp-content\/uploads\/2021\/01\/MAIDANA-HERNANDEZ.jpg","contentUrl":"https:\/\/www.delexodo.com.ar\/wp-content\/uploads\/2021\/01\/MAIDANA-HERNANDEZ.jpg","width":931,"height":498},{"@type":"BreadcrumbList","@id":"https:\/\/www.delexodo.com.ar\/?p=7528#breadcrumb","itemListElement":[{"@type":"ListItem","position":1,"name":"Portada","item":"https:\/\/www.delexodo.com.ar\/"},{"@type":"ListItem","position":2,"name":"PRIMERO TU CASA : SE ENTREGARON 12 VIVIENDAS EN HERN\u00c1NDEZ"}]},{"@type":"WebSite","@id":"https:\/\/www.delexodo.com.ar\/#website","url":"https:\/\/www.delexodo.com.ar\/","name":"Del \u00c9xodo Nogoy\u00e1","description":"El Portal de Noticias de la Regi\u00f3n","publisher":{"@id":"https:\/\/www.delexodo.com.ar\/#organization"},"potentialAction":[{"@type":"SearchAction","target":{"@type":"EntryPoint","urlTemplate":"https:\/\/www.delexodo.com.ar\/?s={search_term_string}"},"query-input":{"@type":"PropertyValueSpecification","valueRequired":true,"valueName":"search_term_string"}}],"inLanguage":"es"},{"@type":"Organization","@id":"https:\/\/www.delexodo.com.ar\/#organization","name":"Del \u00c9xodo Nogoy\u00e1","url":"https:\/\/www.delexodo.com.ar\/","logo":{"@type":"ImageObject","inLanguage":"es","@id":"https:\/\/www.delexodo.com.ar\/#\/schema\/logo\/image\/","url":"https:\/\/www.delexodo.com.ar\/wp-content\/uploads\/2024\/10\/cropped-cropped-LOGO24.png","contentUrl":"https:\/\/www.delexodo.com.ar\/wp-content\/uploads\/2024\/10\/cropped-cropped-LOGO24.png","width":512,"height":349,"caption":"Del \u00c9xodo Nogoy\u00e1"},"image":{"@id":"https:\/\/www.delexodo.com.ar\/#\/schema\/logo\/image\/"}},{"@type":"Person","@id":"https:\/\/www.delexodo.com.ar\/#\/schema\/person\/bbed37f7da8e938660b34f2013ba449d","name":"admin","image":{"@type":"ImageObject","inLanguage":"es","@id":"https:\/\/www.delexodo.com.ar\/#\/schema\/person\/image\/","url":"https:\/\/secure.gravatar.com\/avatar\/6b1558d1b6df085f1901bd5bd98523d7?s=96&d=mm&r=g","contentUrl":"https:\/\/secure.gravatar.com\/avatar\/6b1558d1b6df085f1901bd5bd98523d7?s=96&d=mm&r=g","caption":"admin"},"url":"https:\/\/www.delexodo.com.ar\/?author=1"}]}},"_links":{"self":[{"href":"https:\/\/www.delexodo.com.ar\/index.php?rest_route=\/wp\/v2\/posts\/7528","targetHints":{"allow":["GET"]}}],"collection":[{"href":"https:\/\/www.delexodo.com.ar\/index.php?rest_route=\/wp\/v2\/posts"}],"about":[{"href":"https:\/\/www.delexodo.com.ar\/index.php?rest_route=\/wp\/v2\/types\/post"}],"author":[{"embeddable":true,"href":"https:\/\/www.delexodo.com.ar\/index.php?rest_route=\/wp\/v2\/users\/1"}],"replies":[{"embeddable":true,"href":"https:\/\/www.delexodo.com.ar\/index.php?rest_route=%2Fwp%2Fv2%2Fcomments&post=7528"}],"version-history":[{"count":0,"href":"https:\/\/www.delexodo.com.ar\/index.php?rest_route=\/wp\/v2\/posts\/7528\/revisions"}],"wp:featuredmedia":[{"embeddable":true,"href":"https:\/\/www.delexodo.com.ar\/index.php?rest_route=\/wp\/v2\/media\/7529"}],"wp:attachment":[{"href":"https:\/\/www.delexodo.com.ar\/index.php?rest_route=%2Fwp%2Fv2%2Fmedia&parent=7528"}],"wp:term":[{"taxonomy":"category","embeddable":true,"href":"https:\/\/www.delexodo.com.ar\/index.php?rest_route=%2Fwp%2Fv2%2Fcategories&post=7528"},{"taxonomy":"post_tag","embeddable":true,"href":"https:\/\/www.delexodo.com.ar\/index.php?rest_route=%2Fwp%2Fv2%2Ftags&post=7528"}],"curies":[{"name":"wp","href":"https:\/\/api.w.org\/{rel}","templated":true}]}}