{"id":7522,"date":"2021-01-05T20:41:00","date_gmt":"2021-01-05T23:41:00","guid":{"rendered":"http:\/\/www.delexodo.com.ar\/?p=7522"},"modified":"2021-01-05T20:41:47","modified_gmt":"2021-01-05T23:41:47","slug":"nogoya-comenzo-con-la-vacunacion-contra-el-covid-19","status":"publish","type":"post","link":"https:\/\/www.delexodo.com.ar\/?p=7522","title":{"rendered":"NOGOYA COMENZ\u00d3 CON LA VACUNACI\u00d3N CONTRA EL COVID-19"},"content":{"rendered":"\n<p>El Plan de Vacunaci\u00f3n Covid-19 en Nogoy\u00e1 y otros 10 departamentos comenz\u00f3 a las 9 horas en la etapa inicial de inmunizaci\u00f3n a personal de salud p\u00fablico, estrategia sanitaria que inocular\u00e1 a los grupos de riesgo y personas de contactos con pacientes Covid19 en esta primera etapa donde arribaron a la ciudad 100 dosis de Sputnik V.<\/p>\n\n\n\n<div class=\"wp-block-image\"><figure class=\"aligncenter size-large is-resized\"><img decoding=\"async\" src=\"http:\/\/www.delexodo.com.ar\/wp-content\/uploads\/2021\/01\/VACUNA-ENFERMERA.jpg\" alt=\"\" class=\"wp-image-7525\" width=\"-80\" height=\"-52\" srcset=\"https:\/\/www.delexodo.com.ar\/wp-content\/uploads\/2021\/01\/VACUNA-ENFERMERA.jpg 770w, https:\/\/www.delexodo.com.ar\/wp-content\/uploads\/2021\/01\/VACUNA-ENFERMERA-300x198.jpg 300w, https:\/\/www.delexodo.com.ar\/wp-content\/uploads\/2021\/01\/VACUNA-ENFERMERA-768x506.jpg 768w\" sizes=\"(max-width: 770px) 100vw, 770px\" \/><\/figure><\/div>\n\n\n\n<p>Durante esta ma\u00f1ana de martes comenz\u00f3 la vacunaci\u00f3n con el m\u00e9dico neum\u00f3logo y referente Covid-19 para el departamento Nogoy\u00e1, <strong>Dr. Francisco Rodr\u00edguez<\/strong>, continuando con el director del Hospital San Blas <strong>Bioq. Javier Asc\u00faa<\/strong>, la jefa del Servicio de Guardia <strong>Laura Aguirre<\/strong> y la jefa de Enfermer\u00eda, <strong>Noelia Diaz<\/strong> y varios trabajadores de la salud del hospital.<\/p>\n\n\n\n<div class=\"wp-block-image\"><figure class=\"alignright size-large is-resized\"><img decoding=\"async\" src=\"http:\/\/www.delexodo.com.ar\/wp-content\/uploads\/2021\/01\/VACUNA-RODRIGUEZ.jpg\" alt=\"\" class=\"wp-image-7524\" width=\"-138\" height=\"-168\" srcset=\"https:\/\/www.delexodo.com.ar\/wp-content\/uploads\/2021\/01\/VACUNA-RODRIGUEZ.jpg 336w, https:\/\/www.delexodo.com.ar\/wp-content\/uploads\/2021\/01\/VACUNA-RODRIGUEZ-246x300.jpg 246w\" sizes=\"(max-width: 336px) 100vw, 336px\" \/><\/figure><\/div>\n\n\n\n<p>Finalizada la inoculaci\u00f3n el Dr. Rodriguez puso de manifiesto el optimismo en cuanto a la campa\u00f1a como as\u00ed alent\u00f3 a proseguir con la inmunizaci\u00f3n pero a su vez a seguir cuid\u00e1ndose con los protocolos b\u00e1sicos que por ahora son los \u00fanicos que nos permiten mantenernos lejos de los contagios.<\/p>\n\n\n\n<figure class=\"wp-block-embed is-type-video is-provider-youtube wp-block-embed-youtube wp-embed-aspect-16-9 wp-has-aspect-ratio\"><div class=\"wp-block-embed__wrapper\">\n<iframe loading=\"lazy\" title=\"#AIRE #MxV - Dr RODRIGUEZ NEUMONOLOGO - 05\/01\/21\" width=\"500\" height=\"281\" src=\"https:\/\/www.youtube.com\/embed\/F5mlz9B8Jv0?feature=oembed\" frameborder=\"0\" allow=\"accelerometer; autoplay; clipboard-write; encrypted-media; gyroscope; picture-in-picture; web-share\" referrerpolicy=\"strict-origin-when-cross-origin\" allowfullscreen><\/iframe>\n<\/div><\/figure>\n\n\n\n<p>El director manifest\u00f3 que la <em>\u201cla jornada de hoy, marca una apertura hacia una nueva etapa, en la que la pol\u00edtica sanitaria estuvo atravesada por la pandemia. Quiz\u00e1s el 2020 fue y ser\u00e1 a mi modo de ver, uno de los a\u00f1os m\u00e1s dif\u00edciles para el sector Salud a nivel nacional, provincial y sobre todo para nuestro hospital San Blas y todo el equipo de trabajo, porque ha estado interpelado y demandado a cada instante, pero siempre tratamos de estar a la altura de las circunstancias\u201d<\/em>.<\/p>\n\n\n\n<p>Por su parte, la <strong>Ministra de Salud Sonia Vel\u00e1zquez<\/strong> en comunicaci\u00f3n telef\u00f3nica en la ma\u00f1ana de la radio, manifest\u00f3: <em>\u201cme hubiese encantado estar en Nogoy\u00e1 para este lanzamiento de vacunaci\u00f3n en su ciudad, pero acompa\u00f1\u00f3 con mucho entusiasmo, el inicio de lo que ser\u00e1 una larga etapa de vacunaci\u00f3n en toda la provincia de Entre R\u00edos, donde se comenz\u00f3 simult\u00e1neamente con la vacunaci\u00f3n en 11 departamentos, lo cual es in\u00e9dito para los equipos de salud, porque nunca se hab\u00eda comenzado una campa\u00f1a de vacunaci\u00f3n masiva en enero\u201d<\/em>.<\/p>\n\n\n\n<figure class=\"wp-block-embed is-type-video is-provider-youtube wp-block-embed-youtube wp-embed-aspect-16-9 wp-has-aspect-ratio\"><div class=\"wp-block-embed__wrapper\">\n<iframe loading=\"lazy\" title=\"#AIRE #MxV - MINISTRA DE SALUD DE E.R. SONIA VELAZQUEZ\" width=\"500\" height=\"281\" src=\"https:\/\/www.youtube.com\/embed\/SVj-6QHK9LA?feature=oembed\" frameborder=\"0\" allow=\"accelerometer; autoplay; clipboard-write; encrypted-media; gyroscope; picture-in-picture; web-share\" referrerpolicy=\"strict-origin-when-cross-origin\" allowfullscreen><\/iframe>\n<\/div><\/figure>\n\n\n\n<p><em>\u201cHoy tenemos todo organizado y planificado como sistema de salud, porque tetemos muchas experiencias en campa\u00f1as de vacunaci\u00f3n, con resultados muy satisfactorios, donde vemos una poblaci\u00f3n entrerriana propensa a vacunarse y eso nos ayuda a nosotros. Recordemos que las vacunas y el agua potable, son las dos herramientas sanitarias m\u00e1s fuertes de la humanidad y las que traen grandes cambios en la poblaci\u00f3n\u201d<\/em>, afirm\u00f3 la Ministra de Salud.<\/p>\n\n\n\n<p><em>\u201cEste Covid 19 vino para quedarse y por m\u00e1s que hoy comenzamos con la vacunaci\u00f3n, debemos seguir cuid\u00e1ndonos todos, porque tenemos un personal de salud que est\u00e1 agotado y vemos que los casos siguen creciendo, principalmente en la costa del Uruguay y sabemos que muchos vecinos de Nogoy\u00e1 y la provincia viajan a vacacionar y eso nos asusta un poco\u201d<\/em>, finaliz\u00f3 Sonia Vel\u00e1zquez.<\/p>\n","protected":false},"excerpt":{"rendered":"<p>El Plan de Vacunaci\u00f3n Covid-19 en Nogoy\u00e1 y otros 10 departamentos comenz\u00f3 a las 9 horas en la etapa inicial&hellip;<\/p>\n","protected":false},"author":1,"featured_media":7523,"comment_status":"closed","ping_status":"closed","sticky":false,"template":"","format":"standard","meta":{"_joinchat":[],"footnotes":""},"categories":[65,1,69,352],"tags":[345],"class_list":["post-7522","post","type-post","status-publish","format-standard","has-post-thumbnail","hentry","category-destacados","category-sincategoria","category-noticias","category-salud","tag-destacar"],"yoast_head":"<!-- This site is optimized with the Yoast SEO plugin v25.1 - https:\/\/yoast.com\/wordpress\/plugins\/seo\/ -->\n<title>NOGOYA COMENZ\u00d3 CON LA VACUNACI\u00d3N CONTRA EL COVID-19 - Del \u00c9xodo Nogoy\u00e1<\/title>\n<meta name=\"robots\" content=\"index, follow, max-snippet:-1, max-image-preview:large, max-video-preview:-1\" \/>\n<link rel=\"canonical\" href=\"https:\/\/www.delexodo.com.ar\/?p=7522\" \/>\n<meta property=\"og:locale\" content=\"es_ES\" \/>\n<meta property=\"og:type\" content=\"article\" \/>\n<meta property=\"og:title\" content=\"NOGOYA COMENZ\u00d3 CON LA VACUNACI\u00d3N CONTRA EL COVID-19 - Del \u00c9xodo Nogoy\u00e1\" \/>\n<meta property=\"og:description\" content=\"El Plan de Vacunaci\u00f3n Covid-19 en Nogoy\u00e1 y otros 10 departamentos comenz\u00f3 a las 9 horas en la etapa inicial&hellip;\" \/>\n<meta property=\"og:url\" content=\"https:\/\/www.delexodo.com.ar\/?p=7522\" \/>\n<meta property=\"og:site_name\" content=\"Del \u00c9xodo Nogoy\u00e1\" \/>\n<meta property=\"article:published_time\" content=\"2021-01-05T23:41:00+00:00\" \/>\n<meta property=\"article:modified_time\" content=\"2021-01-05T23:41:47+00:00\" \/>\n<meta property=\"og:image\" content=\"https:\/\/www.delexodo.com.ar\/wp-content\/uploads\/2021\/01\/VACUNA-ASCUA-RODRIGUEZ.jpg\" \/>\n\t<meta property=\"og:image:width\" content=\"954\" \/>\n\t<meta property=\"og:image:height\" content=\"493\" \/>\n\t<meta property=\"og:image:type\" content=\"image\/jpeg\" \/>\n<meta name=\"author\" content=\"admin\" \/>\n<meta name=\"twitter:card\" content=\"summary_large_image\" \/>\n<meta name=\"twitter:label1\" content=\"Escrito por\" \/>\n\t<meta name=\"twitter:data1\" content=\"admin\" \/>\n\t<meta name=\"twitter:label2\" content=\"Tiempo de lectura\" \/>\n\t<meta name=\"twitter:data2\" content=\"3 minutos\" \/>\n<script type=\"application\/ld+json\" class=\"yoast-schema-graph\">{\"@context\":\"https:\/\/schema.org\",\"@graph\":[{\"@type\":\"Article\",\"@id\":\"https:\/\/www.delexodo.com.ar\/?p=7522#article\",\"isPartOf\":{\"@id\":\"https:\/\/www.delexodo.com.ar\/?p=7522\"},\"author\":{\"name\":\"admin\",\"@id\":\"https:\/\/www.delexodo.com.ar\/#\/schema\/person\/bbed37f7da8e938660b34f2013ba449d\"},\"headline\":\"NOGOYA COMENZ\u00d3 CON LA VACUNACI\u00d3N CONTRA EL COVID-19\",\"datePublished\":\"2021-01-05T23:41:00+00:00\",\"dateModified\":\"2021-01-05T23:41:47+00:00\",\"mainEntityOfPage\":{\"@id\":\"https:\/\/www.delexodo.com.ar\/?p=7522\"},\"wordCount\":524,\"publisher\":{\"@id\":\"https:\/\/www.delexodo.com.ar\/#organization\"},\"image\":{\"@id\":\"https:\/\/www.delexodo.com.ar\/?p=7522#primaryimage\"},\"thumbnailUrl\":\"https:\/\/www.delexodo.com.ar\/wp-content\/uploads\/2021\/01\/VACUNA-ASCUA-RODRIGUEZ.jpg\",\"keywords\":[\"destacar\"],\"articleSection\":[\"Destacados\",\"Nogoya\",\"NOTICIAS\",\"Salud\"],\"inLanguage\":\"es\"},{\"@type\":\"WebPage\",\"@id\":\"https:\/\/www.delexodo.com.ar\/?p=7522\",\"url\":\"https:\/\/www.delexodo.com.ar\/?p=7522\",\"name\":\"NOGOYA COMENZ\u00d3 CON LA VACUNACI\u00d3N CONTRA EL COVID-19 - Del \u00c9xodo Nogoy\u00e1\",\"isPartOf\":{\"@id\":\"https:\/\/www.delexodo.com.ar\/#website\"},\"primaryImageOfPage\":{\"@id\":\"https:\/\/www.delexodo.com.ar\/?p=7522#primaryimage\"},\"image\":{\"@id\":\"https:\/\/www.delexodo.com.ar\/?p=7522#primaryimage\"},\"thumbnailUrl\":\"https:\/\/www.delexodo.com.ar\/wp-content\/uploads\/2021\/01\/VACUNA-ASCUA-RODRIGUEZ.jpg\",\"datePublished\":\"2021-01-05T23:41:00+00:00\",\"dateModified\":\"2021-01-05T23:41:47+00:00\",\"breadcrumb\":{\"@id\":\"https:\/\/www.delexodo.com.ar\/?p=7522#breadcrumb\"},\"inLanguage\":\"es\",\"potentialAction\":[{\"@type\":\"ReadAction\",\"target\":[\"https:\/\/www.delexodo.com.ar\/?p=7522\"]}]},{\"@type\":\"ImageObject\",\"inLanguage\":\"es\",\"@id\":\"https:\/\/www.delexodo.com.ar\/?p=7522#primaryimage\",\"url\":\"https:\/\/www.delexodo.com.ar\/wp-content\/uploads\/2021\/01\/VACUNA-ASCUA-RODRIGUEZ.jpg\",\"contentUrl\":\"https:\/\/www.delexodo.com.ar\/wp-content\/uploads\/2021\/01\/VACUNA-ASCUA-RODRIGUEZ.jpg\",\"width\":954,\"height\":493},{\"@type\":\"BreadcrumbList\",\"@id\":\"https:\/\/www.delexodo.com.ar\/?p=7522#breadcrumb\",\"itemListElement\":[{\"@type\":\"ListItem\",\"position\":1,\"name\":\"Portada\",\"item\":\"https:\/\/www.delexodo.com.ar\/\"},{\"@type\":\"ListItem\",\"position\":2,\"name\":\"NOGOYA COMENZ\u00d3 CON LA VACUNACI\u00d3N CONTRA EL COVID-19\"}]},{\"@type\":\"WebSite\",\"@id\":\"https:\/\/www.delexodo.com.ar\/#website\",\"url\":\"https:\/\/www.delexodo.com.ar\/\",\"name\":\"Del \u00c9xodo Nogoy\u00e1\",\"description\":\"El Portal de Noticias de la Regi\u00f3n\",\"publisher\":{\"@id\":\"https:\/\/www.delexodo.com.ar\/#organization\"},\"potentialAction\":[{\"@type\":\"SearchAction\",\"target\":{\"@type\":\"EntryPoint\",\"urlTemplate\":\"https:\/\/www.delexodo.com.ar\/?s={search_term_string}\"},\"query-input\":{\"@type\":\"PropertyValueSpecification\",\"valueRequired\":true,\"valueName\":\"search_term_string\"}}],\"inLanguage\":\"es\"},{\"@type\":\"Organization\",\"@id\":\"https:\/\/www.delexodo.com.ar\/#organization\",\"name\":\"Del \u00c9xodo Nogoy\u00e1\",\"url\":\"https:\/\/www.delexodo.com.ar\/\",\"logo\":{\"@type\":\"ImageObject\",\"inLanguage\":\"es\",\"@id\":\"https:\/\/www.delexodo.com.ar\/#\/schema\/logo\/image\/\",\"url\":\"https:\/\/www.delexodo.com.ar\/wp-content\/uploads\/2024\/10\/cropped-cropped-LOGO24.png\",\"contentUrl\":\"https:\/\/www.delexodo.com.ar\/wp-content\/uploads\/2024\/10\/cropped-cropped-LOGO24.png\",\"width\":512,\"height\":349,\"caption\":\"Del \u00c9xodo Nogoy\u00e1\"},\"image\":{\"@id\":\"https:\/\/www.delexodo.com.ar\/#\/schema\/logo\/image\/\"}},{\"@type\":\"Person\",\"@id\":\"https:\/\/www.delexodo.com.ar\/#\/schema\/person\/bbed37f7da8e938660b34f2013ba449d\",\"name\":\"admin\",\"image\":{\"@type\":\"ImageObject\",\"inLanguage\":\"es\",\"@id\":\"https:\/\/www.delexodo.com.ar\/#\/schema\/person\/image\/\",\"url\":\"https:\/\/secure.gravatar.com\/avatar\/6b1558d1b6df085f1901bd5bd98523d7?s=96&d=mm&r=g\",\"contentUrl\":\"https:\/\/secure.gravatar.com\/avatar\/6b1558d1b6df085f1901bd5bd98523d7?s=96&d=mm&r=g\",\"caption\":\"admin\"},\"url\":\"https:\/\/www.delexodo.com.ar\/?author=1\"}]}<\/script>\n<!-- \/ Yoast SEO plugin. -->","yoast_head_json":{"title":"NOGOYA COMENZ\u00d3 CON LA VACUNACI\u00d3N CONTRA EL COVID-19 - Del \u00c9xodo Nogoy\u00e1","robots":{"index":"index","follow":"follow","max-snippet":"max-snippet:-1","max-image-preview":"max-image-preview:large","max-video-preview":"max-video-preview:-1"},"canonical":"https:\/\/www.delexodo.com.ar\/?p=7522","og_locale":"es_ES","og_type":"article","og_title":"NOGOYA COMENZ\u00d3 CON LA VACUNACI\u00d3N CONTRA EL COVID-19 - Del \u00c9xodo Nogoy\u00e1","og_description":"El Plan de Vacunaci\u00f3n Covid-19 en Nogoy\u00e1 y otros 10 departamentos comenz\u00f3 a las 9 horas en la etapa inicial&hellip;","og_url":"https:\/\/www.delexodo.com.ar\/?p=7522","og_site_name":"Del \u00c9xodo Nogoy\u00e1","article_published_time":"2021-01-05T23:41:00+00:00","article_modified_time":"2021-01-05T23:41:47+00:00","og_image":[{"width":954,"height":493,"url":"https:\/\/www.delexodo.com.ar\/wp-content\/uploads\/2021\/01\/VACUNA-ASCUA-RODRIGUEZ.jpg","type":"image\/jpeg"}],"author":"admin","twitter_card":"summary_large_image","twitter_misc":{"Escrito por":"admin","Tiempo de lectura":"3 minutos"},"schema":{"@context":"https:\/\/schema.org","@graph":[{"@type":"Article","@id":"https:\/\/www.delexodo.com.ar\/?p=7522#article","isPartOf":{"@id":"https:\/\/www.delexodo.com.ar\/?p=7522"},"author":{"name":"admin","@id":"https:\/\/www.delexodo.com.ar\/#\/schema\/person\/bbed37f7da8e938660b34f2013ba449d"},"headline":"NOGOYA COMENZ\u00d3 CON LA VACUNACI\u00d3N CONTRA EL COVID-19","datePublished":"2021-01-05T23:41:00+00:00","dateModified":"2021-01-05T23:41:47+00:00","mainEntityOfPage":{"@id":"https:\/\/www.delexodo.com.ar\/?p=7522"},"wordCount":524,"publisher":{"@id":"https:\/\/www.delexodo.com.ar\/#organization"},"image":{"@id":"https:\/\/www.delexodo.com.ar\/?p=7522#primaryimage"},"thumbnailUrl":"https:\/\/www.delexodo.com.ar\/wp-content\/uploads\/2021\/01\/VACUNA-ASCUA-RODRIGUEZ.jpg","keywords":["destacar"],"articleSection":["Destacados","Nogoya","NOTICIAS","Salud"],"inLanguage":"es"},{"@type":"WebPage","@id":"https:\/\/www.delexodo.com.ar\/?p=7522","url":"https:\/\/www.delexodo.com.ar\/?p=7522","name":"NOGOYA COMENZ\u00d3 CON LA VACUNACI\u00d3N CONTRA EL COVID-19 - Del \u00c9xodo Nogoy\u00e1","isPartOf":{"@id":"https:\/\/www.delexodo.com.ar\/#website"},"primaryImageOfPage":{"@id":"https:\/\/www.delexodo.com.ar\/?p=7522#primaryimage"},"image":{"@id":"https:\/\/www.delexodo.com.ar\/?p=7522#primaryimage"},"thumbnailUrl":"https:\/\/www.delexodo.com.ar\/wp-content\/uploads\/2021\/01\/VACUNA-ASCUA-RODRIGUEZ.jpg","datePublished":"2021-01-05T23:41:00+00:00","dateModified":"2021-01-05T23:41:47+00:00","breadcrumb":{"@id":"https:\/\/www.delexodo.com.ar\/?p=7522#breadcrumb"},"inLanguage":"es","potentialAction":[{"@type":"ReadAction","target":["https:\/\/www.delexodo.com.ar\/?p=7522"]}]},{"@type":"ImageObject","inLanguage":"es","@id":"https:\/\/www.delexodo.com.ar\/?p=7522#primaryimage","url":"https:\/\/www.delexodo.com.ar\/wp-content\/uploads\/2021\/01\/VACUNA-ASCUA-RODRIGUEZ.jpg","contentUrl":"https:\/\/www.delexodo.com.ar\/wp-content\/uploads\/2021\/01\/VACUNA-ASCUA-RODRIGUEZ.jpg","width":954,"height":493},{"@type":"BreadcrumbList","@id":"https:\/\/www.delexodo.com.ar\/?p=7522#breadcrumb","itemListElement":[{"@type":"ListItem","position":1,"name":"Portada","item":"https:\/\/www.delexodo.com.ar\/"},{"@type":"ListItem","position":2,"name":"NOGOYA COMENZ\u00d3 CON LA VACUNACI\u00d3N CONTRA EL COVID-19"}]},{"@type":"WebSite","@id":"https:\/\/www.delexodo.com.ar\/#website","url":"https:\/\/www.delexodo.com.ar\/","name":"Del \u00c9xodo Nogoy\u00e1","description":"El Portal de Noticias de la Regi\u00f3n","publisher":{"@id":"https:\/\/www.delexodo.com.ar\/#organization"},"potentialAction":[{"@type":"SearchAction","target":{"@type":"EntryPoint","urlTemplate":"https:\/\/www.delexodo.com.ar\/?s={search_term_string}"},"query-input":{"@type":"PropertyValueSpecification","valueRequired":true,"valueName":"search_term_string"}}],"inLanguage":"es"},{"@type":"Organization","@id":"https:\/\/www.delexodo.com.ar\/#organization","name":"Del \u00c9xodo Nogoy\u00e1","url":"https:\/\/www.delexodo.com.ar\/","logo":{"@type":"ImageObject","inLanguage":"es","@id":"https:\/\/www.delexodo.com.ar\/#\/schema\/logo\/image\/","url":"https:\/\/www.delexodo.com.ar\/wp-content\/uploads\/2024\/10\/cropped-cropped-LOGO24.png","contentUrl":"https:\/\/www.delexodo.com.ar\/wp-content\/uploads\/2024\/10\/cropped-cropped-LOGO24.png","width":512,"height":349,"caption":"Del \u00c9xodo Nogoy\u00e1"},"image":{"@id":"https:\/\/www.delexodo.com.ar\/#\/schema\/logo\/image\/"}},{"@type":"Person","@id":"https:\/\/www.delexodo.com.ar\/#\/schema\/person\/bbed37f7da8e938660b34f2013ba449d","name":"admin","image":{"@type":"ImageObject","inLanguage":"es","@id":"https:\/\/www.delexodo.com.ar\/#\/schema\/person\/image\/","url":"https:\/\/secure.gravatar.com\/avatar\/6b1558d1b6df085f1901bd5bd98523d7?s=96&d=mm&r=g","contentUrl":"https:\/\/secure.gravatar.com\/avatar\/6b1558d1b6df085f1901bd5bd98523d7?s=96&d=mm&r=g","caption":"admin"},"url":"https:\/\/www.delexodo.com.ar\/?author=1"}]}},"_links":{"self":[{"href":"https:\/\/www.delexodo.com.ar\/index.php?rest_route=\/wp\/v2\/posts\/7522","targetHints":{"allow":["GET"]}}],"collection":[{"href":"https:\/\/www.delexodo.com.ar\/index.php?rest_route=\/wp\/v2\/posts"}],"about":[{"href":"https:\/\/www.delexodo.com.ar\/index.php?rest_route=\/wp\/v2\/types\/post"}],"author":[{"embeddable":true,"href":"https:\/\/www.delexodo.com.ar\/index.php?rest_route=\/wp\/v2\/users\/1"}],"replies":[{"embeddable":true,"href":"https:\/\/www.delexodo.com.ar\/index.php?rest_route=%2Fwp%2Fv2%2Fcomments&post=7522"}],"version-history":[{"count":0,"href":"https:\/\/www.delexodo.com.ar\/index.php?rest_route=\/wp\/v2\/posts\/7522\/revisions"}],"wp:featuredmedia":[{"embeddable":true,"href":"https:\/\/www.delexodo.com.ar\/index.php?rest_route=\/wp\/v2\/media\/7523"}],"wp:attachment":[{"href":"https:\/\/www.delexodo.com.ar\/index.php?rest_route=%2Fwp%2Fv2%2Fmedia&parent=7522"}],"wp:term":[{"taxonomy":"category","embeddable":true,"href":"https:\/\/www.delexodo.com.ar\/index.php?rest_route=%2Fwp%2Fv2%2Fcategories&post=7522"},{"taxonomy":"post_tag","embeddable":true,"href":"https:\/\/www.delexodo.com.ar\/index.php?rest_route=%2Fwp%2Fv2%2Ftags&post=7522"}],"curies":[{"name":"wp","href":"https:\/\/api.w.org\/{rel}","templated":true}]}}