{"id":7495,"date":"2020-12-28T23:33:35","date_gmt":"2020-12-29T02:33:35","guid":{"rendered":"http:\/\/www.delexodo.com.ar\/?p=7495"},"modified":"2020-12-28T23:33:35","modified_gmt":"2020-12-29T02:33:35","slug":"iosper-descomprime-el-conflicto-con-la-femer","status":"publish","type":"post","link":"https:\/\/www.delexodo.com.ar\/?p=7495","title":{"rendered":"IOSPER DESCOMPRIME EL CONFLICTO CON LA FEMER"},"content":{"rendered":"\n<p>A pesar de la medida cautelar dispuesta por la c\u00e1mara en lo Contencioso Administrativo 1 de Paran\u00e1, que orden\u00f3 a la Federaci\u00f3n M\u00e9dica de Entre R\u00edos (Femer) abstenerse de aplicar corte de servicios a los afiliados del Instituto de Obra Social de la Provincia de Entre R\u00edos (Iosper), \u201chasta tanto finalice el juicio principal\u201d, el presidente del Directorio Obrero, Fernando Ca\u00f1ete, envi\u00f3 una misiva a la entidad que nuclea a los m\u00e9dicos entrerrianos, para hacerles saber que el inter\u00e9s mayor es velar por sus afiliados.<\/p>\n\n\n\n<p>Las autoridades de la mayor Obra Social de la provincia buscan relajar la discusi\u00f3n con la Femer, luego de declaraciones sobre los abusos de algunos profesionales en el marco del paro impulsado por la entidad que nuclea a los m\u00e9dicos en la provincia, suspendido luego por una medida cautelar de la justicia.<\/p>\n\n\n\n<p>A pesar que Iosper tiene garantizada la prestaci\u00f3n m\u00e9dica a sus afiliados, igualmente present\u00f3 la misiva que pretend\u00eda Femer, con una salvedad. En la carta, que firma Ca\u00f1ete en nombre de todos los integrantes del Directorio Obrero, que <em>\u00abno posee actitudes de soberbia ni de arrogancia, en pos de defender los intereses de nuestros afiliados\u00bb<\/em>, le pidi\u00f3 a la entidad que indique <em>\u201cqu\u00e9 t\u00e9rmino utilizar para aquellos profesionales de la salud que exigen dinero a nuestros afiliados por fuera de lo convenido\u201d<\/em>. En rigor, el Directorio reclam\u00f3 a Femer que <em>\u201cle ponga la definici\u00f3n o la palabra correcta a estas pr\u00e1cticas que Iosper condena y exige su cese\u201d<\/em>.<\/p>\n\n\n\n<p>En este delicado escenario, la Obra Social aclar\u00f3 que <em>\u201cno puede este Directorio Obrero dejar que los m\u00e1s vulnerables del sistema, que son nuestros afiliados, vivan momentos de zozobra, incertidumbre, intranquilidad, y desconcierto, dada la situaci\u00f3n reinante. Demasiado estos compa\u00f1eros han tenido que soportar este a\u00f1o inesperado e inusual\u201d<\/em>.<br>Por \u00faltimo, invit\u00f3 a Femer a <em>\u201cadaptarse a los nuevos tiempos, que no son de confrontaci\u00f3n sino de consensos\u00bb<\/em>.<\/p>\n","protected":false},"excerpt":{"rendered":"<p>A pesar de la medida cautelar dispuesta por la c\u00e1mara en lo Contencioso Administrativo 1 de Paran\u00e1, que orden\u00f3 a&hellip;<\/p>\n","protected":false},"author":1,"featured_media":7496,"comment_status":"closed","ping_status":"closed","sticky":false,"template":"","format":"standard","meta":{"_joinchat":[],"footnotes":""},"categories":[65,69,352],"tags":[],"class_list":["post-7495","post","type-post","status-publish","format-standard","has-post-thumbnail","hentry","category-destacados","category-noticias","category-salud"],"yoast_head":"<!-- This site is optimized with the Yoast SEO plugin v25.1 - https:\/\/yoast.com\/wordpress\/plugins\/seo\/ -->\n<title>IOSPER DESCOMPRIME EL CONFLICTO CON LA FEMER - Del \u00c9xodo Nogoy\u00e1<\/title>\n<meta name=\"robots\" content=\"index, follow, max-snippet:-1, max-image-preview:large, max-video-preview:-1\" \/>\n<link rel=\"canonical\" href=\"https:\/\/www.delexodo.com.ar\/?p=7495\" \/>\n<meta property=\"og:locale\" content=\"es_ES\" \/>\n<meta property=\"og:type\" content=\"article\" \/>\n<meta property=\"og:title\" content=\"IOSPER DESCOMPRIME EL CONFLICTO CON LA FEMER - Del \u00c9xodo Nogoy\u00e1\" \/>\n<meta property=\"og:description\" content=\"A pesar de la medida cautelar dispuesta por la c\u00e1mara en lo Contencioso Administrativo 1 de Paran\u00e1, que orden\u00f3 a&hellip;\" \/>\n<meta property=\"og:url\" content=\"https:\/\/www.delexodo.com.ar\/?p=7495\" \/>\n<meta property=\"og:site_name\" content=\"Del \u00c9xodo Nogoy\u00e1\" \/>\n<meta property=\"article:published_time\" content=\"2020-12-29T02:33:35+00:00\" \/>\n<meta property=\"og:image\" content=\"https:\/\/www.delexodo.com.ar\/wp-content\/uploads\/2020\/12\/IOSPER-FEMER.jpg\" \/>\n\t<meta property=\"og:image:width\" content=\"364\" \/>\n\t<meta property=\"og:image:height\" content=\"139\" \/>\n\t<meta property=\"og:image:type\" content=\"image\/jpeg\" \/>\n<meta name=\"author\" content=\"admin\" \/>\n<meta name=\"twitter:card\" content=\"summary_large_image\" \/>\n<meta name=\"twitter:label1\" content=\"Escrito por\" \/>\n\t<meta name=\"twitter:data1\" content=\"admin\" \/>\n\t<meta name=\"twitter:label2\" content=\"Tiempo de lectura\" \/>\n\t<meta name=\"twitter:data2\" content=\"2 minutos\" \/>\n<script type=\"application\/ld+json\" class=\"yoast-schema-graph\">{\"@context\":\"https:\/\/schema.org\",\"@graph\":[{\"@type\":\"Article\",\"@id\":\"https:\/\/www.delexodo.com.ar\/?p=7495#article\",\"isPartOf\":{\"@id\":\"https:\/\/www.delexodo.com.ar\/?p=7495\"},\"author\":{\"name\":\"admin\",\"@id\":\"https:\/\/www.delexodo.com.ar\/#\/schema\/person\/bbed37f7da8e938660b34f2013ba449d\"},\"headline\":\"IOSPER DESCOMPRIME EL CONFLICTO CON LA FEMER\",\"datePublished\":\"2020-12-29T02:33:35+00:00\",\"mainEntityOfPage\":{\"@id\":\"https:\/\/www.delexodo.com.ar\/?p=7495\"},\"wordCount\":341,\"publisher\":{\"@id\":\"https:\/\/www.delexodo.com.ar\/#organization\"},\"image\":{\"@id\":\"https:\/\/www.delexodo.com.ar\/?p=7495#primaryimage\"},\"thumbnailUrl\":\"https:\/\/www.delexodo.com.ar\/wp-content\/uploads\/2020\/12\/IOSPER-FEMER.jpg\",\"articleSection\":[\"Destacados\",\"NOTICIAS\",\"Salud\"],\"inLanguage\":\"es\"},{\"@type\":\"WebPage\",\"@id\":\"https:\/\/www.delexodo.com.ar\/?p=7495\",\"url\":\"https:\/\/www.delexodo.com.ar\/?p=7495\",\"name\":\"IOSPER DESCOMPRIME EL CONFLICTO CON LA FEMER - Del \u00c9xodo Nogoy\u00e1\",\"isPartOf\":{\"@id\":\"https:\/\/www.delexodo.com.ar\/#website\"},\"primaryImageOfPage\":{\"@id\":\"https:\/\/www.delexodo.com.ar\/?p=7495#primaryimage\"},\"image\":{\"@id\":\"https:\/\/www.delexodo.com.ar\/?p=7495#primaryimage\"},\"thumbnailUrl\":\"https:\/\/www.delexodo.com.ar\/wp-content\/uploads\/2020\/12\/IOSPER-FEMER.jpg\",\"datePublished\":\"2020-12-29T02:33:35+00:00\",\"breadcrumb\":{\"@id\":\"https:\/\/www.delexodo.com.ar\/?p=7495#breadcrumb\"},\"inLanguage\":\"es\",\"potentialAction\":[{\"@type\":\"ReadAction\",\"target\":[\"https:\/\/www.delexodo.com.ar\/?p=7495\"]}]},{\"@type\":\"ImageObject\",\"inLanguage\":\"es\",\"@id\":\"https:\/\/www.delexodo.com.ar\/?p=7495#primaryimage\",\"url\":\"https:\/\/www.delexodo.com.ar\/wp-content\/uploads\/2020\/12\/IOSPER-FEMER.jpg\",\"contentUrl\":\"https:\/\/www.delexodo.com.ar\/wp-content\/uploads\/2020\/12\/IOSPER-FEMER.jpg\",\"width\":364,\"height\":139},{\"@type\":\"BreadcrumbList\",\"@id\":\"https:\/\/www.delexodo.com.ar\/?p=7495#breadcrumb\",\"itemListElement\":[{\"@type\":\"ListItem\",\"position\":1,\"name\":\"Portada\",\"item\":\"https:\/\/www.delexodo.com.ar\/\"},{\"@type\":\"ListItem\",\"position\":2,\"name\":\"IOSPER DESCOMPRIME EL CONFLICTO CON LA FEMER\"}]},{\"@type\":\"WebSite\",\"@id\":\"https:\/\/www.delexodo.com.ar\/#website\",\"url\":\"https:\/\/www.delexodo.com.ar\/\",\"name\":\"Del \u00c9xodo Nogoy\u00e1\",\"description\":\"El Portal de Noticias de la Regi\u00f3n\",\"publisher\":{\"@id\":\"https:\/\/www.delexodo.com.ar\/#organization\"},\"potentialAction\":[{\"@type\":\"SearchAction\",\"target\":{\"@type\":\"EntryPoint\",\"urlTemplate\":\"https:\/\/www.delexodo.com.ar\/?s={search_term_string}\"},\"query-input\":{\"@type\":\"PropertyValueSpecification\",\"valueRequired\":true,\"valueName\":\"search_term_string\"}}],\"inLanguage\":\"es\"},{\"@type\":\"Organization\",\"@id\":\"https:\/\/www.delexodo.com.ar\/#organization\",\"name\":\"Del \u00c9xodo Nogoy\u00e1\",\"url\":\"https:\/\/www.delexodo.com.ar\/\",\"logo\":{\"@type\":\"ImageObject\",\"inLanguage\":\"es\",\"@id\":\"https:\/\/www.delexodo.com.ar\/#\/schema\/logo\/image\/\",\"url\":\"https:\/\/www.delexodo.com.ar\/wp-content\/uploads\/2024\/10\/cropped-cropped-LOGO24.png\",\"contentUrl\":\"https:\/\/www.delexodo.com.ar\/wp-content\/uploads\/2024\/10\/cropped-cropped-LOGO24.png\",\"width\":512,\"height\":349,\"caption\":\"Del \u00c9xodo Nogoy\u00e1\"},\"image\":{\"@id\":\"https:\/\/www.delexodo.com.ar\/#\/schema\/logo\/image\/\"}},{\"@type\":\"Person\",\"@id\":\"https:\/\/www.delexodo.com.ar\/#\/schema\/person\/bbed37f7da8e938660b34f2013ba449d\",\"name\":\"admin\",\"image\":{\"@type\":\"ImageObject\",\"inLanguage\":\"es\",\"@id\":\"https:\/\/www.delexodo.com.ar\/#\/schema\/person\/image\/\",\"url\":\"https:\/\/secure.gravatar.com\/avatar\/6b1558d1b6df085f1901bd5bd98523d7?s=96&d=mm&r=g\",\"contentUrl\":\"https:\/\/secure.gravatar.com\/avatar\/6b1558d1b6df085f1901bd5bd98523d7?s=96&d=mm&r=g\",\"caption\":\"admin\"},\"url\":\"https:\/\/www.delexodo.com.ar\/?author=1\"}]}<\/script>\n<!-- \/ Yoast SEO plugin. -->","yoast_head_json":{"title":"IOSPER DESCOMPRIME EL CONFLICTO CON LA FEMER - Del \u00c9xodo Nogoy\u00e1","robots":{"index":"index","follow":"follow","max-snippet":"max-snippet:-1","max-image-preview":"max-image-preview:large","max-video-preview":"max-video-preview:-1"},"canonical":"https:\/\/www.delexodo.com.ar\/?p=7495","og_locale":"es_ES","og_type":"article","og_title":"IOSPER DESCOMPRIME EL CONFLICTO CON LA FEMER - Del \u00c9xodo Nogoy\u00e1","og_description":"A pesar de la medida cautelar dispuesta por la c\u00e1mara en lo Contencioso Administrativo 1 de Paran\u00e1, que orden\u00f3 a&hellip;","og_url":"https:\/\/www.delexodo.com.ar\/?p=7495","og_site_name":"Del \u00c9xodo Nogoy\u00e1","article_published_time":"2020-12-29T02:33:35+00:00","og_image":[{"width":364,"height":139,"url":"https:\/\/www.delexodo.com.ar\/wp-content\/uploads\/2020\/12\/IOSPER-FEMER.jpg","type":"image\/jpeg"}],"author":"admin","twitter_card":"summary_large_image","twitter_misc":{"Escrito por":"admin","Tiempo de lectura":"2 minutos"},"schema":{"@context":"https:\/\/schema.org","@graph":[{"@type":"Article","@id":"https:\/\/www.delexodo.com.ar\/?p=7495#article","isPartOf":{"@id":"https:\/\/www.delexodo.com.ar\/?p=7495"},"author":{"name":"admin","@id":"https:\/\/www.delexodo.com.ar\/#\/schema\/person\/bbed37f7da8e938660b34f2013ba449d"},"headline":"IOSPER DESCOMPRIME EL CONFLICTO CON LA FEMER","datePublished":"2020-12-29T02:33:35+00:00","mainEntityOfPage":{"@id":"https:\/\/www.delexodo.com.ar\/?p=7495"},"wordCount":341,"publisher":{"@id":"https:\/\/www.delexodo.com.ar\/#organization"},"image":{"@id":"https:\/\/www.delexodo.com.ar\/?p=7495#primaryimage"},"thumbnailUrl":"https:\/\/www.delexodo.com.ar\/wp-content\/uploads\/2020\/12\/IOSPER-FEMER.jpg","articleSection":["Destacados","NOTICIAS","Salud"],"inLanguage":"es"},{"@type":"WebPage","@id":"https:\/\/www.delexodo.com.ar\/?p=7495","url":"https:\/\/www.delexodo.com.ar\/?p=7495","name":"IOSPER DESCOMPRIME EL CONFLICTO CON LA FEMER - Del \u00c9xodo Nogoy\u00e1","isPartOf":{"@id":"https:\/\/www.delexodo.com.ar\/#website"},"primaryImageOfPage":{"@id":"https:\/\/www.delexodo.com.ar\/?p=7495#primaryimage"},"image":{"@id":"https:\/\/www.delexodo.com.ar\/?p=7495#primaryimage"},"thumbnailUrl":"https:\/\/www.delexodo.com.ar\/wp-content\/uploads\/2020\/12\/IOSPER-FEMER.jpg","datePublished":"2020-12-29T02:33:35+00:00","breadcrumb":{"@id":"https:\/\/www.delexodo.com.ar\/?p=7495#breadcrumb"},"inLanguage":"es","potentialAction":[{"@type":"ReadAction","target":["https:\/\/www.delexodo.com.ar\/?p=7495"]}]},{"@type":"ImageObject","inLanguage":"es","@id":"https:\/\/www.delexodo.com.ar\/?p=7495#primaryimage","url":"https:\/\/www.delexodo.com.ar\/wp-content\/uploads\/2020\/12\/IOSPER-FEMER.jpg","contentUrl":"https:\/\/www.delexodo.com.ar\/wp-content\/uploads\/2020\/12\/IOSPER-FEMER.jpg","width":364,"height":139},{"@type":"BreadcrumbList","@id":"https:\/\/www.delexodo.com.ar\/?p=7495#breadcrumb","itemListElement":[{"@type":"ListItem","position":1,"name":"Portada","item":"https:\/\/www.delexodo.com.ar\/"},{"@type":"ListItem","position":2,"name":"IOSPER DESCOMPRIME EL CONFLICTO CON LA FEMER"}]},{"@type":"WebSite","@id":"https:\/\/www.delexodo.com.ar\/#website","url":"https:\/\/www.delexodo.com.ar\/","name":"Del \u00c9xodo Nogoy\u00e1","description":"El Portal de Noticias de la Regi\u00f3n","publisher":{"@id":"https:\/\/www.delexodo.com.ar\/#organization"},"potentialAction":[{"@type":"SearchAction","target":{"@type":"EntryPoint","urlTemplate":"https:\/\/www.delexodo.com.ar\/?s={search_term_string}"},"query-input":{"@type":"PropertyValueSpecification","valueRequired":true,"valueName":"search_term_string"}}],"inLanguage":"es"},{"@type":"Organization","@id":"https:\/\/www.delexodo.com.ar\/#organization","name":"Del \u00c9xodo Nogoy\u00e1","url":"https:\/\/www.delexodo.com.ar\/","logo":{"@type":"ImageObject","inLanguage":"es","@id":"https:\/\/www.delexodo.com.ar\/#\/schema\/logo\/image\/","url":"https:\/\/www.delexodo.com.ar\/wp-content\/uploads\/2024\/10\/cropped-cropped-LOGO24.png","contentUrl":"https:\/\/www.delexodo.com.ar\/wp-content\/uploads\/2024\/10\/cropped-cropped-LOGO24.png","width":512,"height":349,"caption":"Del \u00c9xodo Nogoy\u00e1"},"image":{"@id":"https:\/\/www.delexodo.com.ar\/#\/schema\/logo\/image\/"}},{"@type":"Person","@id":"https:\/\/www.delexodo.com.ar\/#\/schema\/person\/bbed37f7da8e938660b34f2013ba449d","name":"admin","image":{"@type":"ImageObject","inLanguage":"es","@id":"https:\/\/www.delexodo.com.ar\/#\/schema\/person\/image\/","url":"https:\/\/secure.gravatar.com\/avatar\/6b1558d1b6df085f1901bd5bd98523d7?s=96&d=mm&r=g","contentUrl":"https:\/\/secure.gravatar.com\/avatar\/6b1558d1b6df085f1901bd5bd98523d7?s=96&d=mm&r=g","caption":"admin"},"url":"https:\/\/www.delexodo.com.ar\/?author=1"}]}},"_links":{"self":[{"href":"https:\/\/www.delexodo.com.ar\/index.php?rest_route=\/wp\/v2\/posts\/7495","targetHints":{"allow":["GET"]}}],"collection":[{"href":"https:\/\/www.delexodo.com.ar\/index.php?rest_route=\/wp\/v2\/posts"}],"about":[{"href":"https:\/\/www.delexodo.com.ar\/index.php?rest_route=\/wp\/v2\/types\/post"}],"author":[{"embeddable":true,"href":"https:\/\/www.delexodo.com.ar\/index.php?rest_route=\/wp\/v2\/users\/1"}],"replies":[{"embeddable":true,"href":"https:\/\/www.delexodo.com.ar\/index.php?rest_route=%2Fwp%2Fv2%2Fcomments&post=7495"}],"version-history":[{"count":0,"href":"https:\/\/www.delexodo.com.ar\/index.php?rest_route=\/wp\/v2\/posts\/7495\/revisions"}],"wp:featuredmedia":[{"embeddable":true,"href":"https:\/\/www.delexodo.com.ar\/index.php?rest_route=\/wp\/v2\/media\/7496"}],"wp:attachment":[{"href":"https:\/\/www.delexodo.com.ar\/index.php?rest_route=%2Fwp%2Fv2%2Fmedia&parent=7495"}],"wp:term":[{"taxonomy":"category","embeddable":true,"href":"https:\/\/www.delexodo.com.ar\/index.php?rest_route=%2Fwp%2Fv2%2Fcategories&post=7495"},{"taxonomy":"post_tag","embeddable":true,"href":"https:\/\/www.delexodo.com.ar\/index.php?rest_route=%2Fwp%2Fv2%2Ftags&post=7495"}],"curies":[{"name":"wp","href":"https:\/\/api.w.org\/{rel}","templated":true}]}}