{"id":7417,"date":"2020-12-13T21:18:27","date_gmt":"2020-12-14T00:18:27","guid":{"rendered":"http:\/\/www.delexodo.com.ar\/?p=7417"},"modified":"2020-12-14T07:57:54","modified_gmt":"2020-12-14T10:57:54","slug":"nogoya-breves-policiales-de-la-semana-7","status":"publish","type":"post","link":"https:\/\/www.delexodo.com.ar\/?p=7417","title":{"rendered":"NOGOYA: BREVES POLICIALES DE LA SEMANA"},"content":{"rendered":"\n<p>La Polic\u00eda de Entre R\u00edos a trav\u00e9s de la Jefatura Departamental Nogoy\u00e1 informa a la ciudadan\u00eda en general las novedades de m\u00e1s importancia, que se puedan dar a conocer en forma p\u00fablica sin comprometer la identidad de las personas y\/o transgredir disposiciones legales vigentes, acaecidas en el \u00e1mbito jurisdiccional durante los \u00faltimos d\u00edas, las cuales se detallan a continuaci\u00f3n:<\/p>\n\n\n\n<p>SUPUESTO DELITO DE ROBO: 09\/12\/20<\/p>\n\n\n\n<p>Comisaria Villa 3 de Febrero inicia Actuaciones De Oficio por el supuesto delito de Robo contra dos masculinos desconocidos, en perjuicio de femenina de 43 a\u00f1os de edad, dado que aproximadamente 21:30 hs., en inmediaciones de calle Eduardo Ramat y Primero de Mayo, zona Barrio Cha\u00f1ar, la misma regresaba a su hogar caminando sola,&nbsp; pasando zona de la Cancha de Futbol de Club Libertad, en una esquina, sin iluminaci\u00f3n, la interceptan dos masculinos, le pidieron plata, la misma se niega a colaborar, por lo que uno de ellos se le acerca y le pasa un elemento por antebrazos origin\u00e1ndole cortes, ella le da el dinero que ten\u00eda en su billetera, una suma cercana a los $45.000,&nbsp; la golpea en la cabeza, y se retiran corriendo, cortando campo.&nbsp; La damnificada fue derivada al Hospital \u201cSan Blas\u201d para curaciones de las lesiones infringidas. Se dio a conocimiento a Fiscal en turno, prosigui\u00e9ndose atento a lineamientos vertidos al respecto.<\/p>\n\n\n\n<p>SE RECUPERO BICICLETA SUSTRAIDA: 11\/12\/20, 12:20 hs.<\/p>\n\n\n\n<p>Comisaria Villa 3 de Febrero inici\u00f3 actuaciones pertinentes, por el Supuesto delito de Hurto, en perjuicio de femenina de 51 a\u00f1os de edad, debido a la faltante de su bicicleta marca Top Mega Rodado 26, tipo mountain bike, la que hab\u00eda dejado contra un poste de luz en calle Uruguay. Tras tareas investigativas la bicicleta fue localizada en una vivienda de Barrio de zona Oeste de la ciudad, se procedi\u00f3 al secuestro de la misma y posterior entrega a su propietaria, quedando supeditado a la causa en tr\u00e1mite&nbsp; masculino de 23 a\u00f1os de edad.<\/p>\n\n\n\n<p>ACCIDENTE DE TRANSITO \u2013 CAIDA EN MOTOVEHICULO \u2013 MASCULINO CON LESIONES DE CAR\u00c1CTER GRAVES: 13\/12\/20<\/p>\n\n\n\n<p>Secci\u00f3n Judiciales inicia Actuaciones prevencionales para establecer formas y circunstancias en que resultara con LESIONES de car\u00e1cter GRAVES EN ACCIDENTE DE TR\u00c1NSITO (ca\u00edda en moto veh\u00edculo) masculino de (19) a\u00f1os de edad, domiciliado en esta ciudad, en virtud de que alrededor de las 02:30 hs., ingreso al Hospital San Blas, presentando LESIONES&nbsp; de car\u00e1cter GRAVES; \u201cFractura de Clav\u00edcula de hombro izquierdo\u201d; seg\u00fan sus dichos&nbsp; transitaba en moto veh\u00edculo con un amigo por calle Quiroga y Taboada&nbsp; y al llegar a calle 9 de Julio por una mala maniobra, se cae, golpe\u00e1ndose la zona de hombro. Trasladado para atenci\u00f3n m\u00e9dica al nosocomio. Se inform\u00f3 a Sr. Fiscal en turno, continuando con las diligencias de rigor.-<\/p>\n\n\n\n<p>\u201cCONTROL DE MOTOS\u201d<\/p>\n\n\n\n<p>Por aplicaci\u00f3n del Decreto M.G.J. N\u00ba2675 de fecha 27\/08\/14, en el transcurso de la semana se procedi\u00f3 a la retenci\u00f3n de diez (10) moto veh\u00edculos por no reunir las condiciones exigidas para poder circular acorde a reglamentaci\u00f3n vigente.<\/p>\n\n\n\n<p>CONTRAVENTORES<\/p>\n\n\n\n<p>En el transcurso de esta semana se registr\u00f3 el ingreso a esta Jefatura Departamental de tres (03) personas por supuesta infracci\u00f3n a disposiciones contempladas en la Ley Org\u00e1nica Pcial. N\u00ba 3.815 y sus modificatorias.<\/p>\n\n\n\n<p>OPERATIVOS EN CONJUNTO CON EL AREA TRANSITO MUNICIPAL.<\/p>\n\n\n\n<p>Se han dispuesto distintos operativos de control vehicular en el \u00e1mbito de nuestra ciudad, los cuales se llevan a cabo conjuntamente con personal del \u00c1rea de Tr\u00e1nsito Municipal, requiriendo documentaci\u00f3n obligatoria a los conductores, con realizaci\u00f3n de test de alcoholemia, procediendo a la retenci\u00f3n vehicular si as\u00ed correspondiera. Estos operativos continuar\u00e1n implement\u00e1ndose en lo sucesivo.<\/p>\n\n\n\n<p>MASCULINO DETENIDO POR SUPUESTO DELITO DE RESISTENCIA A LA AUTORIDAD Y AMENAZAS.- DOMINGO 13\/12\/20.- 19:15 HS.<\/p>\n\n\n\n<p>En Operativo de control vehicular en calle 25 de Mayo y Bulevar Espa\u00f1a de esta ciudad, personal policial intercepta&nbsp; moto veh\u00edculo marca Motomel, de color negro 110 cc,&nbsp; en el cual circulaba un masculino&nbsp; acompa\u00f1ado de una femenina mayor de edad y un ni\u00f1o, todos sin casco reglamentario colocado,&nbsp; se le solicit\u00f3 al conductor la documentaci\u00f3n del rodado,&nbsp; al carecer de la misma se le hizo saber que se iba a retener \u00e9ste, en ese momento, esgrime un cuchillo, amenaza al personal policial y corta la manguera del combustible del moto veh\u00edculo, aduciendo que lo incendiar\u00eda, por lo que a la brevedad se neutraliz\u00f3 lo que pretend\u00eda realizar. Se comunic\u00f3 a Fiscal en Turno, quien orden\u00f3 su aprehensi\u00f3n y traslado a Jefatura Departamental, donde qued\u00f3 alojado y se prosiguen con diligencias de estilo.-<\/p>\n\n\n\n<p>ACCIDENTE DE TRANSITO \u2013 COLISION DE CAMIONETAS FORD ECOSPORT Y FORD RANGER&nbsp; \u2013&nbsp; FEMENINA MAYOR DE EDAD CON LESIONES DE CAR\u00c1CTER RESERVADO.<\/p>\n\n\n\n<figure class=\"wp-block-image size-large\"><img loading=\"lazy\" decoding=\"async\" width=\"960\" height=\"540\" src=\"https:\/\/www.delexodo.com.ar\/wp-content\/uploads\/2020\/12\/accidente1.jpeg\" alt=\"\" class=\"wp-image-7420\" srcset=\"https:\/\/www.delexodo.com.ar\/wp-content\/uploads\/2020\/12\/accidente1.jpeg 960w, https:\/\/www.delexodo.com.ar\/wp-content\/uploads\/2020\/12\/accidente1-300x169.jpeg 300w, https:\/\/www.delexodo.com.ar\/wp-content\/uploads\/2020\/12\/accidente1-768x432.jpeg 768w\" sizes=\"auto, (max-width: 960px) 100vw, 960px\" \/><\/figure>\n\n\n\n<p>Comisaria Zona Sur: Alrededor de las 19:20 hs, toma conocimiento y procede a labrar actuaciones policiales correspondientes para establecer formas y circunstancias que se habr\u00eda dado en la intersecci\u00f3n de calle Vuelta Obligado y Lisandro de la Torre de esta ciudad, colisi\u00f3n de camioneta Ford Ranger, que circulaba por&nbsp; calle Lisandro de la Torre en direcci\u00f3n Norte-Sur,&nbsp; conducida por masculino de 72 a\u00f1os, quien iba acompa\u00f1ado de su esposa de 69 a\u00f1os de edad, oriundos de esta ciudad y camioneta Ford Ecosport, que circulaba por&nbsp; calle Vuelta de Obligado en direcci\u00f3n Oeste \u2013 Este, conducida por masculino de&nbsp; 33 a\u00f1os, acompa\u00f1ado de su esposa de 29 a\u00f1os y sus dos hijos menores de edad, domiciliados en zona rural de Betbeder. Trasladados al Hospital San Blas, por personal de Emergencias M\u00e9dicas, examinados, solamente la femenina mayor de edad que iba en veh\u00edculo Ford Ranger, result\u00f3 con Lesiones de car\u00e1cter&nbsp; RESERVADO,&nbsp; los dem\u00e1s resultaron ilesos. Da\u00f1os materiales de consideraci\u00f3n en ambos rodados, parte frontal de Ford Ecosport y gran magnitud de la Ford Ranger,&nbsp; dado que se dio el vuelco de la misma, obstaculizando el transito en una de las arterias. Se inform\u00f3 a Sr. Fiscal de turno, m\u00e9dico de Polic\u00eda, en el lugar trabaj\u00f3, personal Policial de Divisi\u00f3n Operaciones y Seguridad, Comisar\u00eda de Jurisdicci\u00f3n, Divisi\u00f3n Investigaciones, Secci\u00f3n Accidentolog\u00eda vial del Gabinete de Criminal\u00edstica de esta Jefatura, Personal de Direcci\u00f3n Prevenci\u00f3n de Delitos Rurales. Se desvi\u00f3 el tr\u00e1nsito por caminos alternativos, hasta que se finaliz\u00f3 con las pericias inherentes y dem\u00e1s diligencias sumariales,&nbsp; habilit\u00e1ndose luego el tr\u00e1nsito normal.<\/p>\n\n\n\n<figure class=\"wp-block-image size-large\"><img loading=\"lazy\" decoding=\"async\" width=\"1024\" height=\"683\" src=\"https:\/\/www.delexodo.com.ar\/wp-content\/uploads\/2020\/12\/accidente2-1024x683.jpeg\" alt=\"\" class=\"wp-image-7421\" srcset=\"https:\/\/www.delexodo.com.ar\/wp-content\/uploads\/2020\/12\/accidente2-1024x683.jpeg 1024w, https:\/\/www.delexodo.com.ar\/wp-content\/uploads\/2020\/12\/accidente2-300x200.jpeg 300w, https:\/\/www.delexodo.com.ar\/wp-content\/uploads\/2020\/12\/accidente2-768x512.jpeg 768w, https:\/\/www.delexodo.com.ar\/wp-content\/uploads\/2020\/12\/accidente2.jpeg 1280w\" sizes=\"auto, (max-width: 1024px) 100vw, 1024px\" \/><\/figure>\n\n\n\n<p>MASCULINO DETENIDO POR DESOBEDIENCIA JUDICIAL EN FLAGRANCIA.- LUNES 14\/12\/20 \u2013 00:20 HS.<\/p>\n\n\n\n<p>Jefatura Departamental Nogoy\u00e1 \u2013 Comisar\u00eda Villa 3 de Febrero: En virtud de Causa Judicial en tr\u00e1mite y ante caso omiso a contenido de Mandamiento Judicial ( prohibici\u00f3n de acercamiento y actos molestos ) P\/S\/D de DESOBEDIENCIA JUDICIAL, por disposici\u00f3n de Fiscal en Turno se procedi\u00f3 a la detenci\u00f3n de un masculino de (60), a\u00f1os , alojado en esta Jefatura Departamental.<\/p>\n\n\n\n<p>JEFATURA DEPARTAMENTAL NOGOY\u00c1<\/p>\n","protected":false},"excerpt":{"rendered":"<p>La Polic\u00eda de Entre R\u00edos a trav\u00e9s de la Jefatura Departamental Nogoy\u00e1 informa a la ciudadan\u00eda en general las novedades&hellip;<\/p>\n","protected":false},"author":1,"featured_media":6566,"comment_status":"open","ping_status":"open","sticky":false,"template":"","format":"standard","meta":{"_joinchat":[],"footnotes":""},"categories":[65,1,69,350],"tags":[345],"class_list":["post-7417","post","type-post","status-publish","format-standard","has-post-thumbnail","hentry","category-destacados","category-sincategoria","category-noticias","category-policiales","tag-destacar"],"yoast_head":"<!-- This site is optimized with the Yoast SEO plugin v25.1 - https:\/\/yoast.com\/wordpress\/plugins\/seo\/ -->\n<title>NOGOYA: BREVES POLICIALES DE LA SEMANA - Del \u00c9xodo Nogoy\u00e1<\/title>\n<meta name=\"robots\" content=\"index, follow, max-snippet:-1, max-image-preview:large, max-video-preview:-1\" \/>\n<link rel=\"canonical\" href=\"https:\/\/www.delexodo.com.ar\/?p=7417\" \/>\n<meta property=\"og:locale\" content=\"es_ES\" \/>\n<meta property=\"og:type\" content=\"article\" \/>\n<meta property=\"og:title\" content=\"NOGOYA: BREVES POLICIALES DE LA SEMANA - Del \u00c9xodo Nogoy\u00e1\" \/>\n<meta property=\"og:description\" content=\"La Polic\u00eda de Entre R\u00edos a trav\u00e9s de la Jefatura Departamental Nogoy\u00e1 informa a la ciudadan\u00eda en general las novedades&hellip;\" \/>\n<meta property=\"og:url\" content=\"https:\/\/www.delexodo.com.ar\/?p=7417\" \/>\n<meta property=\"og:site_name\" content=\"Del \u00c9xodo Nogoy\u00e1\" \/>\n<meta property=\"article:published_time\" content=\"2020-12-14T00:18:27+00:00\" \/>\n<meta property=\"article:modified_time\" content=\"2020-12-14T10:57:54+00:00\" \/>\n<meta property=\"og:image\" content=\"https:\/\/www.delexodo.com.ar\/wp-content\/uploads\/2020\/07\/policia-jefatura-760x450-1.jpg\" \/>\n\t<meta property=\"og:image:width\" content=\"760\" \/>\n\t<meta property=\"og:image:height\" content=\"450\" \/>\n\t<meta property=\"og:image:type\" content=\"image\/jpeg\" \/>\n<meta name=\"author\" content=\"admin\" \/>\n<meta name=\"twitter:card\" content=\"summary_large_image\" \/>\n<meta name=\"twitter:label1\" content=\"Escrito por\" \/>\n\t<meta name=\"twitter:data1\" content=\"admin\" \/>\n\t<meta name=\"twitter:label2\" content=\"Tiempo de lectura\" \/>\n\t<meta name=\"twitter:data2\" content=\"6 minutos\" \/>\n<script type=\"application\/ld+json\" class=\"yoast-schema-graph\">{\"@context\":\"https:\/\/schema.org\",\"@graph\":[{\"@type\":\"Article\",\"@id\":\"https:\/\/www.delexodo.com.ar\/?p=7417#article\",\"isPartOf\":{\"@id\":\"https:\/\/www.delexodo.com.ar\/?p=7417\"},\"author\":{\"name\":\"admin\",\"@id\":\"https:\/\/www.delexodo.com.ar\/#\/schema\/person\/bbed37f7da8e938660b34f2013ba449d\"},\"headline\":\"NOGOYA: BREVES POLICIALES DE LA SEMANA\",\"datePublished\":\"2020-12-14T00:18:27+00:00\",\"dateModified\":\"2020-12-14T10:57:54+00:00\",\"mainEntityOfPage\":{\"@id\":\"https:\/\/www.delexodo.com.ar\/?p=7417\"},\"wordCount\":1179,\"commentCount\":0,\"publisher\":{\"@id\":\"https:\/\/www.delexodo.com.ar\/#organization\"},\"image\":{\"@id\":\"https:\/\/www.delexodo.com.ar\/?p=7417#primaryimage\"},\"thumbnailUrl\":\"https:\/\/www.delexodo.com.ar\/wp-content\/uploads\/2020\/07\/policia-jefatura-760x450-1.jpg\",\"keywords\":[\"destacar\"],\"articleSection\":[\"Destacados\",\"Nogoya\",\"NOTICIAS\",\"Policiales\"],\"inLanguage\":\"es\",\"potentialAction\":[{\"@type\":\"CommentAction\",\"name\":\"Comment\",\"target\":[\"https:\/\/www.delexodo.com.ar\/?p=7417#respond\"]}]},{\"@type\":\"WebPage\",\"@id\":\"https:\/\/www.delexodo.com.ar\/?p=7417\",\"url\":\"https:\/\/www.delexodo.com.ar\/?p=7417\",\"name\":\"NOGOYA: BREVES POLICIALES DE LA SEMANA - Del \u00c9xodo Nogoy\u00e1\",\"isPartOf\":{\"@id\":\"https:\/\/www.delexodo.com.ar\/#website\"},\"primaryImageOfPage\":{\"@id\":\"https:\/\/www.delexodo.com.ar\/?p=7417#primaryimage\"},\"image\":{\"@id\":\"https:\/\/www.delexodo.com.ar\/?p=7417#primaryimage\"},\"thumbnailUrl\":\"https:\/\/www.delexodo.com.ar\/wp-content\/uploads\/2020\/07\/policia-jefatura-760x450-1.jpg\",\"datePublished\":\"2020-12-14T00:18:27+00:00\",\"dateModified\":\"2020-12-14T10:57:54+00:00\",\"breadcrumb\":{\"@id\":\"https:\/\/www.delexodo.com.ar\/?p=7417#breadcrumb\"},\"inLanguage\":\"es\",\"potentialAction\":[{\"@type\":\"ReadAction\",\"target\":[\"https:\/\/www.delexodo.com.ar\/?p=7417\"]}]},{\"@type\":\"ImageObject\",\"inLanguage\":\"es\",\"@id\":\"https:\/\/www.delexodo.com.ar\/?p=7417#primaryimage\",\"url\":\"https:\/\/www.delexodo.com.ar\/wp-content\/uploads\/2020\/07\/policia-jefatura-760x450-1.jpg\",\"contentUrl\":\"https:\/\/www.delexodo.com.ar\/wp-content\/uploads\/2020\/07\/policia-jefatura-760x450-1.jpg\",\"width\":760,\"height\":450},{\"@type\":\"BreadcrumbList\",\"@id\":\"https:\/\/www.delexodo.com.ar\/?p=7417#breadcrumb\",\"itemListElement\":[{\"@type\":\"ListItem\",\"position\":1,\"name\":\"Portada\",\"item\":\"https:\/\/www.delexodo.com.ar\/\"},{\"@type\":\"ListItem\",\"position\":2,\"name\":\"NOGOYA: BREVES POLICIALES DE LA SEMANA\"}]},{\"@type\":\"WebSite\",\"@id\":\"https:\/\/www.delexodo.com.ar\/#website\",\"url\":\"https:\/\/www.delexodo.com.ar\/\",\"name\":\"Del \u00c9xodo Nogoy\u00e1\",\"description\":\"El Portal de Noticias de la Regi\u00f3n\",\"publisher\":{\"@id\":\"https:\/\/www.delexodo.com.ar\/#organization\"},\"potentialAction\":[{\"@type\":\"SearchAction\",\"target\":{\"@type\":\"EntryPoint\",\"urlTemplate\":\"https:\/\/www.delexodo.com.ar\/?s={search_term_string}\"},\"query-input\":{\"@type\":\"PropertyValueSpecification\",\"valueRequired\":true,\"valueName\":\"search_term_string\"}}],\"inLanguage\":\"es\"},{\"@type\":\"Organization\",\"@id\":\"https:\/\/www.delexodo.com.ar\/#organization\",\"name\":\"Del \u00c9xodo Nogoy\u00e1\",\"url\":\"https:\/\/www.delexodo.com.ar\/\",\"logo\":{\"@type\":\"ImageObject\",\"inLanguage\":\"es\",\"@id\":\"https:\/\/www.delexodo.com.ar\/#\/schema\/logo\/image\/\",\"url\":\"https:\/\/www.delexodo.com.ar\/wp-content\/uploads\/2024\/10\/cropped-cropped-LOGO24.png\",\"contentUrl\":\"https:\/\/www.delexodo.com.ar\/wp-content\/uploads\/2024\/10\/cropped-cropped-LOGO24.png\",\"width\":512,\"height\":349,\"caption\":\"Del \u00c9xodo Nogoy\u00e1\"},\"image\":{\"@id\":\"https:\/\/www.delexodo.com.ar\/#\/schema\/logo\/image\/\"}},{\"@type\":\"Person\",\"@id\":\"https:\/\/www.delexodo.com.ar\/#\/schema\/person\/bbed37f7da8e938660b34f2013ba449d\",\"name\":\"admin\",\"image\":{\"@type\":\"ImageObject\",\"inLanguage\":\"es\",\"@id\":\"https:\/\/www.delexodo.com.ar\/#\/schema\/person\/image\/\",\"url\":\"https:\/\/secure.gravatar.com\/avatar\/6b1558d1b6df085f1901bd5bd98523d7?s=96&d=mm&r=g\",\"contentUrl\":\"https:\/\/secure.gravatar.com\/avatar\/6b1558d1b6df085f1901bd5bd98523d7?s=96&d=mm&r=g\",\"caption\":\"admin\"},\"url\":\"https:\/\/www.delexodo.com.ar\/?author=1\"}]}<\/script>\n<!-- \/ Yoast SEO plugin. -->","yoast_head_json":{"title":"NOGOYA: BREVES POLICIALES DE LA SEMANA - Del \u00c9xodo Nogoy\u00e1","robots":{"index":"index","follow":"follow","max-snippet":"max-snippet:-1","max-image-preview":"max-image-preview:large","max-video-preview":"max-video-preview:-1"},"canonical":"https:\/\/www.delexodo.com.ar\/?p=7417","og_locale":"es_ES","og_type":"article","og_title":"NOGOYA: BREVES POLICIALES DE LA SEMANA - Del \u00c9xodo Nogoy\u00e1","og_description":"La Polic\u00eda de Entre R\u00edos a trav\u00e9s de la Jefatura Departamental Nogoy\u00e1 informa a la ciudadan\u00eda en general las novedades&hellip;","og_url":"https:\/\/www.delexodo.com.ar\/?p=7417","og_site_name":"Del \u00c9xodo Nogoy\u00e1","article_published_time":"2020-12-14T00:18:27+00:00","article_modified_time":"2020-12-14T10:57:54+00:00","og_image":[{"width":760,"height":450,"url":"https:\/\/www.delexodo.com.ar\/wp-content\/uploads\/2020\/07\/policia-jefatura-760x450-1.jpg","type":"image\/jpeg"}],"author":"admin","twitter_card":"summary_large_image","twitter_misc":{"Escrito por":"admin","Tiempo de lectura":"6 minutos"},"schema":{"@context":"https:\/\/schema.org","@graph":[{"@type":"Article","@id":"https:\/\/www.delexodo.com.ar\/?p=7417#article","isPartOf":{"@id":"https:\/\/www.delexodo.com.ar\/?p=7417"},"author":{"name":"admin","@id":"https:\/\/www.delexodo.com.ar\/#\/schema\/person\/bbed37f7da8e938660b34f2013ba449d"},"headline":"NOGOYA: BREVES POLICIALES DE LA SEMANA","datePublished":"2020-12-14T00:18:27+00:00","dateModified":"2020-12-14T10:57:54+00:00","mainEntityOfPage":{"@id":"https:\/\/www.delexodo.com.ar\/?p=7417"},"wordCount":1179,"commentCount":0,"publisher":{"@id":"https:\/\/www.delexodo.com.ar\/#organization"},"image":{"@id":"https:\/\/www.delexodo.com.ar\/?p=7417#primaryimage"},"thumbnailUrl":"https:\/\/www.delexodo.com.ar\/wp-content\/uploads\/2020\/07\/policia-jefatura-760x450-1.jpg","keywords":["destacar"],"articleSection":["Destacados","Nogoya","NOTICIAS","Policiales"],"inLanguage":"es","potentialAction":[{"@type":"CommentAction","name":"Comment","target":["https:\/\/www.delexodo.com.ar\/?p=7417#respond"]}]},{"@type":"WebPage","@id":"https:\/\/www.delexodo.com.ar\/?p=7417","url":"https:\/\/www.delexodo.com.ar\/?p=7417","name":"NOGOYA: BREVES POLICIALES DE LA SEMANA - Del \u00c9xodo Nogoy\u00e1","isPartOf":{"@id":"https:\/\/www.delexodo.com.ar\/#website"},"primaryImageOfPage":{"@id":"https:\/\/www.delexodo.com.ar\/?p=7417#primaryimage"},"image":{"@id":"https:\/\/www.delexodo.com.ar\/?p=7417#primaryimage"},"thumbnailUrl":"https:\/\/www.delexodo.com.ar\/wp-content\/uploads\/2020\/07\/policia-jefatura-760x450-1.jpg","datePublished":"2020-12-14T00:18:27+00:00","dateModified":"2020-12-14T10:57:54+00:00","breadcrumb":{"@id":"https:\/\/www.delexodo.com.ar\/?p=7417#breadcrumb"},"inLanguage":"es","potentialAction":[{"@type":"ReadAction","target":["https:\/\/www.delexodo.com.ar\/?p=7417"]}]},{"@type":"ImageObject","inLanguage":"es","@id":"https:\/\/www.delexodo.com.ar\/?p=7417#primaryimage","url":"https:\/\/www.delexodo.com.ar\/wp-content\/uploads\/2020\/07\/policia-jefatura-760x450-1.jpg","contentUrl":"https:\/\/www.delexodo.com.ar\/wp-content\/uploads\/2020\/07\/policia-jefatura-760x450-1.jpg","width":760,"height":450},{"@type":"BreadcrumbList","@id":"https:\/\/www.delexodo.com.ar\/?p=7417#breadcrumb","itemListElement":[{"@type":"ListItem","position":1,"name":"Portada","item":"https:\/\/www.delexodo.com.ar\/"},{"@type":"ListItem","position":2,"name":"NOGOYA: BREVES POLICIALES DE LA SEMANA"}]},{"@type":"WebSite","@id":"https:\/\/www.delexodo.com.ar\/#website","url":"https:\/\/www.delexodo.com.ar\/","name":"Del \u00c9xodo Nogoy\u00e1","description":"El Portal de Noticias de la Regi\u00f3n","publisher":{"@id":"https:\/\/www.delexodo.com.ar\/#organization"},"potentialAction":[{"@type":"SearchAction","target":{"@type":"EntryPoint","urlTemplate":"https:\/\/www.delexodo.com.ar\/?s={search_term_string}"},"query-input":{"@type":"PropertyValueSpecification","valueRequired":true,"valueName":"search_term_string"}}],"inLanguage":"es"},{"@type":"Organization","@id":"https:\/\/www.delexodo.com.ar\/#organization","name":"Del \u00c9xodo Nogoy\u00e1","url":"https:\/\/www.delexodo.com.ar\/","logo":{"@type":"ImageObject","inLanguage":"es","@id":"https:\/\/www.delexodo.com.ar\/#\/schema\/logo\/image\/","url":"https:\/\/www.delexodo.com.ar\/wp-content\/uploads\/2024\/10\/cropped-cropped-LOGO24.png","contentUrl":"https:\/\/www.delexodo.com.ar\/wp-content\/uploads\/2024\/10\/cropped-cropped-LOGO24.png","width":512,"height":349,"caption":"Del \u00c9xodo Nogoy\u00e1"},"image":{"@id":"https:\/\/www.delexodo.com.ar\/#\/schema\/logo\/image\/"}},{"@type":"Person","@id":"https:\/\/www.delexodo.com.ar\/#\/schema\/person\/bbed37f7da8e938660b34f2013ba449d","name":"admin","image":{"@type":"ImageObject","inLanguage":"es","@id":"https:\/\/www.delexodo.com.ar\/#\/schema\/person\/image\/","url":"https:\/\/secure.gravatar.com\/avatar\/6b1558d1b6df085f1901bd5bd98523d7?s=96&d=mm&r=g","contentUrl":"https:\/\/secure.gravatar.com\/avatar\/6b1558d1b6df085f1901bd5bd98523d7?s=96&d=mm&r=g","caption":"admin"},"url":"https:\/\/www.delexodo.com.ar\/?author=1"}]}},"_links":{"self":[{"href":"https:\/\/www.delexodo.com.ar\/index.php?rest_route=\/wp\/v2\/posts\/7417","targetHints":{"allow":["GET"]}}],"collection":[{"href":"https:\/\/www.delexodo.com.ar\/index.php?rest_route=\/wp\/v2\/posts"}],"about":[{"href":"https:\/\/www.delexodo.com.ar\/index.php?rest_route=\/wp\/v2\/types\/post"}],"author":[{"embeddable":true,"href":"https:\/\/www.delexodo.com.ar\/index.php?rest_route=\/wp\/v2\/users\/1"}],"replies":[{"embeddable":true,"href":"https:\/\/www.delexodo.com.ar\/index.php?rest_route=%2Fwp%2Fv2%2Fcomments&post=7417"}],"version-history":[{"count":0,"href":"https:\/\/www.delexodo.com.ar\/index.php?rest_route=\/wp\/v2\/posts\/7417\/revisions"}],"wp:featuredmedia":[{"embeddable":true,"href":"https:\/\/www.delexodo.com.ar\/index.php?rest_route=\/wp\/v2\/media\/6566"}],"wp:attachment":[{"href":"https:\/\/www.delexodo.com.ar\/index.php?rest_route=%2Fwp%2Fv2%2Fmedia&parent=7417"}],"wp:term":[{"taxonomy":"category","embeddable":true,"href":"https:\/\/www.delexodo.com.ar\/index.php?rest_route=%2Fwp%2Fv2%2Fcategories&post=7417"},{"taxonomy":"post_tag","embeddable":true,"href":"https:\/\/www.delexodo.com.ar\/index.php?rest_route=%2Fwp%2Fv2%2Ftags&post=7417"}],"curies":[{"name":"wp","href":"https:\/\/api.w.org\/{rel}","templated":true}]}}