{"id":7330,"date":"2020-11-28T19:11:22","date_gmt":"2020-11-28T22:11:22","guid":{"rendered":"http:\/\/www.delexodo.com.ar\/?p=7330"},"modified":"2020-11-28T19:11:22","modified_gmt":"2020-11-28T22:11:22","slug":"nueva-formula-de-movilidad-jubilatoria","status":"publish","type":"post","link":"https:\/\/www.delexodo.com.ar\/?p=7330","title":{"rendered":"NUEVA FORMULA DE MOVILIDAD JUBILATORIA"},"content":{"rendered":"\n<p>El Poder Ejecutivo envi\u00f3 al Senado de la Naci\u00f3n el proyecto de la nueva Ley de Movilidad Jubilatoria que comenzar\u00e1 a aplicarse desde marzo de 2021.<\/p>\n\n\n\n<p>Durante el 2020 el Gobierno Nacional garantiz\u00f3\u00a0aumentos\u00a0trimestrales por decreto\u00a0en los meses de marzo, junio, septiembre y diciembre. Dada la superposici\u00f3n de per\u00edodos, el proyecto de Ley establece que el aumento trimestral ya otorgado en el mes de diciembre de 2020, sea considerado dentro del c\u00e1lculo semestral que se realizar\u00e1 para el mes de marzo de 2021. Es decir, se tom\u00f3 la decisi\u00f3n de realizar en el mes de diciembre de este a\u00f1o un adelanto del aumento que debiera aplicarse en el mes de marzo del a\u00f1o que viene, a diferencia de lo ocurrido entre diciembre de 2017 y marzo de 2018. De esta manera, con la sanci\u00f3n de la nueva ley no solo se busca mejorar los haberes previsionales, sino que el empalme entre las f\u00f3rmulas se podr\u00e1 corregir, si fuera necesario, con el \u00edndice aplicado por el decreto en diciembre.<\/p>\n\n\n\n<p>Por otro lado, en diciembre de 2017 se sancion\u00f3 la Ley 27.426 que modific\u00f3 la periodicidad de los aumentos por una movilidad trimestral. El primer aumento trimestral se otorg\u00f3 en el mes de marzo de 2018, de esta manera, se gener\u00f3 una gran p\u00e9rdida en el poder de compra para los jubilados y las jubiladas, ya que se reemplaz\u00f3 un aumento semestral por uno trimestral sin resolver su empalme.<\/p>\n\n\n\n<p>En ese trimestre, las jubilaciones perdieron casi 7 puntos respecto a la inflaci\u00f3n, debido a que no se otorg\u00f3 un aumento trimestral en diciembre de 2017 ni tampoco se resolvi\u00f3, lo que hubiera sido la otra posible soluci\u00f3n, la aplicaci\u00f3n de una primera movilidad semestral en marzo de 2018. Durante el gobierno anterior los jubilados\u00a0perdieron casi un 20 por ciento\u00a0de capacidad de compra con respecto a la inflaci\u00f3n.<\/p>\n\n\n\n<p>La nueva f\u00f3rmula de movilidad enviada al congreso por el Poder Ejecutivo busca recuperar la misma evoluci\u00f3n de los haberes que alcanzaron los jubilados en los 9 a\u00f1os\u00a0entre 2009 y 2017, cuando\u00a0aumentaron el poder de compra un\u00a026 por ciento.\u00a0Lejos de perjudicar a las y los jubiladas\/os y pensionadas\/os, lo que se persigue es proteger sus ingresos hasta tanto el congreso sancione la nueva Ley de Movilidad, tal como se ha hecho a lo largo de todo el 2020.<\/p>\n","protected":false},"excerpt":{"rendered":"<p>El Poder Ejecutivo envi\u00f3 al Senado de la Naci\u00f3n el proyecto de la nueva Ley de Movilidad Jubilatoria que comenzar\u00e1&hellip;<\/p>\n","protected":false},"author":1,"featured_media":7331,"comment_status":"open","ping_status":"open","sticky":false,"template":"","format":"standard","meta":{"_joinchat":[],"footnotes":""},"categories":[65,69,349],"tags":[],"class_list":["post-7330","post","type-post","status-publish","format-standard","has-post-thumbnail","hentry","category-destacados","category-noticias","category-politica"],"yoast_head":"<!-- This site is optimized with the Yoast SEO plugin v25.1 - https:\/\/yoast.com\/wordpress\/plugins\/seo\/ -->\n<title>NUEVA FORMULA DE MOVILIDAD JUBILATORIA - Del \u00c9xodo Nogoy\u00e1<\/title>\n<meta name=\"robots\" content=\"index, follow, max-snippet:-1, max-image-preview:large, max-video-preview:-1\" \/>\n<link rel=\"canonical\" href=\"https:\/\/www.delexodo.com.ar\/?p=7330\" \/>\n<meta property=\"og:locale\" content=\"es_ES\" \/>\n<meta property=\"og:type\" content=\"article\" \/>\n<meta property=\"og:title\" content=\"NUEVA FORMULA DE MOVILIDAD JUBILATORIA - Del \u00c9xodo Nogoy\u00e1\" \/>\n<meta property=\"og:description\" content=\"El Poder Ejecutivo envi\u00f3 al Senado de la Naci\u00f3n el proyecto de la nueva Ley de Movilidad Jubilatoria que comenzar\u00e1&hellip;\" \/>\n<meta property=\"og:url\" content=\"https:\/\/www.delexodo.com.ar\/?p=7330\" \/>\n<meta property=\"og:site_name\" content=\"Del \u00c9xodo Nogoy\u00e1\" \/>\n<meta property=\"article:published_time\" content=\"2020-11-28T22:11:22+00:00\" \/>\n<meta property=\"og:image\" content=\"https:\/\/www.delexodo.com.ar\/wp-content\/uploads\/2020\/11\/RAVERTA-FERNANDEZ.jpg\" \/>\n\t<meta property=\"og:image:width\" content=\"512\" \/>\n\t<meta property=\"og:image:height\" content=\"341\" \/>\n\t<meta property=\"og:image:type\" content=\"image\/jpeg\" \/>\n<meta name=\"author\" content=\"admin\" \/>\n<meta name=\"twitter:card\" content=\"summary_large_image\" \/>\n<meta name=\"twitter:label1\" content=\"Escrito por\" \/>\n\t<meta name=\"twitter:data1\" content=\"admin\" \/>\n\t<meta name=\"twitter:label2\" content=\"Tiempo de lectura\" \/>\n\t<meta name=\"twitter:data2\" content=\"2 minutos\" \/>\n<script type=\"application\/ld+json\" class=\"yoast-schema-graph\">{\"@context\":\"https:\/\/schema.org\",\"@graph\":[{\"@type\":\"Article\",\"@id\":\"https:\/\/www.delexodo.com.ar\/?p=7330#article\",\"isPartOf\":{\"@id\":\"https:\/\/www.delexodo.com.ar\/?p=7330\"},\"author\":{\"name\":\"admin\",\"@id\":\"https:\/\/www.delexodo.com.ar\/#\/schema\/person\/bbed37f7da8e938660b34f2013ba449d\"},\"headline\":\"NUEVA FORMULA DE MOVILIDAD JUBILATORIA\",\"datePublished\":\"2020-11-28T22:11:22+00:00\",\"mainEntityOfPage\":{\"@id\":\"https:\/\/www.delexodo.com.ar\/?p=7330\"},\"wordCount\":397,\"commentCount\":0,\"publisher\":{\"@id\":\"https:\/\/www.delexodo.com.ar\/#organization\"},\"image\":{\"@id\":\"https:\/\/www.delexodo.com.ar\/?p=7330#primaryimage\"},\"thumbnailUrl\":\"https:\/\/www.delexodo.com.ar\/wp-content\/uploads\/2020\/11\/RAVERTA-FERNANDEZ.jpg\",\"articleSection\":[\"Destacados\",\"NOTICIAS\",\"Politica\"],\"inLanguage\":\"es\",\"potentialAction\":[{\"@type\":\"CommentAction\",\"name\":\"Comment\",\"target\":[\"https:\/\/www.delexodo.com.ar\/?p=7330#respond\"]}]},{\"@type\":\"WebPage\",\"@id\":\"https:\/\/www.delexodo.com.ar\/?p=7330\",\"url\":\"https:\/\/www.delexodo.com.ar\/?p=7330\",\"name\":\"NUEVA FORMULA DE MOVILIDAD JUBILATORIA - Del \u00c9xodo Nogoy\u00e1\",\"isPartOf\":{\"@id\":\"https:\/\/www.delexodo.com.ar\/#website\"},\"primaryImageOfPage\":{\"@id\":\"https:\/\/www.delexodo.com.ar\/?p=7330#primaryimage\"},\"image\":{\"@id\":\"https:\/\/www.delexodo.com.ar\/?p=7330#primaryimage\"},\"thumbnailUrl\":\"https:\/\/www.delexodo.com.ar\/wp-content\/uploads\/2020\/11\/RAVERTA-FERNANDEZ.jpg\",\"datePublished\":\"2020-11-28T22:11:22+00:00\",\"breadcrumb\":{\"@id\":\"https:\/\/www.delexodo.com.ar\/?p=7330#breadcrumb\"},\"inLanguage\":\"es\",\"potentialAction\":[{\"@type\":\"ReadAction\",\"target\":[\"https:\/\/www.delexodo.com.ar\/?p=7330\"]}]},{\"@type\":\"ImageObject\",\"inLanguage\":\"es\",\"@id\":\"https:\/\/www.delexodo.com.ar\/?p=7330#primaryimage\",\"url\":\"https:\/\/www.delexodo.com.ar\/wp-content\/uploads\/2020\/11\/RAVERTA-FERNANDEZ.jpg\",\"contentUrl\":\"https:\/\/www.delexodo.com.ar\/wp-content\/uploads\/2020\/11\/RAVERTA-FERNANDEZ.jpg\",\"width\":512,\"height\":341},{\"@type\":\"BreadcrumbList\",\"@id\":\"https:\/\/www.delexodo.com.ar\/?p=7330#breadcrumb\",\"itemListElement\":[{\"@type\":\"ListItem\",\"position\":1,\"name\":\"Portada\",\"item\":\"https:\/\/www.delexodo.com.ar\/\"},{\"@type\":\"ListItem\",\"position\":2,\"name\":\"NUEVA FORMULA DE MOVILIDAD JUBILATORIA\"}]},{\"@type\":\"WebSite\",\"@id\":\"https:\/\/www.delexodo.com.ar\/#website\",\"url\":\"https:\/\/www.delexodo.com.ar\/\",\"name\":\"Del \u00c9xodo Nogoy\u00e1\",\"description\":\"El Portal de Noticias de la Regi\u00f3n\",\"publisher\":{\"@id\":\"https:\/\/www.delexodo.com.ar\/#organization\"},\"potentialAction\":[{\"@type\":\"SearchAction\",\"target\":{\"@type\":\"EntryPoint\",\"urlTemplate\":\"https:\/\/www.delexodo.com.ar\/?s={search_term_string}\"},\"query-input\":{\"@type\":\"PropertyValueSpecification\",\"valueRequired\":true,\"valueName\":\"search_term_string\"}}],\"inLanguage\":\"es\"},{\"@type\":\"Organization\",\"@id\":\"https:\/\/www.delexodo.com.ar\/#organization\",\"name\":\"Del \u00c9xodo Nogoy\u00e1\",\"url\":\"https:\/\/www.delexodo.com.ar\/\",\"logo\":{\"@type\":\"ImageObject\",\"inLanguage\":\"es\",\"@id\":\"https:\/\/www.delexodo.com.ar\/#\/schema\/logo\/image\/\",\"url\":\"https:\/\/www.delexodo.com.ar\/wp-content\/uploads\/2024\/10\/cropped-cropped-LOGO24.png\",\"contentUrl\":\"https:\/\/www.delexodo.com.ar\/wp-content\/uploads\/2024\/10\/cropped-cropped-LOGO24.png\",\"width\":512,\"height\":349,\"caption\":\"Del \u00c9xodo Nogoy\u00e1\"},\"image\":{\"@id\":\"https:\/\/www.delexodo.com.ar\/#\/schema\/logo\/image\/\"}},{\"@type\":\"Person\",\"@id\":\"https:\/\/www.delexodo.com.ar\/#\/schema\/person\/bbed37f7da8e938660b34f2013ba449d\",\"name\":\"admin\",\"image\":{\"@type\":\"ImageObject\",\"inLanguage\":\"es\",\"@id\":\"https:\/\/www.delexodo.com.ar\/#\/schema\/person\/image\/\",\"url\":\"https:\/\/secure.gravatar.com\/avatar\/6b1558d1b6df085f1901bd5bd98523d7?s=96&d=mm&r=g\",\"contentUrl\":\"https:\/\/secure.gravatar.com\/avatar\/6b1558d1b6df085f1901bd5bd98523d7?s=96&d=mm&r=g\",\"caption\":\"admin\"},\"url\":\"https:\/\/www.delexodo.com.ar\/?author=1\"}]}<\/script>\n<!-- \/ Yoast SEO plugin. -->","yoast_head_json":{"title":"NUEVA FORMULA DE MOVILIDAD JUBILATORIA - Del \u00c9xodo Nogoy\u00e1","robots":{"index":"index","follow":"follow","max-snippet":"max-snippet:-1","max-image-preview":"max-image-preview:large","max-video-preview":"max-video-preview:-1"},"canonical":"https:\/\/www.delexodo.com.ar\/?p=7330","og_locale":"es_ES","og_type":"article","og_title":"NUEVA FORMULA DE MOVILIDAD JUBILATORIA - Del \u00c9xodo Nogoy\u00e1","og_description":"El Poder Ejecutivo envi\u00f3 al Senado de la Naci\u00f3n el proyecto de la nueva Ley de Movilidad Jubilatoria que comenzar\u00e1&hellip;","og_url":"https:\/\/www.delexodo.com.ar\/?p=7330","og_site_name":"Del \u00c9xodo Nogoy\u00e1","article_published_time":"2020-11-28T22:11:22+00:00","og_image":[{"width":512,"height":341,"url":"https:\/\/www.delexodo.com.ar\/wp-content\/uploads\/2020\/11\/RAVERTA-FERNANDEZ.jpg","type":"image\/jpeg"}],"author":"admin","twitter_card":"summary_large_image","twitter_misc":{"Escrito por":"admin","Tiempo de lectura":"2 minutos"},"schema":{"@context":"https:\/\/schema.org","@graph":[{"@type":"Article","@id":"https:\/\/www.delexodo.com.ar\/?p=7330#article","isPartOf":{"@id":"https:\/\/www.delexodo.com.ar\/?p=7330"},"author":{"name":"admin","@id":"https:\/\/www.delexodo.com.ar\/#\/schema\/person\/bbed37f7da8e938660b34f2013ba449d"},"headline":"NUEVA FORMULA DE MOVILIDAD JUBILATORIA","datePublished":"2020-11-28T22:11:22+00:00","mainEntityOfPage":{"@id":"https:\/\/www.delexodo.com.ar\/?p=7330"},"wordCount":397,"commentCount":0,"publisher":{"@id":"https:\/\/www.delexodo.com.ar\/#organization"},"image":{"@id":"https:\/\/www.delexodo.com.ar\/?p=7330#primaryimage"},"thumbnailUrl":"https:\/\/www.delexodo.com.ar\/wp-content\/uploads\/2020\/11\/RAVERTA-FERNANDEZ.jpg","articleSection":["Destacados","NOTICIAS","Politica"],"inLanguage":"es","potentialAction":[{"@type":"CommentAction","name":"Comment","target":["https:\/\/www.delexodo.com.ar\/?p=7330#respond"]}]},{"@type":"WebPage","@id":"https:\/\/www.delexodo.com.ar\/?p=7330","url":"https:\/\/www.delexodo.com.ar\/?p=7330","name":"NUEVA FORMULA DE MOVILIDAD JUBILATORIA - Del \u00c9xodo Nogoy\u00e1","isPartOf":{"@id":"https:\/\/www.delexodo.com.ar\/#website"},"primaryImageOfPage":{"@id":"https:\/\/www.delexodo.com.ar\/?p=7330#primaryimage"},"image":{"@id":"https:\/\/www.delexodo.com.ar\/?p=7330#primaryimage"},"thumbnailUrl":"https:\/\/www.delexodo.com.ar\/wp-content\/uploads\/2020\/11\/RAVERTA-FERNANDEZ.jpg","datePublished":"2020-11-28T22:11:22+00:00","breadcrumb":{"@id":"https:\/\/www.delexodo.com.ar\/?p=7330#breadcrumb"},"inLanguage":"es","potentialAction":[{"@type":"ReadAction","target":["https:\/\/www.delexodo.com.ar\/?p=7330"]}]},{"@type":"ImageObject","inLanguage":"es","@id":"https:\/\/www.delexodo.com.ar\/?p=7330#primaryimage","url":"https:\/\/www.delexodo.com.ar\/wp-content\/uploads\/2020\/11\/RAVERTA-FERNANDEZ.jpg","contentUrl":"https:\/\/www.delexodo.com.ar\/wp-content\/uploads\/2020\/11\/RAVERTA-FERNANDEZ.jpg","width":512,"height":341},{"@type":"BreadcrumbList","@id":"https:\/\/www.delexodo.com.ar\/?p=7330#breadcrumb","itemListElement":[{"@type":"ListItem","position":1,"name":"Portada","item":"https:\/\/www.delexodo.com.ar\/"},{"@type":"ListItem","position":2,"name":"NUEVA FORMULA DE MOVILIDAD JUBILATORIA"}]},{"@type":"WebSite","@id":"https:\/\/www.delexodo.com.ar\/#website","url":"https:\/\/www.delexodo.com.ar\/","name":"Del \u00c9xodo Nogoy\u00e1","description":"El Portal de Noticias de la Regi\u00f3n","publisher":{"@id":"https:\/\/www.delexodo.com.ar\/#organization"},"potentialAction":[{"@type":"SearchAction","target":{"@type":"EntryPoint","urlTemplate":"https:\/\/www.delexodo.com.ar\/?s={search_term_string}"},"query-input":{"@type":"PropertyValueSpecification","valueRequired":true,"valueName":"search_term_string"}}],"inLanguage":"es"},{"@type":"Organization","@id":"https:\/\/www.delexodo.com.ar\/#organization","name":"Del \u00c9xodo Nogoy\u00e1","url":"https:\/\/www.delexodo.com.ar\/","logo":{"@type":"ImageObject","inLanguage":"es","@id":"https:\/\/www.delexodo.com.ar\/#\/schema\/logo\/image\/","url":"https:\/\/www.delexodo.com.ar\/wp-content\/uploads\/2024\/10\/cropped-cropped-LOGO24.png","contentUrl":"https:\/\/www.delexodo.com.ar\/wp-content\/uploads\/2024\/10\/cropped-cropped-LOGO24.png","width":512,"height":349,"caption":"Del \u00c9xodo Nogoy\u00e1"},"image":{"@id":"https:\/\/www.delexodo.com.ar\/#\/schema\/logo\/image\/"}},{"@type":"Person","@id":"https:\/\/www.delexodo.com.ar\/#\/schema\/person\/bbed37f7da8e938660b34f2013ba449d","name":"admin","image":{"@type":"ImageObject","inLanguage":"es","@id":"https:\/\/www.delexodo.com.ar\/#\/schema\/person\/image\/","url":"https:\/\/secure.gravatar.com\/avatar\/6b1558d1b6df085f1901bd5bd98523d7?s=96&d=mm&r=g","contentUrl":"https:\/\/secure.gravatar.com\/avatar\/6b1558d1b6df085f1901bd5bd98523d7?s=96&d=mm&r=g","caption":"admin"},"url":"https:\/\/www.delexodo.com.ar\/?author=1"}]}},"_links":{"self":[{"href":"https:\/\/www.delexodo.com.ar\/index.php?rest_route=\/wp\/v2\/posts\/7330","targetHints":{"allow":["GET"]}}],"collection":[{"href":"https:\/\/www.delexodo.com.ar\/index.php?rest_route=\/wp\/v2\/posts"}],"about":[{"href":"https:\/\/www.delexodo.com.ar\/index.php?rest_route=\/wp\/v2\/types\/post"}],"author":[{"embeddable":true,"href":"https:\/\/www.delexodo.com.ar\/index.php?rest_route=\/wp\/v2\/users\/1"}],"replies":[{"embeddable":true,"href":"https:\/\/www.delexodo.com.ar\/index.php?rest_route=%2Fwp%2Fv2%2Fcomments&post=7330"}],"version-history":[{"count":0,"href":"https:\/\/www.delexodo.com.ar\/index.php?rest_route=\/wp\/v2\/posts\/7330\/revisions"}],"wp:featuredmedia":[{"embeddable":true,"href":"https:\/\/www.delexodo.com.ar\/index.php?rest_route=\/wp\/v2\/media\/7331"}],"wp:attachment":[{"href":"https:\/\/www.delexodo.com.ar\/index.php?rest_route=%2Fwp%2Fv2%2Fmedia&parent=7330"}],"wp:term":[{"taxonomy":"category","embeddable":true,"href":"https:\/\/www.delexodo.com.ar\/index.php?rest_route=%2Fwp%2Fv2%2Fcategories&post=7330"},{"taxonomy":"post_tag","embeddable":true,"href":"https:\/\/www.delexodo.com.ar\/index.php?rest_route=%2Fwp%2Fv2%2Ftags&post=7330"}],"curies":[{"name":"wp","href":"https:\/\/api.w.org\/{rel}","templated":true}]}}