{"id":7322,"date":"2020-11-27T23:55:56","date_gmt":"2020-11-28T02:55:56","guid":{"rendered":"http:\/\/www.delexodo.com.ar\/?p=7322"},"modified":"2020-11-27T23:55:57","modified_gmt":"2020-11-28T02:55:57","slug":"concluyo-la-edicion-2020-del-senado-juvenil-entrerriano","status":"publish","type":"post","link":"https:\/\/www.delexodo.com.ar\/?p=7322","title":{"rendered":"CONCLUY\u00d3 LA EDICI\u00d3N 2020 DEL SENADO JUVENIL ENTRERRIANO"},"content":{"rendered":"\n<p>La vicegobernadora destac\u00f3 la participaci\u00f3n pese a la pandemia.<\/p>\n\n\n\n<p>Las y los senadores juveniles aprobaron dos proyectos de ley: uno <strong>\u00abEntrelazando ra\u00edces\u00bb<\/strong> autor\u00eda de los representantes del departamento Federal, y otro impulsado por los alumnos del departamento La Paz <strong>\u00abLa naturaleza es nuestra esencia, no hay planeta B\u00bb<\/strong>. <em>\u00abPara quienes creemos que la pol\u00edtica repara y transforma tiene que haber siempre ciudadanos comprometidos y dispuestos a debatir sus ideas\u00bb<\/em>, resalt\u00f3 la Vicegobernadora Laura Stratta.<\/p>\n\n\n\n<figure class=\"wp-block-image size-large\"><img loading=\"lazy\" decoding=\"async\" width=\"1024\" height=\"677\" src=\"https:\/\/www.delexodo.com.ar\/wp-content\/uploads\/2020\/11\/SENADO-JUVENIL-1024x677.jpg\" alt=\"\" class=\"wp-image-7324\" srcset=\"https:\/\/www.delexodo.com.ar\/wp-content\/uploads\/2020\/11\/SENADO-JUVENIL-1024x677.jpg 1024w, https:\/\/www.delexodo.com.ar\/wp-content\/uploads\/2020\/11\/SENADO-JUVENIL-300x198.jpg 300w, https:\/\/www.delexodo.com.ar\/wp-content\/uploads\/2020\/11\/SENADO-JUVENIL-768x508.jpg 768w, https:\/\/www.delexodo.com.ar\/wp-content\/uploads\/2020\/11\/SENADO-JUVENIL.jpg 1222w\" sizes=\"auto, (max-width: 1024px) 100vw, 1024px\" \/><\/figure>\n\n\n\n<p>Se desarroll\u00f3 este viernes 27 de noviembre, la tercera y \u00faltima sesi\u00f3n del Senado Juvenil en el marco de la Edici\u00f3n 2020 del Programa impulsado por la Vice gobernaci\u00f3n de Entre R\u00edos, destinado a alumnos y alumnas de nivel medio de toda la provincia. La experiencia se llev\u00f3 a cabo con una importante participaci\u00f3n de alumnos y docentes a trav\u00e9s de 138 proyectos.<\/p>\n\n\n\n<p>La sesi\u00f3n final tuvo la apertura del Coordinador del programa, Roberto Cabeza, y se realiz\u00f3 bajo modalidad virtual a partir de las medidas de prevenci\u00f3n definidas por el Gobierno por la pandemia de COVID19. Fue presidido desde el Recinto de la Honorable C\u00e1mara de Senadores, por la senadora juvenil Sabina Valdiviezo representante del departamento Tala, asistida por el prosecretario Brandon Cruz, senador suplente por el departamento Islas del Ibicuy. El resto de las y los senadores juveniles participaron de la sesi\u00f3n v\u00eda streaming.<\/p>\n\n\n\n<p>Concluida la etapa departamental y el trabajo en comisiones en donde los y las representantes juveniles expusieron sus iniciativas y debatieron sobre cada una de ellas, se lleg\u00f3 a esta instancia final que cont\u00f3 con tres proyectos en el orden del d\u00eda, de los cuales dos fueron aprobados.<\/p>\n\n\n\n<figure class=\"wp-block-image size-large\"><img loading=\"lazy\" decoding=\"async\" width=\"1024\" height=\"531\" src=\"https:\/\/www.delexodo.com.ar\/wp-content\/uploads\/2020\/11\/SENADO-JUVENIL-VIRTUAL-1024x531.jpg\" alt=\"\" class=\"wp-image-7325\" srcset=\"https:\/\/www.delexodo.com.ar\/wp-content\/uploads\/2020\/11\/SENADO-JUVENIL-VIRTUAL-1024x531.jpg 1024w, https:\/\/www.delexodo.com.ar\/wp-content\/uploads\/2020\/11\/SENADO-JUVENIL-VIRTUAL-300x156.jpg 300w, https:\/\/www.delexodo.com.ar\/wp-content\/uploads\/2020\/11\/SENADO-JUVENIL-VIRTUAL-768x398.jpg 768w, https:\/\/www.delexodo.com.ar\/wp-content\/uploads\/2020\/11\/SENADO-JUVENIL-VIRTUAL.jpg 1254w\" sizes=\"auto, (max-width: 1024px) 100vw, 1024px\" \/><\/figure>\n\n\n\n<p>El primero de los proyectos que vio luz verde del Senado Juvenil tras el debate entre los legisladores fue el denominado <strong>\u201cEntrelazando ra\u00edces\u201d <\/strong>autor\u00eda de las representantes del departamento Federal. El texto dispone el uso en toda la provincia de la bandera de la diversidad cultural, conocida como Whipala, como s\u00edmbolo representativo de los pueblos originarios de Am\u00e9rica Latina que habitan el suelo entrerriano.<\/p>\n\n\n\n<p>El segundo proyecto de ley aprobado fue el referido a <strong>\u201cLa naturaleza es nuestra esencia, no hay planeta B\u201d<\/strong>. Esta iniciativa, impulsada por los representantes del departamento La Paz, define entre sus art\u00edculos la prohibici\u00f3n de la entrega de vasos, platos, bandejas y otros elementos descartables compuestos por cualquier variedad de pl\u00e1stico y alcanza a todas las organizaciones p\u00fablicas y privadas.<\/p>\n\n\n\n<p>En tanto, un tercer proyecto que lleg\u00f3 al Recinto pero que no obtuvo los votos necesarios, fue el presentado por los senadores y senadoras juveniles de Diamante, denominado <strong>\u201cMientras mejor aprendo, mejor pienso\u201d<\/strong> que propone una modificaci\u00f3n de la Ley Provincial de Educaci\u00f3n para que el Consejo General de Educaci\u00f3n implemente un proceso de revisi\u00f3n y reforma de los Lineamientos Curriculares para el nivel secundario. A la hora de la votaci\u00f3n hubo un empate por lo que la iniciativa no result\u00f3 aprobada.<\/p>\n\n\n\n<figure class=\"wp-block-image size-large\"><img loading=\"lazy\" decoding=\"async\" width=\"1024\" height=\"546\" src=\"https:\/\/www.delexodo.com.ar\/wp-content\/uploads\/2020\/11\/SENADO-JUVENIL1-1024x546.jpg\" alt=\"\" class=\"wp-image-7326\" srcset=\"https:\/\/www.delexodo.com.ar\/wp-content\/uploads\/2020\/11\/SENADO-JUVENIL1-1024x546.jpg 1024w, https:\/\/www.delexodo.com.ar\/wp-content\/uploads\/2020\/11\/SENADO-JUVENIL1-300x160.jpg 300w, https:\/\/www.delexodo.com.ar\/wp-content\/uploads\/2020\/11\/SENADO-JUVENIL1-768x409.jpg 768w, https:\/\/www.delexodo.com.ar\/wp-content\/uploads\/2020\/11\/SENADO-JUVENIL1.jpg 1026w\" sizes=\"auto, (max-width: 1024px) 100vw, 1024px\" \/><\/figure>\n\n\n\n<p><strong>La Vicegobernadora resalt\u00f3 la importancia de \u201cinvolucrarnos\u201d y \u201canimarnos a debatir\u201d<\/strong><\/p>\n\n\n\n<p>Tras un cuarto intermedio, y a modo de cierre de la sesi\u00f3n, tom\u00f3 la palabra la Vicegobernadora y presidenta de la Honorable C\u00e1mara de Senadores, Laura Stratta, quien lleg\u00f3 al recinto acompa\u00f1ada por el presidente del Consejo General de Educaci\u00f3n, Mart\u00edn M\u00fcller y la subsecretaria de Juventud, Brenda Ullman.<\/p>\n\n\n\n<p>&nbsp;<em>\u201cHemos seguido los debates que se han producido a lo largo de estos d\u00edas, c\u00f3mo los han defendido\u201d<\/em>, se\u00f1al\u00f3 en primer lugar la Vicegobernadora e hizo notar c\u00f3mo las y los senadores juveniles <em>\u201chan podido expresar en esos proyectos sus ideas, sus sue\u00f1os, sus dudas, sus incertidumbres; pero que de alguna manera las han transformado en un proyecto positivo para transformar la realidad\u201d<\/em>.<\/p>\n\n\n\n<p>Enseguida resalt\u00f3 que <em>\u201cpara quienes creemos en la pol\u00edtica y creemos que la pol\u00edtica repara y transforma, tiene que haber siempre ciudadanos comprometidos y dispuestos a debatir sus ideas. Y eso me parece que es lo m\u00e1s importante que tiene la experiencia del Senado Juvenil\u201d<\/em>, puso de relieve Stratta y ampli\u00f3 la idea en cuanto a <em>\u201cel poder animarnos a involucrarnos, a plasmar nuestras ideas en un proyecto y animarnos a debatirlas, independientemente de que no todas la propuestas o proyectos tengan que ver con lo que uno piensa, pero s\u00ed animarse a debatir, a respetar las ideas de los otros y de las otras\u201d<\/em>.<\/p>\n\n\n\n<p>En ese sentido, <em>\u201cla democracia tiene que ver con estos valores, con poder defender nuestras ideas pero tambi\u00e9n poder comprender las ideas de las y los dem\u00e1s\u201d<\/em>, defini\u00f3 y se reconoci\u00f3 <strong>\u201cconmovida\u201d<\/strong> por las <strong>\u201cpreocupaciones\u201d <\/strong>presentes en cada uno de los proyectos que se trataron durante esta edici\u00f3n vinculados a <strong>\u201clo ambiental, la educaci\u00f3n, el g\u00e9nero\u201d<\/strong>. \u201c<strong>Son todos los temas de la agenda del Siglo 21 y donde la pol\u00edtica y quienes tenemos responsabilidades institucionales, tenemos que poder tomar y poder abordar\u201d<\/strong>.<\/p>\n\n\n\n<p>Sobre ese aspecto, agreg\u00f3 la importancia de que los y las senadoras provinciales presentes en el Recinto <em>\u201cpuedan tomar las iniciativas que presentaron las y los senadores\u201d para que se puedan debatir en el seno de la C\u00e1mara estos temas \u201cque son tan importantes para nuestra provincia y para nuestro pa\u00eds\u201d<\/em>.<\/p>\n\n\n\n<p>Posteriormente, le dijo a los representantes juveniles departamentales: <em>\u201cEstamos en un contexto de pandemia, que nos ha golpeado, al mundo, a los argentinos y a nuestra provincia y tuvimos que quedarnos en casa porque hubo un acuerdo de la sociedad y de la pol\u00edtica para poder priorizar la vida, para poder sostener el sistema sanitario y garantizar el cuidado de cada uno y cada una de nosotras; y sin embargo las ideas siguieron en movimiento. Ustedes siguieron en movimiento, est\u00e1n involucrados, comprometidos\u201d<\/em>, enfatiz\u00f3 Stratta.<\/p>\n\n\n\n<p>Luego manifest\u00f3 su <strong>\u201creconocimiento\u201d<\/strong> a los <strong>\u201cequipos docentes y directivos que han acompa\u00f1ado este proceso\u201d<\/strong>, una tarea que consider\u00f3 \u201cfundamental\u201d y sum\u00f3 su agradecimiento a cada uno de los legisladores y legisladoras juveniles y sus familias como tambi\u00e9n <em>\u201cpara quienes desde el Senado y desde el equipo del Senado Juvenil han sabido acoplarse y adaptarse a esta circunstancia y contexto de pandemia\u201d<\/em>.<\/p>\n\n\n\n<p>&nbsp;<em>\u201cNo fue la Vicegobernaci\u00f3n quien logr\u00f3 que pudi\u00e9ramos llegar a esta instancia, sino que lo hicimos todos colectivamente: todos los que hoy estamos aqu\u00ed, los que pasaron antes, hicimos y pusimos un granito de arena para que el senado se sostuviera, para que las ideas siguieran en movimiento, y para seguir construyendo ciudadan\u00eda\u201d<\/em>, asent\u00f3 Stratta.<\/p>\n\n\n\n<p>A modo de cierre, la Vicegobernadora alent\u00f3 a los senadores y senadoras <em>juveniles \u201ca comprometernos desde el lugar que tenemos, a seguir abriendo puertas, a seguir generando oportunidades, a poder sembrar cada vez m\u00e1s debates y que los ideas se puedan debatir pero sobre todo que podamos construir entre todas y todos una provincia m\u00e1s justa, m\u00e1s igualitaria con m\u00e1s oportunidades y con m\u00e1s debates, que es en definitiva una provincia mejor\u201d<\/em>.<\/p>\n\n\n\n<p><strong>La Subsecretar\u00eda de la Juventud celebr\u00f3 el espacio del Senado Juvenil<\/strong><\/p>\n\n\n\n<p>La Subsecretaria de la Juventud, por su parte, celebr\u00f3 el espacio del Senado Juvenil, y tras destacar <strong>\u201cla participaci\u00f3n de las y los estudiantes\u201d<\/strong> dio cuenta de la importancia de poder \u201cacercarse a la vida democr\u00e1tica y al funcionamiento de un parlamento\u201d a trav\u00e9s de este programa.<\/p>\n\n\n\n<p>En esa l\u00ednea, calific\u00f3 como <strong>\u201cmuy fruct\u00edfero\u201d<\/strong> que los participantes <em>\u201cse puedan involucrar y debatir tem\u00e1ticas que los atraviesan en su comunidad, en sus instituciones y en su formas de vida\u201d<\/em>.<\/p>\n\n\n\n<p><em>&nbsp;\u201cEs una herramienta pedag\u00f3gica por excelencia\u201d<\/em>, valor\u00f3 el presidente del CGE<\/p>\n\n\n\n<p>El presidente del Consejo General de Educaci\u00f3n (CGE), Mart\u00edn M\u00fcller, agradeci\u00f3 el trabajo de quienes hicieron posible la realizaci\u00f3n en este contexto de pandemia de esta edici\u00f3n del Senado Juvenil, al que defini\u00f3 como una <em>\u201cinstancia valios\u00edsima de participaci\u00f3n, de apertura y de escucha para quienes estamos en el sistema educativo y fundamentalmente lo pensamos como una herramienta pedag\u00f3gica por excelencia\u201d<\/em>.<\/p>\n\n\n\n<p><em>\u201cEstamos en un proceso de repensar la escuela y esto que es aprender en base a un proyecto es parte de la did\u00e1ctica y de lo que quisi\u00e9ramos que se haga en todas nuestras escuelas\u201d<\/em>, expres\u00f3.<\/p>\n","protected":false},"excerpt":{"rendered":"<p>La vicegobernadora destac\u00f3 la participaci\u00f3n pese a la pandemia. Las y los senadores juveniles aprobaron dos proyectos de ley: uno&hellip;<\/p>\n","protected":false},"author":1,"featured_media":7323,"comment_status":"open","ping_status":"open","sticky":false,"template":"","format":"standard","meta":{"_joinchat":[],"footnotes":""},"categories":[65,69,349],"tags":[],"class_list":["post-7322","post","type-post","status-publish","format-standard","has-post-thumbnail","hentry","category-destacados","category-noticias","category-politica"],"yoast_head":"<!-- This site is optimized with the Yoast SEO plugin v25.1 - https:\/\/yoast.com\/wordpress\/plugins\/seo\/ -->\n<title>CONCLUY\u00d3 LA EDICI\u00d3N 2020 DEL SENADO JUVENIL ENTRERRIANO - Del \u00c9xodo Nogoy\u00e1<\/title>\n<meta name=\"robots\" content=\"index, follow, max-snippet:-1, max-image-preview:large, max-video-preview:-1\" \/>\n<link rel=\"canonical\" href=\"https:\/\/www.delexodo.com.ar\/?p=7322\" \/>\n<meta property=\"og:locale\" content=\"es_ES\" \/>\n<meta property=\"og:type\" content=\"article\" \/>\n<meta property=\"og:title\" content=\"CONCLUY\u00d3 LA EDICI\u00d3N 2020 DEL SENADO JUVENIL ENTRERRIANO - Del \u00c9xodo Nogoy\u00e1\" \/>\n<meta property=\"og:description\" content=\"La vicegobernadora destac\u00f3 la participaci\u00f3n pese a la pandemia. Las y los senadores juveniles aprobaron dos proyectos de ley: uno&hellip;\" \/>\n<meta property=\"og:url\" content=\"https:\/\/www.delexodo.com.ar\/?p=7322\" \/>\n<meta property=\"og:site_name\" content=\"Del \u00c9xodo Nogoy\u00e1\" \/>\n<meta property=\"article:published_time\" content=\"2020-11-28T02:55:56+00:00\" \/>\n<meta property=\"article:modified_time\" content=\"2020-11-28T02:55:57+00:00\" \/>\n<meta property=\"og:image\" content=\"https:\/\/www.delexodo.com.ar\/wp-content\/uploads\/2020\/11\/STRATTA-SENADO-JUVENIL.jpg\" \/>\n\t<meta property=\"og:image:width\" content=\"1010\" \/>\n\t<meta property=\"og:image:height\" content=\"584\" \/>\n\t<meta property=\"og:image:type\" content=\"image\/jpeg\" \/>\n<meta name=\"author\" content=\"admin\" \/>\n<meta name=\"twitter:card\" content=\"summary_large_image\" \/>\n<meta name=\"twitter:label1\" content=\"Escrito por\" \/>\n\t<meta name=\"twitter:data1\" content=\"admin\" \/>\n\t<meta name=\"twitter:label2\" content=\"Tiempo de lectura\" \/>\n\t<meta name=\"twitter:data2\" content=\"7 minutos\" \/>\n<script type=\"application\/ld+json\" class=\"yoast-schema-graph\">{\"@context\":\"https:\/\/schema.org\",\"@graph\":[{\"@type\":\"Article\",\"@id\":\"https:\/\/www.delexodo.com.ar\/?p=7322#article\",\"isPartOf\":{\"@id\":\"https:\/\/www.delexodo.com.ar\/?p=7322\"},\"author\":{\"name\":\"admin\",\"@id\":\"https:\/\/www.delexodo.com.ar\/#\/schema\/person\/bbed37f7da8e938660b34f2013ba449d\"},\"headline\":\"CONCLUY\u00d3 LA EDICI\u00d3N 2020 DEL SENADO JUVENIL ENTRERRIANO\",\"datePublished\":\"2020-11-28T02:55:56+00:00\",\"dateModified\":\"2020-11-28T02:55:57+00:00\",\"mainEntityOfPage\":{\"@id\":\"https:\/\/www.delexodo.com.ar\/?p=7322\"},\"wordCount\":1394,\"commentCount\":0,\"publisher\":{\"@id\":\"https:\/\/www.delexodo.com.ar\/#organization\"},\"image\":{\"@id\":\"https:\/\/www.delexodo.com.ar\/?p=7322#primaryimage\"},\"thumbnailUrl\":\"https:\/\/www.delexodo.com.ar\/wp-content\/uploads\/2020\/11\/STRATTA-SENADO-JUVENIL.jpg\",\"articleSection\":[\"Destacados\",\"NOTICIAS\",\"Politica\"],\"inLanguage\":\"es\",\"potentialAction\":[{\"@type\":\"CommentAction\",\"name\":\"Comment\",\"target\":[\"https:\/\/www.delexodo.com.ar\/?p=7322#respond\"]}]},{\"@type\":\"WebPage\",\"@id\":\"https:\/\/www.delexodo.com.ar\/?p=7322\",\"url\":\"https:\/\/www.delexodo.com.ar\/?p=7322\",\"name\":\"CONCLUY\u00d3 LA EDICI\u00d3N 2020 DEL SENADO JUVENIL ENTRERRIANO - Del \u00c9xodo Nogoy\u00e1\",\"isPartOf\":{\"@id\":\"https:\/\/www.delexodo.com.ar\/#website\"},\"primaryImageOfPage\":{\"@id\":\"https:\/\/www.delexodo.com.ar\/?p=7322#primaryimage\"},\"image\":{\"@id\":\"https:\/\/www.delexodo.com.ar\/?p=7322#primaryimage\"},\"thumbnailUrl\":\"https:\/\/www.delexodo.com.ar\/wp-content\/uploads\/2020\/11\/STRATTA-SENADO-JUVENIL.jpg\",\"datePublished\":\"2020-11-28T02:55:56+00:00\",\"dateModified\":\"2020-11-28T02:55:57+00:00\",\"breadcrumb\":{\"@id\":\"https:\/\/www.delexodo.com.ar\/?p=7322#breadcrumb\"},\"inLanguage\":\"es\",\"potentialAction\":[{\"@type\":\"ReadAction\",\"target\":[\"https:\/\/www.delexodo.com.ar\/?p=7322\"]}]},{\"@type\":\"ImageObject\",\"inLanguage\":\"es\",\"@id\":\"https:\/\/www.delexodo.com.ar\/?p=7322#primaryimage\",\"url\":\"https:\/\/www.delexodo.com.ar\/wp-content\/uploads\/2020\/11\/STRATTA-SENADO-JUVENIL.jpg\",\"contentUrl\":\"https:\/\/www.delexodo.com.ar\/wp-content\/uploads\/2020\/11\/STRATTA-SENADO-JUVENIL.jpg\",\"width\":1010,\"height\":584},{\"@type\":\"BreadcrumbList\",\"@id\":\"https:\/\/www.delexodo.com.ar\/?p=7322#breadcrumb\",\"itemListElement\":[{\"@type\":\"ListItem\",\"position\":1,\"name\":\"Portada\",\"item\":\"https:\/\/www.delexodo.com.ar\/\"},{\"@type\":\"ListItem\",\"position\":2,\"name\":\"CONCLUY\u00d3 LA EDICI\u00d3N 2020 DEL SENADO JUVENIL ENTRERRIANO\"}]},{\"@type\":\"WebSite\",\"@id\":\"https:\/\/www.delexodo.com.ar\/#website\",\"url\":\"https:\/\/www.delexodo.com.ar\/\",\"name\":\"Del \u00c9xodo Nogoy\u00e1\",\"description\":\"El Portal de Noticias de la Regi\u00f3n\",\"publisher\":{\"@id\":\"https:\/\/www.delexodo.com.ar\/#organization\"},\"potentialAction\":[{\"@type\":\"SearchAction\",\"target\":{\"@type\":\"EntryPoint\",\"urlTemplate\":\"https:\/\/www.delexodo.com.ar\/?s={search_term_string}\"},\"query-input\":{\"@type\":\"PropertyValueSpecification\",\"valueRequired\":true,\"valueName\":\"search_term_string\"}}],\"inLanguage\":\"es\"},{\"@type\":\"Organization\",\"@id\":\"https:\/\/www.delexodo.com.ar\/#organization\",\"name\":\"Del \u00c9xodo Nogoy\u00e1\",\"url\":\"https:\/\/www.delexodo.com.ar\/\",\"logo\":{\"@type\":\"ImageObject\",\"inLanguage\":\"es\",\"@id\":\"https:\/\/www.delexodo.com.ar\/#\/schema\/logo\/image\/\",\"url\":\"https:\/\/www.delexodo.com.ar\/wp-content\/uploads\/2024\/10\/cropped-cropped-LOGO24.png\",\"contentUrl\":\"https:\/\/www.delexodo.com.ar\/wp-content\/uploads\/2024\/10\/cropped-cropped-LOGO24.png\",\"width\":512,\"height\":349,\"caption\":\"Del \u00c9xodo Nogoy\u00e1\"},\"image\":{\"@id\":\"https:\/\/www.delexodo.com.ar\/#\/schema\/logo\/image\/\"}},{\"@type\":\"Person\",\"@id\":\"https:\/\/www.delexodo.com.ar\/#\/schema\/person\/bbed37f7da8e938660b34f2013ba449d\",\"name\":\"admin\",\"image\":{\"@type\":\"ImageObject\",\"inLanguage\":\"es\",\"@id\":\"https:\/\/www.delexodo.com.ar\/#\/schema\/person\/image\/\",\"url\":\"https:\/\/secure.gravatar.com\/avatar\/6b1558d1b6df085f1901bd5bd98523d7?s=96&d=mm&r=g\",\"contentUrl\":\"https:\/\/secure.gravatar.com\/avatar\/6b1558d1b6df085f1901bd5bd98523d7?s=96&d=mm&r=g\",\"caption\":\"admin\"},\"url\":\"https:\/\/www.delexodo.com.ar\/?author=1\"}]}<\/script>\n<!-- \/ Yoast SEO plugin. -->","yoast_head_json":{"title":"CONCLUY\u00d3 LA EDICI\u00d3N 2020 DEL SENADO JUVENIL ENTRERRIANO - Del \u00c9xodo Nogoy\u00e1","robots":{"index":"index","follow":"follow","max-snippet":"max-snippet:-1","max-image-preview":"max-image-preview:large","max-video-preview":"max-video-preview:-1"},"canonical":"https:\/\/www.delexodo.com.ar\/?p=7322","og_locale":"es_ES","og_type":"article","og_title":"CONCLUY\u00d3 LA EDICI\u00d3N 2020 DEL SENADO JUVENIL ENTRERRIANO - Del \u00c9xodo Nogoy\u00e1","og_description":"La vicegobernadora destac\u00f3 la participaci\u00f3n pese a la pandemia. Las y los senadores juveniles aprobaron dos proyectos de ley: uno&hellip;","og_url":"https:\/\/www.delexodo.com.ar\/?p=7322","og_site_name":"Del \u00c9xodo Nogoy\u00e1","article_published_time":"2020-11-28T02:55:56+00:00","article_modified_time":"2020-11-28T02:55:57+00:00","og_image":[{"width":1010,"height":584,"url":"https:\/\/www.delexodo.com.ar\/wp-content\/uploads\/2020\/11\/STRATTA-SENADO-JUVENIL.jpg","type":"image\/jpeg"}],"author":"admin","twitter_card":"summary_large_image","twitter_misc":{"Escrito por":"admin","Tiempo de lectura":"7 minutos"},"schema":{"@context":"https:\/\/schema.org","@graph":[{"@type":"Article","@id":"https:\/\/www.delexodo.com.ar\/?p=7322#article","isPartOf":{"@id":"https:\/\/www.delexodo.com.ar\/?p=7322"},"author":{"name":"admin","@id":"https:\/\/www.delexodo.com.ar\/#\/schema\/person\/bbed37f7da8e938660b34f2013ba449d"},"headline":"CONCLUY\u00d3 LA EDICI\u00d3N 2020 DEL SENADO JUVENIL ENTRERRIANO","datePublished":"2020-11-28T02:55:56+00:00","dateModified":"2020-11-28T02:55:57+00:00","mainEntityOfPage":{"@id":"https:\/\/www.delexodo.com.ar\/?p=7322"},"wordCount":1394,"commentCount":0,"publisher":{"@id":"https:\/\/www.delexodo.com.ar\/#organization"},"image":{"@id":"https:\/\/www.delexodo.com.ar\/?p=7322#primaryimage"},"thumbnailUrl":"https:\/\/www.delexodo.com.ar\/wp-content\/uploads\/2020\/11\/STRATTA-SENADO-JUVENIL.jpg","articleSection":["Destacados","NOTICIAS","Politica"],"inLanguage":"es","potentialAction":[{"@type":"CommentAction","name":"Comment","target":["https:\/\/www.delexodo.com.ar\/?p=7322#respond"]}]},{"@type":"WebPage","@id":"https:\/\/www.delexodo.com.ar\/?p=7322","url":"https:\/\/www.delexodo.com.ar\/?p=7322","name":"CONCLUY\u00d3 LA EDICI\u00d3N 2020 DEL SENADO JUVENIL ENTRERRIANO - Del \u00c9xodo Nogoy\u00e1","isPartOf":{"@id":"https:\/\/www.delexodo.com.ar\/#website"},"primaryImageOfPage":{"@id":"https:\/\/www.delexodo.com.ar\/?p=7322#primaryimage"},"image":{"@id":"https:\/\/www.delexodo.com.ar\/?p=7322#primaryimage"},"thumbnailUrl":"https:\/\/www.delexodo.com.ar\/wp-content\/uploads\/2020\/11\/STRATTA-SENADO-JUVENIL.jpg","datePublished":"2020-11-28T02:55:56+00:00","dateModified":"2020-11-28T02:55:57+00:00","breadcrumb":{"@id":"https:\/\/www.delexodo.com.ar\/?p=7322#breadcrumb"},"inLanguage":"es","potentialAction":[{"@type":"ReadAction","target":["https:\/\/www.delexodo.com.ar\/?p=7322"]}]},{"@type":"ImageObject","inLanguage":"es","@id":"https:\/\/www.delexodo.com.ar\/?p=7322#primaryimage","url":"https:\/\/www.delexodo.com.ar\/wp-content\/uploads\/2020\/11\/STRATTA-SENADO-JUVENIL.jpg","contentUrl":"https:\/\/www.delexodo.com.ar\/wp-content\/uploads\/2020\/11\/STRATTA-SENADO-JUVENIL.jpg","width":1010,"height":584},{"@type":"BreadcrumbList","@id":"https:\/\/www.delexodo.com.ar\/?p=7322#breadcrumb","itemListElement":[{"@type":"ListItem","position":1,"name":"Portada","item":"https:\/\/www.delexodo.com.ar\/"},{"@type":"ListItem","position":2,"name":"CONCLUY\u00d3 LA EDICI\u00d3N 2020 DEL SENADO JUVENIL ENTRERRIANO"}]},{"@type":"WebSite","@id":"https:\/\/www.delexodo.com.ar\/#website","url":"https:\/\/www.delexodo.com.ar\/","name":"Del \u00c9xodo Nogoy\u00e1","description":"El Portal de Noticias de la Regi\u00f3n","publisher":{"@id":"https:\/\/www.delexodo.com.ar\/#organization"},"potentialAction":[{"@type":"SearchAction","target":{"@type":"EntryPoint","urlTemplate":"https:\/\/www.delexodo.com.ar\/?s={search_term_string}"},"query-input":{"@type":"PropertyValueSpecification","valueRequired":true,"valueName":"search_term_string"}}],"inLanguage":"es"},{"@type":"Organization","@id":"https:\/\/www.delexodo.com.ar\/#organization","name":"Del \u00c9xodo Nogoy\u00e1","url":"https:\/\/www.delexodo.com.ar\/","logo":{"@type":"ImageObject","inLanguage":"es","@id":"https:\/\/www.delexodo.com.ar\/#\/schema\/logo\/image\/","url":"https:\/\/www.delexodo.com.ar\/wp-content\/uploads\/2024\/10\/cropped-cropped-LOGO24.png","contentUrl":"https:\/\/www.delexodo.com.ar\/wp-content\/uploads\/2024\/10\/cropped-cropped-LOGO24.png","width":512,"height":349,"caption":"Del \u00c9xodo Nogoy\u00e1"},"image":{"@id":"https:\/\/www.delexodo.com.ar\/#\/schema\/logo\/image\/"}},{"@type":"Person","@id":"https:\/\/www.delexodo.com.ar\/#\/schema\/person\/bbed37f7da8e938660b34f2013ba449d","name":"admin","image":{"@type":"ImageObject","inLanguage":"es","@id":"https:\/\/www.delexodo.com.ar\/#\/schema\/person\/image\/","url":"https:\/\/secure.gravatar.com\/avatar\/6b1558d1b6df085f1901bd5bd98523d7?s=96&d=mm&r=g","contentUrl":"https:\/\/secure.gravatar.com\/avatar\/6b1558d1b6df085f1901bd5bd98523d7?s=96&d=mm&r=g","caption":"admin"},"url":"https:\/\/www.delexodo.com.ar\/?author=1"}]}},"_links":{"self":[{"href":"https:\/\/www.delexodo.com.ar\/index.php?rest_route=\/wp\/v2\/posts\/7322","targetHints":{"allow":["GET"]}}],"collection":[{"href":"https:\/\/www.delexodo.com.ar\/index.php?rest_route=\/wp\/v2\/posts"}],"about":[{"href":"https:\/\/www.delexodo.com.ar\/index.php?rest_route=\/wp\/v2\/types\/post"}],"author":[{"embeddable":true,"href":"https:\/\/www.delexodo.com.ar\/index.php?rest_route=\/wp\/v2\/users\/1"}],"replies":[{"embeddable":true,"href":"https:\/\/www.delexodo.com.ar\/index.php?rest_route=%2Fwp%2Fv2%2Fcomments&post=7322"}],"version-history":[{"count":0,"href":"https:\/\/www.delexodo.com.ar\/index.php?rest_route=\/wp\/v2\/posts\/7322\/revisions"}],"wp:featuredmedia":[{"embeddable":true,"href":"https:\/\/www.delexodo.com.ar\/index.php?rest_route=\/wp\/v2\/media\/7323"}],"wp:attachment":[{"href":"https:\/\/www.delexodo.com.ar\/index.php?rest_route=%2Fwp%2Fv2%2Fmedia&parent=7322"}],"wp:term":[{"taxonomy":"category","embeddable":true,"href":"https:\/\/www.delexodo.com.ar\/index.php?rest_route=%2Fwp%2Fv2%2Fcategories&post=7322"},{"taxonomy":"post_tag","embeddable":true,"href":"https:\/\/www.delexodo.com.ar\/index.php?rest_route=%2Fwp%2Fv2%2Ftags&post=7322"}],"curies":[{"name":"wp","href":"https:\/\/api.w.org\/{rel}","templated":true}]}}