{"id":7304,"date":"2020-11-26T22:27:53","date_gmt":"2020-11-27T01:27:53","guid":{"rendered":"http:\/\/www.delexodo.com.ar\/?p=7304"},"modified":"2020-11-26T23:39:19","modified_gmt":"2020-11-27T02:39:19","slug":"bordet-visito-nogoya-para-la-inauguracion-de-la-escuela-103-y-traer-aportes-economicos","status":"publish","type":"post","link":"https:\/\/www.delexodo.com.ar\/?p=7304","title":{"rendered":"BORDET VISITO NOGOY\u00c1 PARA LA INAUGURACI\u00d3N DE LA ESCUELA 103 Y TRAER APORTES ECON\u00d3MICOS"},"content":{"rendered":"\n<p>Cinco clubes y cuatro instituciones de Nogoy\u00e1 recibieron aportes econ\u00f3micos por parte del gobierno provincial.<\/p>\n\n\n\n<figure class=\"wp-block-image size-large\"><img loading=\"lazy\" decoding=\"async\" width=\"904\" height=\"640\" src=\"https:\/\/www.delexodo.com.ar\/wp-content\/uploads\/2020\/11\/PLACA-103.jpg\" alt=\"\" class=\"wp-image-7307\" srcset=\"https:\/\/www.delexodo.com.ar\/wp-content\/uploads\/2020\/11\/PLACA-103.jpg 904w, https:\/\/www.delexodo.com.ar\/wp-content\/uploads\/2020\/11\/PLACA-103-300x212.jpg 300w, https:\/\/www.delexodo.com.ar\/wp-content\/uploads\/2020\/11\/PLACA-103-768x544.jpg 768w\" sizes=\"auto, (max-width: 904px) 100vw, 904px\" \/><\/figure>\n\n\n\n<p>En ocasi\u00f3n de que el gobernador Cr. Gustavo Bordet, acompa\u00f1ado por la Vice Gobernadora Laura Stratta, dejara inaugurado el nuevo edificio de la escuela Primaria N\u00ba 103 Convenci\u00f3n Nacional Constituyente y Secundaria N\u00ba 14 Julio C\u00e9sar Monz\u00f3n, hizo entrega de aportes en el marco del <strong>\u201cPrograma Aportes de Emergencia\u201d<\/strong> para clubes entrerrianos de barrio y de pueblo, recibieron fondos por un monto de 40.000 pesos cada una de las siguientes instituciones: Club Deportivo Sirio Libanes, Club Ciclista de Nogoy\u00e1, Club Deportivo y Cultural Aranguren, Club Deportivo Nogoy\u00e1 y Club Atl\u00e9tico 9 de Julio.<\/p>\n\n\n\n<figure class=\"wp-block-image size-large\"><img loading=\"lazy\" decoding=\"async\" width=\"965\" height=\"238\" src=\"http:\/\/www.delexodo.com.ar\/wp-content\/uploads\/2020\/11\/HOY-APORTES.jpg\" alt=\"\" class=\"wp-image-7305\" srcset=\"https:\/\/www.delexodo.com.ar\/wp-content\/uploads\/2020\/11\/HOY-APORTES.jpg 965w, https:\/\/www.delexodo.com.ar\/wp-content\/uploads\/2020\/11\/HOY-APORTES-300x74.jpg 300w, https:\/\/www.delexodo.com.ar\/wp-content\/uploads\/2020\/11\/HOY-APORTES-768x189.jpg 768w\" sizes=\"auto, (max-width: 965px) 100vw, 965px\" \/><\/figure>\n\n\n\n<p>Este programa es una herramienta de apoyo otorgada por la <strong>Secretar\u00eda de Deportes del Ministerio de Desarrollo Social<\/strong> para que las instituciones deportivas barriales puedan disponer de una ayuda econ\u00f3mica que permita destinarla a aquellas erogaciones que hayan debido afrontar durante el aislamiento social, preventivo y obligatorio por la pandemia del Covid-19.<\/p>\n\n\n\n<p>A su vez se entregaron aportes del <strong>\u201cPrograma Poder Popular\u201d<\/strong>, que tiene como objetivo fortalecer las acciones de trabajo solidario, cooperativo, comunitario y comprometido que llevan adelantes las organizaciones de la sociedad civil de la provincia.<\/p>\n\n\n\n<p>De la misma manera, recibieron aportes el <strong>Grupo Asociativo Protectores de la Tierra<\/strong>, por su proyecto denominado <strong>\u201cSembrando Vida\u201d<\/strong>. El proyecto pretende a trav\u00e9s de la adquisici\u00f3n de equipamiento la mejora, ampliaci\u00f3n y fortalecimiento de la huerta comunitaria agroecol\u00f3gica. El monto destinado fue de 45.000 pesos.<\/p>\n\n\n\n<p>As\u00ed tambi\u00e9n la <strong>Asociaci\u00f3n Pro Ayuda Casa del Anciano<\/strong> recibi\u00f3 aportes para gastos administrativos, al centro de integraci\u00f3n <strong>Padres por Hijos<\/strong> para la compra de maquinaria destinada al taller de bolsas y al <strong>Instituto Nuestra Se\u00f1or del Huerto<\/strong> para la continuaci\u00f3n de obras en esa instituci\u00f3n.<\/p>\n\n\n\n<figure class=\"wp-block-embed-youtube wp-block-embed is-type-video is-provider-youtube wp-embed-aspect-4-3 wp-has-aspect-ratio\"><div class=\"wp-block-embed__wrapper\">\n<iframe loading=\"lazy\" title=\"#AIRE #Mxv - GOBERNADOR GUSTAVO BORDET INAUGURA ESCUELA EN NOGOYA\" width=\"500\" height=\"375\" src=\"https:\/\/www.youtube.com\/embed\/rS2YXg4pEzg?feature=oembed\" frameborder=\"0\" allow=\"accelerometer; autoplay; clipboard-write; encrypted-media; gyroscope; picture-in-picture; web-share\" referrerpolicy=\"strict-origin-when-cross-origin\" allowfullscreen><\/iframe>\n<\/div><\/figure>\n\n\n\n<p>En la charla con los medios locales Bordet destac\u00f3 la alegr\u00eda de volver a Nogoy\u00e1 y del trabajo conjunto que se lleva adelante con el intendente Cavagna y dijo; <em>\u201clamentablemente por la pandemia no hab\u00eda podido venir antes y lo que escrib\u00eda en el libro, refiri\u00e9ndose al registro de la escuela, tiene que ver mucho con el compromiso que tiene la comunidad educativa de esta escuela, pero tambi\u00e9n de toda la comunidad educativa de la provincia de Entre R\u00edos, sostener, afianzar y propender a la educaci\u00f3n de nuestros ni\u00f1os en toda la provincia, b\u00e1sicamente se trata de eso, del compromiso que tiene el personal docente, directivos, no docentes, los padres y por supuesto el eje central de nuestra pol\u00edtica educativa que son nuestros ni\u00f1os que asisten al sistema educativo\u201d.<\/em><\/p>\n\n\n\n<p><strong>AGMER Nogoy\u00e1 entreg\u00f3 un petitorio al Gobernador Bordet<\/strong><\/p>\n\n\n\n<figure class=\"wp-block-image size-large\"><img loading=\"lazy\" decoding=\"async\" width=\"957\" height=\"496\" src=\"https:\/\/www.delexodo.com.ar\/wp-content\/uploads\/2020\/11\/AGMER-RECLAMO-103.jpg\" alt=\"\" class=\"wp-image-7306\" srcset=\"https:\/\/www.delexodo.com.ar\/wp-content\/uploads\/2020\/11\/AGMER-RECLAMO-103.jpg 957w, https:\/\/www.delexodo.com.ar\/wp-content\/uploads\/2020\/11\/AGMER-RECLAMO-103-300x155.jpg 300w, https:\/\/www.delexodo.com.ar\/wp-content\/uploads\/2020\/11\/AGMER-RECLAMO-103-768x398.jpg 768w\" sizes=\"auto, (max-width: 957px) 100vw, 957px\" \/><\/figure>\n\n\n\n<p>A la llegada del mandatario a la ciudad y antes del ingreso al establecimiento escolar fue abordado por representantes de la seccional AGMER Nogoy\u00e1 &nbsp;quienes entregaron un Petitorio en el cual se alud\u00eda a la inauguraci\u00f3n la cual llev\u00f3 m\u00e1s de 5 a\u00f1os en construirse seg\u00fan manifiesta el gremio.<\/p>\n\n\n\n<div class=\"wp-block-image\"><figure class=\"aligncenter size-large is-resized\"><img loading=\"lazy\" decoding=\"async\" src=\"https:\/\/www.delexodo.com.ar\/wp-content\/uploads\/2020\/11\/HOY-AGMER-PETITORIO-768x1024.jpg\" alt=\"\" class=\"wp-image-7312\" width=\"360\" height=\"480\" srcset=\"https:\/\/www.delexodo.com.ar\/wp-content\/uploads\/2020\/11\/HOY-AGMER-PETITORIO-768x1024.jpg 768w, https:\/\/www.delexodo.com.ar\/wp-content\/uploads\/2020\/11\/HOY-AGMER-PETITORIO-225x300.jpg 225w, https:\/\/www.delexodo.com.ar\/wp-content\/uploads\/2020\/11\/HOY-AGMER-PETITORIO.jpg 864w\" sizes=\"auto, (max-width: 360px) 100vw, 360px\" \/><\/figure><\/div>\n\n\n\n<h4 class=\"wp-block-heading\"><strong>Dir. Dptal de Escuelas Nogoya<\/strong><\/h4>\n\n\n\n<p>Acompa\u00f1ando la actividad la Directora Departamental de escuelas, <strong>Ma. Teresa Pereyra<\/strong> se refiri\u00f3 a la significancia del acto en un a\u00f1o tan at\u00edpico y se\u00f1al\u00f3;<\/p>\n\n\n\n<figure class=\"wp-block-embed-youtube wp-block-embed is-type-video is-provider-youtube wp-embed-aspect-16-9 wp-has-aspect-ratio\"><div class=\"wp-block-embed__wrapper\">\n<iframe loading=\"lazy\" title=\"#AIRE #MxV - Dir. Dptal. Escuelas Nogoya Ma. teresa pereyra 26\/11\/20\" width=\"500\" height=\"281\" src=\"https:\/\/www.youtube.com\/embed\/ZX9PL6VyQxc?feature=oembed\" frameborder=\"0\" allow=\"accelerometer; autoplay; clipboard-write; encrypted-media; gyroscope; picture-in-picture; web-share\" referrerpolicy=\"strict-origin-when-cross-origin\" allowfullscreen><\/iframe>\n<\/div><\/figure>\n\n\n\n<p><em>\u201cEstoy muy feliz por este nuevo edificio, sin dudas ser\u00e1 una nueva experiencia en el siguiente ciclo lectivo. Ya imaginamos a los chicos y a los docentes disfrutando de este nuevo edificio adecuado para el proceso educativo. Estoy agradecida que esta obra se haya culminado y poner un mensaje positivo en este escenario que ha sido muy complejo para todos\u201d<\/em><\/p>\n\n\n\n<p>Y agreg\u00f3 respecto a la posibilidad de sumar el establecimiento a la lista de las escuelas con retorno a la presencialidad; <em>\u201cEstamos agilizando toda la conectividad en esta escuela para garantizar dicho servicio, ya hemos realizado las gestiones para poder contar a la brevedad con ese complemento tan importante, es una de las escuelas que est\u00e1 en condiciones para la presencialidad, siempre y cuando garanticemos esta herramienta que se ha tornado primordial en este nuevo contexto educativo\u201d.<\/em><\/p>\n\n\n\n<h4 class=\"wp-block-heading\"><strong>Senador Provincial de Victoria<\/strong><\/h4>\n\n\n\n<p>Dentro de los legisladores que acompa\u00f1aron el acto se encontraba el Senador Pcial. Gaston Bagnat, (Juntos por el Cambio) de la ciudad de Victoria, quien es coautor junto al Senador Migueles del Proyecto de Ley por el que se crea el Juzgado de Primera Instancia del Trabajo con asiento en la ciudad de Nogoy\u00e1, que tendr\u00e1 jurisdicci\u00f3n y competencia territorial en los Departamentos Nogoy\u00e1, Tala y Victoria.<\/p>\n\n\n\n<figure class=\"wp-block-embed-youtube wp-block-embed is-type-video is-provider-youtube wp-embed-aspect-16-9 wp-has-aspect-ratio\"><div class=\"wp-block-embed__wrapper\">\n<iframe loading=\"lazy\" title=\"#AIRE #MxV - SENADOR PCIAL. GASTON BAGNAT 26\/11\/20\" width=\"500\" height=\"281\" src=\"https:\/\/www.youtube.com\/embed\/ZdsQbMVqcS4?feature=oembed\" frameborder=\"0\" allow=\"accelerometer; autoplay; clipboard-write; encrypted-media; gyroscope; picture-in-picture; web-share\" referrerpolicy=\"strict-origin-when-cross-origin\" allowfullscreen><\/iframe>\n<\/div><\/figure>\n\n\n\n<p><strong>Sobre el trabajo entre legisladores de Nogoy\u00e1 y Victoria<\/strong><\/p>\n\n\n\n<p><em>\u201cCon Flavia siempre estamos tratando de complementar nuestro trabajo por la cercan\u00eda de nuestros departamentos, ella me plante\u00f3 la necesidad de trabajar en equipo para que la regi\u00f3n tenga un juzgado laboral y no dud\u00e9 en apoyar para que la moci\u00f3n tenga tratamiento y funcione el mismo con epicentro en Nogoy\u00e1. Tenemos el apoyo de nuestros pares en la C\u00e1mara de Senadores, para que el proyecto prospere y lograr que el Juzgado se instale en esta ciudad\u201d<\/em><\/p>\n\n\n\n<p><strong>Sobre el impacto de la pandemia en la regi\u00f3n<\/strong><\/p>\n\n\n\n<p><em>\u201cEn general la regi\u00f3n y la provincia, al estar vinculada a la producci\u00f3n agr\u00edcola ganadera y la pesca, dentro de todo podemos decir que fue un a\u00f1o que se pudo sobrellevar, a excepci\u00f3n del sector tur\u00edstico que han sido muy perjudicados\u201d<\/em> y agreg\u00f3; <em>\u201cse puede terminar el a\u00f1o con la provincia en funcionamiento, con perspectivas de mejorar al ir saliendo de la pandemia, no se detuvo en ning\u00fan momento el sector agropecuario y la construcci\u00f3n est\u00e1 movilizada, podemos definir que a pesar de todo se pudo trabajar\u201d<\/em><\/p>\n\n\n\n<p><strong>Sobre la perspectiva del movimiento tur\u00edstico<\/strong><\/p>\n\n\n\n<p><em>\u201cAhora estamos trabajando codo a codo con los prestadores de servicios tur\u00edsticos, para que la gente de cercan\u00eda pueda venir a nuestra provincia, apoyando los circuitos tur\u00edsticos seguros. Tenemos perspectivas muy buenas y sobre todo teniendo la vacuna a corto plazo como indican desde el gobierno nacional\u201d<\/em><\/p>\n\n\n\n<h4 class=\"has-text-align-center wp-block-heading\">GALER\u00cdA DE IM\u00c1GENES<\/h4>\n\n\n\n<div class=\"wp-block-group\"><div class=\"wp-block-group__inner-container is-layout-flow wp-block-group-is-layout-flow\">\n<figure class=\"wp-block-gallery columns-3 is-cropped wp-block-gallery-1 is-layout-flex wp-block-gallery-is-layout-flex\"><ul class=\"blocks-gallery-grid\"><li class=\"blocks-gallery-item\"><figure><img loading=\"lazy\" decoding=\"async\" width=\"958\" height=\"697\" src=\"https:\/\/www.delexodo.com.ar\/wp-content\/uploads\/2020\/11\/BORDET-CAVAGNA.png\" alt=\"\" data-id=\"7309\" data-full-url=\"https:\/\/www.delexodo.com.ar\/wp-content\/uploads\/2020\/11\/BORDET-CAVAGNA.png\" data-link=\"https:\/\/www.delexodo.com.ar\/?attachment_id=7309\" class=\"wp-image-7309\" srcset=\"https:\/\/www.delexodo.com.ar\/wp-content\/uploads\/2020\/11\/BORDET-CAVAGNA.png 958w, https:\/\/www.delexodo.com.ar\/wp-content\/uploads\/2020\/11\/BORDET-CAVAGNA-300x218.png 300w, https:\/\/www.delexodo.com.ar\/wp-content\/uploads\/2020\/11\/BORDET-CAVAGNA-768x559.png 768w\" sizes=\"auto, (max-width: 958px) 100vw, 958px\" \/><\/figure><\/li><li class=\"blocks-gallery-item\"><figure><img loading=\"lazy\" decoding=\"async\" width=\"956\" height=\"540\" src=\"https:\/\/www.delexodo.com.ar\/wp-content\/uploads\/2020\/11\/BORDET-FIRMA.png\" alt=\"\" data-id=\"7310\" data-full-url=\"https:\/\/www.delexodo.com.ar\/wp-content\/uploads\/2020\/11\/BORDET-FIRMA.png\" data-link=\"https:\/\/www.delexodo.com.ar\/?attachment_id=7310\" class=\"wp-image-7310\" srcset=\"https:\/\/www.delexodo.com.ar\/wp-content\/uploads\/2020\/11\/BORDET-FIRMA.png 956w, https:\/\/www.delexodo.com.ar\/wp-content\/uploads\/2020\/11\/BORDET-FIRMA-300x169.png 300w, https:\/\/www.delexodo.com.ar\/wp-content\/uploads\/2020\/11\/BORDET-FIRMA-768x434.png 768w\" sizes=\"auto, (max-width: 956px) 100vw, 956px\" \/><\/figure><\/li><li class=\"blocks-gallery-item\"><figure><img loading=\"lazy\" decoding=\"async\" width=\"954\" height=\"713\" src=\"https:\/\/www.delexodo.com.ar\/wp-content\/uploads\/2020\/11\/BORDET-FOTO.png\" alt=\"\" data-id=\"7311\" data-full-url=\"https:\/\/www.delexodo.com.ar\/wp-content\/uploads\/2020\/11\/BORDET-FOTO.png\" data-link=\"https:\/\/www.delexodo.com.ar\/?attachment_id=7311\" class=\"wp-image-7311\" srcset=\"https:\/\/www.delexodo.com.ar\/wp-content\/uploads\/2020\/11\/BORDET-FOTO.png 954w, https:\/\/www.delexodo.com.ar\/wp-content\/uploads\/2020\/11\/BORDET-FOTO-300x224.png 300w, https:\/\/www.delexodo.com.ar\/wp-content\/uploads\/2020\/11\/BORDET-FOTO-768x574.png 768w\" sizes=\"auto, (max-width: 954px) 100vw, 954px\" \/><\/figure><\/li><li class=\"blocks-gallery-item\"><figure><img loading=\"lazy\" decoding=\"async\" width=\"957\" height=\"603\" src=\"https:\/\/www.delexodo.com.ar\/wp-content\/uploads\/2020\/11\/CAVAGNA-BORDET-APLAUSO.png\" alt=\"\" data-id=\"7313\" data-full-url=\"https:\/\/www.delexodo.com.ar\/wp-content\/uploads\/2020\/11\/CAVAGNA-BORDET-APLAUSO.png\" data-link=\"https:\/\/www.delexodo.com.ar\/?attachment_id=7313\" class=\"wp-image-7313\" srcset=\"https:\/\/www.delexodo.com.ar\/wp-content\/uploads\/2020\/11\/CAVAGNA-BORDET-APLAUSO.png 957w, https:\/\/www.delexodo.com.ar\/wp-content\/uploads\/2020\/11\/CAVAGNA-BORDET-APLAUSO-300x189.png 300w, https:\/\/www.delexodo.com.ar\/wp-content\/uploads\/2020\/11\/CAVAGNA-BORDET-APLAUSO-768x484.png 768w, https:\/\/www.delexodo.com.ar\/wp-content\/uploads\/2020\/11\/CAVAGNA-BORDET-APLAUSO-95x60.png 95w\" sizes=\"auto, (max-width: 957px) 100vw, 957px\" \/><\/figure><\/li><li class=\"blocks-gallery-item\"><figure><img loading=\"lazy\" decoding=\"async\" width=\"957\" height=\"661\" src=\"https:\/\/www.delexodo.com.ar\/wp-content\/uploads\/2020\/11\/PAYRA-STRATA-GOMEZ.png\" alt=\"\" data-id=\"7315\" data-full-url=\"https:\/\/www.delexodo.com.ar\/wp-content\/uploads\/2020\/11\/PAYRA-STRATA-GOMEZ.png\" data-link=\"https:\/\/www.delexodo.com.ar\/?attachment_id=7315\" class=\"wp-image-7315\" srcset=\"https:\/\/www.delexodo.com.ar\/wp-content\/uploads\/2020\/11\/PAYRA-STRATA-GOMEZ.png 957w, https:\/\/www.delexodo.com.ar\/wp-content\/uploads\/2020\/11\/PAYRA-STRATA-GOMEZ-300x207.png 300w, https:\/\/www.delexodo.com.ar\/wp-content\/uploads\/2020\/11\/PAYRA-STRATA-GOMEZ-768x530.png 768w\" sizes=\"auto, (max-width: 957px) 100vw, 957px\" \/><\/figure><\/li><li class=\"blocks-gallery-item\"><figure><img loading=\"lazy\" decoding=\"async\" width=\"1024\" height=\"674\" src=\"https:\/\/www.delexodo.com.ar\/wp-content\/uploads\/2020\/11\/STRATTA-BORDET-PEREYRA-REXIUS-1024x674.png\" alt=\"\" data-id=\"7316\" data-full-url=\"https:\/\/www.delexodo.com.ar\/wp-content\/uploads\/2020\/11\/STRATTA-BORDET-PEREYRA-REXIUS.png\" data-link=\"https:\/\/www.delexodo.com.ar\/?attachment_id=7316\" class=\"wp-image-7316\" srcset=\"https:\/\/www.delexodo.com.ar\/wp-content\/uploads\/2020\/11\/STRATTA-BORDET-PEREYRA-REXIUS-1024x674.png 1024w, https:\/\/www.delexodo.com.ar\/wp-content\/uploads\/2020\/11\/STRATTA-BORDET-PEREYRA-REXIUS-300x198.png 300w, https:\/\/www.delexodo.com.ar\/wp-content\/uploads\/2020\/11\/STRATTA-BORDET-PEREYRA-REXIUS-768x506.png 768w, https:\/\/www.delexodo.com.ar\/wp-content\/uploads\/2020\/11\/STRATTA-BORDET-PEREYRA-REXIUS.png 1083w\" sizes=\"auto, (max-width: 1024px) 100vw, 1024px\" \/><\/figure><\/li><li class=\"blocks-gallery-item\"><figure><img loading=\"lazy\" decoding=\"async\" width=\"959\" height=\"646\" src=\"https:\/\/www.delexodo.com.ar\/wp-content\/uploads\/2020\/11\/STRATTA-PEREYRA.png\" alt=\"\" data-id=\"7317\" data-full-url=\"https:\/\/www.delexodo.com.ar\/wp-content\/uploads\/2020\/11\/STRATTA-PEREYRA.png\" data-link=\"https:\/\/www.delexodo.com.ar\/?attachment_id=7317\" class=\"wp-image-7317\" srcset=\"https:\/\/www.delexodo.com.ar\/wp-content\/uploads\/2020\/11\/STRATTA-PEREYRA.png 959w, https:\/\/www.delexodo.com.ar\/wp-content\/uploads\/2020\/11\/STRATTA-PEREYRA-300x202.png 300w, https:\/\/www.delexodo.com.ar\/wp-content\/uploads\/2020\/11\/STRATTA-PEREYRA-768x517.png 768w\" sizes=\"auto, (max-width: 959px) 100vw, 959px\" \/><\/figure><\/li><li class=\"blocks-gallery-item\"><figure><img loading=\"lazy\" decoding=\"async\" width=\"996\" height=\"711\" src=\"https:\/\/www.delexodo.com.ar\/wp-content\/uploads\/2020\/11\/CAVAGNA-103.png\" alt=\"\" data-id=\"7318\" data-full-url=\"https:\/\/www.delexodo.com.ar\/wp-content\/uploads\/2020\/11\/CAVAGNA-103.png\" data-link=\"https:\/\/www.delexodo.com.ar\/?attachment_id=7318\" class=\"wp-image-7318\" srcset=\"https:\/\/www.delexodo.com.ar\/wp-content\/uploads\/2020\/11\/CAVAGNA-103.png 996w, https:\/\/www.delexodo.com.ar\/wp-content\/uploads\/2020\/11\/CAVAGNA-103-300x214.png 300w, https:\/\/www.delexodo.com.ar\/wp-content\/uploads\/2020\/11\/CAVAGNA-103-768x548.png 768w\" sizes=\"auto, (max-width: 996px) 100vw, 996px\" \/><\/figure><\/li><li class=\"blocks-gallery-item\"><figure><img loading=\"lazy\" decoding=\"async\" width=\"1015\" height=\"785\" src=\"https:\/\/www.delexodo.com.ar\/wp-content\/uploads\/2020\/11\/FRENTE-ESCUELA-103.png\" alt=\"\" data-id=\"7314\" data-full-url=\"https:\/\/www.delexodo.com.ar\/wp-content\/uploads\/2020\/11\/FRENTE-ESCUELA-103.png\" data-link=\"https:\/\/www.delexodo.com.ar\/?attachment_id=7314\" class=\"wp-image-7314\" srcset=\"https:\/\/www.delexodo.com.ar\/wp-content\/uploads\/2020\/11\/FRENTE-ESCUELA-103.png 1015w, https:\/\/www.delexodo.com.ar\/wp-content\/uploads\/2020\/11\/FRENTE-ESCUELA-103-300x232.png 300w, https:\/\/www.delexodo.com.ar\/wp-content\/uploads\/2020\/11\/FRENTE-ESCUELA-103-768x594.png 768w\" sizes=\"auto, (max-width: 1015px) 100vw, 1015px\" \/><\/figure><\/li><\/ul><\/figure>\n<\/div><\/div>\n","protected":false},"excerpt":{"rendered":"<p>Cinco clubes y cuatro instituciones de Nogoy\u00e1 recibieron aportes econ\u00f3micos por parte del gobierno provincial. En ocasi\u00f3n de que el&hellip;<\/p>\n","protected":false},"author":1,"featured_media":7308,"comment_status":"open","ping_status":"open","sticky":false,"template":"","format":"standard","meta":{"_joinchat":[],"footnotes":""},"categories":[65,1,69,349],"tags":[345],"class_list":["post-7304","post","type-post","status-publish","format-standard","has-post-thumbnail","hentry","category-destacados","category-sincategoria","category-noticias","category-politica","tag-destacar"],"yoast_head":"<!-- This site is optimized with the Yoast SEO plugin v25.1 - https:\/\/yoast.com\/wordpress\/plugins\/seo\/ -->\n<title>BORDET VISITO NOGOY\u00c1 PARA LA INAUGURACI\u00d3N DE LA ESCUELA 103 Y TRAER APORTES ECON\u00d3MICOS - Del \u00c9xodo Nogoy\u00e1<\/title>\n<meta name=\"robots\" content=\"index, follow, max-snippet:-1, max-image-preview:large, max-video-preview:-1\" \/>\n<link rel=\"canonical\" href=\"https:\/\/www.delexodo.com.ar\/?p=7304\" \/>\n<meta property=\"og:locale\" content=\"es_ES\" \/>\n<meta property=\"og:type\" content=\"article\" \/>\n<meta property=\"og:title\" content=\"BORDET VISITO NOGOY\u00c1 PARA LA INAUGURACI\u00d3N DE LA ESCUELA 103 Y TRAER APORTES ECON\u00d3MICOS - Del \u00c9xodo Nogoy\u00e1\" \/>\n<meta property=\"og:description\" content=\"Cinco clubes y cuatro instituciones de Nogoy\u00e1 recibieron aportes econ\u00f3micos por parte del gobierno provincial. En ocasi\u00f3n de que el&hellip;\" \/>\n<meta property=\"og:url\" content=\"https:\/\/www.delexodo.com.ar\/?p=7304\" \/>\n<meta property=\"og:site_name\" content=\"Del \u00c9xodo Nogoy\u00e1\" \/>\n<meta property=\"article:published_time\" content=\"2020-11-27T01:27:53+00:00\" \/>\n<meta property=\"article:modified_time\" content=\"2020-11-27T02:39:19+00:00\" \/>\n<meta property=\"og:image\" content=\"https:\/\/www.delexodo.com.ar\/wp-content\/uploads\/2020\/11\/INAUGURA-ESCUELA-103.jpg\" \/>\n\t<meta property=\"og:image:width\" content=\"1022\" \/>\n\t<meta property=\"og:image:height\" content=\"495\" \/>\n\t<meta property=\"og:image:type\" content=\"image\/jpeg\" \/>\n<meta name=\"author\" content=\"admin\" \/>\n<meta name=\"twitter:card\" content=\"summary_large_image\" \/>\n<meta name=\"twitter:label1\" content=\"Escrito por\" \/>\n\t<meta name=\"twitter:data1\" content=\"admin\" \/>\n\t<meta name=\"twitter:label2\" content=\"Tiempo de lectura\" \/>\n\t<meta name=\"twitter:data2\" content=\"5 minutos\" \/>\n<script type=\"application\/ld+json\" class=\"yoast-schema-graph\">{\"@context\":\"https:\/\/schema.org\",\"@graph\":[{\"@type\":\"Article\",\"@id\":\"https:\/\/www.delexodo.com.ar\/?p=7304#article\",\"isPartOf\":{\"@id\":\"https:\/\/www.delexodo.com.ar\/?p=7304\"},\"author\":{\"name\":\"admin\",\"@id\":\"https:\/\/www.delexodo.com.ar\/#\/schema\/person\/bbed37f7da8e938660b34f2013ba449d\"},\"headline\":\"BORDET VISITO NOGOY\u00c1 PARA LA INAUGURACI\u00d3N DE LA ESCUELA 103 Y TRAER APORTES ECON\u00d3MICOS\",\"datePublished\":\"2020-11-27T01:27:53+00:00\",\"dateModified\":\"2020-11-27T02:39:19+00:00\",\"mainEntityOfPage\":{\"@id\":\"https:\/\/www.delexodo.com.ar\/?p=7304\"},\"wordCount\":1040,\"commentCount\":0,\"publisher\":{\"@id\":\"https:\/\/www.delexodo.com.ar\/#organization\"},\"image\":{\"@id\":\"https:\/\/www.delexodo.com.ar\/?p=7304#primaryimage\"},\"thumbnailUrl\":\"https:\/\/www.delexodo.com.ar\/wp-content\/uploads\/2020\/11\/INAUGURA-ESCUELA-103.jpg\",\"keywords\":[\"destacar\"],\"articleSection\":[\"Destacados\",\"Nogoya\",\"NOTICIAS\",\"Politica\"],\"inLanguage\":\"es\",\"potentialAction\":[{\"@type\":\"CommentAction\",\"name\":\"Comment\",\"target\":[\"https:\/\/www.delexodo.com.ar\/?p=7304#respond\"]}]},{\"@type\":\"WebPage\",\"@id\":\"https:\/\/www.delexodo.com.ar\/?p=7304\",\"url\":\"https:\/\/www.delexodo.com.ar\/?p=7304\",\"name\":\"BORDET VISITO NOGOY\u00c1 PARA LA INAUGURACI\u00d3N DE LA ESCUELA 103 Y TRAER APORTES ECON\u00d3MICOS - Del \u00c9xodo Nogoy\u00e1\",\"isPartOf\":{\"@id\":\"https:\/\/www.delexodo.com.ar\/#website\"},\"primaryImageOfPage\":{\"@id\":\"https:\/\/www.delexodo.com.ar\/?p=7304#primaryimage\"},\"image\":{\"@id\":\"https:\/\/www.delexodo.com.ar\/?p=7304#primaryimage\"},\"thumbnailUrl\":\"https:\/\/www.delexodo.com.ar\/wp-content\/uploads\/2020\/11\/INAUGURA-ESCUELA-103.jpg\",\"datePublished\":\"2020-11-27T01:27:53+00:00\",\"dateModified\":\"2020-11-27T02:39:19+00:00\",\"breadcrumb\":{\"@id\":\"https:\/\/www.delexodo.com.ar\/?p=7304#breadcrumb\"},\"inLanguage\":\"es\",\"potentialAction\":[{\"@type\":\"ReadAction\",\"target\":[\"https:\/\/www.delexodo.com.ar\/?p=7304\"]}]},{\"@type\":\"ImageObject\",\"inLanguage\":\"es\",\"@id\":\"https:\/\/www.delexodo.com.ar\/?p=7304#primaryimage\",\"url\":\"https:\/\/www.delexodo.com.ar\/wp-content\/uploads\/2020\/11\/INAUGURA-ESCUELA-103.jpg\",\"contentUrl\":\"https:\/\/www.delexodo.com.ar\/wp-content\/uploads\/2020\/11\/INAUGURA-ESCUELA-103.jpg\",\"width\":1022,\"height\":495},{\"@type\":\"BreadcrumbList\",\"@id\":\"https:\/\/www.delexodo.com.ar\/?p=7304#breadcrumb\",\"itemListElement\":[{\"@type\":\"ListItem\",\"position\":1,\"name\":\"Portada\",\"item\":\"https:\/\/www.delexodo.com.ar\/\"},{\"@type\":\"ListItem\",\"position\":2,\"name\":\"BORDET VISITO NOGOY\u00c1 PARA LA INAUGURACI\u00d3N DE LA ESCUELA 103 Y TRAER APORTES ECON\u00d3MICOS\"}]},{\"@type\":\"WebSite\",\"@id\":\"https:\/\/www.delexodo.com.ar\/#website\",\"url\":\"https:\/\/www.delexodo.com.ar\/\",\"name\":\"Del \u00c9xodo Nogoy\u00e1\",\"description\":\"El Portal de Noticias de la Regi\u00f3n\",\"publisher\":{\"@id\":\"https:\/\/www.delexodo.com.ar\/#organization\"},\"potentialAction\":[{\"@type\":\"SearchAction\",\"target\":{\"@type\":\"EntryPoint\",\"urlTemplate\":\"https:\/\/www.delexodo.com.ar\/?s={search_term_string}\"},\"query-input\":{\"@type\":\"PropertyValueSpecification\",\"valueRequired\":true,\"valueName\":\"search_term_string\"}}],\"inLanguage\":\"es\"},{\"@type\":\"Organization\",\"@id\":\"https:\/\/www.delexodo.com.ar\/#organization\",\"name\":\"Del \u00c9xodo Nogoy\u00e1\",\"url\":\"https:\/\/www.delexodo.com.ar\/\",\"logo\":{\"@type\":\"ImageObject\",\"inLanguage\":\"es\",\"@id\":\"https:\/\/www.delexodo.com.ar\/#\/schema\/logo\/image\/\",\"url\":\"https:\/\/www.delexodo.com.ar\/wp-content\/uploads\/2024\/10\/cropped-cropped-LOGO24.png\",\"contentUrl\":\"https:\/\/www.delexodo.com.ar\/wp-content\/uploads\/2024\/10\/cropped-cropped-LOGO24.png\",\"width\":512,\"height\":349,\"caption\":\"Del \u00c9xodo Nogoy\u00e1\"},\"image\":{\"@id\":\"https:\/\/www.delexodo.com.ar\/#\/schema\/logo\/image\/\"}},{\"@type\":\"Person\",\"@id\":\"https:\/\/www.delexodo.com.ar\/#\/schema\/person\/bbed37f7da8e938660b34f2013ba449d\",\"name\":\"admin\",\"image\":{\"@type\":\"ImageObject\",\"inLanguage\":\"es\",\"@id\":\"https:\/\/www.delexodo.com.ar\/#\/schema\/person\/image\/\",\"url\":\"https:\/\/secure.gravatar.com\/avatar\/6b1558d1b6df085f1901bd5bd98523d7?s=96&d=mm&r=g\",\"contentUrl\":\"https:\/\/secure.gravatar.com\/avatar\/6b1558d1b6df085f1901bd5bd98523d7?s=96&d=mm&r=g\",\"caption\":\"admin\"},\"url\":\"https:\/\/www.delexodo.com.ar\/?author=1\"}]}<\/script>\n<!-- \/ Yoast SEO plugin. -->","yoast_head_json":{"title":"BORDET VISITO NOGOY\u00c1 PARA LA INAUGURACI\u00d3N DE LA ESCUELA 103 Y TRAER APORTES ECON\u00d3MICOS - Del \u00c9xodo Nogoy\u00e1","robots":{"index":"index","follow":"follow","max-snippet":"max-snippet:-1","max-image-preview":"max-image-preview:large","max-video-preview":"max-video-preview:-1"},"canonical":"https:\/\/www.delexodo.com.ar\/?p=7304","og_locale":"es_ES","og_type":"article","og_title":"BORDET VISITO NOGOY\u00c1 PARA LA INAUGURACI\u00d3N DE LA ESCUELA 103 Y TRAER APORTES ECON\u00d3MICOS - Del \u00c9xodo Nogoy\u00e1","og_description":"Cinco clubes y cuatro instituciones de Nogoy\u00e1 recibieron aportes econ\u00f3micos por parte del gobierno provincial. En ocasi\u00f3n de que el&hellip;","og_url":"https:\/\/www.delexodo.com.ar\/?p=7304","og_site_name":"Del \u00c9xodo Nogoy\u00e1","article_published_time":"2020-11-27T01:27:53+00:00","article_modified_time":"2020-11-27T02:39:19+00:00","og_image":[{"width":1022,"height":495,"url":"https:\/\/www.delexodo.com.ar\/wp-content\/uploads\/2020\/11\/INAUGURA-ESCUELA-103.jpg","type":"image\/jpeg"}],"author":"admin","twitter_card":"summary_large_image","twitter_misc":{"Escrito por":"admin","Tiempo de lectura":"5 minutos"},"schema":{"@context":"https:\/\/schema.org","@graph":[{"@type":"Article","@id":"https:\/\/www.delexodo.com.ar\/?p=7304#article","isPartOf":{"@id":"https:\/\/www.delexodo.com.ar\/?p=7304"},"author":{"name":"admin","@id":"https:\/\/www.delexodo.com.ar\/#\/schema\/person\/bbed37f7da8e938660b34f2013ba449d"},"headline":"BORDET VISITO NOGOY\u00c1 PARA LA INAUGURACI\u00d3N DE LA ESCUELA 103 Y TRAER APORTES ECON\u00d3MICOS","datePublished":"2020-11-27T01:27:53+00:00","dateModified":"2020-11-27T02:39:19+00:00","mainEntityOfPage":{"@id":"https:\/\/www.delexodo.com.ar\/?p=7304"},"wordCount":1040,"commentCount":0,"publisher":{"@id":"https:\/\/www.delexodo.com.ar\/#organization"},"image":{"@id":"https:\/\/www.delexodo.com.ar\/?p=7304#primaryimage"},"thumbnailUrl":"https:\/\/www.delexodo.com.ar\/wp-content\/uploads\/2020\/11\/INAUGURA-ESCUELA-103.jpg","keywords":["destacar"],"articleSection":["Destacados","Nogoya","NOTICIAS","Politica"],"inLanguage":"es","potentialAction":[{"@type":"CommentAction","name":"Comment","target":["https:\/\/www.delexodo.com.ar\/?p=7304#respond"]}]},{"@type":"WebPage","@id":"https:\/\/www.delexodo.com.ar\/?p=7304","url":"https:\/\/www.delexodo.com.ar\/?p=7304","name":"BORDET VISITO NOGOY\u00c1 PARA LA INAUGURACI\u00d3N DE LA ESCUELA 103 Y TRAER APORTES ECON\u00d3MICOS - Del \u00c9xodo Nogoy\u00e1","isPartOf":{"@id":"https:\/\/www.delexodo.com.ar\/#website"},"primaryImageOfPage":{"@id":"https:\/\/www.delexodo.com.ar\/?p=7304#primaryimage"},"image":{"@id":"https:\/\/www.delexodo.com.ar\/?p=7304#primaryimage"},"thumbnailUrl":"https:\/\/www.delexodo.com.ar\/wp-content\/uploads\/2020\/11\/INAUGURA-ESCUELA-103.jpg","datePublished":"2020-11-27T01:27:53+00:00","dateModified":"2020-11-27T02:39:19+00:00","breadcrumb":{"@id":"https:\/\/www.delexodo.com.ar\/?p=7304#breadcrumb"},"inLanguage":"es","potentialAction":[{"@type":"ReadAction","target":["https:\/\/www.delexodo.com.ar\/?p=7304"]}]},{"@type":"ImageObject","inLanguage":"es","@id":"https:\/\/www.delexodo.com.ar\/?p=7304#primaryimage","url":"https:\/\/www.delexodo.com.ar\/wp-content\/uploads\/2020\/11\/INAUGURA-ESCUELA-103.jpg","contentUrl":"https:\/\/www.delexodo.com.ar\/wp-content\/uploads\/2020\/11\/INAUGURA-ESCUELA-103.jpg","width":1022,"height":495},{"@type":"BreadcrumbList","@id":"https:\/\/www.delexodo.com.ar\/?p=7304#breadcrumb","itemListElement":[{"@type":"ListItem","position":1,"name":"Portada","item":"https:\/\/www.delexodo.com.ar\/"},{"@type":"ListItem","position":2,"name":"BORDET VISITO NOGOY\u00c1 PARA LA INAUGURACI\u00d3N DE LA ESCUELA 103 Y TRAER APORTES ECON\u00d3MICOS"}]},{"@type":"WebSite","@id":"https:\/\/www.delexodo.com.ar\/#website","url":"https:\/\/www.delexodo.com.ar\/","name":"Del \u00c9xodo Nogoy\u00e1","description":"El Portal de Noticias de la Regi\u00f3n","publisher":{"@id":"https:\/\/www.delexodo.com.ar\/#organization"},"potentialAction":[{"@type":"SearchAction","target":{"@type":"EntryPoint","urlTemplate":"https:\/\/www.delexodo.com.ar\/?s={search_term_string}"},"query-input":{"@type":"PropertyValueSpecification","valueRequired":true,"valueName":"search_term_string"}}],"inLanguage":"es"},{"@type":"Organization","@id":"https:\/\/www.delexodo.com.ar\/#organization","name":"Del \u00c9xodo Nogoy\u00e1","url":"https:\/\/www.delexodo.com.ar\/","logo":{"@type":"ImageObject","inLanguage":"es","@id":"https:\/\/www.delexodo.com.ar\/#\/schema\/logo\/image\/","url":"https:\/\/www.delexodo.com.ar\/wp-content\/uploads\/2024\/10\/cropped-cropped-LOGO24.png","contentUrl":"https:\/\/www.delexodo.com.ar\/wp-content\/uploads\/2024\/10\/cropped-cropped-LOGO24.png","width":512,"height":349,"caption":"Del \u00c9xodo Nogoy\u00e1"},"image":{"@id":"https:\/\/www.delexodo.com.ar\/#\/schema\/logo\/image\/"}},{"@type":"Person","@id":"https:\/\/www.delexodo.com.ar\/#\/schema\/person\/bbed37f7da8e938660b34f2013ba449d","name":"admin","image":{"@type":"ImageObject","inLanguage":"es","@id":"https:\/\/www.delexodo.com.ar\/#\/schema\/person\/image\/","url":"https:\/\/secure.gravatar.com\/avatar\/6b1558d1b6df085f1901bd5bd98523d7?s=96&d=mm&r=g","contentUrl":"https:\/\/secure.gravatar.com\/avatar\/6b1558d1b6df085f1901bd5bd98523d7?s=96&d=mm&r=g","caption":"admin"},"url":"https:\/\/www.delexodo.com.ar\/?author=1"}]}},"_links":{"self":[{"href":"https:\/\/www.delexodo.com.ar\/index.php?rest_route=\/wp\/v2\/posts\/7304","targetHints":{"allow":["GET"]}}],"collection":[{"href":"https:\/\/www.delexodo.com.ar\/index.php?rest_route=\/wp\/v2\/posts"}],"about":[{"href":"https:\/\/www.delexodo.com.ar\/index.php?rest_route=\/wp\/v2\/types\/post"}],"author":[{"embeddable":true,"href":"https:\/\/www.delexodo.com.ar\/index.php?rest_route=\/wp\/v2\/users\/1"}],"replies":[{"embeddable":true,"href":"https:\/\/www.delexodo.com.ar\/index.php?rest_route=%2Fwp%2Fv2%2Fcomments&post=7304"}],"version-history":[{"count":0,"href":"https:\/\/www.delexodo.com.ar\/index.php?rest_route=\/wp\/v2\/posts\/7304\/revisions"}],"wp:featuredmedia":[{"embeddable":true,"href":"https:\/\/www.delexodo.com.ar\/index.php?rest_route=\/wp\/v2\/media\/7308"}],"wp:attachment":[{"href":"https:\/\/www.delexodo.com.ar\/index.php?rest_route=%2Fwp%2Fv2%2Fmedia&parent=7304"}],"wp:term":[{"taxonomy":"category","embeddable":true,"href":"https:\/\/www.delexodo.com.ar\/index.php?rest_route=%2Fwp%2Fv2%2Fcategories&post=7304"},{"taxonomy":"post_tag","embeddable":true,"href":"https:\/\/www.delexodo.com.ar\/index.php?rest_route=%2Fwp%2Fv2%2Ftags&post=7304"}],"curies":[{"name":"wp","href":"https:\/\/api.w.org\/{rel}","templated":true}]}}