{"id":7289,"date":"2020-11-23T15:33:08","date_gmt":"2020-11-23T18:33:08","guid":{"rendered":"http:\/\/www.delexodo.com.ar\/?p=7289"},"modified":"2020-11-23T15:33:09","modified_gmt":"2020-11-23T18:33:09","slug":"programa-fortalecer-cultura-583-artistas-y-trabajadores-de-la-cultura-entrerriana-seran-beneficiados","status":"publish","type":"post","link":"https:\/\/www.delexodo.com.ar\/?p=7289","title":{"rendered":"PROGRAMA FORTALECER CULTURA: 583 ARTISTAS Y TRABAJADORES DE LA CULTURA ENTRERRIANA SER\u00c1N BENEFICIADOS"},"content":{"rendered":"\n<p>Trabajadores y trabajadoras de distintas disciplinas de todo el pa\u00eds que recibir\u00e1n el apoyo econ\u00f3mico del Ministerio de Cultura de la Naci\u00f3n, entre ellos 583 entrerrianos.<\/p>\n\n\n\n<p>A tan solo un mes de haberse realizado la inscripci\u00f3n, el Ministerio de Cultura de la Naci\u00f3n anuncia los beneficiarios y beneficiarias que recibir\u00e1n el apoyo econ\u00f3mico Fortalecer Cultura, destinado a artistas, trabajadores y trabajadoras de la cultura; unas 30.761 personas en total.<\/p>\n\n\n\n<p>Se trata de un monto hist\u00f3rico de $1.384.245.000 que el Ministerio de Cultura de la Naci\u00f3n pone a disposici\u00f3n de trabajadores y trabajadoras de distintas disciplinas de todo el pa\u00eds con el prop\u00f3sito de fortalecer y reconstruir el sector de las industrias culturales. Durante el mes de noviembre se efectuar\u00e1 el primero de los tres pagos que forman parte del apoyo econ\u00f3mico.<\/p>\n\n\n\n<p>Fortalecer Cultura alcanza a actores, actrices, artesanos, artesanas, artistas visuales, bailarines, bailarinas, m\u00fasicos, m\u00fasicas, boleteros, boleteras, directoras, directores, editores, editoras, talleristas, correctores, correctoras, guionistas, encargados y encargadas de salas, escritores, escritoras, operadores y operadoras t\u00e9cnicos, profesionales y trabajadores de gesti\u00f3n, de prensa, maquillaje, vestuario, escenograf\u00eda, productoras y productores de toda la Argentina.<\/p>\n\n\n\n<p><strong>La lista de beneficiarios se puede consultar ingresando en el siguiente enlace: <\/strong><a href=\"https:\/\/www.cultura.gob.ar\/media\/uploads\/listado_fortalecer_cultura__ministerio_de_cultura_de_la_nacion.pdf\" target=\"_blank\" rel=\"noreferrer noopener\">https:\/\/www.cultura.gob.ar\/media\/uploads\/listado_fortalecer_cultura__ministerio_de_cultura_de_la_nacion.pdf<\/a><\/p>\n","protected":false},"excerpt":{"rendered":"<p>Trabajadores y trabajadoras de distintas disciplinas de todo el pa\u00eds que recibir\u00e1n el apoyo econ\u00f3mico del Ministerio de Cultura de&hellip;<\/p>\n","protected":false},"author":1,"featured_media":7290,"comment_status":"open","ping_status":"open","sticky":false,"template":"","format":"standard","meta":{"_joinchat":[],"footnotes":""},"categories":[355,65,69],"tags":[],"class_list":["post-7289","post","type-post","status-publish","format-standard","has-post-thumbnail","hentry","category-cultura","category-destacados","category-noticias"],"yoast_head":"<!-- This site is optimized with the Yoast SEO plugin v25.1 - https:\/\/yoast.com\/wordpress\/plugins\/seo\/ -->\n<title>PROGRAMA FORTALECER CULTURA: 583 ARTISTAS Y TRABAJADORES DE LA CULTURA ENTRERRIANA SER\u00c1N BENEFICIADOS - Del \u00c9xodo Nogoy\u00e1<\/title>\n<meta name=\"robots\" content=\"index, follow, max-snippet:-1, max-image-preview:large, max-video-preview:-1\" \/>\n<link rel=\"canonical\" href=\"https:\/\/www.delexodo.com.ar\/?p=7289\" \/>\n<meta property=\"og:locale\" content=\"es_ES\" \/>\n<meta property=\"og:type\" content=\"article\" \/>\n<meta property=\"og:title\" content=\"PROGRAMA FORTALECER CULTURA: 583 ARTISTAS Y TRABAJADORES DE LA CULTURA ENTRERRIANA SER\u00c1N BENEFICIADOS - Del \u00c9xodo Nogoy\u00e1\" \/>\n<meta property=\"og:description\" content=\"Trabajadores y trabajadoras de distintas disciplinas de todo el pa\u00eds que recibir\u00e1n el apoyo econ\u00f3mico del Ministerio de Cultura de&hellip;\" \/>\n<meta property=\"og:url\" content=\"https:\/\/www.delexodo.com.ar\/?p=7289\" \/>\n<meta property=\"og:site_name\" content=\"Del \u00c9xodo Nogoy\u00e1\" \/>\n<meta property=\"article:published_time\" content=\"2020-11-23T18:33:08+00:00\" \/>\n<meta property=\"article:modified_time\" content=\"2020-11-23T18:33:09+00:00\" \/>\n<meta property=\"og:image\" content=\"https:\/\/www.delexodo.com.ar\/wp-content\/uploads\/2020\/11\/foto-danza.jpg\" \/>\n\t<meta property=\"og:image:width\" content=\"1920\" \/>\n\t<meta property=\"og:image:height\" content=\"1280\" \/>\n\t<meta property=\"og:image:type\" content=\"image\/jpeg\" \/>\n<meta name=\"author\" content=\"admin\" \/>\n<meta name=\"twitter:card\" content=\"summary_large_image\" \/>\n<meta name=\"twitter:label1\" content=\"Escrito por\" \/>\n\t<meta name=\"twitter:data1\" content=\"admin\" \/>\n\t<meta name=\"twitter:label2\" content=\"Tiempo de lectura\" \/>\n\t<meta name=\"twitter:data2\" content=\"1 minuto\" \/>\n<script type=\"application\/ld+json\" class=\"yoast-schema-graph\">{\"@context\":\"https:\/\/schema.org\",\"@graph\":[{\"@type\":\"Article\",\"@id\":\"https:\/\/www.delexodo.com.ar\/?p=7289#article\",\"isPartOf\":{\"@id\":\"https:\/\/www.delexodo.com.ar\/?p=7289\"},\"author\":{\"name\":\"admin\",\"@id\":\"https:\/\/www.delexodo.com.ar\/#\/schema\/person\/bbed37f7da8e938660b34f2013ba449d\"},\"headline\":\"PROGRAMA FORTALECER CULTURA: 583 ARTISTAS Y TRABAJADORES DE LA CULTURA ENTRERRIANA SER\u00c1N BENEFICIADOS\",\"datePublished\":\"2020-11-23T18:33:08+00:00\",\"dateModified\":\"2020-11-23T18:33:09+00:00\",\"mainEntityOfPage\":{\"@id\":\"https:\/\/www.delexodo.com.ar\/?p=7289\"},\"wordCount\":241,\"commentCount\":0,\"publisher\":{\"@id\":\"https:\/\/www.delexodo.com.ar\/#organization\"},\"image\":{\"@id\":\"https:\/\/www.delexodo.com.ar\/?p=7289#primaryimage\"},\"thumbnailUrl\":\"https:\/\/www.delexodo.com.ar\/wp-content\/uploads\/2020\/11\/foto-danza.jpg\",\"articleSection\":[\"Cultura\",\"Destacados\",\"NOTICIAS\"],\"inLanguage\":\"es\",\"potentialAction\":[{\"@type\":\"CommentAction\",\"name\":\"Comment\",\"target\":[\"https:\/\/www.delexodo.com.ar\/?p=7289#respond\"]}]},{\"@type\":\"WebPage\",\"@id\":\"https:\/\/www.delexodo.com.ar\/?p=7289\",\"url\":\"https:\/\/www.delexodo.com.ar\/?p=7289\",\"name\":\"PROGRAMA FORTALECER CULTURA: 583 ARTISTAS Y TRABAJADORES DE LA CULTURA ENTRERRIANA SER\u00c1N BENEFICIADOS - Del \u00c9xodo Nogoy\u00e1\",\"isPartOf\":{\"@id\":\"https:\/\/www.delexodo.com.ar\/#website\"},\"primaryImageOfPage\":{\"@id\":\"https:\/\/www.delexodo.com.ar\/?p=7289#primaryimage\"},\"image\":{\"@id\":\"https:\/\/www.delexodo.com.ar\/?p=7289#primaryimage\"},\"thumbnailUrl\":\"https:\/\/www.delexodo.com.ar\/wp-content\/uploads\/2020\/11\/foto-danza.jpg\",\"datePublished\":\"2020-11-23T18:33:08+00:00\",\"dateModified\":\"2020-11-23T18:33:09+00:00\",\"breadcrumb\":{\"@id\":\"https:\/\/www.delexodo.com.ar\/?p=7289#breadcrumb\"},\"inLanguage\":\"es\",\"potentialAction\":[{\"@type\":\"ReadAction\",\"target\":[\"https:\/\/www.delexodo.com.ar\/?p=7289\"]}]},{\"@type\":\"ImageObject\",\"inLanguage\":\"es\",\"@id\":\"https:\/\/www.delexodo.com.ar\/?p=7289#primaryimage\",\"url\":\"https:\/\/www.delexodo.com.ar\/wp-content\/uploads\/2020\/11\/foto-danza.jpg\",\"contentUrl\":\"https:\/\/www.delexodo.com.ar\/wp-content\/uploads\/2020\/11\/foto-danza.jpg\",\"width\":1920,\"height\":1280},{\"@type\":\"BreadcrumbList\",\"@id\":\"https:\/\/www.delexodo.com.ar\/?p=7289#breadcrumb\",\"itemListElement\":[{\"@type\":\"ListItem\",\"position\":1,\"name\":\"Portada\",\"item\":\"https:\/\/www.delexodo.com.ar\/\"},{\"@type\":\"ListItem\",\"position\":2,\"name\":\"PROGRAMA FORTALECER CULTURA: 583 ARTISTAS Y TRABAJADORES DE LA CULTURA ENTRERRIANA SER\u00c1N BENEFICIADOS\"}]},{\"@type\":\"WebSite\",\"@id\":\"https:\/\/www.delexodo.com.ar\/#website\",\"url\":\"https:\/\/www.delexodo.com.ar\/\",\"name\":\"Del \u00c9xodo Nogoy\u00e1\",\"description\":\"El Portal de Noticias de la Regi\u00f3n\",\"publisher\":{\"@id\":\"https:\/\/www.delexodo.com.ar\/#organization\"},\"potentialAction\":[{\"@type\":\"SearchAction\",\"target\":{\"@type\":\"EntryPoint\",\"urlTemplate\":\"https:\/\/www.delexodo.com.ar\/?s={search_term_string}\"},\"query-input\":{\"@type\":\"PropertyValueSpecification\",\"valueRequired\":true,\"valueName\":\"search_term_string\"}}],\"inLanguage\":\"es\"},{\"@type\":\"Organization\",\"@id\":\"https:\/\/www.delexodo.com.ar\/#organization\",\"name\":\"Del \u00c9xodo Nogoy\u00e1\",\"url\":\"https:\/\/www.delexodo.com.ar\/\",\"logo\":{\"@type\":\"ImageObject\",\"inLanguage\":\"es\",\"@id\":\"https:\/\/www.delexodo.com.ar\/#\/schema\/logo\/image\/\",\"url\":\"https:\/\/www.delexodo.com.ar\/wp-content\/uploads\/2024\/10\/cropped-cropped-LOGO24.png\",\"contentUrl\":\"https:\/\/www.delexodo.com.ar\/wp-content\/uploads\/2024\/10\/cropped-cropped-LOGO24.png\",\"width\":512,\"height\":349,\"caption\":\"Del \u00c9xodo Nogoy\u00e1\"},\"image\":{\"@id\":\"https:\/\/www.delexodo.com.ar\/#\/schema\/logo\/image\/\"}},{\"@type\":\"Person\",\"@id\":\"https:\/\/www.delexodo.com.ar\/#\/schema\/person\/bbed37f7da8e938660b34f2013ba449d\",\"name\":\"admin\",\"image\":{\"@type\":\"ImageObject\",\"inLanguage\":\"es\",\"@id\":\"https:\/\/www.delexodo.com.ar\/#\/schema\/person\/image\/\",\"url\":\"https:\/\/secure.gravatar.com\/avatar\/6b1558d1b6df085f1901bd5bd98523d7?s=96&d=mm&r=g\",\"contentUrl\":\"https:\/\/secure.gravatar.com\/avatar\/6b1558d1b6df085f1901bd5bd98523d7?s=96&d=mm&r=g\",\"caption\":\"admin\"},\"url\":\"https:\/\/www.delexodo.com.ar\/?author=1\"}]}<\/script>\n<!-- \/ Yoast SEO plugin. -->","yoast_head_json":{"title":"PROGRAMA FORTALECER CULTURA: 583 ARTISTAS Y TRABAJADORES DE LA CULTURA ENTRERRIANA SER\u00c1N BENEFICIADOS - Del \u00c9xodo Nogoy\u00e1","robots":{"index":"index","follow":"follow","max-snippet":"max-snippet:-1","max-image-preview":"max-image-preview:large","max-video-preview":"max-video-preview:-1"},"canonical":"https:\/\/www.delexodo.com.ar\/?p=7289","og_locale":"es_ES","og_type":"article","og_title":"PROGRAMA FORTALECER CULTURA: 583 ARTISTAS Y TRABAJADORES DE LA CULTURA ENTRERRIANA SER\u00c1N BENEFICIADOS - Del \u00c9xodo Nogoy\u00e1","og_description":"Trabajadores y trabajadoras de distintas disciplinas de todo el pa\u00eds que recibir\u00e1n el apoyo econ\u00f3mico del Ministerio de Cultura de&hellip;","og_url":"https:\/\/www.delexodo.com.ar\/?p=7289","og_site_name":"Del \u00c9xodo Nogoy\u00e1","article_published_time":"2020-11-23T18:33:08+00:00","article_modified_time":"2020-11-23T18:33:09+00:00","og_image":[{"width":1920,"height":1280,"url":"https:\/\/www.delexodo.com.ar\/wp-content\/uploads\/2020\/11\/foto-danza.jpg","type":"image\/jpeg"}],"author":"admin","twitter_card":"summary_large_image","twitter_misc":{"Escrito por":"admin","Tiempo de lectura":"1 minuto"},"schema":{"@context":"https:\/\/schema.org","@graph":[{"@type":"Article","@id":"https:\/\/www.delexodo.com.ar\/?p=7289#article","isPartOf":{"@id":"https:\/\/www.delexodo.com.ar\/?p=7289"},"author":{"name":"admin","@id":"https:\/\/www.delexodo.com.ar\/#\/schema\/person\/bbed37f7da8e938660b34f2013ba449d"},"headline":"PROGRAMA FORTALECER CULTURA: 583 ARTISTAS Y TRABAJADORES DE LA CULTURA ENTRERRIANA SER\u00c1N BENEFICIADOS","datePublished":"2020-11-23T18:33:08+00:00","dateModified":"2020-11-23T18:33:09+00:00","mainEntityOfPage":{"@id":"https:\/\/www.delexodo.com.ar\/?p=7289"},"wordCount":241,"commentCount":0,"publisher":{"@id":"https:\/\/www.delexodo.com.ar\/#organization"},"image":{"@id":"https:\/\/www.delexodo.com.ar\/?p=7289#primaryimage"},"thumbnailUrl":"https:\/\/www.delexodo.com.ar\/wp-content\/uploads\/2020\/11\/foto-danza.jpg","articleSection":["Cultura","Destacados","NOTICIAS"],"inLanguage":"es","potentialAction":[{"@type":"CommentAction","name":"Comment","target":["https:\/\/www.delexodo.com.ar\/?p=7289#respond"]}]},{"@type":"WebPage","@id":"https:\/\/www.delexodo.com.ar\/?p=7289","url":"https:\/\/www.delexodo.com.ar\/?p=7289","name":"PROGRAMA FORTALECER CULTURA: 583 ARTISTAS Y TRABAJADORES DE LA CULTURA ENTRERRIANA SER\u00c1N BENEFICIADOS - Del \u00c9xodo Nogoy\u00e1","isPartOf":{"@id":"https:\/\/www.delexodo.com.ar\/#website"},"primaryImageOfPage":{"@id":"https:\/\/www.delexodo.com.ar\/?p=7289#primaryimage"},"image":{"@id":"https:\/\/www.delexodo.com.ar\/?p=7289#primaryimage"},"thumbnailUrl":"https:\/\/www.delexodo.com.ar\/wp-content\/uploads\/2020\/11\/foto-danza.jpg","datePublished":"2020-11-23T18:33:08+00:00","dateModified":"2020-11-23T18:33:09+00:00","breadcrumb":{"@id":"https:\/\/www.delexodo.com.ar\/?p=7289#breadcrumb"},"inLanguage":"es","potentialAction":[{"@type":"ReadAction","target":["https:\/\/www.delexodo.com.ar\/?p=7289"]}]},{"@type":"ImageObject","inLanguage":"es","@id":"https:\/\/www.delexodo.com.ar\/?p=7289#primaryimage","url":"https:\/\/www.delexodo.com.ar\/wp-content\/uploads\/2020\/11\/foto-danza.jpg","contentUrl":"https:\/\/www.delexodo.com.ar\/wp-content\/uploads\/2020\/11\/foto-danza.jpg","width":1920,"height":1280},{"@type":"BreadcrumbList","@id":"https:\/\/www.delexodo.com.ar\/?p=7289#breadcrumb","itemListElement":[{"@type":"ListItem","position":1,"name":"Portada","item":"https:\/\/www.delexodo.com.ar\/"},{"@type":"ListItem","position":2,"name":"PROGRAMA FORTALECER CULTURA: 583 ARTISTAS Y TRABAJADORES DE LA CULTURA ENTRERRIANA SER\u00c1N BENEFICIADOS"}]},{"@type":"WebSite","@id":"https:\/\/www.delexodo.com.ar\/#website","url":"https:\/\/www.delexodo.com.ar\/","name":"Del \u00c9xodo Nogoy\u00e1","description":"El Portal de Noticias de la Regi\u00f3n","publisher":{"@id":"https:\/\/www.delexodo.com.ar\/#organization"},"potentialAction":[{"@type":"SearchAction","target":{"@type":"EntryPoint","urlTemplate":"https:\/\/www.delexodo.com.ar\/?s={search_term_string}"},"query-input":{"@type":"PropertyValueSpecification","valueRequired":true,"valueName":"search_term_string"}}],"inLanguage":"es"},{"@type":"Organization","@id":"https:\/\/www.delexodo.com.ar\/#organization","name":"Del \u00c9xodo Nogoy\u00e1","url":"https:\/\/www.delexodo.com.ar\/","logo":{"@type":"ImageObject","inLanguage":"es","@id":"https:\/\/www.delexodo.com.ar\/#\/schema\/logo\/image\/","url":"https:\/\/www.delexodo.com.ar\/wp-content\/uploads\/2024\/10\/cropped-cropped-LOGO24.png","contentUrl":"https:\/\/www.delexodo.com.ar\/wp-content\/uploads\/2024\/10\/cropped-cropped-LOGO24.png","width":512,"height":349,"caption":"Del \u00c9xodo Nogoy\u00e1"},"image":{"@id":"https:\/\/www.delexodo.com.ar\/#\/schema\/logo\/image\/"}},{"@type":"Person","@id":"https:\/\/www.delexodo.com.ar\/#\/schema\/person\/bbed37f7da8e938660b34f2013ba449d","name":"admin","image":{"@type":"ImageObject","inLanguage":"es","@id":"https:\/\/www.delexodo.com.ar\/#\/schema\/person\/image\/","url":"https:\/\/secure.gravatar.com\/avatar\/6b1558d1b6df085f1901bd5bd98523d7?s=96&d=mm&r=g","contentUrl":"https:\/\/secure.gravatar.com\/avatar\/6b1558d1b6df085f1901bd5bd98523d7?s=96&d=mm&r=g","caption":"admin"},"url":"https:\/\/www.delexodo.com.ar\/?author=1"}]}},"_links":{"self":[{"href":"https:\/\/www.delexodo.com.ar\/index.php?rest_route=\/wp\/v2\/posts\/7289","targetHints":{"allow":["GET"]}}],"collection":[{"href":"https:\/\/www.delexodo.com.ar\/index.php?rest_route=\/wp\/v2\/posts"}],"about":[{"href":"https:\/\/www.delexodo.com.ar\/index.php?rest_route=\/wp\/v2\/types\/post"}],"author":[{"embeddable":true,"href":"https:\/\/www.delexodo.com.ar\/index.php?rest_route=\/wp\/v2\/users\/1"}],"replies":[{"embeddable":true,"href":"https:\/\/www.delexodo.com.ar\/index.php?rest_route=%2Fwp%2Fv2%2Fcomments&post=7289"}],"version-history":[{"count":0,"href":"https:\/\/www.delexodo.com.ar\/index.php?rest_route=\/wp\/v2\/posts\/7289\/revisions"}],"wp:featuredmedia":[{"embeddable":true,"href":"https:\/\/www.delexodo.com.ar\/index.php?rest_route=\/wp\/v2\/media\/7290"}],"wp:attachment":[{"href":"https:\/\/www.delexodo.com.ar\/index.php?rest_route=%2Fwp%2Fv2%2Fmedia&parent=7289"}],"wp:term":[{"taxonomy":"category","embeddable":true,"href":"https:\/\/www.delexodo.com.ar\/index.php?rest_route=%2Fwp%2Fv2%2Fcategories&post=7289"},{"taxonomy":"post_tag","embeddable":true,"href":"https:\/\/www.delexodo.com.ar\/index.php?rest_route=%2Fwp%2Fv2%2Ftags&post=7289"}],"curies":[{"name":"wp","href":"https:\/\/api.w.org\/{rel}","templated":true}]}}