{"id":7275,"date":"2020-11-20T19:52:48","date_gmt":"2020-11-20T22:52:48","guid":{"rendered":"http:\/\/www.delexodo.com.ar\/?p=7275"},"modified":"2020-11-20T19:52:49","modified_gmt":"2020-11-20T22:52:49","slug":"alejandro-negri-no-saben-el-dolor-que-estamos-pasando","status":"publish","type":"post","link":"https:\/\/www.delexodo.com.ar\/?p=7275","title":{"rendered":"ALEJANDRO NEGRI: \u201cNO SABEN EL DOLOR QUE ESTAMOS PASANDO\u201d"},"content":{"rendered":"\n<p>Son esas noticias que generan dolor, indignaci\u00f3n, angustia. Dos nenas de 3 y 6 a\u00f1os abusadas por un mayor, no puede, ni debe, pasar desapercibido para nadie. El solo hecho de ponerse en el lugar de esas dos ni\u00f1as indefensas ante un mayor, deber\u00eda generar empat\u00eda.<\/p>\n\n\n\n<figure class=\"wp-block-image size-large\"><img loading=\"lazy\" decoding=\"async\" width=\"684\" height=\"249\" src=\"https:\/\/www.delexodo.com.ar\/wp-content\/uploads\/2020\/11\/NEGRI-CORNAGO.jpg\" alt=\"\" class=\"wp-image-7276\" srcset=\"https:\/\/www.delexodo.com.ar\/wp-content\/uploads\/2020\/11\/NEGRI-CORNAGO.jpg 684w, https:\/\/www.delexodo.com.ar\/wp-content\/uploads\/2020\/11\/NEGRI-CORNAGO-300x109.jpg 300w\" sizes=\"auto, (max-width: 684px) 100vw, 684px\" \/><\/figure>\n\n\n\n<p>En el d\u00eda Mundial para la Prevenci\u00f3n del abuso sexual en las Infancias y Adolescencias, en Zona Mixta programa radial conducido por <strong>Gonzalo Cornago<\/strong>, que se emite por <strong>FM del \u00c9xodo<\/strong>, dialogaron con <strong>Alejandro Negri<\/strong>, padre de las dos menores que fueron abusadas y por lo cual, &nbsp;Cesar Cepeda t\u00edo de las v\u00edctimas y denunciado por los abusos, se encuentra con prisi\u00f3n domiciliaria.<\/p>\n\n\n\n<p>Negri quien en el mes de Marzo realizar\u00e1 un Ultramaraton Solidario para visibilizar todas las causas de Abuso Sexual, coment\u00f3;<\/p>\n\n\n\n<figure class=\"wp-block-embed-youtube wp-block-embed is-type-video is-provider-youtube wp-embed-aspect-4-3 wp-has-aspect-ratio\"><div class=\"wp-block-embed__wrapper\">\n<iframe loading=\"lazy\" title=\"AIRE #ZonaMixta - ALEJANDRO NEGRI - 19\/11\/20\" width=\"500\" height=\"375\" src=\"https:\/\/www.youtube.com\/embed\/TZc2BvPBg2o?feature=oembed\" frameborder=\"0\" allow=\"accelerometer; autoplay; clipboard-write; encrypted-media; gyroscope; picture-in-picture; web-share\" referrerpolicy=\"strict-origin-when-cross-origin\" allowfullscreen><\/iframe>\n<\/div><\/figure>\n\n\n\n<p><em>\u201cHab\u00eda momentos que las nenas empezaba a comportarse de manera extra\u00f1a, un poco agresiva y empec\u00e9 a notar que a veces, se hac\u00edan pis encima. Me dec\u00edan que le dol\u00eda la parte intima. Despu\u00e9s con el tiempo te das cuenta que eso era porque estaban siendo abusadas\u201d<\/em><\/p>\n\n\n\n<p><em>\u201cLloraba y gritaba como un loco cuando me enter\u00e9 lo que le pas\u00f3 a mis hijas, mi mujer no sab\u00eda qu\u00e9 era lo que me pasaba. Y cuando pude calmarme inmediatamente fui a la fiscal\u00eda a hacer la denuncia\u201d<\/em><\/p>\n\n\n\n<p><em>\u201cLa mejor forma de proteger a mis hijas, es exponer todos estos temas. Si yo me callo estoy avalando a los abusadores. Mis nenas tienen que seguir una vida normal. Todos los d\u00edas les digo que ellas tienen que salir a la calle, pero el abusador le meti\u00f3 muchos miedos en la cabeza\u201d<\/em><\/p>\n\n\n\n<p><em>\u201cEllas ten\u00edan que estar pensando en jugar y tienen que hacer cosas de gente grande, por el problema que le causo el abusador\u201d<\/em><\/p>\n\n\n\n<p><em>\u201cEs dif\u00edcil volver a confiar despu\u00e9s de que te pasa una cosa as\u00ed.&nbsp; La familia de la madre se puso en contra de su hija y nietas. Hasta se tuvo que mudar de donde viv\u00eda porque defienden al abusador. Tenemos la denuncia, las pruebas del m\u00e9dico forense y las pruebas de la psic\u00f3loga\u201d<\/em><\/p>\n\n\n\n<div class=\"wp-block-image\"><figure class=\"aligncenter size-large\"><img loading=\"lazy\" decoding=\"async\" width=\"468\" height=\"639\" src=\"https:\/\/www.delexodo.com.ar\/wp-content\/uploads\/2020\/11\/Al-afi.jpg\" alt=\"\" class=\"wp-image-7277\" srcset=\"https:\/\/www.delexodo.com.ar\/wp-content\/uploads\/2020\/11\/Al-afi.jpg 468w, https:\/\/www.delexodo.com.ar\/wp-content\/uploads\/2020\/11\/Al-afi-220x300.jpg 220w\" sizes=\"auto, (max-width: 468px) 100vw, 468px\" \/><\/figure><\/div>\n\n\n\n<p><em>\u201cNo saben el dolor que estamos pasando todos. Mi se\u00f1ora paso todo el embarazo con todo este dolor y hab\u00eda momentos que ten\u00edamos que disfrutar y se opacaba por todo esto\u201d<\/em><\/p>\n\n\n\n<p><em>\u201cSi los ni\u00f1os no quieren ir a alg\u00fan lado no hay que presionarlo. A los chicos hay que hablarle mucho, explicarle que es lo bueno y lo malo\u201d<\/em><\/p>\n\n\n\n<p><em>\u201cHe llorado mucho, pero con el apoyo de mi familia y el deporte como cable a tierra, fui superando todo esto\u201d<\/em><\/p>\n\n\n\n<p><em>\u201cHay que tener en cuenta que es una persona grande con un ni\u00f1o entonces lo pueden llegar a manipular\u201d<\/em><\/p>\n","protected":false},"excerpt":{"rendered":"<p>Son esas noticias que generan dolor, indignaci\u00f3n, angustia. Dos nenas de 3 y 6 a\u00f1os abusadas por un mayor, no&hellip;<\/p>\n","protected":false},"author":1,"featured_media":7278,"comment_status":"open","ping_status":"open","sticky":false,"template":"","format":"standard","meta":{"_joinchat":[],"footnotes":""},"categories":[353,65,1,69],"tags":[345],"class_list":["post-7275","post","type-post","status-publish","format-standard","has-post-thumbnail","hentry","category-deportes","category-destacados","category-sincategoria","category-noticias","tag-destacar"],"yoast_head":"<!-- This site is optimized with the Yoast SEO plugin v25.1 - https:\/\/yoast.com\/wordpress\/plugins\/seo\/ -->\n<title>ALEJANDRO NEGRI: \u201cNO SABEN EL DOLOR QUE ESTAMOS PASANDO\u201d - Del \u00c9xodo Nogoy\u00e1<\/title>\n<meta name=\"robots\" content=\"index, follow, max-snippet:-1, max-image-preview:large, max-video-preview:-1\" \/>\n<link rel=\"canonical\" href=\"https:\/\/www.delexodo.com.ar\/?p=7275\" \/>\n<meta property=\"og:locale\" content=\"es_ES\" \/>\n<meta property=\"og:type\" content=\"article\" \/>\n<meta property=\"og:title\" content=\"ALEJANDRO NEGRI: \u201cNO SABEN EL DOLOR QUE ESTAMOS PASANDO\u201d - Del \u00c9xodo Nogoy\u00e1\" \/>\n<meta property=\"og:description\" content=\"Son esas noticias que generan dolor, indignaci\u00f3n, angustia. Dos nenas de 3 y 6 a\u00f1os abusadas por un mayor, no&hellip;\" \/>\n<meta property=\"og:url\" content=\"https:\/\/www.delexodo.com.ar\/?p=7275\" \/>\n<meta property=\"og:site_name\" content=\"Del \u00c9xodo Nogoy\u00e1\" \/>\n<meta property=\"article:published_time\" content=\"2020-11-20T22:52:48+00:00\" \/>\n<meta property=\"article:modified_time\" content=\"2020-11-20T22:52:49+00:00\" \/>\n<meta property=\"og:image\" content=\"https:\/\/www.delexodo.com.ar\/wp-content\/uploads\/2020\/11\/Ale-Neg.jpg\" \/>\n\t<meta property=\"og:image:width\" content=\"957\" \/>\n\t<meta property=\"og:image:height\" content=\"514\" \/>\n\t<meta property=\"og:image:type\" content=\"image\/jpeg\" \/>\n<meta name=\"author\" content=\"admin\" \/>\n<meta name=\"twitter:card\" content=\"summary_large_image\" \/>\n<meta name=\"twitter:label1\" content=\"Escrito por\" \/>\n\t<meta name=\"twitter:data1\" content=\"admin\" \/>\n\t<meta name=\"twitter:label2\" content=\"Tiempo de lectura\" \/>\n\t<meta name=\"twitter:data2\" content=\"2 minutos\" \/>\n<script type=\"application\/ld+json\" class=\"yoast-schema-graph\">{\"@context\":\"https:\/\/schema.org\",\"@graph\":[{\"@type\":\"Article\",\"@id\":\"https:\/\/www.delexodo.com.ar\/?p=7275#article\",\"isPartOf\":{\"@id\":\"https:\/\/www.delexodo.com.ar\/?p=7275\"},\"author\":{\"name\":\"admin\",\"@id\":\"https:\/\/www.delexodo.com.ar\/#\/schema\/person\/bbed37f7da8e938660b34f2013ba449d\"},\"headline\":\"ALEJANDRO NEGRI: \u201cNO SABEN EL DOLOR QUE ESTAMOS PASANDO\u201d\",\"datePublished\":\"2020-11-20T22:52:48+00:00\",\"dateModified\":\"2020-11-20T22:52:49+00:00\",\"mainEntityOfPage\":{\"@id\":\"https:\/\/www.delexodo.com.ar\/?p=7275\"},\"wordCount\":489,\"commentCount\":0,\"publisher\":{\"@id\":\"https:\/\/www.delexodo.com.ar\/#organization\"},\"image\":{\"@id\":\"https:\/\/www.delexodo.com.ar\/?p=7275#primaryimage\"},\"thumbnailUrl\":\"https:\/\/www.delexodo.com.ar\/wp-content\/uploads\/2020\/11\/Ale-Neg.jpg\",\"keywords\":[\"destacar\"],\"articleSection\":[\"Deportes\",\"Destacados\",\"Nogoya\",\"NOTICIAS\"],\"inLanguage\":\"es\",\"potentialAction\":[{\"@type\":\"CommentAction\",\"name\":\"Comment\",\"target\":[\"https:\/\/www.delexodo.com.ar\/?p=7275#respond\"]}]},{\"@type\":\"WebPage\",\"@id\":\"https:\/\/www.delexodo.com.ar\/?p=7275\",\"url\":\"https:\/\/www.delexodo.com.ar\/?p=7275\",\"name\":\"ALEJANDRO NEGRI: \u201cNO SABEN EL DOLOR QUE ESTAMOS PASANDO\u201d - Del \u00c9xodo Nogoy\u00e1\",\"isPartOf\":{\"@id\":\"https:\/\/www.delexodo.com.ar\/#website\"},\"primaryImageOfPage\":{\"@id\":\"https:\/\/www.delexodo.com.ar\/?p=7275#primaryimage\"},\"image\":{\"@id\":\"https:\/\/www.delexodo.com.ar\/?p=7275#primaryimage\"},\"thumbnailUrl\":\"https:\/\/www.delexodo.com.ar\/wp-content\/uploads\/2020\/11\/Ale-Neg.jpg\",\"datePublished\":\"2020-11-20T22:52:48+00:00\",\"dateModified\":\"2020-11-20T22:52:49+00:00\",\"breadcrumb\":{\"@id\":\"https:\/\/www.delexodo.com.ar\/?p=7275#breadcrumb\"},\"inLanguage\":\"es\",\"potentialAction\":[{\"@type\":\"ReadAction\",\"target\":[\"https:\/\/www.delexodo.com.ar\/?p=7275\"]}]},{\"@type\":\"ImageObject\",\"inLanguage\":\"es\",\"@id\":\"https:\/\/www.delexodo.com.ar\/?p=7275#primaryimage\",\"url\":\"https:\/\/www.delexodo.com.ar\/wp-content\/uploads\/2020\/11\/Ale-Neg.jpg\",\"contentUrl\":\"https:\/\/www.delexodo.com.ar\/wp-content\/uploads\/2020\/11\/Ale-Neg.jpg\",\"width\":957,\"height\":514},{\"@type\":\"BreadcrumbList\",\"@id\":\"https:\/\/www.delexodo.com.ar\/?p=7275#breadcrumb\",\"itemListElement\":[{\"@type\":\"ListItem\",\"position\":1,\"name\":\"Portada\",\"item\":\"https:\/\/www.delexodo.com.ar\/\"},{\"@type\":\"ListItem\",\"position\":2,\"name\":\"ALEJANDRO NEGRI: \u201cNO SABEN EL DOLOR QUE ESTAMOS PASANDO\u201d\"}]},{\"@type\":\"WebSite\",\"@id\":\"https:\/\/www.delexodo.com.ar\/#website\",\"url\":\"https:\/\/www.delexodo.com.ar\/\",\"name\":\"Del \u00c9xodo Nogoy\u00e1\",\"description\":\"El Portal de Noticias de la Regi\u00f3n\",\"publisher\":{\"@id\":\"https:\/\/www.delexodo.com.ar\/#organization\"},\"potentialAction\":[{\"@type\":\"SearchAction\",\"target\":{\"@type\":\"EntryPoint\",\"urlTemplate\":\"https:\/\/www.delexodo.com.ar\/?s={search_term_string}\"},\"query-input\":{\"@type\":\"PropertyValueSpecification\",\"valueRequired\":true,\"valueName\":\"search_term_string\"}}],\"inLanguage\":\"es\"},{\"@type\":\"Organization\",\"@id\":\"https:\/\/www.delexodo.com.ar\/#organization\",\"name\":\"Del \u00c9xodo Nogoy\u00e1\",\"url\":\"https:\/\/www.delexodo.com.ar\/\",\"logo\":{\"@type\":\"ImageObject\",\"inLanguage\":\"es\",\"@id\":\"https:\/\/www.delexodo.com.ar\/#\/schema\/logo\/image\/\",\"url\":\"https:\/\/www.delexodo.com.ar\/wp-content\/uploads\/2024\/10\/cropped-cropped-LOGO24.png\",\"contentUrl\":\"https:\/\/www.delexodo.com.ar\/wp-content\/uploads\/2024\/10\/cropped-cropped-LOGO24.png\",\"width\":512,\"height\":349,\"caption\":\"Del \u00c9xodo Nogoy\u00e1\"},\"image\":{\"@id\":\"https:\/\/www.delexodo.com.ar\/#\/schema\/logo\/image\/\"}},{\"@type\":\"Person\",\"@id\":\"https:\/\/www.delexodo.com.ar\/#\/schema\/person\/bbed37f7da8e938660b34f2013ba449d\",\"name\":\"admin\",\"image\":{\"@type\":\"ImageObject\",\"inLanguage\":\"es\",\"@id\":\"https:\/\/www.delexodo.com.ar\/#\/schema\/person\/image\/\",\"url\":\"https:\/\/secure.gravatar.com\/avatar\/6b1558d1b6df085f1901bd5bd98523d7?s=96&d=mm&r=g\",\"contentUrl\":\"https:\/\/secure.gravatar.com\/avatar\/6b1558d1b6df085f1901bd5bd98523d7?s=96&d=mm&r=g\",\"caption\":\"admin\"},\"url\":\"https:\/\/www.delexodo.com.ar\/?author=1\"}]}<\/script>\n<!-- \/ Yoast SEO plugin. -->","yoast_head_json":{"title":"ALEJANDRO NEGRI: \u201cNO SABEN EL DOLOR QUE ESTAMOS PASANDO\u201d - Del \u00c9xodo Nogoy\u00e1","robots":{"index":"index","follow":"follow","max-snippet":"max-snippet:-1","max-image-preview":"max-image-preview:large","max-video-preview":"max-video-preview:-1"},"canonical":"https:\/\/www.delexodo.com.ar\/?p=7275","og_locale":"es_ES","og_type":"article","og_title":"ALEJANDRO NEGRI: \u201cNO SABEN EL DOLOR QUE ESTAMOS PASANDO\u201d - Del \u00c9xodo Nogoy\u00e1","og_description":"Son esas noticias que generan dolor, indignaci\u00f3n, angustia. Dos nenas de 3 y 6 a\u00f1os abusadas por un mayor, no&hellip;","og_url":"https:\/\/www.delexodo.com.ar\/?p=7275","og_site_name":"Del \u00c9xodo Nogoy\u00e1","article_published_time":"2020-11-20T22:52:48+00:00","article_modified_time":"2020-11-20T22:52:49+00:00","og_image":[{"width":957,"height":514,"url":"https:\/\/www.delexodo.com.ar\/wp-content\/uploads\/2020\/11\/Ale-Neg.jpg","type":"image\/jpeg"}],"author":"admin","twitter_card":"summary_large_image","twitter_misc":{"Escrito por":"admin","Tiempo de lectura":"2 minutos"},"schema":{"@context":"https:\/\/schema.org","@graph":[{"@type":"Article","@id":"https:\/\/www.delexodo.com.ar\/?p=7275#article","isPartOf":{"@id":"https:\/\/www.delexodo.com.ar\/?p=7275"},"author":{"name":"admin","@id":"https:\/\/www.delexodo.com.ar\/#\/schema\/person\/bbed37f7da8e938660b34f2013ba449d"},"headline":"ALEJANDRO NEGRI: \u201cNO SABEN EL DOLOR QUE ESTAMOS PASANDO\u201d","datePublished":"2020-11-20T22:52:48+00:00","dateModified":"2020-11-20T22:52:49+00:00","mainEntityOfPage":{"@id":"https:\/\/www.delexodo.com.ar\/?p=7275"},"wordCount":489,"commentCount":0,"publisher":{"@id":"https:\/\/www.delexodo.com.ar\/#organization"},"image":{"@id":"https:\/\/www.delexodo.com.ar\/?p=7275#primaryimage"},"thumbnailUrl":"https:\/\/www.delexodo.com.ar\/wp-content\/uploads\/2020\/11\/Ale-Neg.jpg","keywords":["destacar"],"articleSection":["Deportes","Destacados","Nogoya","NOTICIAS"],"inLanguage":"es","potentialAction":[{"@type":"CommentAction","name":"Comment","target":["https:\/\/www.delexodo.com.ar\/?p=7275#respond"]}]},{"@type":"WebPage","@id":"https:\/\/www.delexodo.com.ar\/?p=7275","url":"https:\/\/www.delexodo.com.ar\/?p=7275","name":"ALEJANDRO NEGRI: \u201cNO SABEN EL DOLOR QUE ESTAMOS PASANDO\u201d - Del \u00c9xodo Nogoy\u00e1","isPartOf":{"@id":"https:\/\/www.delexodo.com.ar\/#website"},"primaryImageOfPage":{"@id":"https:\/\/www.delexodo.com.ar\/?p=7275#primaryimage"},"image":{"@id":"https:\/\/www.delexodo.com.ar\/?p=7275#primaryimage"},"thumbnailUrl":"https:\/\/www.delexodo.com.ar\/wp-content\/uploads\/2020\/11\/Ale-Neg.jpg","datePublished":"2020-11-20T22:52:48+00:00","dateModified":"2020-11-20T22:52:49+00:00","breadcrumb":{"@id":"https:\/\/www.delexodo.com.ar\/?p=7275#breadcrumb"},"inLanguage":"es","potentialAction":[{"@type":"ReadAction","target":["https:\/\/www.delexodo.com.ar\/?p=7275"]}]},{"@type":"ImageObject","inLanguage":"es","@id":"https:\/\/www.delexodo.com.ar\/?p=7275#primaryimage","url":"https:\/\/www.delexodo.com.ar\/wp-content\/uploads\/2020\/11\/Ale-Neg.jpg","contentUrl":"https:\/\/www.delexodo.com.ar\/wp-content\/uploads\/2020\/11\/Ale-Neg.jpg","width":957,"height":514},{"@type":"BreadcrumbList","@id":"https:\/\/www.delexodo.com.ar\/?p=7275#breadcrumb","itemListElement":[{"@type":"ListItem","position":1,"name":"Portada","item":"https:\/\/www.delexodo.com.ar\/"},{"@type":"ListItem","position":2,"name":"ALEJANDRO NEGRI: \u201cNO SABEN EL DOLOR QUE ESTAMOS PASANDO\u201d"}]},{"@type":"WebSite","@id":"https:\/\/www.delexodo.com.ar\/#website","url":"https:\/\/www.delexodo.com.ar\/","name":"Del \u00c9xodo Nogoy\u00e1","description":"El Portal de Noticias de la Regi\u00f3n","publisher":{"@id":"https:\/\/www.delexodo.com.ar\/#organization"},"potentialAction":[{"@type":"SearchAction","target":{"@type":"EntryPoint","urlTemplate":"https:\/\/www.delexodo.com.ar\/?s={search_term_string}"},"query-input":{"@type":"PropertyValueSpecification","valueRequired":true,"valueName":"search_term_string"}}],"inLanguage":"es"},{"@type":"Organization","@id":"https:\/\/www.delexodo.com.ar\/#organization","name":"Del \u00c9xodo Nogoy\u00e1","url":"https:\/\/www.delexodo.com.ar\/","logo":{"@type":"ImageObject","inLanguage":"es","@id":"https:\/\/www.delexodo.com.ar\/#\/schema\/logo\/image\/","url":"https:\/\/www.delexodo.com.ar\/wp-content\/uploads\/2024\/10\/cropped-cropped-LOGO24.png","contentUrl":"https:\/\/www.delexodo.com.ar\/wp-content\/uploads\/2024\/10\/cropped-cropped-LOGO24.png","width":512,"height":349,"caption":"Del \u00c9xodo Nogoy\u00e1"},"image":{"@id":"https:\/\/www.delexodo.com.ar\/#\/schema\/logo\/image\/"}},{"@type":"Person","@id":"https:\/\/www.delexodo.com.ar\/#\/schema\/person\/bbed37f7da8e938660b34f2013ba449d","name":"admin","image":{"@type":"ImageObject","inLanguage":"es","@id":"https:\/\/www.delexodo.com.ar\/#\/schema\/person\/image\/","url":"https:\/\/secure.gravatar.com\/avatar\/6b1558d1b6df085f1901bd5bd98523d7?s=96&d=mm&r=g","contentUrl":"https:\/\/secure.gravatar.com\/avatar\/6b1558d1b6df085f1901bd5bd98523d7?s=96&d=mm&r=g","caption":"admin"},"url":"https:\/\/www.delexodo.com.ar\/?author=1"}]}},"_links":{"self":[{"href":"https:\/\/www.delexodo.com.ar\/index.php?rest_route=\/wp\/v2\/posts\/7275","targetHints":{"allow":["GET"]}}],"collection":[{"href":"https:\/\/www.delexodo.com.ar\/index.php?rest_route=\/wp\/v2\/posts"}],"about":[{"href":"https:\/\/www.delexodo.com.ar\/index.php?rest_route=\/wp\/v2\/types\/post"}],"author":[{"embeddable":true,"href":"https:\/\/www.delexodo.com.ar\/index.php?rest_route=\/wp\/v2\/users\/1"}],"replies":[{"embeddable":true,"href":"https:\/\/www.delexodo.com.ar\/index.php?rest_route=%2Fwp%2Fv2%2Fcomments&post=7275"}],"version-history":[{"count":0,"href":"https:\/\/www.delexodo.com.ar\/index.php?rest_route=\/wp\/v2\/posts\/7275\/revisions"}],"wp:featuredmedia":[{"embeddable":true,"href":"https:\/\/www.delexodo.com.ar\/index.php?rest_route=\/wp\/v2\/media\/7278"}],"wp:attachment":[{"href":"https:\/\/www.delexodo.com.ar\/index.php?rest_route=%2Fwp%2Fv2%2Fmedia&parent=7275"}],"wp:term":[{"taxonomy":"category","embeddable":true,"href":"https:\/\/www.delexodo.com.ar\/index.php?rest_route=%2Fwp%2Fv2%2Fcategories&post=7275"},{"taxonomy":"post_tag","embeddable":true,"href":"https:\/\/www.delexodo.com.ar\/index.php?rest_route=%2Fwp%2Fv2%2Ftags&post=7275"}],"curies":[{"name":"wp","href":"https:\/\/api.w.org\/{rel}","templated":true}]}}