{"id":7211,"date":"2020-11-12T17:12:28","date_gmt":"2020-11-12T20:12:28","guid":{"rendered":"http:\/\/www.delexodo.com.ar\/?p=7211"},"modified":"2020-11-12T17:12:29","modified_gmt":"2020-11-12T20:12:29","slug":"movilidad-jubilatoria-con-dictamen-aprobado","status":"publish","type":"post","link":"https:\/\/www.delexodo.com.ar\/?p=7211","title":{"rendered":"MOVILIDAD JUBILATORIA CON DICTAMEN APROBADO"},"content":{"rendered":"\n<p>La Comisi\u00f3n Bicameral Mixta de Movilidad Previsional dio dictamen hoy a la nueva f\u00f3rmula jubilatoria en la C\u00e1mara de Diputados de la Naci\u00f3n.<\/p>\n\n\n\n<p>La presentaci\u00f3n de la propuesta estuvo a cargo de la directora ejecutiva de la ANSES,<strong>&nbsp;Fernanda Raverta<\/strong>, quien destac\u00f3 que&nbsp;<em>\u201clos jubilados contar\u00e1n con una f\u00f3rmula que vaya aumentando sus haberes semestralmente, con mejor poder adquisitivo y capacidad de consumo, tal como se comprometi\u00f3 el Presidente&nbsp;<strong>Alberto Fern\u00e1ndez<\/strong>\u201d<\/em>.<\/p>\n\n\n\n<p>Asimismo, la titular del organismo previsional detall\u00f3 que, a partir de 2009, los jubilados y las jubiladas contaron con una f\u00f3rmula previsible y sustentable en el gobierno de la expresidenta y actual vicepresidenta de la Naci\u00f3n,&nbsp;<strong>Cristina Fern\u00e1ndez<\/strong>, que permiti\u00f3 un aumento real del 25,8 por ciento en sus haberes; mientras que en el gobierno del expresidente&nbsp;<strong>Mauricio Macri<\/strong>&nbsp;hizo que perdieran un 19,5 por ciento.<\/p>\n\n\n\n<div class=\"wp-block-file\"><a href=\"https:\/\/www.delexodo.com.ar\/wp-content\/uploads\/2020\/11\/Fo\u0301rmula-movilidad.pdf\"><strong>FORMULA DE MOVILIDAD JUBILATORIA<\/strong><\/a><a href=\"https:\/\/www.delexodo.com.ar\/wp-content\/uploads\/2020\/11\/Fo\u0301rmula-movilidad.pdf\" class=\"wp-block-file__button\" download>Descarga<\/a><\/div>\n\n\n\n<p>\u201c<em>Ten\u00edamos tiempo hasta el 31 de diciembre para presentar este proyecto, que nos remite a un tiempo donde los n\u00fameros cerraban con la gente adentro y a un modelo econ\u00f3mico que crece. Escuchamos a m\u00e1s de 20 especialistas y tomamos nota para construir una propuesta que tuviera consenso<\/em>\u201d, agreg\u00f3&nbsp;<strong>Raverta&nbsp;<\/strong>durante su exposici\u00f3n.<\/p>\n\n\n\n<p>Acompa\u00f1aron la propuesta con perspectiva federal, mediante videoconferencia, varios referentes del sector:\u00a0<strong>Carlos Valle<\/strong>\u00a0(Confederaci\u00f3n General de Jubilados, Retirados, Pensionados y Adultos Mayores de la Argentina);\u00a0<strong>Graciela Pamp\u00edn<\/strong>\u00a0(Federaci\u00f3n Solidaria de Organizaciones de Jubilados y Pensionados de la Rep\u00fablica Argentina &#8211; Casa Eva Per\u00f3n);\u00a0<strong>Alberto \u201cCoco\u201d Meneces<\/strong>\u00a0(Federaci\u00f3n Fuerza y Voluntad Transformadora);\u00a0<strong>Nelly Zelaray\u00e1n<\/strong>\u00a0(Centro de Jubilados y Pensionados Nueva Esperanza Mosconi de Salta);<strong>\u00a0Rosa del Valle Soria<\/strong>\u00a0(Federaci\u00f3n Provincial de Jubilados y Pensionados de Santiago del Estero);\u00a0<strong>Jos\u00e9 L\u00e1zaro<\/strong>\u00a0(Federaci\u00f3n de Centros de Jubilados y Pensionados de Chubut Sur);\u00a0<strong>Berta del Carmen L\u00f3pez<\/strong>\u00a0(Federaci\u00f3n de Entidades de Jubilados, Pensionados y Retirados de Catamarca);\u00a0<strong>Juli\u00e1n Maldonado<\/strong>\u00a0(Centro de Jubilados y Pensionados De\u00e1n Funes de C\u00f3rdoba);\u00a0<strong>Ra\u00fal Carrizo<\/strong>\u00a0(Federaci\u00f3n Regional del Sur de Buenos Aires de Jubilados y Pensionados);\u00a0<strong>Graciela Balestra<\/strong>\u00a0(Puerta Abierta a la Diversidad, CABA).<\/p>\n","protected":false},"excerpt":{"rendered":"<p>La Comisi\u00f3n Bicameral Mixta de Movilidad Previsional dio dictamen hoy a la nueva f\u00f3rmula jubilatoria en la C\u00e1mara de Diputados&hellip;<\/p>\n","protected":false},"author":1,"featured_media":7212,"comment_status":"open","ping_status":"open","sticky":false,"template":"","format":"standard","meta":{"_joinchat":[],"footnotes":""},"categories":[65,69],"tags":[],"class_list":["post-7211","post","type-post","status-publish","format-standard","has-post-thumbnail","hentry","category-destacados","category-noticias"],"yoast_head":"<!-- This site is optimized with the Yoast SEO plugin v25.1 - https:\/\/yoast.com\/wordpress\/plugins\/seo\/ -->\n<title>MOVILIDAD JUBILATORIA CON DICTAMEN APROBADO - Del \u00c9xodo Nogoy\u00e1<\/title>\n<meta name=\"robots\" content=\"index, follow, max-snippet:-1, max-image-preview:large, max-video-preview:-1\" \/>\n<link rel=\"canonical\" href=\"https:\/\/www.delexodo.com.ar\/?p=7211\" \/>\n<meta property=\"og:locale\" content=\"es_ES\" \/>\n<meta property=\"og:type\" content=\"article\" \/>\n<meta property=\"og:title\" content=\"MOVILIDAD JUBILATORIA CON DICTAMEN APROBADO - Del \u00c9xodo Nogoy\u00e1\" \/>\n<meta property=\"og:description\" content=\"La Comisi\u00f3n Bicameral Mixta de Movilidad Previsional dio dictamen hoy a la nueva f\u00f3rmula jubilatoria en la C\u00e1mara de Diputados&hellip;\" \/>\n<meta property=\"og:url\" content=\"https:\/\/www.delexodo.com.ar\/?p=7211\" \/>\n<meta property=\"og:site_name\" content=\"Del \u00c9xodo Nogoy\u00e1\" \/>\n<meta property=\"article:published_time\" content=\"2020-11-12T20:12:28+00:00\" \/>\n<meta property=\"article:modified_time\" content=\"2020-11-12T20:12:29+00:00\" \/>\n<meta property=\"og:image\" content=\"https:\/\/www.delexodo.com.ar\/wp-content\/uploads\/2020\/11\/FR-en-Diputados.jpg\" \/>\n\t<meta property=\"og:image:width\" content=\"942\" \/>\n\t<meta property=\"og:image:height\" content=\"464\" \/>\n\t<meta property=\"og:image:type\" content=\"image\/jpeg\" \/>\n<meta name=\"author\" content=\"admin\" \/>\n<meta name=\"twitter:card\" content=\"summary_large_image\" \/>\n<meta name=\"twitter:label1\" content=\"Escrito por\" \/>\n\t<meta name=\"twitter:data1\" content=\"admin\" \/>\n\t<meta name=\"twitter:label2\" content=\"Tiempo de lectura\" \/>\n\t<meta name=\"twitter:data2\" content=\"2 minutos\" \/>\n<script type=\"application\/ld+json\" class=\"yoast-schema-graph\">{\"@context\":\"https:\/\/schema.org\",\"@graph\":[{\"@type\":\"Article\",\"@id\":\"https:\/\/www.delexodo.com.ar\/?p=7211#article\",\"isPartOf\":{\"@id\":\"https:\/\/www.delexodo.com.ar\/?p=7211\"},\"author\":{\"name\":\"admin\",\"@id\":\"https:\/\/www.delexodo.com.ar\/#\/schema\/person\/bbed37f7da8e938660b34f2013ba449d\"},\"headline\":\"MOVILIDAD JUBILATORIA CON DICTAMEN APROBADO\",\"datePublished\":\"2020-11-12T20:12:28+00:00\",\"dateModified\":\"2020-11-12T20:12:29+00:00\",\"mainEntityOfPage\":{\"@id\":\"https:\/\/www.delexodo.com.ar\/?p=7211\"},\"wordCount\":373,\"commentCount\":0,\"publisher\":{\"@id\":\"https:\/\/www.delexodo.com.ar\/#organization\"},\"image\":{\"@id\":\"https:\/\/www.delexodo.com.ar\/?p=7211#primaryimage\"},\"thumbnailUrl\":\"https:\/\/www.delexodo.com.ar\/wp-content\/uploads\/2020\/11\/FR-en-Diputados.jpg\",\"articleSection\":[\"Destacados\",\"NOTICIAS\"],\"inLanguage\":\"es\",\"potentialAction\":[{\"@type\":\"CommentAction\",\"name\":\"Comment\",\"target\":[\"https:\/\/www.delexodo.com.ar\/?p=7211#respond\"]}]},{\"@type\":\"WebPage\",\"@id\":\"https:\/\/www.delexodo.com.ar\/?p=7211\",\"url\":\"https:\/\/www.delexodo.com.ar\/?p=7211\",\"name\":\"MOVILIDAD JUBILATORIA CON DICTAMEN APROBADO - Del \u00c9xodo Nogoy\u00e1\",\"isPartOf\":{\"@id\":\"https:\/\/www.delexodo.com.ar\/#website\"},\"primaryImageOfPage\":{\"@id\":\"https:\/\/www.delexodo.com.ar\/?p=7211#primaryimage\"},\"image\":{\"@id\":\"https:\/\/www.delexodo.com.ar\/?p=7211#primaryimage\"},\"thumbnailUrl\":\"https:\/\/www.delexodo.com.ar\/wp-content\/uploads\/2020\/11\/FR-en-Diputados.jpg\",\"datePublished\":\"2020-11-12T20:12:28+00:00\",\"dateModified\":\"2020-11-12T20:12:29+00:00\",\"breadcrumb\":{\"@id\":\"https:\/\/www.delexodo.com.ar\/?p=7211#breadcrumb\"},\"inLanguage\":\"es\",\"potentialAction\":[{\"@type\":\"ReadAction\",\"target\":[\"https:\/\/www.delexodo.com.ar\/?p=7211\"]}]},{\"@type\":\"ImageObject\",\"inLanguage\":\"es\",\"@id\":\"https:\/\/www.delexodo.com.ar\/?p=7211#primaryimage\",\"url\":\"https:\/\/www.delexodo.com.ar\/wp-content\/uploads\/2020\/11\/FR-en-Diputados.jpg\",\"contentUrl\":\"https:\/\/www.delexodo.com.ar\/wp-content\/uploads\/2020\/11\/FR-en-Diputados.jpg\",\"width\":942,\"height\":464},{\"@type\":\"BreadcrumbList\",\"@id\":\"https:\/\/www.delexodo.com.ar\/?p=7211#breadcrumb\",\"itemListElement\":[{\"@type\":\"ListItem\",\"position\":1,\"name\":\"Portada\",\"item\":\"https:\/\/www.delexodo.com.ar\/\"},{\"@type\":\"ListItem\",\"position\":2,\"name\":\"MOVILIDAD JUBILATORIA CON DICTAMEN APROBADO\"}]},{\"@type\":\"WebSite\",\"@id\":\"https:\/\/www.delexodo.com.ar\/#website\",\"url\":\"https:\/\/www.delexodo.com.ar\/\",\"name\":\"Del \u00c9xodo Nogoy\u00e1\",\"description\":\"El Portal de Noticias de la Regi\u00f3n\",\"publisher\":{\"@id\":\"https:\/\/www.delexodo.com.ar\/#organization\"},\"potentialAction\":[{\"@type\":\"SearchAction\",\"target\":{\"@type\":\"EntryPoint\",\"urlTemplate\":\"https:\/\/www.delexodo.com.ar\/?s={search_term_string}\"},\"query-input\":{\"@type\":\"PropertyValueSpecification\",\"valueRequired\":true,\"valueName\":\"search_term_string\"}}],\"inLanguage\":\"es\"},{\"@type\":\"Organization\",\"@id\":\"https:\/\/www.delexodo.com.ar\/#organization\",\"name\":\"Del \u00c9xodo Nogoy\u00e1\",\"url\":\"https:\/\/www.delexodo.com.ar\/\",\"logo\":{\"@type\":\"ImageObject\",\"inLanguage\":\"es\",\"@id\":\"https:\/\/www.delexodo.com.ar\/#\/schema\/logo\/image\/\",\"url\":\"https:\/\/www.delexodo.com.ar\/wp-content\/uploads\/2024\/10\/cropped-cropped-LOGO24.png\",\"contentUrl\":\"https:\/\/www.delexodo.com.ar\/wp-content\/uploads\/2024\/10\/cropped-cropped-LOGO24.png\",\"width\":512,\"height\":349,\"caption\":\"Del \u00c9xodo Nogoy\u00e1\"},\"image\":{\"@id\":\"https:\/\/www.delexodo.com.ar\/#\/schema\/logo\/image\/\"}},{\"@type\":\"Person\",\"@id\":\"https:\/\/www.delexodo.com.ar\/#\/schema\/person\/bbed37f7da8e938660b34f2013ba449d\",\"name\":\"admin\",\"image\":{\"@type\":\"ImageObject\",\"inLanguage\":\"es\",\"@id\":\"https:\/\/www.delexodo.com.ar\/#\/schema\/person\/image\/\",\"url\":\"https:\/\/secure.gravatar.com\/avatar\/6b1558d1b6df085f1901bd5bd98523d7?s=96&d=mm&r=g\",\"contentUrl\":\"https:\/\/secure.gravatar.com\/avatar\/6b1558d1b6df085f1901bd5bd98523d7?s=96&d=mm&r=g\",\"caption\":\"admin\"},\"url\":\"https:\/\/www.delexodo.com.ar\/?author=1\"}]}<\/script>\n<!-- \/ Yoast SEO plugin. -->","yoast_head_json":{"title":"MOVILIDAD JUBILATORIA CON DICTAMEN APROBADO - Del \u00c9xodo Nogoy\u00e1","robots":{"index":"index","follow":"follow","max-snippet":"max-snippet:-1","max-image-preview":"max-image-preview:large","max-video-preview":"max-video-preview:-1"},"canonical":"https:\/\/www.delexodo.com.ar\/?p=7211","og_locale":"es_ES","og_type":"article","og_title":"MOVILIDAD JUBILATORIA CON DICTAMEN APROBADO - Del \u00c9xodo Nogoy\u00e1","og_description":"La Comisi\u00f3n Bicameral Mixta de Movilidad Previsional dio dictamen hoy a la nueva f\u00f3rmula jubilatoria en la C\u00e1mara de Diputados&hellip;","og_url":"https:\/\/www.delexodo.com.ar\/?p=7211","og_site_name":"Del \u00c9xodo Nogoy\u00e1","article_published_time":"2020-11-12T20:12:28+00:00","article_modified_time":"2020-11-12T20:12:29+00:00","og_image":[{"width":942,"height":464,"url":"https:\/\/www.delexodo.com.ar\/wp-content\/uploads\/2020\/11\/FR-en-Diputados.jpg","type":"image\/jpeg"}],"author":"admin","twitter_card":"summary_large_image","twitter_misc":{"Escrito por":"admin","Tiempo de lectura":"2 minutos"},"schema":{"@context":"https:\/\/schema.org","@graph":[{"@type":"Article","@id":"https:\/\/www.delexodo.com.ar\/?p=7211#article","isPartOf":{"@id":"https:\/\/www.delexodo.com.ar\/?p=7211"},"author":{"name":"admin","@id":"https:\/\/www.delexodo.com.ar\/#\/schema\/person\/bbed37f7da8e938660b34f2013ba449d"},"headline":"MOVILIDAD JUBILATORIA CON DICTAMEN APROBADO","datePublished":"2020-11-12T20:12:28+00:00","dateModified":"2020-11-12T20:12:29+00:00","mainEntityOfPage":{"@id":"https:\/\/www.delexodo.com.ar\/?p=7211"},"wordCount":373,"commentCount":0,"publisher":{"@id":"https:\/\/www.delexodo.com.ar\/#organization"},"image":{"@id":"https:\/\/www.delexodo.com.ar\/?p=7211#primaryimage"},"thumbnailUrl":"https:\/\/www.delexodo.com.ar\/wp-content\/uploads\/2020\/11\/FR-en-Diputados.jpg","articleSection":["Destacados","NOTICIAS"],"inLanguage":"es","potentialAction":[{"@type":"CommentAction","name":"Comment","target":["https:\/\/www.delexodo.com.ar\/?p=7211#respond"]}]},{"@type":"WebPage","@id":"https:\/\/www.delexodo.com.ar\/?p=7211","url":"https:\/\/www.delexodo.com.ar\/?p=7211","name":"MOVILIDAD JUBILATORIA CON DICTAMEN APROBADO - Del \u00c9xodo Nogoy\u00e1","isPartOf":{"@id":"https:\/\/www.delexodo.com.ar\/#website"},"primaryImageOfPage":{"@id":"https:\/\/www.delexodo.com.ar\/?p=7211#primaryimage"},"image":{"@id":"https:\/\/www.delexodo.com.ar\/?p=7211#primaryimage"},"thumbnailUrl":"https:\/\/www.delexodo.com.ar\/wp-content\/uploads\/2020\/11\/FR-en-Diputados.jpg","datePublished":"2020-11-12T20:12:28+00:00","dateModified":"2020-11-12T20:12:29+00:00","breadcrumb":{"@id":"https:\/\/www.delexodo.com.ar\/?p=7211#breadcrumb"},"inLanguage":"es","potentialAction":[{"@type":"ReadAction","target":["https:\/\/www.delexodo.com.ar\/?p=7211"]}]},{"@type":"ImageObject","inLanguage":"es","@id":"https:\/\/www.delexodo.com.ar\/?p=7211#primaryimage","url":"https:\/\/www.delexodo.com.ar\/wp-content\/uploads\/2020\/11\/FR-en-Diputados.jpg","contentUrl":"https:\/\/www.delexodo.com.ar\/wp-content\/uploads\/2020\/11\/FR-en-Diputados.jpg","width":942,"height":464},{"@type":"BreadcrumbList","@id":"https:\/\/www.delexodo.com.ar\/?p=7211#breadcrumb","itemListElement":[{"@type":"ListItem","position":1,"name":"Portada","item":"https:\/\/www.delexodo.com.ar\/"},{"@type":"ListItem","position":2,"name":"MOVILIDAD JUBILATORIA CON DICTAMEN APROBADO"}]},{"@type":"WebSite","@id":"https:\/\/www.delexodo.com.ar\/#website","url":"https:\/\/www.delexodo.com.ar\/","name":"Del \u00c9xodo Nogoy\u00e1","description":"El Portal de Noticias de la Regi\u00f3n","publisher":{"@id":"https:\/\/www.delexodo.com.ar\/#organization"},"potentialAction":[{"@type":"SearchAction","target":{"@type":"EntryPoint","urlTemplate":"https:\/\/www.delexodo.com.ar\/?s={search_term_string}"},"query-input":{"@type":"PropertyValueSpecification","valueRequired":true,"valueName":"search_term_string"}}],"inLanguage":"es"},{"@type":"Organization","@id":"https:\/\/www.delexodo.com.ar\/#organization","name":"Del \u00c9xodo Nogoy\u00e1","url":"https:\/\/www.delexodo.com.ar\/","logo":{"@type":"ImageObject","inLanguage":"es","@id":"https:\/\/www.delexodo.com.ar\/#\/schema\/logo\/image\/","url":"https:\/\/www.delexodo.com.ar\/wp-content\/uploads\/2024\/10\/cropped-cropped-LOGO24.png","contentUrl":"https:\/\/www.delexodo.com.ar\/wp-content\/uploads\/2024\/10\/cropped-cropped-LOGO24.png","width":512,"height":349,"caption":"Del \u00c9xodo Nogoy\u00e1"},"image":{"@id":"https:\/\/www.delexodo.com.ar\/#\/schema\/logo\/image\/"}},{"@type":"Person","@id":"https:\/\/www.delexodo.com.ar\/#\/schema\/person\/bbed37f7da8e938660b34f2013ba449d","name":"admin","image":{"@type":"ImageObject","inLanguage":"es","@id":"https:\/\/www.delexodo.com.ar\/#\/schema\/person\/image\/","url":"https:\/\/secure.gravatar.com\/avatar\/6b1558d1b6df085f1901bd5bd98523d7?s=96&d=mm&r=g","contentUrl":"https:\/\/secure.gravatar.com\/avatar\/6b1558d1b6df085f1901bd5bd98523d7?s=96&d=mm&r=g","caption":"admin"},"url":"https:\/\/www.delexodo.com.ar\/?author=1"}]}},"_links":{"self":[{"href":"https:\/\/www.delexodo.com.ar\/index.php?rest_route=\/wp\/v2\/posts\/7211","targetHints":{"allow":["GET"]}}],"collection":[{"href":"https:\/\/www.delexodo.com.ar\/index.php?rest_route=\/wp\/v2\/posts"}],"about":[{"href":"https:\/\/www.delexodo.com.ar\/index.php?rest_route=\/wp\/v2\/types\/post"}],"author":[{"embeddable":true,"href":"https:\/\/www.delexodo.com.ar\/index.php?rest_route=\/wp\/v2\/users\/1"}],"replies":[{"embeddable":true,"href":"https:\/\/www.delexodo.com.ar\/index.php?rest_route=%2Fwp%2Fv2%2Fcomments&post=7211"}],"version-history":[{"count":0,"href":"https:\/\/www.delexodo.com.ar\/index.php?rest_route=\/wp\/v2\/posts\/7211\/revisions"}],"wp:featuredmedia":[{"embeddable":true,"href":"https:\/\/www.delexodo.com.ar\/index.php?rest_route=\/wp\/v2\/media\/7212"}],"wp:attachment":[{"href":"https:\/\/www.delexodo.com.ar\/index.php?rest_route=%2Fwp%2Fv2%2Fmedia&parent=7211"}],"wp:term":[{"taxonomy":"category","embeddable":true,"href":"https:\/\/www.delexodo.com.ar\/index.php?rest_route=%2Fwp%2Fv2%2Fcategories&post=7211"},{"taxonomy":"post_tag","embeddable":true,"href":"https:\/\/www.delexodo.com.ar\/index.php?rest_route=%2Fwp%2Fv2%2Ftags&post=7211"}],"curies":[{"name":"wp","href":"https:\/\/api.w.org\/{rel}","templated":true}]}}