{"id":6550,"date":"2020-07-22T22:08:52","date_gmt":"2020-07-23T01:08:52","guid":{"rendered":"http:\/\/www.delexodo.com.ar\/?p=6550"},"modified":"2020-07-22T22:08:53","modified_gmt":"2020-07-23T01:08:53","slug":"coronavirus-hay-circulacion-comunitaria-en-rosario-y-suspenden-las-reuniones-afectivas","status":"publish","type":"post","link":"https:\/\/www.delexodo.com.ar\/?p=6550","title":{"rendered":"CORONAVIRUS: HAY CIRCULACI\u00d3N COMUNITARIA EN ROSARIO Y SUSPENDEN LAS REUNIONES AFECTIVAS"},"content":{"rendered":"\n<p>El gobernador Omar Perotti y el intendente Pablo Javkin anunciaron el reporte diario de covid-19, en una jornada r\u00e9cord para la ciudad.&nbsp; Los encuentros familiares se postergar\u00e1n por 14 d\u00edas en el departamento. Adem\u00e1s, prohibir\u00e1n el ingreso a la provincia a no residentes sin hisopado negativo y aplicar\u00e1n multas para quienes no cumplan medidas&nbsp;<\/p>\n\n\n\n<p>El gobernador Omar Perotti encabez\u00f3 este mi\u00e9rcoles el reporte epidemiol\u00f3gico por coronavirus para brindar una serie de anuncios por la cantidad de casos reportados en las \u00faltimas 24 horas en la provincia.<\/p>\n\n\n\n<p>Con una jornada r\u00e9cord en Rosario, donde ya se considera que existe circulaci\u00f3n comunitaria del virus, el mandatario santafesino comunic\u00f3 tres medidas: la suspensi\u00f3n de reuniones afectivas por 14 d\u00edas en el departamento, la prohibici\u00f3n de ingreso a la provincia para no residentes que no tengan un hisopado negativo de las \u00faltimas 72 horas y la aplicaci\u00f3n de multas a quienes no cumplan medidas de prevenci\u00f3n.<\/p>\n\n\n\n<p><strong>D\u00cdA R\u00c9CORD<\/strong><\/p>\n\n\n\n<p>Las nuevas disposiciones fueron comunicadas por el gobernador junto al intendente Pablo Javkin; la ministra de Salud de Santa Fe, Sonia Martonaro; y su par rosarino, Leonardo Caruana.<\/p>\n\n\n\n<p>Martorano primero detall\u00f3 la cantidad de casos para la provincia: 49 positivos este mi\u00e9rcoles de los cu\u00e1les 31 pertenecen a Rosario.<\/p>\n\n\n\n<p>La ministra sostuvo que del total de casos de la ciudad de Rosario, 12 no tienen un nexo epidemiol\u00f3gico confirmado, es decir que se mantiene en investigaci\u00f3n c\u00f3mo se produjo el contagio.<\/p>\n\n\n\n<p>En ese sentido, la funcionaria provincial dijo que en contacto con autoridades nacional se decidi\u00f3 que considerar que \u201cen el departamento Rosario tenemos circulaci\u00f3n comunitaria porque no se puede determinar el nexo claro de todos los casos positivos\u201d.<\/p>\n\n\n\n<p>Luego Martorano dijo que esto no significa un fracaso ya que \u201cestamos en una pandemia\u201d. \u201cSab\u00edamos que en un momento \u00edbamos a perder ese hilo de contagios por eso es momento de aumentar los cuidados, de hacer m\u00e1s testeos\u201d, dijo la ministra santafesina.<\/p>\n\n\n\n<p>En ese marco, volvi\u00f3 a pedir que se mantenga \u201cla distancia de dos metros entre persona y persona, se utilice un barbijo que cubra nariz, boca y ment\u00f3n, se realice el lavado de manos y se eviten las aglomeraciones de personas\u201d.<\/p>\n\n\n\n<p>A su turno, el intendente de Rosario, Pablo Javkin, reconoci\u00f3 que este mi\u00e9rcoles fue el d\u00eda \u201cm\u00e1s dif\u00edcil en la ciudad\u201d en lo referente a los contagios y pidi\u00f3 que nadie act\u00fae sin protocolos.<\/p>\n\n\n\n<p>Javkin pidi\u00f3 que el barbijo sea bien usado, que se aplique la distancia y que las personas mayores se cuiden y no salgan si no tienen que salir.<\/p>\n\n\n\n<p>\u201cEs el per\u00edodo en que mayor cuidado hay que tener y el cuidado se manifiesta en la aplicaci\u00f3n de los protocolos\u201d, a\u00f1adi\u00f3 el intendente rosarino.<\/p>\n\n\n\n<p><strong>LOS ANUNCIOS DE PEROTTI<\/strong><\/p>\n\n\n\n<figure class=\"wp-block-embed-youtube wp-block-embed is-type-video is-provider-youtube wp-embed-aspect-16-9 wp-has-aspect-ratio\"><div class=\"wp-block-embed__wrapper\">\n<iframe loading=\"lazy\" title=\"Anuncios: Omar Perotti\" width=\"500\" height=\"281\" src=\"https:\/\/www.youtube.com\/embed\/D1nSh3KqPMA?feature=oembed\" frameborder=\"0\" allow=\"accelerometer; autoplay; clipboard-write; encrypted-media; gyroscope; picture-in-picture; web-share\" referrerpolicy=\"strict-origin-when-cross-origin\" allowfullscreen><\/iframe>\n<\/div><\/figure>\n\n\n\n<p>Finalmente, Perotti anunci\u00f3 medidas generales para la provincia como la \u201ccoordinaci\u00f3n con la Polic\u00eda, los municipios y el Ministerio P\u00fablico de la Acusaci\u00f3n (MPA) para la aplicaci\u00f3n de multas a quienes no usen barbijos o no cumplan los protocolos establecidos para volver a la actividad\u201d.<\/p>\n\n\n\n<p>Las sanciones econ\u00f3micas ir\u00e1n desde 4 mil a 12 mil pesos, dijo el gobernador.<\/p>\n\n\n\n<p>Adem\u00e1s comunic\u00f3 la suspensi\u00f3n por 14 d\u00edas de los encuentros familiares y afectivos en el departamento Rosario, que ya se hab\u00edan reducido s\u00f3lo a los domingos. \u201cEstas reuniones en algunos lugares se convirtieron en fiestas\u201d, se quej\u00f3 Perotti.<\/p>\n\n\n\n<p>Finalmente, dijo que ninguna persona sin residencia en Santa Fe podr\u00e1 ingresar sin un hisopado con resultado negativo de coronavirus, realizado al menos con 72 horas de anterioridad al control.<\/p>\n\n\n\n<p>Fuente: Rosario3<\/p>\n","protected":false},"excerpt":{"rendered":"<p>El gobernador Omar Perotti y el intendente Pablo Javkin anunciaron el reporte diario de covid-19, en una jornada r\u00e9cord para&hellip;<\/p>\n","protected":false},"author":1,"featured_media":6551,"comment_status":"open","ping_status":"open","sticky":false,"template":"","format":"standard","meta":{"_joinchat":[],"footnotes":""},"categories":[65,69,352],"tags":[],"class_list":["post-6550","post","type-post","status-publish","format-standard","has-post-thumbnail","hentry","category-destacados","category-noticias","category-salud"],"yoast_head":"<!-- This site is optimized with the Yoast SEO plugin v25.1 - https:\/\/yoast.com\/wordpress\/plugins\/seo\/ -->\n<title>CORONAVIRUS: HAY CIRCULACI\u00d3N COMUNITARIA EN ROSARIO Y SUSPENDEN LAS REUNIONES AFECTIVAS - Del \u00c9xodo Nogoy\u00e1<\/title>\n<meta name=\"robots\" content=\"index, follow, max-snippet:-1, max-image-preview:large, max-video-preview:-1\" \/>\n<link rel=\"canonical\" href=\"https:\/\/www.delexodo.com.ar\/?p=6550\" \/>\n<meta property=\"og:locale\" content=\"es_ES\" \/>\n<meta property=\"og:type\" content=\"article\" \/>\n<meta property=\"og:title\" content=\"CORONAVIRUS: HAY CIRCULACI\u00d3N COMUNITARIA EN ROSARIO Y SUSPENDEN LAS REUNIONES AFECTIVAS - Del \u00c9xodo Nogoy\u00e1\" \/>\n<meta property=\"og:description\" content=\"El gobernador Omar Perotti y el intendente Pablo Javkin anunciaron el reporte diario de covid-19, en una jornada r\u00e9cord para&hellip;\" \/>\n<meta property=\"og:url\" content=\"https:\/\/www.delexodo.com.ar\/?p=6550\" \/>\n<meta property=\"og:site_name\" content=\"Del \u00c9xodo Nogoy\u00e1\" \/>\n<meta property=\"article:published_time\" content=\"2020-07-23T01:08:52+00:00\" \/>\n<meta property=\"article:modified_time\" content=\"2020-07-23T01:08:53+00:00\" \/>\n<meta property=\"og:image\" content=\"https:\/\/www.delexodo.com.ar\/wp-content\/uploads\/2020\/07\/PEROTTI-ANUNCIO.jpg\" \/>\n\t<meta property=\"og:image:width\" content=\"800\" \/>\n\t<meta property=\"og:image:height\" content=\"450\" \/>\n\t<meta property=\"og:image:type\" content=\"image\/jpeg\" \/>\n<meta name=\"author\" content=\"admin\" \/>\n<meta name=\"twitter:card\" content=\"summary_large_image\" \/>\n<meta name=\"twitter:label1\" content=\"Escrito por\" \/>\n\t<meta name=\"twitter:data1\" content=\"admin\" \/>\n\t<meta name=\"twitter:label2\" content=\"Tiempo de lectura\" \/>\n\t<meta name=\"twitter:data2\" content=\"3 minutos\" \/>\n<script type=\"application\/ld+json\" class=\"yoast-schema-graph\">{\"@context\":\"https:\/\/schema.org\",\"@graph\":[{\"@type\":\"Article\",\"@id\":\"https:\/\/www.delexodo.com.ar\/?p=6550#article\",\"isPartOf\":{\"@id\":\"https:\/\/www.delexodo.com.ar\/?p=6550\"},\"author\":{\"name\":\"admin\",\"@id\":\"https:\/\/www.delexodo.com.ar\/#\/schema\/person\/bbed37f7da8e938660b34f2013ba449d\"},\"headline\":\"CORONAVIRUS: HAY CIRCULACI\u00d3N COMUNITARIA EN ROSARIO Y SUSPENDEN LAS REUNIONES AFECTIVAS\",\"datePublished\":\"2020-07-23T01:08:52+00:00\",\"dateModified\":\"2020-07-23T01:08:53+00:00\",\"mainEntityOfPage\":{\"@id\":\"https:\/\/www.delexodo.com.ar\/?p=6550\"},\"wordCount\":635,\"commentCount\":0,\"publisher\":{\"@id\":\"https:\/\/www.delexodo.com.ar\/#organization\"},\"image\":{\"@id\":\"https:\/\/www.delexodo.com.ar\/?p=6550#primaryimage\"},\"thumbnailUrl\":\"https:\/\/www.delexodo.com.ar\/wp-content\/uploads\/2020\/07\/PEROTTI-ANUNCIO.jpg\",\"articleSection\":[\"Destacados\",\"NOTICIAS\",\"Salud\"],\"inLanguage\":\"es\",\"potentialAction\":[{\"@type\":\"CommentAction\",\"name\":\"Comment\",\"target\":[\"https:\/\/www.delexodo.com.ar\/?p=6550#respond\"]}]},{\"@type\":\"WebPage\",\"@id\":\"https:\/\/www.delexodo.com.ar\/?p=6550\",\"url\":\"https:\/\/www.delexodo.com.ar\/?p=6550\",\"name\":\"CORONAVIRUS: HAY CIRCULACI\u00d3N COMUNITARIA EN ROSARIO Y SUSPENDEN LAS REUNIONES AFECTIVAS - Del \u00c9xodo Nogoy\u00e1\",\"isPartOf\":{\"@id\":\"https:\/\/www.delexodo.com.ar\/#website\"},\"primaryImageOfPage\":{\"@id\":\"https:\/\/www.delexodo.com.ar\/?p=6550#primaryimage\"},\"image\":{\"@id\":\"https:\/\/www.delexodo.com.ar\/?p=6550#primaryimage\"},\"thumbnailUrl\":\"https:\/\/www.delexodo.com.ar\/wp-content\/uploads\/2020\/07\/PEROTTI-ANUNCIO.jpg\",\"datePublished\":\"2020-07-23T01:08:52+00:00\",\"dateModified\":\"2020-07-23T01:08:53+00:00\",\"breadcrumb\":{\"@id\":\"https:\/\/www.delexodo.com.ar\/?p=6550#breadcrumb\"},\"inLanguage\":\"es\",\"potentialAction\":[{\"@type\":\"ReadAction\",\"target\":[\"https:\/\/www.delexodo.com.ar\/?p=6550\"]}]},{\"@type\":\"ImageObject\",\"inLanguage\":\"es\",\"@id\":\"https:\/\/www.delexodo.com.ar\/?p=6550#primaryimage\",\"url\":\"https:\/\/www.delexodo.com.ar\/wp-content\/uploads\/2020\/07\/PEROTTI-ANUNCIO.jpg\",\"contentUrl\":\"https:\/\/www.delexodo.com.ar\/wp-content\/uploads\/2020\/07\/PEROTTI-ANUNCIO.jpg\",\"width\":800,\"height\":450},{\"@type\":\"BreadcrumbList\",\"@id\":\"https:\/\/www.delexodo.com.ar\/?p=6550#breadcrumb\",\"itemListElement\":[{\"@type\":\"ListItem\",\"position\":1,\"name\":\"Portada\",\"item\":\"https:\/\/www.delexodo.com.ar\/\"},{\"@type\":\"ListItem\",\"position\":2,\"name\":\"CORONAVIRUS: HAY CIRCULACI\u00d3N COMUNITARIA EN ROSARIO Y SUSPENDEN LAS REUNIONES AFECTIVAS\"}]},{\"@type\":\"WebSite\",\"@id\":\"https:\/\/www.delexodo.com.ar\/#website\",\"url\":\"https:\/\/www.delexodo.com.ar\/\",\"name\":\"Del \u00c9xodo Nogoy\u00e1\",\"description\":\"El Portal de Noticias de la Regi\u00f3n\",\"publisher\":{\"@id\":\"https:\/\/www.delexodo.com.ar\/#organization\"},\"potentialAction\":[{\"@type\":\"SearchAction\",\"target\":{\"@type\":\"EntryPoint\",\"urlTemplate\":\"https:\/\/www.delexodo.com.ar\/?s={search_term_string}\"},\"query-input\":{\"@type\":\"PropertyValueSpecification\",\"valueRequired\":true,\"valueName\":\"search_term_string\"}}],\"inLanguage\":\"es\"},{\"@type\":\"Organization\",\"@id\":\"https:\/\/www.delexodo.com.ar\/#organization\",\"name\":\"Del \u00c9xodo Nogoy\u00e1\",\"url\":\"https:\/\/www.delexodo.com.ar\/\",\"logo\":{\"@type\":\"ImageObject\",\"inLanguage\":\"es\",\"@id\":\"https:\/\/www.delexodo.com.ar\/#\/schema\/logo\/image\/\",\"url\":\"https:\/\/www.delexodo.com.ar\/wp-content\/uploads\/2024\/10\/cropped-cropped-LOGO24.png\",\"contentUrl\":\"https:\/\/www.delexodo.com.ar\/wp-content\/uploads\/2024\/10\/cropped-cropped-LOGO24.png\",\"width\":512,\"height\":349,\"caption\":\"Del \u00c9xodo Nogoy\u00e1\"},\"image\":{\"@id\":\"https:\/\/www.delexodo.com.ar\/#\/schema\/logo\/image\/\"}},{\"@type\":\"Person\",\"@id\":\"https:\/\/www.delexodo.com.ar\/#\/schema\/person\/bbed37f7da8e938660b34f2013ba449d\",\"name\":\"admin\",\"image\":{\"@type\":\"ImageObject\",\"inLanguage\":\"es\",\"@id\":\"https:\/\/www.delexodo.com.ar\/#\/schema\/person\/image\/\",\"url\":\"https:\/\/secure.gravatar.com\/avatar\/6b1558d1b6df085f1901bd5bd98523d7?s=96&d=mm&r=g\",\"contentUrl\":\"https:\/\/secure.gravatar.com\/avatar\/6b1558d1b6df085f1901bd5bd98523d7?s=96&d=mm&r=g\",\"caption\":\"admin\"},\"url\":\"https:\/\/www.delexodo.com.ar\/?author=1\"}]}<\/script>\n<!-- \/ Yoast SEO plugin. -->","yoast_head_json":{"title":"CORONAVIRUS: HAY CIRCULACI\u00d3N COMUNITARIA EN ROSARIO Y SUSPENDEN LAS REUNIONES AFECTIVAS - Del \u00c9xodo Nogoy\u00e1","robots":{"index":"index","follow":"follow","max-snippet":"max-snippet:-1","max-image-preview":"max-image-preview:large","max-video-preview":"max-video-preview:-1"},"canonical":"https:\/\/www.delexodo.com.ar\/?p=6550","og_locale":"es_ES","og_type":"article","og_title":"CORONAVIRUS: HAY CIRCULACI\u00d3N COMUNITARIA EN ROSARIO Y SUSPENDEN LAS REUNIONES AFECTIVAS - Del \u00c9xodo Nogoy\u00e1","og_description":"El gobernador Omar Perotti y el intendente Pablo Javkin anunciaron el reporte diario de covid-19, en una jornada r\u00e9cord para&hellip;","og_url":"https:\/\/www.delexodo.com.ar\/?p=6550","og_site_name":"Del \u00c9xodo Nogoy\u00e1","article_published_time":"2020-07-23T01:08:52+00:00","article_modified_time":"2020-07-23T01:08:53+00:00","og_image":[{"width":800,"height":450,"url":"https:\/\/www.delexodo.com.ar\/wp-content\/uploads\/2020\/07\/PEROTTI-ANUNCIO.jpg","type":"image\/jpeg"}],"author":"admin","twitter_card":"summary_large_image","twitter_misc":{"Escrito por":"admin","Tiempo de lectura":"3 minutos"},"schema":{"@context":"https:\/\/schema.org","@graph":[{"@type":"Article","@id":"https:\/\/www.delexodo.com.ar\/?p=6550#article","isPartOf":{"@id":"https:\/\/www.delexodo.com.ar\/?p=6550"},"author":{"name":"admin","@id":"https:\/\/www.delexodo.com.ar\/#\/schema\/person\/bbed37f7da8e938660b34f2013ba449d"},"headline":"CORONAVIRUS: HAY CIRCULACI\u00d3N COMUNITARIA EN ROSARIO Y SUSPENDEN LAS REUNIONES AFECTIVAS","datePublished":"2020-07-23T01:08:52+00:00","dateModified":"2020-07-23T01:08:53+00:00","mainEntityOfPage":{"@id":"https:\/\/www.delexodo.com.ar\/?p=6550"},"wordCount":635,"commentCount":0,"publisher":{"@id":"https:\/\/www.delexodo.com.ar\/#organization"},"image":{"@id":"https:\/\/www.delexodo.com.ar\/?p=6550#primaryimage"},"thumbnailUrl":"https:\/\/www.delexodo.com.ar\/wp-content\/uploads\/2020\/07\/PEROTTI-ANUNCIO.jpg","articleSection":["Destacados","NOTICIAS","Salud"],"inLanguage":"es","potentialAction":[{"@type":"CommentAction","name":"Comment","target":["https:\/\/www.delexodo.com.ar\/?p=6550#respond"]}]},{"@type":"WebPage","@id":"https:\/\/www.delexodo.com.ar\/?p=6550","url":"https:\/\/www.delexodo.com.ar\/?p=6550","name":"CORONAVIRUS: HAY CIRCULACI\u00d3N COMUNITARIA EN ROSARIO Y SUSPENDEN LAS REUNIONES AFECTIVAS - Del \u00c9xodo Nogoy\u00e1","isPartOf":{"@id":"https:\/\/www.delexodo.com.ar\/#website"},"primaryImageOfPage":{"@id":"https:\/\/www.delexodo.com.ar\/?p=6550#primaryimage"},"image":{"@id":"https:\/\/www.delexodo.com.ar\/?p=6550#primaryimage"},"thumbnailUrl":"https:\/\/www.delexodo.com.ar\/wp-content\/uploads\/2020\/07\/PEROTTI-ANUNCIO.jpg","datePublished":"2020-07-23T01:08:52+00:00","dateModified":"2020-07-23T01:08:53+00:00","breadcrumb":{"@id":"https:\/\/www.delexodo.com.ar\/?p=6550#breadcrumb"},"inLanguage":"es","potentialAction":[{"@type":"ReadAction","target":["https:\/\/www.delexodo.com.ar\/?p=6550"]}]},{"@type":"ImageObject","inLanguage":"es","@id":"https:\/\/www.delexodo.com.ar\/?p=6550#primaryimage","url":"https:\/\/www.delexodo.com.ar\/wp-content\/uploads\/2020\/07\/PEROTTI-ANUNCIO.jpg","contentUrl":"https:\/\/www.delexodo.com.ar\/wp-content\/uploads\/2020\/07\/PEROTTI-ANUNCIO.jpg","width":800,"height":450},{"@type":"BreadcrumbList","@id":"https:\/\/www.delexodo.com.ar\/?p=6550#breadcrumb","itemListElement":[{"@type":"ListItem","position":1,"name":"Portada","item":"https:\/\/www.delexodo.com.ar\/"},{"@type":"ListItem","position":2,"name":"CORONAVIRUS: HAY CIRCULACI\u00d3N COMUNITARIA EN ROSARIO Y SUSPENDEN LAS REUNIONES AFECTIVAS"}]},{"@type":"WebSite","@id":"https:\/\/www.delexodo.com.ar\/#website","url":"https:\/\/www.delexodo.com.ar\/","name":"Del \u00c9xodo Nogoy\u00e1","description":"El Portal de Noticias de la Regi\u00f3n","publisher":{"@id":"https:\/\/www.delexodo.com.ar\/#organization"},"potentialAction":[{"@type":"SearchAction","target":{"@type":"EntryPoint","urlTemplate":"https:\/\/www.delexodo.com.ar\/?s={search_term_string}"},"query-input":{"@type":"PropertyValueSpecification","valueRequired":true,"valueName":"search_term_string"}}],"inLanguage":"es"},{"@type":"Organization","@id":"https:\/\/www.delexodo.com.ar\/#organization","name":"Del \u00c9xodo Nogoy\u00e1","url":"https:\/\/www.delexodo.com.ar\/","logo":{"@type":"ImageObject","inLanguage":"es","@id":"https:\/\/www.delexodo.com.ar\/#\/schema\/logo\/image\/","url":"https:\/\/www.delexodo.com.ar\/wp-content\/uploads\/2024\/10\/cropped-cropped-LOGO24.png","contentUrl":"https:\/\/www.delexodo.com.ar\/wp-content\/uploads\/2024\/10\/cropped-cropped-LOGO24.png","width":512,"height":349,"caption":"Del \u00c9xodo Nogoy\u00e1"},"image":{"@id":"https:\/\/www.delexodo.com.ar\/#\/schema\/logo\/image\/"}},{"@type":"Person","@id":"https:\/\/www.delexodo.com.ar\/#\/schema\/person\/bbed37f7da8e938660b34f2013ba449d","name":"admin","image":{"@type":"ImageObject","inLanguage":"es","@id":"https:\/\/www.delexodo.com.ar\/#\/schema\/person\/image\/","url":"https:\/\/secure.gravatar.com\/avatar\/6b1558d1b6df085f1901bd5bd98523d7?s=96&d=mm&r=g","contentUrl":"https:\/\/secure.gravatar.com\/avatar\/6b1558d1b6df085f1901bd5bd98523d7?s=96&d=mm&r=g","caption":"admin"},"url":"https:\/\/www.delexodo.com.ar\/?author=1"}]}},"_links":{"self":[{"href":"https:\/\/www.delexodo.com.ar\/index.php?rest_route=\/wp\/v2\/posts\/6550","targetHints":{"allow":["GET"]}}],"collection":[{"href":"https:\/\/www.delexodo.com.ar\/index.php?rest_route=\/wp\/v2\/posts"}],"about":[{"href":"https:\/\/www.delexodo.com.ar\/index.php?rest_route=\/wp\/v2\/types\/post"}],"author":[{"embeddable":true,"href":"https:\/\/www.delexodo.com.ar\/index.php?rest_route=\/wp\/v2\/users\/1"}],"replies":[{"embeddable":true,"href":"https:\/\/www.delexodo.com.ar\/index.php?rest_route=%2Fwp%2Fv2%2Fcomments&post=6550"}],"version-history":[{"count":0,"href":"https:\/\/www.delexodo.com.ar\/index.php?rest_route=\/wp\/v2\/posts\/6550\/revisions"}],"wp:featuredmedia":[{"embeddable":true,"href":"https:\/\/www.delexodo.com.ar\/index.php?rest_route=\/wp\/v2\/media\/6551"}],"wp:attachment":[{"href":"https:\/\/www.delexodo.com.ar\/index.php?rest_route=%2Fwp%2Fv2%2Fmedia&parent=6550"}],"wp:term":[{"taxonomy":"category","embeddable":true,"href":"https:\/\/www.delexodo.com.ar\/index.php?rest_route=%2Fwp%2Fv2%2Fcategories&post=6550"},{"taxonomy":"post_tag","embeddable":true,"href":"https:\/\/www.delexodo.com.ar\/index.php?rest_route=%2Fwp%2Fv2%2Ftags&post=6550"}],"curies":[{"name":"wp","href":"https:\/\/api.w.org\/{rel}","templated":true}]}}