{"id":6375,"date":"2020-06-14T20:46:00","date_gmt":"2020-06-14T23:46:00","guid":{"rendered":"http:\/\/www.delexodo.com.ar\/?p=6375"},"modified":"2020-06-14T22:26:47","modified_gmt":"2020-06-15T01:26:47","slug":"ana-gallay-hoy-me-siento-en-desventaja-con-respeto-a-mis-rivales","status":"publish","type":"post","link":"https:\/\/www.delexodo.com.ar\/?p=6375","title":{"rendered":"ANA GALLAY: \u201cHOY ME SIENTO EN DESVENTAJA CON RESPETO A MIS RIVALES\u201d"},"content":{"rendered":"\n<p>En una entrevista\nen el programa radial Zona Mixta conducido por Gonzalo Cornago que se emite\nlunes y jueves a las 19 hs por FM del Eodo, la jugadora n\u00famero 1 de Argentina\ndijo:<\/p>\n\n\n\n<figure class=\"wp-block-embed-youtube wp-block-embed is-type-video is-provider-youtube wp-embed-aspect-4-3 wp-has-aspect-ratio\"><div class=\"wp-block-embed__wrapper\">\n<iframe loading=\"lazy\" title=\"AIRE #ZonaMixta - ANA GALLAY 08\/06\/20\" width=\"500\" height=\"375\" src=\"https:\/\/www.youtube.com\/embed\/SVrz2j64QFI?feature=oembed\" frameborder=\"0\" allow=\"accelerometer; autoplay; clipboard-write; encrypted-media; gyroscope; picture-in-picture; web-share\" referrerpolicy=\"strict-origin-when-cross-origin\" allowfullscreen><\/iframe>\n<\/div><\/figure>\n\n\n\n<p>&nbsp;<em>\u201cLas primeras&nbsp; semanas de la cuarentena me vino b\u00e1rbaro, mi\ncuerpo lo necesitaba, me vino muy bien. Pero despu\u00e9s te entrenas en tu asa pero\nno es lo mismo que ha<\/em><em>cerlo en la arena. Te mantenes, pero nada m\u00e1s que eso. De\ntodas maneras lo&nbsp; ven\u00eda llevando\ntranquila, el problema fue cuando vi que las europeas comenzaron los\nentrenamientos y ah\u00ed si me agarro la desesperaci\u00f3n. Si todas estar\u00edan paradas,\nno me har\u00eda tanto problema. Pero hoy me siento en desventaja con respeto a mis\nrivales, me est\u00e1n sacando ventaja. Estoy desesperada por volver a poder\nentrenar con normalidad\u201d<\/em><\/p>\n\n\n\n<div class=\"wp-block-image\"><figure class=\"aligncenter\"><img loading=\"lazy\" decoding=\"async\" width=\"960\" height=\"749\" src=\"http:\/\/www.delexodo.com.ar\/wp-content\/uploads\/2020\/06\/Ana-ae.jpg\" alt=\"\" class=\"wp-image-6377\" srcset=\"https:\/\/www.delexodo.com.ar\/wp-content\/uploads\/2020\/06\/Ana-ae.jpg 960w, https:\/\/www.delexodo.com.ar\/wp-content\/uploads\/2020\/06\/Ana-ae-300x234.jpg 300w, https:\/\/www.delexodo.com.ar\/wp-content\/uploads\/2020\/06\/Ana-ae-768x599.jpg 768w\" sizes=\"auto, (max-width: 960px) 100vw, 960px\" \/><\/figure><\/div>\n\n\n\n<p><em>\u201cNosotros lo venimos construyendo al equipo y\neso si que nos juega en contra. Es un aprendizaje, Fer hace poco est\u00e1 en la\ndisciplina. F\u00edsicamente no es un problema, si por ah\u00ed me preocupa la parte t\u00e9cnica.\nQue se hayan atrasados los Juegos nos beneficia, si podemos volver a entrenar\npronto, va a ser un beneficio la postergaci\u00f3n. Si nos retrocede como equipo el\nparate pero inventaremos un circuito interno con varones o algo para sentir la\ncompetencia y estar en competencia\u201d.<\/em><\/p>\n\n\n\n<p><em>&nbsp;\u201cMe\ncostaba mucho cansarme, era terrible. Me dorm\u00eda a las 3 , 4 de la ma\u00f1ana. Estar\nadentro, la cabeza me llevo por todos lados. Yo encima hizo doble, porque &nbsp;vine de Per\u00fa y despu\u00e9s se decret\u00f3 ac\u00e1. No sal\u00ed\na ning\u00fan lado. Despu\u00e9s el psic\u00f3logo me fue guiando para armar la rutina y hacer\nuna vida normal por m\u00e1s que este encerrada. Entonces arranco a las 7 de la\nma\u00f1ana y ah\u00ed fui acomodando, Tengo mi rutina como si estar\u00eda yendo a la arena\u201d.<\/em><\/p>\n\n\n\n<figure class=\"wp-block-image\"><img loading=\"lazy\" decoding=\"async\" width=\"532\" height=\"800\" src=\"http:\/\/www.delexodo.com.ar\/wp-content\/uploads\/2020\/06\/A-pe.jpg\" alt=\"\" class=\"wp-image-6378\" srcset=\"https:\/\/www.delexodo.com.ar\/wp-content\/uploads\/2020\/06\/A-pe.jpg 532w, https:\/\/www.delexodo.com.ar\/wp-content\/uploads\/2020\/06\/A-pe-200x300.jpg 200w\" sizes=\"auto, (max-width: 532px) 100vw, 532px\" \/><\/figure>\n\n\n\n<p><em>\u201cEsta\ntemporada ya no creo que haya competencia. La mayor\u00eda de los torneos&nbsp; est\u00e1n cancelados. Europa termina el verano en\nseptiembre, as\u00ed que no veo posibilidad que se pueda competir. Va a ser duro un\na\u00f1o sin competencia. Si este se resuelve, creo que volveremos al circuito\nsudamericano en Febrero, antes lo veo poco probable\u201d.<\/em><\/p>\n\n\n\n<p><em>\u201cMis tres sponsor principales UPCN ER,\nPur\u00edsima, Weber Materiales se mantienen, tambi\u00e9n tengo que agradecer al Consejo\nGeneral de Escuela ya que &nbsp;estoy de\nlicencia. Nosotros gastamos mucha plata cuando viajamos y ahora &nbsp;con el valor del d\u00f3lar m\u00e1s a\u00fan. Estamos\nahorrando, para estar preparada por si surge alg\u00fan torneo. Las becas no se han\nactualizado y con la devaluaci\u00f3n han quedado muy abajo. Si no fuera por mis\nsponsors yo estar\u00eda muy complicada. La realidad del deportista argentino es muy\ndif\u00edcil\u201d.<\/em><\/p>\n\n\n\n<figure class=\"wp-block-image\"><img loading=\"lazy\" decoding=\"async\" width=\"750\" height=\"583\" src=\"http:\/\/www.delexodo.com.ar\/wp-content\/uploads\/2019\/05\/GALLAY-FUE-PROTAGONISTA-EN-LOS-JUEGOS-SURAMERICANOS.jpg\" alt=\"\" class=\"wp-image-2642\" srcset=\"https:\/\/www.delexodo.com.ar\/wp-content\/uploads\/2019\/05\/GALLAY-FUE-PROTAGONISTA-EN-LOS-JUEGOS-SURAMERICANOS.jpg 750w, https:\/\/www.delexodo.com.ar\/wp-content\/uploads\/2019\/05\/GALLAY-FUE-PROTAGONISTA-EN-LOS-JUEGOS-SURAMERICANOS-300x233.jpg 300w\" sizes=\"auto, (max-width: 750px) 100vw, 750px\" \/><\/figure>\n\n\n\n<p><em>\u201cNo se si soy&nbsp;\nnormal, je. Me motivo sola y no paro de entrenar. Me compre todo tipo de\ncomplementos para entrenar y trato de simular todo lo que hac\u00eda en \u00e9poca\nnormal. Hago pelota, saltos, desplazamiento. Me pase de rosca y el PF me empez\u00f3\na bajar los entrenamientos, porque no paraba. Entre que me duela y no entrenar,\nprefiero sufrir. Nunca estuve 90 d\u00edas sin ir a una cancha, pero me siento muy\nbien\u201d.<\/em><\/p>\n","protected":false},"excerpt":{"rendered":"<p>En una entrevista en el programa radial Zona Mixta conducido por Gonzalo Cornago que se emite lunes y jueves a&hellip;<\/p>\n","protected":false},"author":1,"featured_media":6376,"comment_status":"open","ping_status":"open","sticky":false,"template":"","format":"standard","meta":{"_joinchat":[],"footnotes":""},"categories":[353,65,1,69],"tags":[345],"class_list":["post-6375","post","type-post","status-publish","format-standard","has-post-thumbnail","hentry","category-deportes","category-destacados","category-sincategoria","category-noticias","tag-destacar"],"yoast_head":"<!-- This site is optimized with the Yoast SEO plugin v25.1 - https:\/\/yoast.com\/wordpress\/plugins\/seo\/ -->\n<title>ANA GALLAY: \u201cHOY ME SIENTO EN DESVENTAJA CON RESPETO A MIS RIVALES\u201d - Del \u00c9xodo Nogoy\u00e1<\/title>\n<meta name=\"robots\" content=\"index, follow, max-snippet:-1, max-image-preview:large, max-video-preview:-1\" \/>\n<link rel=\"canonical\" href=\"https:\/\/www.delexodo.com.ar\/?p=6375\" \/>\n<meta property=\"og:locale\" content=\"es_ES\" \/>\n<meta property=\"og:type\" content=\"article\" \/>\n<meta property=\"og:title\" content=\"ANA GALLAY: \u201cHOY ME SIENTO EN DESVENTAJA CON RESPETO A MIS RIVALES\u201d - Del \u00c9xodo Nogoy\u00e1\" \/>\n<meta property=\"og:description\" content=\"En una entrevista en el programa radial Zona Mixta conducido por Gonzalo Cornago que se emite lunes y jueves a&hellip;\" \/>\n<meta property=\"og:url\" content=\"https:\/\/www.delexodo.com.ar\/?p=6375\" \/>\n<meta property=\"og:site_name\" content=\"Del \u00c9xodo Nogoy\u00e1\" \/>\n<meta property=\"article:published_time\" content=\"2020-06-14T23:46:00+00:00\" \/>\n<meta property=\"article:modified_time\" content=\"2020-06-15T01:26:47+00:00\" \/>\n<meta property=\"og:image\" content=\"https:\/\/www.delexodo.com.ar\/wp-content\/uploads\/2020\/06\/ANA-GALLAY.jpg\" \/>\n\t<meta property=\"og:image:width\" content=\"722\" \/>\n\t<meta property=\"og:image:height\" content=\"722\" \/>\n\t<meta property=\"og:image:type\" content=\"image\/jpeg\" \/>\n<meta name=\"author\" content=\"admin\" \/>\n<meta name=\"twitter:card\" content=\"summary_large_image\" \/>\n<meta name=\"twitter:label1\" content=\"Escrito por\" \/>\n\t<meta name=\"twitter:data1\" content=\"admin\" \/>\n\t<meta name=\"twitter:label2\" content=\"Tiempo de lectura\" \/>\n\t<meta name=\"twitter:data2\" content=\"3 minutos\" \/>\n<script type=\"application\/ld+json\" class=\"yoast-schema-graph\">{\"@context\":\"https:\/\/schema.org\",\"@graph\":[{\"@type\":\"Article\",\"@id\":\"https:\/\/www.delexodo.com.ar\/?p=6375#article\",\"isPartOf\":{\"@id\":\"https:\/\/www.delexodo.com.ar\/?p=6375\"},\"author\":{\"name\":\"admin\",\"@id\":\"https:\/\/www.delexodo.com.ar\/#\/schema\/person\/bbed37f7da8e938660b34f2013ba449d\"},\"headline\":\"ANA GALLAY: \u201cHOY ME SIENTO EN DESVENTAJA CON RESPETO A MIS RIVALES\u201d\",\"datePublished\":\"2020-06-14T23:46:00+00:00\",\"dateModified\":\"2020-06-15T01:26:47+00:00\",\"mainEntityOfPage\":{\"@id\":\"https:\/\/www.delexodo.com.ar\/?p=6375\"},\"wordCount\":569,\"commentCount\":0,\"publisher\":{\"@id\":\"https:\/\/www.delexodo.com.ar\/#organization\"},\"image\":{\"@id\":\"https:\/\/www.delexodo.com.ar\/?p=6375#primaryimage\"},\"thumbnailUrl\":\"https:\/\/www.delexodo.com.ar\/wp-content\/uploads\/2020\/06\/ANA-GALLAY.jpg\",\"keywords\":[\"destacar\"],\"articleSection\":[\"Deportes\",\"Destacados\",\"Nogoya\",\"NOTICIAS\"],\"inLanguage\":\"es\",\"potentialAction\":[{\"@type\":\"CommentAction\",\"name\":\"Comment\",\"target\":[\"https:\/\/www.delexodo.com.ar\/?p=6375#respond\"]}]},{\"@type\":\"WebPage\",\"@id\":\"https:\/\/www.delexodo.com.ar\/?p=6375\",\"url\":\"https:\/\/www.delexodo.com.ar\/?p=6375\",\"name\":\"ANA GALLAY: \u201cHOY ME SIENTO EN DESVENTAJA CON RESPETO A MIS RIVALES\u201d - Del \u00c9xodo Nogoy\u00e1\",\"isPartOf\":{\"@id\":\"https:\/\/www.delexodo.com.ar\/#website\"},\"primaryImageOfPage\":{\"@id\":\"https:\/\/www.delexodo.com.ar\/?p=6375#primaryimage\"},\"image\":{\"@id\":\"https:\/\/www.delexodo.com.ar\/?p=6375#primaryimage\"},\"thumbnailUrl\":\"https:\/\/www.delexodo.com.ar\/wp-content\/uploads\/2020\/06\/ANA-GALLAY.jpg\",\"datePublished\":\"2020-06-14T23:46:00+00:00\",\"dateModified\":\"2020-06-15T01:26:47+00:00\",\"breadcrumb\":{\"@id\":\"https:\/\/www.delexodo.com.ar\/?p=6375#breadcrumb\"},\"inLanguage\":\"es\",\"potentialAction\":[{\"@type\":\"ReadAction\",\"target\":[\"https:\/\/www.delexodo.com.ar\/?p=6375\"]}]},{\"@type\":\"ImageObject\",\"inLanguage\":\"es\",\"@id\":\"https:\/\/www.delexodo.com.ar\/?p=6375#primaryimage\",\"url\":\"https:\/\/www.delexodo.com.ar\/wp-content\/uploads\/2020\/06\/ANA-GALLAY.jpg\",\"contentUrl\":\"https:\/\/www.delexodo.com.ar\/wp-content\/uploads\/2020\/06\/ANA-GALLAY.jpg\",\"width\":722,\"height\":722},{\"@type\":\"BreadcrumbList\",\"@id\":\"https:\/\/www.delexodo.com.ar\/?p=6375#breadcrumb\",\"itemListElement\":[{\"@type\":\"ListItem\",\"position\":1,\"name\":\"Portada\",\"item\":\"https:\/\/www.delexodo.com.ar\/\"},{\"@type\":\"ListItem\",\"position\":2,\"name\":\"ANA GALLAY: \u201cHOY ME SIENTO EN DESVENTAJA CON RESPETO A MIS RIVALES\u201d\"}]},{\"@type\":\"WebSite\",\"@id\":\"https:\/\/www.delexodo.com.ar\/#website\",\"url\":\"https:\/\/www.delexodo.com.ar\/\",\"name\":\"Del \u00c9xodo Nogoy\u00e1\",\"description\":\"El Portal de Noticias de la Regi\u00f3n\",\"publisher\":{\"@id\":\"https:\/\/www.delexodo.com.ar\/#organization\"},\"potentialAction\":[{\"@type\":\"SearchAction\",\"target\":{\"@type\":\"EntryPoint\",\"urlTemplate\":\"https:\/\/www.delexodo.com.ar\/?s={search_term_string}\"},\"query-input\":{\"@type\":\"PropertyValueSpecification\",\"valueRequired\":true,\"valueName\":\"search_term_string\"}}],\"inLanguage\":\"es\"},{\"@type\":\"Organization\",\"@id\":\"https:\/\/www.delexodo.com.ar\/#organization\",\"name\":\"Del \u00c9xodo Nogoy\u00e1\",\"url\":\"https:\/\/www.delexodo.com.ar\/\",\"logo\":{\"@type\":\"ImageObject\",\"inLanguage\":\"es\",\"@id\":\"https:\/\/www.delexodo.com.ar\/#\/schema\/logo\/image\/\",\"url\":\"https:\/\/www.delexodo.com.ar\/wp-content\/uploads\/2024\/10\/cropped-cropped-LOGO24.png\",\"contentUrl\":\"https:\/\/www.delexodo.com.ar\/wp-content\/uploads\/2024\/10\/cropped-cropped-LOGO24.png\",\"width\":512,\"height\":349,\"caption\":\"Del \u00c9xodo Nogoy\u00e1\"},\"image\":{\"@id\":\"https:\/\/www.delexodo.com.ar\/#\/schema\/logo\/image\/\"}},{\"@type\":\"Person\",\"@id\":\"https:\/\/www.delexodo.com.ar\/#\/schema\/person\/bbed37f7da8e938660b34f2013ba449d\",\"name\":\"admin\",\"image\":{\"@type\":\"ImageObject\",\"inLanguage\":\"es\",\"@id\":\"https:\/\/www.delexodo.com.ar\/#\/schema\/person\/image\/\",\"url\":\"https:\/\/secure.gravatar.com\/avatar\/6b1558d1b6df085f1901bd5bd98523d7?s=96&d=mm&r=g\",\"contentUrl\":\"https:\/\/secure.gravatar.com\/avatar\/6b1558d1b6df085f1901bd5bd98523d7?s=96&d=mm&r=g\",\"caption\":\"admin\"},\"url\":\"https:\/\/www.delexodo.com.ar\/?author=1\"}]}<\/script>\n<!-- \/ Yoast SEO plugin. -->","yoast_head_json":{"title":"ANA GALLAY: \u201cHOY ME SIENTO EN DESVENTAJA CON RESPETO A MIS RIVALES\u201d - Del \u00c9xodo Nogoy\u00e1","robots":{"index":"index","follow":"follow","max-snippet":"max-snippet:-1","max-image-preview":"max-image-preview:large","max-video-preview":"max-video-preview:-1"},"canonical":"https:\/\/www.delexodo.com.ar\/?p=6375","og_locale":"es_ES","og_type":"article","og_title":"ANA GALLAY: \u201cHOY ME SIENTO EN DESVENTAJA CON RESPETO A MIS RIVALES\u201d - Del \u00c9xodo Nogoy\u00e1","og_description":"En una entrevista en el programa radial Zona Mixta conducido por Gonzalo Cornago que se emite lunes y jueves a&hellip;","og_url":"https:\/\/www.delexodo.com.ar\/?p=6375","og_site_name":"Del \u00c9xodo Nogoy\u00e1","article_published_time":"2020-06-14T23:46:00+00:00","article_modified_time":"2020-06-15T01:26:47+00:00","og_image":[{"width":722,"height":722,"url":"https:\/\/www.delexodo.com.ar\/wp-content\/uploads\/2020\/06\/ANA-GALLAY.jpg","type":"image\/jpeg"}],"author":"admin","twitter_card":"summary_large_image","twitter_misc":{"Escrito por":"admin","Tiempo de lectura":"3 minutos"},"schema":{"@context":"https:\/\/schema.org","@graph":[{"@type":"Article","@id":"https:\/\/www.delexodo.com.ar\/?p=6375#article","isPartOf":{"@id":"https:\/\/www.delexodo.com.ar\/?p=6375"},"author":{"name":"admin","@id":"https:\/\/www.delexodo.com.ar\/#\/schema\/person\/bbed37f7da8e938660b34f2013ba449d"},"headline":"ANA GALLAY: \u201cHOY ME SIENTO EN DESVENTAJA CON RESPETO A MIS RIVALES\u201d","datePublished":"2020-06-14T23:46:00+00:00","dateModified":"2020-06-15T01:26:47+00:00","mainEntityOfPage":{"@id":"https:\/\/www.delexodo.com.ar\/?p=6375"},"wordCount":569,"commentCount":0,"publisher":{"@id":"https:\/\/www.delexodo.com.ar\/#organization"},"image":{"@id":"https:\/\/www.delexodo.com.ar\/?p=6375#primaryimage"},"thumbnailUrl":"https:\/\/www.delexodo.com.ar\/wp-content\/uploads\/2020\/06\/ANA-GALLAY.jpg","keywords":["destacar"],"articleSection":["Deportes","Destacados","Nogoya","NOTICIAS"],"inLanguage":"es","potentialAction":[{"@type":"CommentAction","name":"Comment","target":["https:\/\/www.delexodo.com.ar\/?p=6375#respond"]}]},{"@type":"WebPage","@id":"https:\/\/www.delexodo.com.ar\/?p=6375","url":"https:\/\/www.delexodo.com.ar\/?p=6375","name":"ANA GALLAY: \u201cHOY ME SIENTO EN DESVENTAJA CON RESPETO A MIS RIVALES\u201d - Del \u00c9xodo Nogoy\u00e1","isPartOf":{"@id":"https:\/\/www.delexodo.com.ar\/#website"},"primaryImageOfPage":{"@id":"https:\/\/www.delexodo.com.ar\/?p=6375#primaryimage"},"image":{"@id":"https:\/\/www.delexodo.com.ar\/?p=6375#primaryimage"},"thumbnailUrl":"https:\/\/www.delexodo.com.ar\/wp-content\/uploads\/2020\/06\/ANA-GALLAY.jpg","datePublished":"2020-06-14T23:46:00+00:00","dateModified":"2020-06-15T01:26:47+00:00","breadcrumb":{"@id":"https:\/\/www.delexodo.com.ar\/?p=6375#breadcrumb"},"inLanguage":"es","potentialAction":[{"@type":"ReadAction","target":["https:\/\/www.delexodo.com.ar\/?p=6375"]}]},{"@type":"ImageObject","inLanguage":"es","@id":"https:\/\/www.delexodo.com.ar\/?p=6375#primaryimage","url":"https:\/\/www.delexodo.com.ar\/wp-content\/uploads\/2020\/06\/ANA-GALLAY.jpg","contentUrl":"https:\/\/www.delexodo.com.ar\/wp-content\/uploads\/2020\/06\/ANA-GALLAY.jpg","width":722,"height":722},{"@type":"BreadcrumbList","@id":"https:\/\/www.delexodo.com.ar\/?p=6375#breadcrumb","itemListElement":[{"@type":"ListItem","position":1,"name":"Portada","item":"https:\/\/www.delexodo.com.ar\/"},{"@type":"ListItem","position":2,"name":"ANA GALLAY: \u201cHOY ME SIENTO EN DESVENTAJA CON RESPETO A MIS RIVALES\u201d"}]},{"@type":"WebSite","@id":"https:\/\/www.delexodo.com.ar\/#website","url":"https:\/\/www.delexodo.com.ar\/","name":"Del \u00c9xodo Nogoy\u00e1","description":"El Portal de Noticias de la Regi\u00f3n","publisher":{"@id":"https:\/\/www.delexodo.com.ar\/#organization"},"potentialAction":[{"@type":"SearchAction","target":{"@type":"EntryPoint","urlTemplate":"https:\/\/www.delexodo.com.ar\/?s={search_term_string}"},"query-input":{"@type":"PropertyValueSpecification","valueRequired":true,"valueName":"search_term_string"}}],"inLanguage":"es"},{"@type":"Organization","@id":"https:\/\/www.delexodo.com.ar\/#organization","name":"Del \u00c9xodo Nogoy\u00e1","url":"https:\/\/www.delexodo.com.ar\/","logo":{"@type":"ImageObject","inLanguage":"es","@id":"https:\/\/www.delexodo.com.ar\/#\/schema\/logo\/image\/","url":"https:\/\/www.delexodo.com.ar\/wp-content\/uploads\/2024\/10\/cropped-cropped-LOGO24.png","contentUrl":"https:\/\/www.delexodo.com.ar\/wp-content\/uploads\/2024\/10\/cropped-cropped-LOGO24.png","width":512,"height":349,"caption":"Del \u00c9xodo Nogoy\u00e1"},"image":{"@id":"https:\/\/www.delexodo.com.ar\/#\/schema\/logo\/image\/"}},{"@type":"Person","@id":"https:\/\/www.delexodo.com.ar\/#\/schema\/person\/bbed37f7da8e938660b34f2013ba449d","name":"admin","image":{"@type":"ImageObject","inLanguage":"es","@id":"https:\/\/www.delexodo.com.ar\/#\/schema\/person\/image\/","url":"https:\/\/secure.gravatar.com\/avatar\/6b1558d1b6df085f1901bd5bd98523d7?s=96&d=mm&r=g","contentUrl":"https:\/\/secure.gravatar.com\/avatar\/6b1558d1b6df085f1901bd5bd98523d7?s=96&d=mm&r=g","caption":"admin"},"url":"https:\/\/www.delexodo.com.ar\/?author=1"}]}},"_links":{"self":[{"href":"https:\/\/www.delexodo.com.ar\/index.php?rest_route=\/wp\/v2\/posts\/6375","targetHints":{"allow":["GET"]}}],"collection":[{"href":"https:\/\/www.delexodo.com.ar\/index.php?rest_route=\/wp\/v2\/posts"}],"about":[{"href":"https:\/\/www.delexodo.com.ar\/index.php?rest_route=\/wp\/v2\/types\/post"}],"author":[{"embeddable":true,"href":"https:\/\/www.delexodo.com.ar\/index.php?rest_route=\/wp\/v2\/users\/1"}],"replies":[{"embeddable":true,"href":"https:\/\/www.delexodo.com.ar\/index.php?rest_route=%2Fwp%2Fv2%2Fcomments&post=6375"}],"version-history":[{"count":0,"href":"https:\/\/www.delexodo.com.ar\/index.php?rest_route=\/wp\/v2\/posts\/6375\/revisions"}],"wp:featuredmedia":[{"embeddable":true,"href":"https:\/\/www.delexodo.com.ar\/index.php?rest_route=\/wp\/v2\/media\/6376"}],"wp:attachment":[{"href":"https:\/\/www.delexodo.com.ar\/index.php?rest_route=%2Fwp%2Fv2%2Fmedia&parent=6375"}],"wp:term":[{"taxonomy":"category","embeddable":true,"href":"https:\/\/www.delexodo.com.ar\/index.php?rest_route=%2Fwp%2Fv2%2Fcategories&post=6375"},{"taxonomy":"post_tag","embeddable":true,"href":"https:\/\/www.delexodo.com.ar\/index.php?rest_route=%2Fwp%2Fv2%2Ftags&post=6375"}],"curies":[{"name":"wp","href":"https:\/\/api.w.org\/{rel}","templated":true}]}}