{"id":6286,"date":"2020-05-13T23:38:42","date_gmt":"2020-05-14T02:38:42","guid":{"rendered":"http:\/\/www.delexodo.com.ar\/?p=6286"},"modified":"2020-05-14T00:17:51","modified_gmt":"2020-05-14T03:17:51","slug":"se-fracturo-el-coes-local-una-grieta-mas","status":"publish","type":"post","link":"https:\/\/www.delexodo.com.ar\/?p=6286","title":{"rendered":"\u00bfSE FRACTUR\u00d3 EL COES LOCAL? UNA GRIETA MAS"},"content":{"rendered":"\n<p>La empresa \u201cLa Sibila\u201d de Nogoy\u00e1, realiz\u00f3 un simulacro de\ntraslado de un supuesto paciente con Covid 19 pero seg\u00fan parece el protocolo\nqued\u00f3 incompleto cuando olvidaron informarle al efector local de dicho\nprocedimiento.<\/p>\n\n\n\n<figure class=\"wp-block-embed-facebook wp-block-embed is-type-video is-provider-facebook\"><div class=\"wp-block-embed__wrapper\">\nhttps:\/\/www.facebook.com\/cachigool.gonzalez\/videos\/3066080003450339\/\n<\/div><\/figure>\n\n\n\n<p>Todo esto qued\u00f3 expuesto cuando un comunicador de un medio local se enter\u00f3 de esta situaci\u00f3n y transmiti\u00f3 <strong>en vivo<\/strong> por la red social facebook lo que estaba sucediendo en el ingreso de la empresa y m\u00e1s preocupante aun cuando quien conduce la ambulancia que trasladar\u00eda al infectado mencion\u00f3 que se estaba frente a un caso sospechoso de Covid19, lo que a su vez gener\u00f3 temor e incertidumbre en la ciudadan\u00eda.<\/p>\n\n\n\n<div class=\"wp-block-image\"><figure class=\"aligncenter\"><img loading=\"lazy\" decoding=\"async\" width=\"455\" height=\"690\" src=\"http:\/\/www.delexodo.com.ar\/wp-content\/uploads\/2020\/05\/SIMULACRO2.png\" alt=\"\" class=\"wp-image-6289\" srcset=\"https:\/\/www.delexodo.com.ar\/wp-content\/uploads\/2020\/05\/SIMULACRO2.png 455w, https:\/\/www.delexodo.com.ar\/wp-content\/uploads\/2020\/05\/SIMULACRO2-198x300.png 198w\" sizes=\"auto, (max-width: 455px) 100vw, 455px\" \/><\/figure><\/div>\n\n\n\n<p>Una desinteligencia pareciera que ocasion\u00f3 que todo este \u00absimulacro\u00bb finalizara en un verdadero dolor de cabeza y un problema para todos los actores, directos e indirectos y dejara al descubierto la falta de comunicaci\u00f3n \u00f3 la coordinaci\u00f3n para realizarlo. Esto queda manifestado cuando observando el v\u00eddeo del medio local y tras las palabras del chofer de la ambulancia se escucha al Director del Centro Integrador Comunitario (CIC Nogoya) <strong>Dr. CLAUDIO DAVERIO<\/strong> decirle en dos oportunidades <strong>\u00abEN LA ESQUINA LO BAJAN\u00bb<\/strong>, por ende nunca deber\u00eda haber llegado al Hospital San Blas y es por eso que en el efector desconoc\u00edan del procedimiento.<\/p>\n\n\n\n<figure class=\"wp-block-video aligncenter\"><video controls src=\"http:\/\/www.delexodo.com.ar\/wp-content\/uploads\/2020\/05\/ENLAESQUINALOBAJAN.mp4\"><\/video><\/figure>\n\n\n\n<p>En horas de la noche y en un programa televisivo local, el <strong>Lic. HERNAN ASTUDILLA<\/strong> quien hoy se encuentra a cargo del \u00e1rea de prensa del Hospital San Blas, cont\u00f3 algunos de los detalles de c\u00f3mo se dio el arribo del supuesto infectado y lo que desencaden\u00f3 en el personal del nosocomio, quienes tomaron el procedimiento de tal manera como si fuera realidad ya que todos desconoc\u00edan, incluyendo el director, de que se trataba de un \u201csimulacro\u201d.<\/p>\n\n\n\n<figure class=\"wp-block-image\"><img loading=\"lazy\" decoding=\"async\" width=\"698\" height=\"402\" src=\"http:\/\/www.delexodo.com.ar\/wp-content\/uploads\/2020\/05\/ASTUDILLA-CANAL4.png\" alt=\"\" class=\"wp-image-6290\" srcset=\"https:\/\/www.delexodo.com.ar\/wp-content\/uploads\/2020\/05\/ASTUDILLA-CANAL4.png 698w, https:\/\/www.delexodo.com.ar\/wp-content\/uploads\/2020\/05\/ASTUDILLA-CANAL4-300x173.png 300w\" sizes=\"auto, (max-width: 698px) 100vw, 698px\" \/><\/figure>\n\n\n\n<p><strong>EL SUPUESTO PACIENTE\nCONT\u00d3 QUE \u00abTODO ERA UN SIMULACRO\u00bb<\/strong><\/p>\n\n\n\n<p>El supuesto paciente con s\u00edntomas Covid 19 fue trasladado hasta\nel hospital por una ambulancia del servicio de Salud municipal, activando el protocolo\nde ingreso ante estas situaciones y movilizando al neumonologo Rodriguez desde\nla localidad de Hernandez, donde reside, para atender el evento. Al ver tanto\nmovimiento y previo a la realizaci\u00f3n de un hisopado, el supuesto paciente,\ndeclar\u00f3 que era solo un simulacro y que <em>\u00abnada\nde lo que acababa de declarar era verdad\u00bb<\/em>, remarc\u00f3 Astudilla.<\/p>\n\n\n\n<div class=\"wp-block-image\"><figure class=\"aligncenter\"><img loading=\"lazy\" decoding=\"async\" width=\"450\" height=\"435\" src=\"http:\/\/www.delexodo.com.ar\/wp-content\/uploads\/2020\/05\/SIMULACRO3.png\" alt=\"\" class=\"wp-image-6288\" srcset=\"https:\/\/www.delexodo.com.ar\/wp-content\/uploads\/2020\/05\/SIMULACRO3.png 450w, https:\/\/www.delexodo.com.ar\/wp-content\/uploads\/2020\/05\/SIMULACRO3-300x290.png 300w\" sizes=\"auto, (max-width: 450px) 100vw, 450px\" \/><\/figure><\/div>\n\n\n\n<p>Al llegar el m\u00e9dico al hospital, se encontr\u00f3 con tal situaci\u00f3n y avis\u00f3 inmediatamente al director del nosocomio, JAVIER ASCUA, qui\u00e9n se sorprendi\u00f3 por tal situaci\u00f3n y se gener\u00f3 el repudio ante lo ocurrido, tal as\u00ed que mencion\u00f3 que la ministra de salud, Sonia Vel\u00e1zquez ya est\u00e1 al tanto de dicha situaci\u00f3n.<\/p>\n\n\n\n<p>\u00bfDesorganizaci\u00f3n u olvido? \u00bfQue fue lo que pas\u00f3 que el Comit\u00e9 de Emergencia Sanitaria Local no conoc\u00eda de este procedimiento de simulacro? \u00bfResponsabilidades compartidas? \u00bfDeber\u00edan los actores de este hecho afrontar las responsabilidades por lo que se gener\u00f3? \u00bfLa Sibila comunic\u00f3 de esto o solo qued\u00f3 en un aviso de red social?<\/p>\n\n\n\n<figure class=\"wp-block-image\"><img loading=\"lazy\" decoding=\"async\" width=\"642\" height=\"1024\" src=\"http:\/\/www.delexodo.com.ar\/wp-content\/uploads\/2020\/05\/SIBILA-SIMULACRO-COVID-642x1024.jpeg\" alt=\"\" class=\"wp-image-6287\" srcset=\"https:\/\/www.delexodo.com.ar\/wp-content\/uploads\/2020\/05\/SIBILA-SIMULACRO-COVID-642x1024.jpeg 642w, https:\/\/www.delexodo.com.ar\/wp-content\/uploads\/2020\/05\/SIBILA-SIMULACRO-COVID-188x300.jpeg 188w, https:\/\/www.delexodo.com.ar\/wp-content\/uploads\/2020\/05\/SIBILA-SIMULACRO-COVID-768x1226.jpeg 768w, https:\/\/www.delexodo.com.ar\/wp-content\/uploads\/2020\/05\/SIBILA-SIMULACRO-COVID.jpeg 802w\" sizes=\"auto, (max-width: 642px) 100vw, 642px\" \/><\/figure>\n\n\n\n<p>Si hay algo que debemos rescatar es que la ciudad en verdad est\u00e1 preparada al menos, para seguir el protocolo ante la aparici\u00f3n de un caso de Covid19 ya que el mismo funcion\u00f3 a la perfecci\u00f3n, aunque siempre hay un pero y uno se pregunta si en medio de un siniestro a alguien se le ocurrir\u00eda hacer un \u00absimulacro\u00bb de otro siniestro y si igual decidieran hacerlo, los actores involucrados deber\u00edan saberlo.<\/p>\n","protected":false},"excerpt":{"rendered":"<p>La empresa \u201cLa Sibila\u201d de Nogoy\u00e1, realiz\u00f3 un simulacro de traslado de un supuesto paciente con Covid 19 pero seg\u00fan&hellip;<\/p>\n","protected":false},"author":1,"featured_media":6291,"comment_status":"open","ping_status":"open","sticky":false,"template":"","format":"standard","meta":{"_joinchat":[],"footnotes":""},"categories":[65,1,69],"tags":[345],"class_list":["post-6286","post","type-post","status-publish","format-standard","has-post-thumbnail","hentry","category-destacados","category-sincategoria","category-noticias","tag-destacar"],"yoast_head":"<!-- This site is optimized with the Yoast SEO plugin v25.1 - https:\/\/yoast.com\/wordpress\/plugins\/seo\/ -->\n<title>\u00bfSE FRACTUR\u00d3 EL COES LOCAL? UNA GRIETA MAS - Del \u00c9xodo Nogoy\u00e1<\/title>\n<meta name=\"robots\" content=\"index, follow, max-snippet:-1, max-image-preview:large, max-video-preview:-1\" \/>\n<link rel=\"canonical\" href=\"https:\/\/www.delexodo.com.ar\/?p=6286\" \/>\n<meta property=\"og:locale\" content=\"es_ES\" \/>\n<meta property=\"og:type\" content=\"article\" \/>\n<meta property=\"og:title\" content=\"\u00bfSE FRACTUR\u00d3 EL COES LOCAL? UNA GRIETA MAS - Del \u00c9xodo Nogoy\u00e1\" \/>\n<meta property=\"og:description\" content=\"La empresa \u201cLa Sibila\u201d de Nogoy\u00e1, realiz\u00f3 un simulacro de traslado de un supuesto paciente con Covid 19 pero seg\u00fan&hellip;\" \/>\n<meta property=\"og:url\" content=\"https:\/\/www.delexodo.com.ar\/?p=6286\" \/>\n<meta property=\"og:site_name\" content=\"Del \u00c9xodo Nogoy\u00e1\" \/>\n<meta property=\"article:published_time\" content=\"2020-05-14T02:38:42+00:00\" \/>\n<meta property=\"article:modified_time\" content=\"2020-05-14T03:17:51+00:00\" \/>\n<meta property=\"og:image\" content=\"https:\/\/www.delexodo.com.ar\/wp-content\/uploads\/2020\/05\/SIMULACRO1.png\" \/>\n\t<meta property=\"og:image:width\" content=\"447\" \/>\n\t<meta property=\"og:image:height\" content=\"413\" \/>\n\t<meta property=\"og:image:type\" content=\"image\/png\" \/>\n<meta name=\"author\" content=\"admin\" \/>\n<meta name=\"twitter:card\" content=\"summary_large_image\" \/>\n<meta name=\"twitter:label1\" content=\"Escrito por\" \/>\n\t<meta name=\"twitter:data1\" content=\"admin\" \/>\n\t<meta name=\"twitter:label2\" content=\"Tiempo de lectura\" \/>\n\t<meta name=\"twitter:data2\" content=\"3 minutos\" \/>\n<script type=\"application\/ld+json\" class=\"yoast-schema-graph\">{\"@context\":\"https:\/\/schema.org\",\"@graph\":[{\"@type\":\"Article\",\"@id\":\"https:\/\/www.delexodo.com.ar\/?p=6286#article\",\"isPartOf\":{\"@id\":\"https:\/\/www.delexodo.com.ar\/?p=6286\"},\"author\":{\"name\":\"admin\",\"@id\":\"https:\/\/www.delexodo.com.ar\/#\/schema\/person\/bbed37f7da8e938660b34f2013ba449d\"},\"headline\":\"\u00bfSE FRACTUR\u00d3 EL COES LOCAL? UNA GRIETA MAS\",\"datePublished\":\"2020-05-14T02:38:42+00:00\",\"dateModified\":\"2020-05-14T03:17:51+00:00\",\"mainEntityOfPage\":{\"@id\":\"https:\/\/www.delexodo.com.ar\/?p=6286\"},\"wordCount\":585,\"commentCount\":0,\"publisher\":{\"@id\":\"https:\/\/www.delexodo.com.ar\/#organization\"},\"image\":{\"@id\":\"https:\/\/www.delexodo.com.ar\/?p=6286#primaryimage\"},\"thumbnailUrl\":\"https:\/\/www.delexodo.com.ar\/wp-content\/uploads\/2020\/05\/SIMULACRO1.png\",\"keywords\":[\"destacar\"],\"articleSection\":[\"Destacados\",\"Nogoya\",\"NOTICIAS\"],\"inLanguage\":\"es\",\"potentialAction\":[{\"@type\":\"CommentAction\",\"name\":\"Comment\",\"target\":[\"https:\/\/www.delexodo.com.ar\/?p=6286#respond\"]}]},{\"@type\":\"WebPage\",\"@id\":\"https:\/\/www.delexodo.com.ar\/?p=6286\",\"url\":\"https:\/\/www.delexodo.com.ar\/?p=6286\",\"name\":\"\u00bfSE FRACTUR\u00d3 EL COES LOCAL? UNA GRIETA MAS - Del \u00c9xodo Nogoy\u00e1\",\"isPartOf\":{\"@id\":\"https:\/\/www.delexodo.com.ar\/#website\"},\"primaryImageOfPage\":{\"@id\":\"https:\/\/www.delexodo.com.ar\/?p=6286#primaryimage\"},\"image\":{\"@id\":\"https:\/\/www.delexodo.com.ar\/?p=6286#primaryimage\"},\"thumbnailUrl\":\"https:\/\/www.delexodo.com.ar\/wp-content\/uploads\/2020\/05\/SIMULACRO1.png\",\"datePublished\":\"2020-05-14T02:38:42+00:00\",\"dateModified\":\"2020-05-14T03:17:51+00:00\",\"breadcrumb\":{\"@id\":\"https:\/\/www.delexodo.com.ar\/?p=6286#breadcrumb\"},\"inLanguage\":\"es\",\"potentialAction\":[{\"@type\":\"ReadAction\",\"target\":[\"https:\/\/www.delexodo.com.ar\/?p=6286\"]}]},{\"@type\":\"ImageObject\",\"inLanguage\":\"es\",\"@id\":\"https:\/\/www.delexodo.com.ar\/?p=6286#primaryimage\",\"url\":\"https:\/\/www.delexodo.com.ar\/wp-content\/uploads\/2020\/05\/SIMULACRO1.png\",\"contentUrl\":\"https:\/\/www.delexodo.com.ar\/wp-content\/uploads\/2020\/05\/SIMULACRO1.png\",\"width\":447,\"height\":413},{\"@type\":\"BreadcrumbList\",\"@id\":\"https:\/\/www.delexodo.com.ar\/?p=6286#breadcrumb\",\"itemListElement\":[{\"@type\":\"ListItem\",\"position\":1,\"name\":\"Portada\",\"item\":\"https:\/\/www.delexodo.com.ar\/\"},{\"@type\":\"ListItem\",\"position\":2,\"name\":\"\u00bfSE FRACTUR\u00d3 EL COES LOCAL? UNA GRIETA MAS\"}]},{\"@type\":\"WebSite\",\"@id\":\"https:\/\/www.delexodo.com.ar\/#website\",\"url\":\"https:\/\/www.delexodo.com.ar\/\",\"name\":\"Del \u00c9xodo Nogoy\u00e1\",\"description\":\"El Portal de Noticias de la Regi\u00f3n\",\"publisher\":{\"@id\":\"https:\/\/www.delexodo.com.ar\/#organization\"},\"potentialAction\":[{\"@type\":\"SearchAction\",\"target\":{\"@type\":\"EntryPoint\",\"urlTemplate\":\"https:\/\/www.delexodo.com.ar\/?s={search_term_string}\"},\"query-input\":{\"@type\":\"PropertyValueSpecification\",\"valueRequired\":true,\"valueName\":\"search_term_string\"}}],\"inLanguage\":\"es\"},{\"@type\":\"Organization\",\"@id\":\"https:\/\/www.delexodo.com.ar\/#organization\",\"name\":\"Del \u00c9xodo Nogoy\u00e1\",\"url\":\"https:\/\/www.delexodo.com.ar\/\",\"logo\":{\"@type\":\"ImageObject\",\"inLanguage\":\"es\",\"@id\":\"https:\/\/www.delexodo.com.ar\/#\/schema\/logo\/image\/\",\"url\":\"https:\/\/www.delexodo.com.ar\/wp-content\/uploads\/2024\/10\/cropped-cropped-LOGO24.png\",\"contentUrl\":\"https:\/\/www.delexodo.com.ar\/wp-content\/uploads\/2024\/10\/cropped-cropped-LOGO24.png\",\"width\":512,\"height\":349,\"caption\":\"Del \u00c9xodo Nogoy\u00e1\"},\"image\":{\"@id\":\"https:\/\/www.delexodo.com.ar\/#\/schema\/logo\/image\/\"}},{\"@type\":\"Person\",\"@id\":\"https:\/\/www.delexodo.com.ar\/#\/schema\/person\/bbed37f7da8e938660b34f2013ba449d\",\"name\":\"admin\",\"image\":{\"@type\":\"ImageObject\",\"inLanguage\":\"es\",\"@id\":\"https:\/\/www.delexodo.com.ar\/#\/schema\/person\/image\/\",\"url\":\"https:\/\/secure.gravatar.com\/avatar\/6b1558d1b6df085f1901bd5bd98523d7?s=96&d=mm&r=g\",\"contentUrl\":\"https:\/\/secure.gravatar.com\/avatar\/6b1558d1b6df085f1901bd5bd98523d7?s=96&d=mm&r=g\",\"caption\":\"admin\"},\"url\":\"https:\/\/www.delexodo.com.ar\/?author=1\"}]}<\/script>\n<!-- \/ Yoast SEO plugin. -->","yoast_head_json":{"title":"\u00bfSE FRACTUR\u00d3 EL COES LOCAL? UNA GRIETA MAS - Del \u00c9xodo Nogoy\u00e1","robots":{"index":"index","follow":"follow","max-snippet":"max-snippet:-1","max-image-preview":"max-image-preview:large","max-video-preview":"max-video-preview:-1"},"canonical":"https:\/\/www.delexodo.com.ar\/?p=6286","og_locale":"es_ES","og_type":"article","og_title":"\u00bfSE FRACTUR\u00d3 EL COES LOCAL? UNA GRIETA MAS - Del \u00c9xodo Nogoy\u00e1","og_description":"La empresa \u201cLa Sibila\u201d de Nogoy\u00e1, realiz\u00f3 un simulacro de traslado de un supuesto paciente con Covid 19 pero seg\u00fan&hellip;","og_url":"https:\/\/www.delexodo.com.ar\/?p=6286","og_site_name":"Del \u00c9xodo Nogoy\u00e1","article_published_time":"2020-05-14T02:38:42+00:00","article_modified_time":"2020-05-14T03:17:51+00:00","og_image":[{"width":447,"height":413,"url":"https:\/\/www.delexodo.com.ar\/wp-content\/uploads\/2020\/05\/SIMULACRO1.png","type":"image\/png"}],"author":"admin","twitter_card":"summary_large_image","twitter_misc":{"Escrito por":"admin","Tiempo de lectura":"3 minutos"},"schema":{"@context":"https:\/\/schema.org","@graph":[{"@type":"Article","@id":"https:\/\/www.delexodo.com.ar\/?p=6286#article","isPartOf":{"@id":"https:\/\/www.delexodo.com.ar\/?p=6286"},"author":{"name":"admin","@id":"https:\/\/www.delexodo.com.ar\/#\/schema\/person\/bbed37f7da8e938660b34f2013ba449d"},"headline":"\u00bfSE FRACTUR\u00d3 EL COES LOCAL? UNA GRIETA MAS","datePublished":"2020-05-14T02:38:42+00:00","dateModified":"2020-05-14T03:17:51+00:00","mainEntityOfPage":{"@id":"https:\/\/www.delexodo.com.ar\/?p=6286"},"wordCount":585,"commentCount":0,"publisher":{"@id":"https:\/\/www.delexodo.com.ar\/#organization"},"image":{"@id":"https:\/\/www.delexodo.com.ar\/?p=6286#primaryimage"},"thumbnailUrl":"https:\/\/www.delexodo.com.ar\/wp-content\/uploads\/2020\/05\/SIMULACRO1.png","keywords":["destacar"],"articleSection":["Destacados","Nogoya","NOTICIAS"],"inLanguage":"es","potentialAction":[{"@type":"CommentAction","name":"Comment","target":["https:\/\/www.delexodo.com.ar\/?p=6286#respond"]}]},{"@type":"WebPage","@id":"https:\/\/www.delexodo.com.ar\/?p=6286","url":"https:\/\/www.delexodo.com.ar\/?p=6286","name":"\u00bfSE FRACTUR\u00d3 EL COES LOCAL? UNA GRIETA MAS - Del \u00c9xodo Nogoy\u00e1","isPartOf":{"@id":"https:\/\/www.delexodo.com.ar\/#website"},"primaryImageOfPage":{"@id":"https:\/\/www.delexodo.com.ar\/?p=6286#primaryimage"},"image":{"@id":"https:\/\/www.delexodo.com.ar\/?p=6286#primaryimage"},"thumbnailUrl":"https:\/\/www.delexodo.com.ar\/wp-content\/uploads\/2020\/05\/SIMULACRO1.png","datePublished":"2020-05-14T02:38:42+00:00","dateModified":"2020-05-14T03:17:51+00:00","breadcrumb":{"@id":"https:\/\/www.delexodo.com.ar\/?p=6286#breadcrumb"},"inLanguage":"es","potentialAction":[{"@type":"ReadAction","target":["https:\/\/www.delexodo.com.ar\/?p=6286"]}]},{"@type":"ImageObject","inLanguage":"es","@id":"https:\/\/www.delexodo.com.ar\/?p=6286#primaryimage","url":"https:\/\/www.delexodo.com.ar\/wp-content\/uploads\/2020\/05\/SIMULACRO1.png","contentUrl":"https:\/\/www.delexodo.com.ar\/wp-content\/uploads\/2020\/05\/SIMULACRO1.png","width":447,"height":413},{"@type":"BreadcrumbList","@id":"https:\/\/www.delexodo.com.ar\/?p=6286#breadcrumb","itemListElement":[{"@type":"ListItem","position":1,"name":"Portada","item":"https:\/\/www.delexodo.com.ar\/"},{"@type":"ListItem","position":2,"name":"\u00bfSE FRACTUR\u00d3 EL COES LOCAL? UNA GRIETA MAS"}]},{"@type":"WebSite","@id":"https:\/\/www.delexodo.com.ar\/#website","url":"https:\/\/www.delexodo.com.ar\/","name":"Del \u00c9xodo Nogoy\u00e1","description":"El Portal de Noticias de la Regi\u00f3n","publisher":{"@id":"https:\/\/www.delexodo.com.ar\/#organization"},"potentialAction":[{"@type":"SearchAction","target":{"@type":"EntryPoint","urlTemplate":"https:\/\/www.delexodo.com.ar\/?s={search_term_string}"},"query-input":{"@type":"PropertyValueSpecification","valueRequired":true,"valueName":"search_term_string"}}],"inLanguage":"es"},{"@type":"Organization","@id":"https:\/\/www.delexodo.com.ar\/#organization","name":"Del \u00c9xodo Nogoy\u00e1","url":"https:\/\/www.delexodo.com.ar\/","logo":{"@type":"ImageObject","inLanguage":"es","@id":"https:\/\/www.delexodo.com.ar\/#\/schema\/logo\/image\/","url":"https:\/\/www.delexodo.com.ar\/wp-content\/uploads\/2024\/10\/cropped-cropped-LOGO24.png","contentUrl":"https:\/\/www.delexodo.com.ar\/wp-content\/uploads\/2024\/10\/cropped-cropped-LOGO24.png","width":512,"height":349,"caption":"Del \u00c9xodo Nogoy\u00e1"},"image":{"@id":"https:\/\/www.delexodo.com.ar\/#\/schema\/logo\/image\/"}},{"@type":"Person","@id":"https:\/\/www.delexodo.com.ar\/#\/schema\/person\/bbed37f7da8e938660b34f2013ba449d","name":"admin","image":{"@type":"ImageObject","inLanguage":"es","@id":"https:\/\/www.delexodo.com.ar\/#\/schema\/person\/image\/","url":"https:\/\/secure.gravatar.com\/avatar\/6b1558d1b6df085f1901bd5bd98523d7?s=96&d=mm&r=g","contentUrl":"https:\/\/secure.gravatar.com\/avatar\/6b1558d1b6df085f1901bd5bd98523d7?s=96&d=mm&r=g","caption":"admin"},"url":"https:\/\/www.delexodo.com.ar\/?author=1"}]}},"_links":{"self":[{"href":"https:\/\/www.delexodo.com.ar\/index.php?rest_route=\/wp\/v2\/posts\/6286","targetHints":{"allow":["GET"]}}],"collection":[{"href":"https:\/\/www.delexodo.com.ar\/index.php?rest_route=\/wp\/v2\/posts"}],"about":[{"href":"https:\/\/www.delexodo.com.ar\/index.php?rest_route=\/wp\/v2\/types\/post"}],"author":[{"embeddable":true,"href":"https:\/\/www.delexodo.com.ar\/index.php?rest_route=\/wp\/v2\/users\/1"}],"replies":[{"embeddable":true,"href":"https:\/\/www.delexodo.com.ar\/index.php?rest_route=%2Fwp%2Fv2%2Fcomments&post=6286"}],"version-history":[{"count":0,"href":"https:\/\/www.delexodo.com.ar\/index.php?rest_route=\/wp\/v2\/posts\/6286\/revisions"}],"wp:featuredmedia":[{"embeddable":true,"href":"https:\/\/www.delexodo.com.ar\/index.php?rest_route=\/wp\/v2\/media\/6291"}],"wp:attachment":[{"href":"https:\/\/www.delexodo.com.ar\/index.php?rest_route=%2Fwp%2Fv2%2Fmedia&parent=6286"}],"wp:term":[{"taxonomy":"category","embeddable":true,"href":"https:\/\/www.delexodo.com.ar\/index.php?rest_route=%2Fwp%2Fv2%2Fcategories&post=6286"},{"taxonomy":"post_tag","embeddable":true,"href":"https:\/\/www.delexodo.com.ar\/index.php?rest_route=%2Fwp%2Fv2%2Ftags&post=6286"}],"curies":[{"name":"wp","href":"https:\/\/api.w.org\/{rel}","templated":true}]}}