{"id":6279,"date":"2020-05-12T22:36:13","date_gmt":"2020-05-13T01:36:13","guid":{"rendered":"http:\/\/www.delexodo.com.ar\/?p=6279"},"modified":"2020-05-12T22:52:50","modified_gmt":"2020-05-13T01:52:50","slug":"la-sociedad-rural-de-nogoya-le-respondio-al-funcionario-de-vialidad","status":"publish","type":"post","link":"https:\/\/www.delexodo.com.ar\/?p=6279","title":{"rendered":"LA SOCIEDAD RURAL DE NOGOYA LE RESPONDI\u00d3 AL FUNCIONARIO DE VIALIDAD"},"content":{"rendered":"\n<p><strong>DE ESTE SE\u00d1OR NO LE PUEDO HABLAR NI BIEN, NI\nMAL, ME DA PENA Y ADEMAS ME TIENE DESCUIDADO\u2026<\/strong> con esta frase, una de las tantas que dej\u00f3 la\nentrevista a <strong>Ra\u00fal Martinez<\/strong>,\npresidente de la <strong>Sociedad Rural de\nNogoya<\/strong>, mostr\u00f3 la imagen de lo que le resultaron los comentarios del ex\nlegislador y actual funcionario de Vialidad Nacional quien pretende, finalizada\nla cuarentena, realizar una campa\u00f1a para expropiar el predio de la SR local\ntras el reclamo que esta realizara por el estado de los caminos rurales.<\/p>\n\n\n\n<figure class=\"wp-block-embed-youtube wp-block-embed is-type-video is-provider-youtube wp-embed-aspect-16-9 wp-has-aspect-ratio\"><div class=\"wp-block-embed__wrapper\">\n<iframe loading=\"lazy\" title=\"#AIRE #MxV - Pte. Sociedad Rural de Nogoya RAUL MARTINEZ\" width=\"500\" height=\"281\" src=\"https:\/\/www.youtube.com\/embed\/vDjKYhPKPo4?feature=oembed\" frameborder=\"0\" allow=\"accelerometer; autoplay; clipboard-write; encrypted-media; gyroscope; picture-in-picture; web-share\" referrerpolicy=\"strict-origin-when-cross-origin\" allowfullscreen><\/iframe>\n<\/div><\/figure>\n\n\n\n<p>El\nruralista se mostr\u00f3 un poco sorprendido y otro poco dolido por lo que \u00e9l\nconsidera una falta de respeto en los dichos que tuvo Koch al manifestarse por\nel reclamo realizado por los ruralistas locales.<\/p>\n\n\n\n<p><strong><em>LO QUE DIJO D.A. KOCH<\/em><\/strong><\/p>\n\n\n\n<p><strong><em>\u00abQue venga un\nchacarero y me diga que los caminos son un desastre tiene raz\u00f3n, ahora que\nvenga la Sociedad Rural, una entidad que no sirve para nada m\u00e1s que para\nalgunos pol\u00edticos lleguen a la pol\u00edtica porque de motus propio no pueden\nacceder, y quiera disolver una instituci\u00f3n que cre\u00f3 el General Per\u00f3n no se lo\nvoy a permitir. Son unos atrevidos\u00bb, <\/em><\/strong><strong>dijo el ex diputado\nprovincial peronista<\/strong>.\n<\/p>\n\n\n\n<p>Nos permitimos\nhacerle saber al funcionario que Vialidad Nacional no fue creada por el General\nJuan Domingo Per\u00f3n sino que naci\u00f3 con la Ley 11.658, bajo la presidencia del\ngeneral Agust\u00edn Pedro Justo, por Justiniano Allende Posse en 1932.<\/p>\n\n\n\n<p>Los dichos\ndel jefe de distrito de la provincia, Daniel Antonio Koch, en declaraciones radiales,\nmanifestaban la propuesta de que los terrenos, propiedad de la SRN se destinen\na la construcci\u00f3n de viviendas, y que iba a juntar firmas de los residentes\npara que apoyen dicha iniciativa.<\/p>\n\n\n\n<p><strong><em>\u00abVamos a pedir la\nexpropiaci\u00f3n de la Rural, frente al polideportivo para viviendas sociales. Ya\nque nos quieren disolver, vamos a plantear prioridades\u00bb<\/em><\/strong>, lo que fue una clara respuesta\nconcreta al pedido que hab\u00edan hecho los productores al gobernador.<\/p>\n\n\n\n<p>En la\nma\u00f1ana de la 88.5 Martinez se mostr\u00f3 compungido por la situaci\u00f3n que esta\natravesando en general el sector rural, particularmente el del departamento\nNogoya que desde hace mucho tiempo viene reclamando por una respuesta de\nsoluci\u00f3n a los caminos de la producci\u00f3n, esenciales no solo para el trabajo\nrural sino para el desarrollo y movimiento de las familias del campo.<\/p>\n\n\n\n<h4 class=\"wp-block-heading\"><a href=\"http:\/\/www.delexodo.com.ar\/a-las-pruebas-se-remiten-piden-la-disolucion-de-la-direccion-de-vialidad-de-la-provincia\/\" target=\"_blank\" rel=\"noreferrer noopener\" aria-label=\"A LAS PRUEBAS SE REMITEN. PIDEN LA DISOLUCI\u00d3N DE LA DIRECCI\u00d3N DE VIALIDAD DE LA PROVINCIA (abre en una nueva pesta\u00f1a)\">A LAS PRUEBAS SE REMITEN. PIDEN LA DISOLUCI\u00d3N DE LA DIRECCI\u00d3N DE VIALIDAD DE LA PROVINCIA<\/a><\/h4>\n\n\n\n<p>Martinez\nconsider\u00f3 que quiz\u00e1s la idea de disoluci\u00f3n de vialidad fue un poco loca tambi\u00e9n,\n<em>\u201cpero es como el ultimo manot\u00f3n porque\nperdimos la esperanza de que nos solucionen los caminos nuestra vialidad\nprovincial, yo le puedo hablar de 60 o 65 a\u00f1os que tenemos el mismo proble, la\nm\u00fasica es la misma y siempre con las desilusiones la gente de campo, tragando\nbronca y rezando padre nuestro sobre vialidad provincial porque no nos\narreglaban los caminos\u201d<\/em>. <\/p>\n\n\n\n<div class=\"wp-block-image\"><figure class=\"aligncenter\"><img loading=\"lazy\" decoding=\"async\" width=\"724\" height=\"1024\" src=\"http:\/\/www.delexodo.com.ar\/wp-content\/uploads\/2020\/05\/SOC-RURAL-NOGOYA-RECLAMO-724x1024.jpg\" alt=\"\" class=\"wp-image-6220\" srcset=\"https:\/\/www.delexodo.com.ar\/wp-content\/uploads\/2020\/05\/SOC-RURAL-NOGOYA-RECLAMO-724x1024.jpg 724w, https:\/\/www.delexodo.com.ar\/wp-content\/uploads\/2020\/05\/SOC-RURAL-NOGOYA-RECLAMO-212x300.jpg 212w, https:\/\/www.delexodo.com.ar\/wp-content\/uploads\/2020\/05\/SOC-RURAL-NOGOYA-RECLAMO-768x1086.jpg 768w, https:\/\/www.delexodo.com.ar\/wp-content\/uploads\/2020\/05\/SOC-RURAL-NOGOYA-RECLAMO.jpg 1240w\" sizes=\"auto, (max-width: 724px) 100vw, 724px\" \/><\/figure><\/div>\n\n\n\n<p><em>\u00abHace una semana le pedimos a trav\u00e9s de\nuna carta p\u00fablica que nos solucione un problema que arrastramos de d\u00e9cadas que\nes el estado de nuestros caminos y del cual ya hemos perdido las esperanzas,\nporque vemos que no hay inter\u00e9s en solucionarlo, por eso la SRN pide a trav\u00e9s\nde mi persona pide que le arreglen los caminos, pero siempre dirigi\u00e9ndonos con\nrespeto &nbsp;que me parece que es lo primero\nque no debemos perder es el respeto hacia los dem\u00e1s\u00bb<\/em>, agrego Martinez<\/p>\n\n\n\n<p><em>\u201cCreo que este se\u00f1or (por Koch) no merece una\nrespuesta de nuestra parte, adem\u00e1s nuestro problema no es este se\u00f1or, nuestro\nproblema es que no tenemos caminos y que queremos que lo solucionen porque\nestamos privados de entrar o salir\u201d<\/em><\/p>\n\n\n\n<p><em>\u201cDebe haber sido al \u00fanico que le interes\u00f3, este se\u00f1or que propuso en expropiar la sede de la SR es la \u00fanica noticia que hemos tenido, seguramente habr\u00e1 sido al \u00fanico que le interes\u00f3\u00bb<\/em><\/p>\n\n\n\n<p><em>\u201cMe preocupan actitudes como esta porque la\nasocio a intenciones de otros tiempo de querer quedarse con empresas, con\nterrenos, vulnerando todos los derechos de la gente\u00bb<\/em>, remarc\u00f3.<\/p>\n\n\n\n<p><em>\u00abno sabemos c\u00f3mo van a seguir las cosas,\nsi es necesario lo vamos a hacer porque somos una entidad de muchos anos y que\nsolo quiere defender los intereses de los productores y que incluso est\u00e1 al\nservicio de la comunidad porque el sal\u00f3n de conferencias, eventos sociales, el\npredio para la expo que todos los a\u00f1os se le damos en forma gratuita a la\nMunicipalidad para que organice la Fiesta Provincial de de la Leche , una de\nlas celebraciones m\u00e1s importante\u00bb<\/em> remarc\u00f3&nbsp;\nMartinez en cuanto a algunas de las actividades que realiza la\ninstituci\u00f3n que no cuenta con fondos importantes para sustentarse mas que el\naporte del sector.<\/p>\n","protected":false},"excerpt":{"rendered":"<p>DE ESTE SE\u00d1OR NO LE PUEDO HABLAR NI BIEN, NI MAL, ME DA PENA Y ADEMAS ME TIENE DESCUIDADO\u2026 con&hellip;<\/p>\n","protected":false},"author":1,"featured_media":6280,"comment_status":"open","ping_status":"open","sticky":false,"template":"","format":"standard","meta":{"_joinchat":[],"footnotes":""},"categories":[65,351,1,69,349],"tags":[345],"class_list":["post-6279","post","type-post","status-publish","format-standard","has-post-thumbnail","hentry","category-destacados","category-el-campo","category-sincategoria","category-noticias","category-politica","tag-destacar"],"yoast_head":"<!-- This site is optimized with the Yoast SEO plugin v25.1 - https:\/\/yoast.com\/wordpress\/plugins\/seo\/ -->\n<title>LA SOCIEDAD RURAL DE NOGOYA LE RESPONDI\u00d3 AL FUNCIONARIO DE VIALIDAD - Del \u00c9xodo Nogoy\u00e1<\/title>\n<meta name=\"robots\" content=\"index, follow, max-snippet:-1, max-image-preview:large, max-video-preview:-1\" \/>\n<link rel=\"canonical\" href=\"https:\/\/www.delexodo.com.ar\/?p=6279\" \/>\n<meta property=\"og:locale\" content=\"es_ES\" \/>\n<meta property=\"og:type\" content=\"article\" \/>\n<meta property=\"og:title\" content=\"LA SOCIEDAD RURAL DE NOGOYA LE RESPONDI\u00d3 AL FUNCIONARIO DE VIALIDAD - Del \u00c9xodo Nogoy\u00e1\" \/>\n<meta property=\"og:description\" content=\"DE ESTE SE\u00d1OR NO LE PUEDO HABLAR NI BIEN, NI MAL, ME DA PENA Y ADEMAS ME TIENE DESCUIDADO\u2026 con&hellip;\" \/>\n<meta property=\"og:url\" content=\"https:\/\/www.delexodo.com.ar\/?p=6279\" \/>\n<meta property=\"og:site_name\" content=\"Del \u00c9xodo Nogoy\u00e1\" \/>\n<meta property=\"article:published_time\" content=\"2020-05-13T01:36:13+00:00\" \/>\n<meta property=\"article:modified_time\" content=\"2020-05-13T01:52:50+00:00\" \/>\n<meta property=\"og:image\" content=\"https:\/\/www.delexodo.com.ar\/wp-content\/uploads\/2020\/05\/RAUL-MARTINEZ-SRNOGOYA-e1589333827155.jpg\" \/>\n\t<meta property=\"og:image:width\" content=\"225\" \/>\n\t<meta property=\"og:image:height\" content=\"180\" \/>\n\t<meta property=\"og:image:type\" content=\"image\/jpeg\" \/>\n<meta name=\"author\" content=\"admin\" \/>\n<meta name=\"twitter:card\" content=\"summary_large_image\" \/>\n<meta name=\"twitter:label1\" content=\"Escrito por\" \/>\n\t<meta name=\"twitter:data1\" content=\"admin\" \/>\n\t<meta name=\"twitter:label2\" content=\"Tiempo de lectura\" \/>\n\t<meta name=\"twitter:data2\" content=\"4 minutos\" \/>\n<script type=\"application\/ld+json\" class=\"yoast-schema-graph\">{\"@context\":\"https:\/\/schema.org\",\"@graph\":[{\"@type\":\"Article\",\"@id\":\"https:\/\/www.delexodo.com.ar\/?p=6279#article\",\"isPartOf\":{\"@id\":\"https:\/\/www.delexodo.com.ar\/?p=6279\"},\"author\":{\"name\":\"admin\",\"@id\":\"https:\/\/www.delexodo.com.ar\/#\/schema\/person\/bbed37f7da8e938660b34f2013ba449d\"},\"headline\":\"LA SOCIEDAD RURAL DE NOGOYA LE RESPONDI\u00d3 AL FUNCIONARIO DE VIALIDAD\",\"datePublished\":\"2020-05-13T01:36:13+00:00\",\"dateModified\":\"2020-05-13T01:52:50+00:00\",\"mainEntityOfPage\":{\"@id\":\"https:\/\/www.delexodo.com.ar\/?p=6279\"},\"wordCount\":827,\"commentCount\":0,\"publisher\":{\"@id\":\"https:\/\/www.delexodo.com.ar\/#organization\"},\"image\":{\"@id\":\"https:\/\/www.delexodo.com.ar\/?p=6279#primaryimage\"},\"thumbnailUrl\":\"https:\/\/www.delexodo.com.ar\/wp-content\/uploads\/2020\/05\/RAUL-MARTINEZ-SRNOGOYA-e1589333827155.jpg\",\"keywords\":[\"destacar\"],\"articleSection\":[\"Destacados\",\"El Campo\",\"Nogoya\",\"NOTICIAS\",\"Politica\"],\"inLanguage\":\"es\",\"potentialAction\":[{\"@type\":\"CommentAction\",\"name\":\"Comment\",\"target\":[\"https:\/\/www.delexodo.com.ar\/?p=6279#respond\"]}]},{\"@type\":\"WebPage\",\"@id\":\"https:\/\/www.delexodo.com.ar\/?p=6279\",\"url\":\"https:\/\/www.delexodo.com.ar\/?p=6279\",\"name\":\"LA SOCIEDAD RURAL DE NOGOYA LE RESPONDI\u00d3 AL FUNCIONARIO DE VIALIDAD - Del \u00c9xodo Nogoy\u00e1\",\"isPartOf\":{\"@id\":\"https:\/\/www.delexodo.com.ar\/#website\"},\"primaryImageOfPage\":{\"@id\":\"https:\/\/www.delexodo.com.ar\/?p=6279#primaryimage\"},\"image\":{\"@id\":\"https:\/\/www.delexodo.com.ar\/?p=6279#primaryimage\"},\"thumbnailUrl\":\"https:\/\/www.delexodo.com.ar\/wp-content\/uploads\/2020\/05\/RAUL-MARTINEZ-SRNOGOYA-e1589333827155.jpg\",\"datePublished\":\"2020-05-13T01:36:13+00:00\",\"dateModified\":\"2020-05-13T01:52:50+00:00\",\"breadcrumb\":{\"@id\":\"https:\/\/www.delexodo.com.ar\/?p=6279#breadcrumb\"},\"inLanguage\":\"es\",\"potentialAction\":[{\"@type\":\"ReadAction\",\"target\":[\"https:\/\/www.delexodo.com.ar\/?p=6279\"]}]},{\"@type\":\"ImageObject\",\"inLanguage\":\"es\",\"@id\":\"https:\/\/www.delexodo.com.ar\/?p=6279#primaryimage\",\"url\":\"https:\/\/www.delexodo.com.ar\/wp-content\/uploads\/2020\/05\/RAUL-MARTINEZ-SRNOGOYA-e1589333827155.jpg\",\"contentUrl\":\"https:\/\/www.delexodo.com.ar\/wp-content\/uploads\/2020\/05\/RAUL-MARTINEZ-SRNOGOYA-e1589333827155.jpg\",\"width\":225,\"height\":180},{\"@type\":\"BreadcrumbList\",\"@id\":\"https:\/\/www.delexodo.com.ar\/?p=6279#breadcrumb\",\"itemListElement\":[{\"@type\":\"ListItem\",\"position\":1,\"name\":\"Portada\",\"item\":\"https:\/\/www.delexodo.com.ar\/\"},{\"@type\":\"ListItem\",\"position\":2,\"name\":\"LA SOCIEDAD RURAL DE NOGOYA LE RESPONDI\u00d3 AL FUNCIONARIO DE VIALIDAD\"}]},{\"@type\":\"WebSite\",\"@id\":\"https:\/\/www.delexodo.com.ar\/#website\",\"url\":\"https:\/\/www.delexodo.com.ar\/\",\"name\":\"Del \u00c9xodo Nogoy\u00e1\",\"description\":\"El Portal de Noticias de la Regi\u00f3n\",\"publisher\":{\"@id\":\"https:\/\/www.delexodo.com.ar\/#organization\"},\"potentialAction\":[{\"@type\":\"SearchAction\",\"target\":{\"@type\":\"EntryPoint\",\"urlTemplate\":\"https:\/\/www.delexodo.com.ar\/?s={search_term_string}\"},\"query-input\":{\"@type\":\"PropertyValueSpecification\",\"valueRequired\":true,\"valueName\":\"search_term_string\"}}],\"inLanguage\":\"es\"},{\"@type\":\"Organization\",\"@id\":\"https:\/\/www.delexodo.com.ar\/#organization\",\"name\":\"Del \u00c9xodo Nogoy\u00e1\",\"url\":\"https:\/\/www.delexodo.com.ar\/\",\"logo\":{\"@type\":\"ImageObject\",\"inLanguage\":\"es\",\"@id\":\"https:\/\/www.delexodo.com.ar\/#\/schema\/logo\/image\/\",\"url\":\"https:\/\/www.delexodo.com.ar\/wp-content\/uploads\/2024\/10\/cropped-cropped-LOGO24.png\",\"contentUrl\":\"https:\/\/www.delexodo.com.ar\/wp-content\/uploads\/2024\/10\/cropped-cropped-LOGO24.png\",\"width\":512,\"height\":349,\"caption\":\"Del \u00c9xodo Nogoy\u00e1\"},\"image\":{\"@id\":\"https:\/\/www.delexodo.com.ar\/#\/schema\/logo\/image\/\"}},{\"@type\":\"Person\",\"@id\":\"https:\/\/www.delexodo.com.ar\/#\/schema\/person\/bbed37f7da8e938660b34f2013ba449d\",\"name\":\"admin\",\"image\":{\"@type\":\"ImageObject\",\"inLanguage\":\"es\",\"@id\":\"https:\/\/www.delexodo.com.ar\/#\/schema\/person\/image\/\",\"url\":\"https:\/\/secure.gravatar.com\/avatar\/6b1558d1b6df085f1901bd5bd98523d7?s=96&d=mm&r=g\",\"contentUrl\":\"https:\/\/secure.gravatar.com\/avatar\/6b1558d1b6df085f1901bd5bd98523d7?s=96&d=mm&r=g\",\"caption\":\"admin\"},\"url\":\"https:\/\/www.delexodo.com.ar\/?author=1\"}]}<\/script>\n<!-- \/ Yoast SEO plugin. -->","yoast_head_json":{"title":"LA SOCIEDAD RURAL DE NOGOYA LE RESPONDI\u00d3 AL FUNCIONARIO DE VIALIDAD - Del \u00c9xodo Nogoy\u00e1","robots":{"index":"index","follow":"follow","max-snippet":"max-snippet:-1","max-image-preview":"max-image-preview:large","max-video-preview":"max-video-preview:-1"},"canonical":"https:\/\/www.delexodo.com.ar\/?p=6279","og_locale":"es_ES","og_type":"article","og_title":"LA SOCIEDAD RURAL DE NOGOYA LE RESPONDI\u00d3 AL FUNCIONARIO DE VIALIDAD - Del \u00c9xodo Nogoy\u00e1","og_description":"DE ESTE SE\u00d1OR NO LE PUEDO HABLAR NI BIEN, NI MAL, ME DA PENA Y ADEMAS ME TIENE DESCUIDADO\u2026 con&hellip;","og_url":"https:\/\/www.delexodo.com.ar\/?p=6279","og_site_name":"Del \u00c9xodo Nogoy\u00e1","article_published_time":"2020-05-13T01:36:13+00:00","article_modified_time":"2020-05-13T01:52:50+00:00","og_image":[{"width":225,"height":180,"url":"https:\/\/www.delexodo.com.ar\/wp-content\/uploads\/2020\/05\/RAUL-MARTINEZ-SRNOGOYA-e1589333827155.jpg","type":"image\/jpeg"}],"author":"admin","twitter_card":"summary_large_image","twitter_misc":{"Escrito por":"admin","Tiempo de lectura":"4 minutos"},"schema":{"@context":"https:\/\/schema.org","@graph":[{"@type":"Article","@id":"https:\/\/www.delexodo.com.ar\/?p=6279#article","isPartOf":{"@id":"https:\/\/www.delexodo.com.ar\/?p=6279"},"author":{"name":"admin","@id":"https:\/\/www.delexodo.com.ar\/#\/schema\/person\/bbed37f7da8e938660b34f2013ba449d"},"headline":"LA SOCIEDAD RURAL DE NOGOYA LE RESPONDI\u00d3 AL FUNCIONARIO DE VIALIDAD","datePublished":"2020-05-13T01:36:13+00:00","dateModified":"2020-05-13T01:52:50+00:00","mainEntityOfPage":{"@id":"https:\/\/www.delexodo.com.ar\/?p=6279"},"wordCount":827,"commentCount":0,"publisher":{"@id":"https:\/\/www.delexodo.com.ar\/#organization"},"image":{"@id":"https:\/\/www.delexodo.com.ar\/?p=6279#primaryimage"},"thumbnailUrl":"https:\/\/www.delexodo.com.ar\/wp-content\/uploads\/2020\/05\/RAUL-MARTINEZ-SRNOGOYA-e1589333827155.jpg","keywords":["destacar"],"articleSection":["Destacados","El Campo","Nogoya","NOTICIAS","Politica"],"inLanguage":"es","potentialAction":[{"@type":"CommentAction","name":"Comment","target":["https:\/\/www.delexodo.com.ar\/?p=6279#respond"]}]},{"@type":"WebPage","@id":"https:\/\/www.delexodo.com.ar\/?p=6279","url":"https:\/\/www.delexodo.com.ar\/?p=6279","name":"LA SOCIEDAD RURAL DE NOGOYA LE RESPONDI\u00d3 AL FUNCIONARIO DE VIALIDAD - Del \u00c9xodo Nogoy\u00e1","isPartOf":{"@id":"https:\/\/www.delexodo.com.ar\/#website"},"primaryImageOfPage":{"@id":"https:\/\/www.delexodo.com.ar\/?p=6279#primaryimage"},"image":{"@id":"https:\/\/www.delexodo.com.ar\/?p=6279#primaryimage"},"thumbnailUrl":"https:\/\/www.delexodo.com.ar\/wp-content\/uploads\/2020\/05\/RAUL-MARTINEZ-SRNOGOYA-e1589333827155.jpg","datePublished":"2020-05-13T01:36:13+00:00","dateModified":"2020-05-13T01:52:50+00:00","breadcrumb":{"@id":"https:\/\/www.delexodo.com.ar\/?p=6279#breadcrumb"},"inLanguage":"es","potentialAction":[{"@type":"ReadAction","target":["https:\/\/www.delexodo.com.ar\/?p=6279"]}]},{"@type":"ImageObject","inLanguage":"es","@id":"https:\/\/www.delexodo.com.ar\/?p=6279#primaryimage","url":"https:\/\/www.delexodo.com.ar\/wp-content\/uploads\/2020\/05\/RAUL-MARTINEZ-SRNOGOYA-e1589333827155.jpg","contentUrl":"https:\/\/www.delexodo.com.ar\/wp-content\/uploads\/2020\/05\/RAUL-MARTINEZ-SRNOGOYA-e1589333827155.jpg","width":225,"height":180},{"@type":"BreadcrumbList","@id":"https:\/\/www.delexodo.com.ar\/?p=6279#breadcrumb","itemListElement":[{"@type":"ListItem","position":1,"name":"Portada","item":"https:\/\/www.delexodo.com.ar\/"},{"@type":"ListItem","position":2,"name":"LA SOCIEDAD RURAL DE NOGOYA LE RESPONDI\u00d3 AL FUNCIONARIO DE VIALIDAD"}]},{"@type":"WebSite","@id":"https:\/\/www.delexodo.com.ar\/#website","url":"https:\/\/www.delexodo.com.ar\/","name":"Del \u00c9xodo Nogoy\u00e1","description":"El Portal de Noticias de la Regi\u00f3n","publisher":{"@id":"https:\/\/www.delexodo.com.ar\/#organization"},"potentialAction":[{"@type":"SearchAction","target":{"@type":"EntryPoint","urlTemplate":"https:\/\/www.delexodo.com.ar\/?s={search_term_string}"},"query-input":{"@type":"PropertyValueSpecification","valueRequired":true,"valueName":"search_term_string"}}],"inLanguage":"es"},{"@type":"Organization","@id":"https:\/\/www.delexodo.com.ar\/#organization","name":"Del \u00c9xodo Nogoy\u00e1","url":"https:\/\/www.delexodo.com.ar\/","logo":{"@type":"ImageObject","inLanguage":"es","@id":"https:\/\/www.delexodo.com.ar\/#\/schema\/logo\/image\/","url":"https:\/\/www.delexodo.com.ar\/wp-content\/uploads\/2024\/10\/cropped-cropped-LOGO24.png","contentUrl":"https:\/\/www.delexodo.com.ar\/wp-content\/uploads\/2024\/10\/cropped-cropped-LOGO24.png","width":512,"height":349,"caption":"Del \u00c9xodo Nogoy\u00e1"},"image":{"@id":"https:\/\/www.delexodo.com.ar\/#\/schema\/logo\/image\/"}},{"@type":"Person","@id":"https:\/\/www.delexodo.com.ar\/#\/schema\/person\/bbed37f7da8e938660b34f2013ba449d","name":"admin","image":{"@type":"ImageObject","inLanguage":"es","@id":"https:\/\/www.delexodo.com.ar\/#\/schema\/person\/image\/","url":"https:\/\/secure.gravatar.com\/avatar\/6b1558d1b6df085f1901bd5bd98523d7?s=96&d=mm&r=g","contentUrl":"https:\/\/secure.gravatar.com\/avatar\/6b1558d1b6df085f1901bd5bd98523d7?s=96&d=mm&r=g","caption":"admin"},"url":"https:\/\/www.delexodo.com.ar\/?author=1"}]}},"_links":{"self":[{"href":"https:\/\/www.delexodo.com.ar\/index.php?rest_route=\/wp\/v2\/posts\/6279","targetHints":{"allow":["GET"]}}],"collection":[{"href":"https:\/\/www.delexodo.com.ar\/index.php?rest_route=\/wp\/v2\/posts"}],"about":[{"href":"https:\/\/www.delexodo.com.ar\/index.php?rest_route=\/wp\/v2\/types\/post"}],"author":[{"embeddable":true,"href":"https:\/\/www.delexodo.com.ar\/index.php?rest_route=\/wp\/v2\/users\/1"}],"replies":[{"embeddable":true,"href":"https:\/\/www.delexodo.com.ar\/index.php?rest_route=%2Fwp%2Fv2%2Fcomments&post=6279"}],"version-history":[{"count":0,"href":"https:\/\/www.delexodo.com.ar\/index.php?rest_route=\/wp\/v2\/posts\/6279\/revisions"}],"wp:featuredmedia":[{"embeddable":true,"href":"https:\/\/www.delexodo.com.ar\/index.php?rest_route=\/wp\/v2\/media\/6280"}],"wp:attachment":[{"href":"https:\/\/www.delexodo.com.ar\/index.php?rest_route=%2Fwp%2Fv2%2Fmedia&parent=6279"}],"wp:term":[{"taxonomy":"category","embeddable":true,"href":"https:\/\/www.delexodo.com.ar\/index.php?rest_route=%2Fwp%2Fv2%2Fcategories&post=6279"},{"taxonomy":"post_tag","embeddable":true,"href":"https:\/\/www.delexodo.com.ar\/index.php?rest_route=%2Fwp%2Fv2%2Ftags&post=6279"}],"curies":[{"name":"wp","href":"https:\/\/api.w.org\/{rel}","templated":true}]}}