{"id":6273,"date":"2020-05-12T21:02:04","date_gmt":"2020-05-13T00:02:04","guid":{"rendered":"http:\/\/www.delexodo.com.ar\/?p=6273"},"modified":"2020-05-12T21:02:44","modified_gmt":"2020-05-13T00:02:44","slug":"ayelen-correa-si-veo-que-no-puedo-con-las-dos-cosas-voy-a-ser-la-primera-en-decir-no-lo-voy-a-hacer","status":"publish","type":"post","link":"https:\/\/www.delexodo.com.ar\/?p=6273","title":{"rendered":"AYELEN CORREA: SI VEO QUE NO PUEDO CON LAS DOS COSAS VOY A SER LA PRIMERA EN DECIR, NO LO VOY A HACER"},"content":{"rendered":"\n<p>Tras la decisi\u00f3n de la actual concejal por el oficialismo,\nla Dra. AYELEN CORREA qui\u00e9n realiz\u00f3 un comunicado por la red social facebook de\nsu decisi\u00f3n de sumarse y volver a formar parte del equipo de la Oficina Legal y\nT\u00e9cnica del Gobierno de la ciudad pero sin dejar de lado su banca en el\nconcejo, se generaron algunas controversias en cuanto a si podr\u00e1 realizar las\ndos funciones en forma eficaz como as\u00ed se coment\u00f3 respecto de que su retorno haya\nsido para no dejar que otro profesional ocupe ese lugar.<\/p>\n\n\n\n<figure class=\"wp-block-image\"><img loading=\"lazy\" decoding=\"async\" width=\"529\" height=\"590\" src=\"http:\/\/www.delexodo.com.ar\/wp-content\/uploads\/2020\/05\/AYE-CORREA-POSTEO.png\" alt=\"\" class=\"wp-image-6274\" srcset=\"https:\/\/www.delexodo.com.ar\/wp-content\/uploads\/2020\/05\/AYE-CORREA-POSTEO.png 529w, https:\/\/www.delexodo.com.ar\/wp-content\/uploads\/2020\/05\/AYE-CORREA-POSTEO-269x300.png 269w\" sizes=\"auto, (max-width: 529px) 100vw, 529px\" \/><\/figure>\n\n\n\n<p>A fin de conocer que la llev\u00f3 a la profesional a tomar esta\ndecisi\u00f3n como as\u00ed respecto de si podr\u00e1 realizar ambas funciones, sabiendo que\nla oficina Legal y T\u00e9cnica insume un importante tiempo de trabajo y que en el\nmismo justamente aborda la informaci\u00f3n sumaria de la causa judicializada que\ntiene a empleados y funcionarios insertos en un posible hecho de corrupci\u00f3n, la\nprofesional manifest\u00f3;<\/p>\n\n\n\n<figure class=\"wp-block-image\"><img loading=\"lazy\" decoding=\"async\" width=\"1024\" height=\"1024\" src=\"http:\/\/www.delexodo.com.ar\/wp-content\/uploads\/2020\/05\/PEDIDO-AYE-CORREA-1024x1024.jpg\" alt=\"\" class=\"wp-image-6275\" srcset=\"https:\/\/www.delexodo.com.ar\/wp-content\/uploads\/2020\/05\/PEDIDO-AYE-CORREA-1024x1024.jpg 1024w, https:\/\/www.delexodo.com.ar\/wp-content\/uploads\/2020\/05\/PEDIDO-AYE-CORREA-150x150.jpg 150w, https:\/\/www.delexodo.com.ar\/wp-content\/uploads\/2020\/05\/PEDIDO-AYE-CORREA-300x300.jpg 300w, https:\/\/www.delexodo.com.ar\/wp-content\/uploads\/2020\/05\/PEDIDO-AYE-CORREA-768x768.jpg 768w, https:\/\/www.delexodo.com.ar\/wp-content\/uploads\/2020\/05\/PEDIDO-AYE-CORREA.jpg 1080w\" sizes=\"auto, (max-width: 1024px) 100vw, 1024px\" \/><\/figure>\n\n\n\n<p><em>\u201cPara partir de la\nbase nunca me quise ir de la oficina y es una realidad, yo siempre me sent\u00ed muy\nc\u00f3moda, siempre creo que se trabajaba muy bien a la oficina, tanto Juan Carlos\nOchoteco como mis compa\u00f1eras siempre tuvimos un muy buen v\u00ednculo y lo que yo\npod\u00eda aprender y lo que aprend\u00ed en esta oficina obviamente me sum\u00f3 mucho\nprofesionalmente como persona tambi\u00e9n, por circunstancias, bueno de que asumo\ncomo concejal y a la espera de una respuesta del tribunal de cuentas en cuanto\nse hab\u00eda incompatibilidad o no que todav\u00eda no est\u00e1 esa respuesta, se me informa\nque no se me iba a renovar el contrato de prestaci\u00f3n de servicios que ser\u00eda\nl\u00f3gico, y la cuesti\u00f3n es la siguiente, yo empiezo a desempe\u00f1ar mi funci\u00f3n de\nconcejal pero nunca dej\u00e9 de acercarme, es m\u00e1s, a diario vengo a la\nmunicipalidad, siempre pasando por la oficina y noto no se si un desborde de cuestiones,\nde trabajo porque obviamente lo que hac\u00eda yo le complic\u00f3 a mis compa\u00f1eras, es as\u00ed\nque muchas oportunidades vine y me sent\u00e9 en el escritorio y trabaje y colabore\ncon ellas. Esto surge tambi\u00e9n de ponerme a pensar de ver esta posibilidad de\ncolaborar, yo siempre digo de que si uno se quiere sentir \u00fatil y como lo puse\nuna publicaci\u00f3n, siempre le puede encontrar la vuelta, y bueno lo hable con mi\nfamilia obviamente con mi grupo de trabajo de la muni, porque me siento parte\ndel grupo de trabajo.\u201d<\/em><\/p>\n\n\n\n<figure class=\"wp-block-embed-youtube wp-block-embed is-type-video is-provider-youtube wp-embed-aspect-16-9 wp-has-aspect-ratio\"><div class=\"wp-block-embed__wrapper\">\n<iframe loading=\"lazy\" title=\"#AIRE #MxV - Dra. AYELEN CORREA - Concejal Nogoya\" width=\"500\" height=\"281\" src=\"https:\/\/www.youtube.com\/embed\/AdB8iboxiNY?feature=oembed\" frameborder=\"0\" allow=\"accelerometer; autoplay; clipboard-write; encrypted-media; gyroscope; picture-in-picture; web-share\" referrerpolicy=\"strict-origin-when-cross-origin\" allowfullscreen><\/iframe>\n<\/div><\/figure>\n\n\n\n<p><em>\u201cYo creo que haber\nsacando un mont\u00f3n de cuestiones que se puedan poner en juego, creo que el lugar\nque se me dio para ocupar este lugar de concejales tambi\u00e9n lo veo como una\nforma de agradecerlo, lo habl\u00e9 con mi familia que es la que me banca y\nobviamente estuvieron de acuerdo, as\u00ed que bueno con esta decisi\u00f3n de tratar de\nsentirme \u00fatil y poder ayudar y colaborar\u201d<\/em>. <\/p>\n\n\n\n<p><strong>Vas a poder con las\ndos cosas?<\/strong><\/p>\n\n\n\n<p><em>&nbsp;\u201cyo siempre lo dije tambi\u00e9n, antes de que me\nplanteen si segu\u00eda o no segu\u00eda, yo si veo que no puedo con las dos cosas voy a\nser la primera en decir, no muchachos, no lo voy a hacer\u201d<\/em><\/p>\n\n\n\n<p><em>\u201cla verdad que espero poder\nhacer las dos cosas, yendo a lo que apuntada tu pregunta, obviamente mis tiempos\nvan a estar m\u00e1s acotados, yo tengo sesiones que son siempre de ma\u00f1ana pero en\n\u00e9l mientras tanto y con mis horarios creo que voy a poder colaborar y voy a\npoder desempe\u00f1ar la funci\u00f3n\u201d<\/em>.<\/p>\n\n\n\n<p>A fin de conocer respecto de la fas administrativa que se\nviene desarrollando en este presunto hecho de corrupci\u00f3n que se encuentra\ninvestigando la justicia y que deber\u00e1 llevar adelante el \u00e1rea, Ayel\u00e9n\nmanifest\u00f3;<\/p>\n\n\n\n<p><em>\u201cUn sumario\nadministrativo es cuando ten\u00e9s una persona Identificada y un hecho puntual y\ncontra eso haces una investigaci\u00f3n, en este caso se detecta una irregularidad\nen un \u00e1rea determinada que en este caso ser\u00eda en el \u00e1rea de tesorer\u00eda y lo que\nse busca es tratar de identificar si hay responsables y qu\u00e9 responsabilidad\ntiene, esto puede desembocar en un sumario administrativo o puede que no, no le\nimplica nada tampoco al empleado municipal, todos vienen y declaran en calidad\nde testigo no hay ning\u00fan responsable puntual en una informaci\u00f3n sumaria\u201d<\/em>\ndetall\u00f3 la profesional en cuanto al trabajo que se encuentra realizando.<\/p>\n\n\n\n<p>Y a su vez su tuviese que realizar un sumario\nadministrativo, cual ser\u00eda su responsabilidad y compatibilidad a su vez como\nconcejal? <em>\u201cDe tener que hacerlo yo, si es\nque se tiene que hacer un sumario administrativo, de hecho la informaci\u00f3n\nsumaria todav\u00eda no le he cerrado o sea que tampoco se sabe si va a ir un\nsumario administrativo posterior, no es algo que tampoco yo lo defina, porque\ncomo instructora sumariante yo busco pruebas, no decido nada, esa es mi\nfunci\u00f3n, de existir un sumario administrativo y de hacerlo yo, esto ya fue\nconsultado con el tribunal de cuentas porque no haya otra persona id\u00f3nea para\nhacerlo,&nbsp; o preparada, que puede que lo\nhaya ojo, yo no estoy diciendo que no, pero en el hipot\u00e9tico caso que me\ncorresponda hacerlo a m\u00ed, yo tranquilamente me podr\u00eda abstener de votar, no es\nque a m\u00ed me va a limitar eso\u201d<\/em>.<\/p>\n\n\n\n<p><strong>Yo creo que lo m\u00edo\nfue un gesto de agradecimiento y de ponerme a disposici\u00f3n, obviamente no me voy\na oponer a que pueda llegar a entrar otro profesional o no, de hecho si creen\nque es necesario bien venido sea.<\/strong><\/p>\n\n\n\n<p><em>\u201cYo cobraba 21 m\u00edl\npesos al 10 de diciembre y seguramente hoy mi contrato renovado y actualizado podr\u00eda\nllegar a ser mas, por eso yo creo que lo tome como un gesto de decir que frente\na esta situaci\u00f3n que estamos atravesando que esta complicada para todos, alivianar\nun poco de trabajo y poder colaborar desde lo que uno puede, pero claramente no\ntengo intenci\u00f3n de dejar sin trabajo a alguien, no s\u00e9 si hab\u00eda alguien para ese\nlugar, nunca me lo manifestaron\u201d<\/em> dejando en claro que esta funci\u00f3n que\ndesarrollar\u00e1 en la Oficina Legal y T\u00e9cnica ser\u00e1 Ad Honoren.<\/p>\n","protected":false},"excerpt":{"rendered":"<p>Tras la decisi\u00f3n de la actual concejal por el oficialismo, la Dra. AYELEN CORREA qui\u00e9n realiz\u00f3 un comunicado por la&hellip;<\/p>\n","protected":false},"author":1,"featured_media":6276,"comment_status":"open","ping_status":"open","sticky":false,"template":"","format":"standard","meta":{"_joinchat":[],"footnotes":""},"categories":[65,1,69,349],"tags":[],"class_list":["post-6273","post","type-post","status-publish","format-standard","has-post-thumbnail","hentry","category-destacados","category-sincategoria","category-noticias","category-politica"],"yoast_head":"<!-- This site is optimized with the Yoast SEO plugin v25.1 - https:\/\/yoast.com\/wordpress\/plugins\/seo\/ -->\n<title>AYELEN CORREA: SI VEO QUE NO PUEDO CON LAS DOS COSAS VOY A SER LA PRIMERA EN DECIR, NO LO VOY A HACER - Del \u00c9xodo Nogoy\u00e1<\/title>\n<meta name=\"robots\" content=\"index, follow, max-snippet:-1, max-image-preview:large, max-video-preview:-1\" \/>\n<link rel=\"canonical\" href=\"https:\/\/www.delexodo.com.ar\/?p=6273\" \/>\n<meta property=\"og:locale\" content=\"es_ES\" \/>\n<meta property=\"og:type\" content=\"article\" \/>\n<meta property=\"og:title\" content=\"AYELEN CORREA: SI VEO QUE NO PUEDO CON LAS DOS COSAS VOY A SER LA PRIMERA EN DECIR, NO LO VOY A HACER - Del \u00c9xodo Nogoy\u00e1\" \/>\n<meta property=\"og:description\" content=\"Tras la decisi\u00f3n de la actual concejal por el oficialismo, la Dra. AYELEN CORREA qui\u00e9n realiz\u00f3 un comunicado por la&hellip;\" \/>\n<meta property=\"og:url\" content=\"https:\/\/www.delexodo.com.ar\/?p=6273\" \/>\n<meta property=\"og:site_name\" content=\"Del \u00c9xodo Nogoy\u00e1\" \/>\n<meta property=\"article:published_time\" content=\"2020-05-13T00:02:04+00:00\" \/>\n<meta property=\"article:modified_time\" content=\"2020-05-13T00:02:44+00:00\" \/>\n<meta property=\"og:image\" content=\"https:\/\/www.delexodo.com.ar\/wp-content\/uploads\/2020\/05\/AYE-CORREA-JURA.jpg\" \/>\n\t<meta property=\"og:image:width\" content=\"960\" \/>\n\t<meta property=\"og:image:height\" content=\"639\" \/>\n\t<meta property=\"og:image:type\" content=\"image\/jpeg\" \/>\n<meta name=\"author\" content=\"admin\" \/>\n<meta name=\"twitter:card\" content=\"summary_large_image\" \/>\n<meta name=\"twitter:label1\" content=\"Escrito por\" \/>\n\t<meta name=\"twitter:data1\" content=\"admin\" \/>\n\t<meta name=\"twitter:label2\" content=\"Tiempo de lectura\" \/>\n\t<meta name=\"twitter:data2\" content=\"5 minutos\" \/>\n<script type=\"application\/ld+json\" class=\"yoast-schema-graph\">{\"@context\":\"https:\/\/schema.org\",\"@graph\":[{\"@type\":\"Article\",\"@id\":\"https:\/\/www.delexodo.com.ar\/?p=6273#article\",\"isPartOf\":{\"@id\":\"https:\/\/www.delexodo.com.ar\/?p=6273\"},\"author\":{\"name\":\"admin\",\"@id\":\"https:\/\/www.delexodo.com.ar\/#\/schema\/person\/bbed37f7da8e938660b34f2013ba449d\"},\"headline\":\"AYELEN CORREA: SI VEO QUE NO PUEDO CON LAS DOS COSAS VOY A SER LA PRIMERA EN DECIR, NO LO VOY A HACER\",\"datePublished\":\"2020-05-13T00:02:04+00:00\",\"dateModified\":\"2020-05-13T00:02:44+00:00\",\"mainEntityOfPage\":{\"@id\":\"https:\/\/www.delexodo.com.ar\/?p=6273\"},\"wordCount\":1096,\"commentCount\":0,\"publisher\":{\"@id\":\"https:\/\/www.delexodo.com.ar\/#organization\"},\"image\":{\"@id\":\"https:\/\/www.delexodo.com.ar\/?p=6273#primaryimage\"},\"thumbnailUrl\":\"https:\/\/www.delexodo.com.ar\/wp-content\/uploads\/2020\/05\/AYE-CORREA-JURA.jpg\",\"articleSection\":[\"Destacados\",\"Nogoya\",\"NOTICIAS\",\"Politica\"],\"inLanguage\":\"es\",\"potentialAction\":[{\"@type\":\"CommentAction\",\"name\":\"Comment\",\"target\":[\"https:\/\/www.delexodo.com.ar\/?p=6273#respond\"]}]},{\"@type\":\"WebPage\",\"@id\":\"https:\/\/www.delexodo.com.ar\/?p=6273\",\"url\":\"https:\/\/www.delexodo.com.ar\/?p=6273\",\"name\":\"AYELEN CORREA: SI VEO QUE NO PUEDO CON LAS DOS COSAS VOY A SER LA PRIMERA EN DECIR, NO LO VOY A HACER - Del \u00c9xodo Nogoy\u00e1\",\"isPartOf\":{\"@id\":\"https:\/\/www.delexodo.com.ar\/#website\"},\"primaryImageOfPage\":{\"@id\":\"https:\/\/www.delexodo.com.ar\/?p=6273#primaryimage\"},\"image\":{\"@id\":\"https:\/\/www.delexodo.com.ar\/?p=6273#primaryimage\"},\"thumbnailUrl\":\"https:\/\/www.delexodo.com.ar\/wp-content\/uploads\/2020\/05\/AYE-CORREA-JURA.jpg\",\"datePublished\":\"2020-05-13T00:02:04+00:00\",\"dateModified\":\"2020-05-13T00:02:44+00:00\",\"breadcrumb\":{\"@id\":\"https:\/\/www.delexodo.com.ar\/?p=6273#breadcrumb\"},\"inLanguage\":\"es\",\"potentialAction\":[{\"@type\":\"ReadAction\",\"target\":[\"https:\/\/www.delexodo.com.ar\/?p=6273\"]}]},{\"@type\":\"ImageObject\",\"inLanguage\":\"es\",\"@id\":\"https:\/\/www.delexodo.com.ar\/?p=6273#primaryimage\",\"url\":\"https:\/\/www.delexodo.com.ar\/wp-content\/uploads\/2020\/05\/AYE-CORREA-JURA.jpg\",\"contentUrl\":\"https:\/\/www.delexodo.com.ar\/wp-content\/uploads\/2020\/05\/AYE-CORREA-JURA.jpg\",\"width\":960,\"height\":639},{\"@type\":\"BreadcrumbList\",\"@id\":\"https:\/\/www.delexodo.com.ar\/?p=6273#breadcrumb\",\"itemListElement\":[{\"@type\":\"ListItem\",\"position\":1,\"name\":\"Portada\",\"item\":\"https:\/\/www.delexodo.com.ar\/\"},{\"@type\":\"ListItem\",\"position\":2,\"name\":\"AYELEN CORREA: SI VEO QUE NO PUEDO CON LAS DOS COSAS VOY A SER LA PRIMERA EN DECIR, NO LO VOY A HACER\"}]},{\"@type\":\"WebSite\",\"@id\":\"https:\/\/www.delexodo.com.ar\/#website\",\"url\":\"https:\/\/www.delexodo.com.ar\/\",\"name\":\"Del \u00c9xodo Nogoy\u00e1\",\"description\":\"El Portal de Noticias de la Regi\u00f3n\",\"publisher\":{\"@id\":\"https:\/\/www.delexodo.com.ar\/#organization\"},\"potentialAction\":[{\"@type\":\"SearchAction\",\"target\":{\"@type\":\"EntryPoint\",\"urlTemplate\":\"https:\/\/www.delexodo.com.ar\/?s={search_term_string}\"},\"query-input\":{\"@type\":\"PropertyValueSpecification\",\"valueRequired\":true,\"valueName\":\"search_term_string\"}}],\"inLanguage\":\"es\"},{\"@type\":\"Organization\",\"@id\":\"https:\/\/www.delexodo.com.ar\/#organization\",\"name\":\"Del \u00c9xodo Nogoy\u00e1\",\"url\":\"https:\/\/www.delexodo.com.ar\/\",\"logo\":{\"@type\":\"ImageObject\",\"inLanguage\":\"es\",\"@id\":\"https:\/\/www.delexodo.com.ar\/#\/schema\/logo\/image\/\",\"url\":\"https:\/\/www.delexodo.com.ar\/wp-content\/uploads\/2024\/10\/cropped-cropped-LOGO24.png\",\"contentUrl\":\"https:\/\/www.delexodo.com.ar\/wp-content\/uploads\/2024\/10\/cropped-cropped-LOGO24.png\",\"width\":512,\"height\":349,\"caption\":\"Del \u00c9xodo Nogoy\u00e1\"},\"image\":{\"@id\":\"https:\/\/www.delexodo.com.ar\/#\/schema\/logo\/image\/\"}},{\"@type\":\"Person\",\"@id\":\"https:\/\/www.delexodo.com.ar\/#\/schema\/person\/bbed37f7da8e938660b34f2013ba449d\",\"name\":\"admin\",\"image\":{\"@type\":\"ImageObject\",\"inLanguage\":\"es\",\"@id\":\"https:\/\/www.delexodo.com.ar\/#\/schema\/person\/image\/\",\"url\":\"https:\/\/secure.gravatar.com\/avatar\/6b1558d1b6df085f1901bd5bd98523d7?s=96&d=mm&r=g\",\"contentUrl\":\"https:\/\/secure.gravatar.com\/avatar\/6b1558d1b6df085f1901bd5bd98523d7?s=96&d=mm&r=g\",\"caption\":\"admin\"},\"url\":\"https:\/\/www.delexodo.com.ar\/?author=1\"}]}<\/script>\n<!-- \/ Yoast SEO plugin. -->","yoast_head_json":{"title":"AYELEN CORREA: SI VEO QUE NO PUEDO CON LAS DOS COSAS VOY A SER LA PRIMERA EN DECIR, NO LO VOY A HACER - Del \u00c9xodo Nogoy\u00e1","robots":{"index":"index","follow":"follow","max-snippet":"max-snippet:-1","max-image-preview":"max-image-preview:large","max-video-preview":"max-video-preview:-1"},"canonical":"https:\/\/www.delexodo.com.ar\/?p=6273","og_locale":"es_ES","og_type":"article","og_title":"AYELEN CORREA: SI VEO QUE NO PUEDO CON LAS DOS COSAS VOY A SER LA PRIMERA EN DECIR, NO LO VOY A HACER - Del \u00c9xodo Nogoy\u00e1","og_description":"Tras la decisi\u00f3n de la actual concejal por el oficialismo, la Dra. AYELEN CORREA qui\u00e9n realiz\u00f3 un comunicado por la&hellip;","og_url":"https:\/\/www.delexodo.com.ar\/?p=6273","og_site_name":"Del \u00c9xodo Nogoy\u00e1","article_published_time":"2020-05-13T00:02:04+00:00","article_modified_time":"2020-05-13T00:02:44+00:00","og_image":[{"width":960,"height":639,"url":"https:\/\/www.delexodo.com.ar\/wp-content\/uploads\/2020\/05\/AYE-CORREA-JURA.jpg","type":"image\/jpeg"}],"author":"admin","twitter_card":"summary_large_image","twitter_misc":{"Escrito por":"admin","Tiempo de lectura":"5 minutos"},"schema":{"@context":"https:\/\/schema.org","@graph":[{"@type":"Article","@id":"https:\/\/www.delexodo.com.ar\/?p=6273#article","isPartOf":{"@id":"https:\/\/www.delexodo.com.ar\/?p=6273"},"author":{"name":"admin","@id":"https:\/\/www.delexodo.com.ar\/#\/schema\/person\/bbed37f7da8e938660b34f2013ba449d"},"headline":"AYELEN CORREA: SI VEO QUE NO PUEDO CON LAS DOS COSAS VOY A SER LA PRIMERA EN DECIR, NO LO VOY A HACER","datePublished":"2020-05-13T00:02:04+00:00","dateModified":"2020-05-13T00:02:44+00:00","mainEntityOfPage":{"@id":"https:\/\/www.delexodo.com.ar\/?p=6273"},"wordCount":1096,"commentCount":0,"publisher":{"@id":"https:\/\/www.delexodo.com.ar\/#organization"},"image":{"@id":"https:\/\/www.delexodo.com.ar\/?p=6273#primaryimage"},"thumbnailUrl":"https:\/\/www.delexodo.com.ar\/wp-content\/uploads\/2020\/05\/AYE-CORREA-JURA.jpg","articleSection":["Destacados","Nogoya","NOTICIAS","Politica"],"inLanguage":"es","potentialAction":[{"@type":"CommentAction","name":"Comment","target":["https:\/\/www.delexodo.com.ar\/?p=6273#respond"]}]},{"@type":"WebPage","@id":"https:\/\/www.delexodo.com.ar\/?p=6273","url":"https:\/\/www.delexodo.com.ar\/?p=6273","name":"AYELEN CORREA: SI VEO QUE NO PUEDO CON LAS DOS COSAS VOY A SER LA PRIMERA EN DECIR, NO LO VOY A HACER - Del \u00c9xodo Nogoy\u00e1","isPartOf":{"@id":"https:\/\/www.delexodo.com.ar\/#website"},"primaryImageOfPage":{"@id":"https:\/\/www.delexodo.com.ar\/?p=6273#primaryimage"},"image":{"@id":"https:\/\/www.delexodo.com.ar\/?p=6273#primaryimage"},"thumbnailUrl":"https:\/\/www.delexodo.com.ar\/wp-content\/uploads\/2020\/05\/AYE-CORREA-JURA.jpg","datePublished":"2020-05-13T00:02:04+00:00","dateModified":"2020-05-13T00:02:44+00:00","breadcrumb":{"@id":"https:\/\/www.delexodo.com.ar\/?p=6273#breadcrumb"},"inLanguage":"es","potentialAction":[{"@type":"ReadAction","target":["https:\/\/www.delexodo.com.ar\/?p=6273"]}]},{"@type":"ImageObject","inLanguage":"es","@id":"https:\/\/www.delexodo.com.ar\/?p=6273#primaryimage","url":"https:\/\/www.delexodo.com.ar\/wp-content\/uploads\/2020\/05\/AYE-CORREA-JURA.jpg","contentUrl":"https:\/\/www.delexodo.com.ar\/wp-content\/uploads\/2020\/05\/AYE-CORREA-JURA.jpg","width":960,"height":639},{"@type":"BreadcrumbList","@id":"https:\/\/www.delexodo.com.ar\/?p=6273#breadcrumb","itemListElement":[{"@type":"ListItem","position":1,"name":"Portada","item":"https:\/\/www.delexodo.com.ar\/"},{"@type":"ListItem","position":2,"name":"AYELEN CORREA: SI VEO QUE NO PUEDO CON LAS DOS COSAS VOY A SER LA PRIMERA EN DECIR, NO LO VOY A HACER"}]},{"@type":"WebSite","@id":"https:\/\/www.delexodo.com.ar\/#website","url":"https:\/\/www.delexodo.com.ar\/","name":"Del \u00c9xodo Nogoy\u00e1","description":"El Portal de Noticias de la Regi\u00f3n","publisher":{"@id":"https:\/\/www.delexodo.com.ar\/#organization"},"potentialAction":[{"@type":"SearchAction","target":{"@type":"EntryPoint","urlTemplate":"https:\/\/www.delexodo.com.ar\/?s={search_term_string}"},"query-input":{"@type":"PropertyValueSpecification","valueRequired":true,"valueName":"search_term_string"}}],"inLanguage":"es"},{"@type":"Organization","@id":"https:\/\/www.delexodo.com.ar\/#organization","name":"Del \u00c9xodo Nogoy\u00e1","url":"https:\/\/www.delexodo.com.ar\/","logo":{"@type":"ImageObject","inLanguage":"es","@id":"https:\/\/www.delexodo.com.ar\/#\/schema\/logo\/image\/","url":"https:\/\/www.delexodo.com.ar\/wp-content\/uploads\/2024\/10\/cropped-cropped-LOGO24.png","contentUrl":"https:\/\/www.delexodo.com.ar\/wp-content\/uploads\/2024\/10\/cropped-cropped-LOGO24.png","width":512,"height":349,"caption":"Del \u00c9xodo Nogoy\u00e1"},"image":{"@id":"https:\/\/www.delexodo.com.ar\/#\/schema\/logo\/image\/"}},{"@type":"Person","@id":"https:\/\/www.delexodo.com.ar\/#\/schema\/person\/bbed37f7da8e938660b34f2013ba449d","name":"admin","image":{"@type":"ImageObject","inLanguage":"es","@id":"https:\/\/www.delexodo.com.ar\/#\/schema\/person\/image\/","url":"https:\/\/secure.gravatar.com\/avatar\/6b1558d1b6df085f1901bd5bd98523d7?s=96&d=mm&r=g","contentUrl":"https:\/\/secure.gravatar.com\/avatar\/6b1558d1b6df085f1901bd5bd98523d7?s=96&d=mm&r=g","caption":"admin"},"url":"https:\/\/www.delexodo.com.ar\/?author=1"}]}},"_links":{"self":[{"href":"https:\/\/www.delexodo.com.ar\/index.php?rest_route=\/wp\/v2\/posts\/6273","targetHints":{"allow":["GET"]}}],"collection":[{"href":"https:\/\/www.delexodo.com.ar\/index.php?rest_route=\/wp\/v2\/posts"}],"about":[{"href":"https:\/\/www.delexodo.com.ar\/index.php?rest_route=\/wp\/v2\/types\/post"}],"author":[{"embeddable":true,"href":"https:\/\/www.delexodo.com.ar\/index.php?rest_route=\/wp\/v2\/users\/1"}],"replies":[{"embeddable":true,"href":"https:\/\/www.delexodo.com.ar\/index.php?rest_route=%2Fwp%2Fv2%2Fcomments&post=6273"}],"version-history":[{"count":0,"href":"https:\/\/www.delexodo.com.ar\/index.php?rest_route=\/wp\/v2\/posts\/6273\/revisions"}],"wp:featuredmedia":[{"embeddable":true,"href":"https:\/\/www.delexodo.com.ar\/index.php?rest_route=\/wp\/v2\/media\/6276"}],"wp:attachment":[{"href":"https:\/\/www.delexodo.com.ar\/index.php?rest_route=%2Fwp%2Fv2%2Fmedia&parent=6273"}],"wp:term":[{"taxonomy":"category","embeddable":true,"href":"https:\/\/www.delexodo.com.ar\/index.php?rest_route=%2Fwp%2Fv2%2Fcategories&post=6273"},{"taxonomy":"post_tag","embeddable":true,"href":"https:\/\/www.delexodo.com.ar\/index.php?rest_route=%2Fwp%2Fv2%2Ftags&post=6273"}],"curies":[{"name":"wp","href":"https:\/\/api.w.org\/{rel}","templated":true}]}}