{"id":6257,"date":"2020-05-10T19:05:14","date_gmt":"2020-05-10T22:05:14","guid":{"rendered":"http:\/\/www.delexodo.com.ar\/?p=6257"},"modified":"2020-05-10T19:05:14","modified_gmt":"2020-05-10T22:05:14","slug":"para-marcos-acosta-nogoya-no-ha-estado-a-la-altura-de-las-circunstancias-en-cuestiones-ambientales","status":"publish","type":"post","link":"https:\/\/www.delexodo.com.ar\/?p=6257","title":{"rendered":"PARA MARCOS ACOSTA NOGOYA NO HA ESTADO A LA ALTURA DE LAS CIRCUNSTANCIAS EN CUESTIONES AMBIENTALES"},"content":{"rendered":"\n<p>Indudablemente la figura de <strong>Marcos Acosta<\/strong> sigue siendo una figura que marca el camino de\nalgunas cuestiones institucionales o que desde el concejo deliberante o desde\nel mism\u00edsimo ejecutivo se tiene muy en cuenta cuando en sus redes sociales opta\npor dejar alguna opini\u00f3n o tratar de sumar alguna cuesti\u00f3n siempre desde el\nlado constructivo tal como \u00e9l lo manifiesta. En este bloque intentamos\njustamente sumar la figura del ex concejal, amado y odiado pero muy presente\na\u00fan luego de sus gestiones como concejal de la ciudad y ahora desde fuera, pero\ninterviniendo y muy cerca de los vecinos, por eso creemos que va a ser un\nbloque que cada mi\u00e9rcoles deje su impronta en algunas opiniones y sugerencias\nque m\u00e1s all\u00e1 de todas las cr\u00edticas a veces son tomadas por el ejecutivo.<\/p>\n\n\n\n<figure class=\"wp-block-image\"><img loading=\"lazy\" decoding=\"async\" width=\"803\" height=\"453\" src=\"http:\/\/www.delexodo.com.ar\/wp-content\/uploads\/2020\/05\/ACOSTA2.png\" alt=\"\" class=\"wp-image-6258\" srcset=\"https:\/\/www.delexodo.com.ar\/wp-content\/uploads\/2020\/05\/ACOSTA2.png 803w, https:\/\/www.delexodo.com.ar\/wp-content\/uploads\/2020\/05\/ACOSTA2-300x169.png 300w, https:\/\/www.delexodo.com.ar\/wp-content\/uploads\/2020\/05\/ACOSTA2-768x433.png 768w\" sizes=\"auto, (max-width: 803px) 100vw, 803px\" \/><\/figure>\n\n\n\n<p>En el comienzo de la charla Marcos Acosta manifest\u00f3 que le\ngusta la idea de una vez por semana estar en el medio, un poco m\u00e1s\ndescontracturado, <em>\u201cahora que me toca estar\ndel otro lado, teniendo un criterio, una opini\u00f3n con lo que uno piensa con lo\nque piensa la sociedad porque uno anda en la calle, obtiene a trav\u00e9s de las\nredes interconexi\u00f3n con todos los vecinos, es una recepci\u00f3n a los pedidos de la\ngente. Uno ha tenido funciones y tiene buena relaci\u00f3n con los medios y uno lo\nhace lo hace p\u00fablico pero a teniendo en cuenta que es la voz del pueblo\u201d<\/em>. <\/p>\n\n\n\n<p>Haciendo referencia al respecto del \u00faltimo pedido de que\nrealizar\u00e1 la sociedad rural de Nogoya en cuanto al pedido de disoluci\u00f3n de la\ndirecci\u00f3n provincial de vialidad, el ex concejal manifiesta que es muy novedoso\nlo que se pide pero no es nada nuevo el reclamo. Tuvimos di\u00e1logo con la\nsenadora Maidana qui\u00e9n est\u00e1 preocupada y ocupada por el tema por lo que ha\npresentado un proyecto solicitando algunas m\u00e1quinas y a su vez tuve oportunidad\ntambi\u00e9n de recorrer algunos de los caminos y la verdad que s\u00ed deja mucho que\ndesear todo lo que es la traza vial y Los caminos de la de la ruralidad.&nbsp; Hay que tener en cuenta que debe ser uno de\nlos lugares en donde mayor cantidad de caminos de tierra, hay 2200 km de camino\nde los cuales 154 kil\u00f3metros son de asfalto, provinciales, 1550 kil\u00f3metros\naproximadamente de tierra y el resto es ripio y es obvio que el ripio de a poco\nva desapareciendo, hay que tener en cuenta que hay una gran extensi\u00f3n, no hay\nmaquinarias \u00f3 se encuentran rotas, hablar de un director que est\u00e1 puesto a\nnivel provincial y que no est\u00e1 a la altura de las circunstancias, obviamente la\nsenadora est\u00e1 preocupada por ese tema y que quiere ver resultados porque es a\nqui\u00e9n le van a golpear la puerta al momento de los reclamos. <\/p>\n\n\n\n<p>Llev\u00e1ndolo a Marcos Acosta hacia otro de los temas preocupantes\ny dentro de las ciudad de Nogoya son los efluentes, sabemos claramente que Acosta\ndurante su gesti\u00f3n y tambi\u00e9n y fuera ella sigue muy involucrado justamente a lo\nque va sucediendo y a su postura&nbsp; tras\ndistintos hechos y sucesos, causa judicializada, empresa clausurada; c\u00f3mo est\u00e1\nesta situaci\u00f3n legal y que se est\u00e1 haciendo?&nbsp;\n<\/p>\n\n\n\n<p><em>\u201cBueno hay\nuna causa judicializada pendiente y que esto debe tomarse no solamente el lado\nde la justicia sino desde el lado del ejecutivo, de lo legislativo y tambi\u00e9n\ntener en cuenta que la gente por aqu\u00ed en Nogoya tiene un poco memoria fr\u00e1gil y\nolvidan de lo que de lo que ha sucedido y yo no me olvido. No me olvido de Gaia\nque son intereses rosarinos &nbsp;que vinieron\na tirar la basura del cord\u00f3n industrial de Rosario c\u00f3mo as\u00ed que debemos\nrecordar que un funcionario provincial tras un estudio dijo que all\u00ed en esos\nlugares hab\u00eda cromo hexavalente, hab\u00edan encontrado cianuro y que podr\u00eda haber\nmuch\u00edsima sustancias m\u00e1s t\u00f3xicas que no pod\u00edan determinar la cantidad de basura\nIndustrial qu\u00e9 hay o qu\u00e9 existe en esa zona que nadie ha controlado y han\nperdido la cuenta a la fecha. En su momento la provincia recomend\u00f3 al ejecutivo\nmunicipal que proceda a la clausura justamente de Gaia acorde a la cantidad de\nelementos t\u00f3xicos que fueron encontrados y hasta tanto desde la empresa se\npueda probar que este tipo de contaminaci\u00f3n hab\u00eda cambiado, cosa que hasta\nahora no lo ha podido hacer. Que deja mucho que desear la intervenci\u00f3n de\norganismos tan emblem\u00e1ticos como por ejemplo el &nbsp;INTI de Concepci\u00f3n del Uruguay, dado a que\nesta organizaci\u00f3n vino en enero del 2017 con expertos en la materia tomaron muestras\nde la parte s\u00f3lida del campo y la parte l\u00edquida y del agua subterr\u00e1nea y a\nposterior en abril del 2017 desde provincia se pregunto para cu\u00e1ndo van a estar\nlos estudios y en ese momento mediante una nota presentada se manifest\u00f3 que los\nan\u00e1lisis no se pudieron hacer por falta de capacidad operativa, llama\npoderosamente la atenci\u00f3n que en enero se hicieron los estudios y que en abril\nse informar\u00e1 que una organizaci\u00f3n como el INTI no tuviera la capacidad\noperativa para realizar tales estudios,&nbsp;\npor lo que a posterior la empresa Gaia busco un escribano de la ciudad y\nun instituto de la provincia de Santa Fe para realizar los estudios para lo\ncual tom\u00f3 una muestra solamente la parte superior de la tierra llevando una\nmuestra del suelo pero no de la napa subterr\u00e1nea ni la sedimentaci\u00f3n del arroyo.\nLa realidad es que los titulares de esta industria lo que quieren es seguir\ndilatando la situaci\u00f3n en el tiempo y que son amplios conocedores de esto y\nquieren ir pateando la pelota hacia adelante&nbsp;\ny que a pesar de que la empresa en estos momentos est\u00e1 clausurado hay\nmuchos vecinos que con indignaci\u00f3n est\u00e1n viendo que la empresa sigue habiendo\nmovimientos\u201d<\/em> manifest\u00f3 Acosta. <\/p>\n\n\n\n<p>La realidad es que ac\u00e1 hay una empresa de Rosario que\nhicieron como el tero, gritaron en un lado y pusieron los huevos en otro y\nentre gallos y medianoche se instalaron en la periferia de la ciudad y\nempezaron a traer esos camiones que vayan a saber qu\u00e9 tra\u00edan, efluentes\nl\u00edquidos, efluentes s\u00f3lidos,&nbsp; lo que\nsupuestamente dec\u00edan eran efluentes org\u00e1nicos, pero si estamos hablando de\ncromo hexavalente, estamos hablando de cianuro, posiblemente etanol, no son\nresiduos org\u00e1nicos y atentan contra la vida humana, <strong>entonces yo creo que Nogoya no ha estado a la altura de las\ncircunstancias en cuestiones ambientales<\/strong>. <\/p>\n\n\n\n<p>Obviamente Hay una ordenanza que regula el funcionamiento\npara este tipo de empresas ya en nuestra gesti\u00f3n con los proyectos de los\nconcejales pusimos cada uno de nosotros nuestra impronta a esta ordenanza la\n1210 y sin embargo una vez que despu\u00e9s llega al juzgado de falta no pasa nada;\nhoy le tendr\u00eda que estar cobrando por la segunda infracci\u00f3n $350.000 que bien le\nvendr\u00edan a la direcci\u00f3n de medio ambiente.&nbsp;\nObviamente esta es una preocupaci\u00f3n que no solamente apunta a Gaia sino\ntambi\u00e9n a otras empresas como La Sibila y La Lecherita donde se detectaron\nirregularidades&nbsp; y obviamente hay que\nexigirles que hagan lo que tienen que hacer.<\/p>\n\n\n\n<p>En los minutos finales y dejando abierta la tem\u00e1tica para la\npr\u00f3xima semana, hablamos un poco de la causa que tiene &nbsp;involucrado al gobierno municipal con la\nposibilidad de que haya habido alg\u00fan grado de corrupci\u00f3n dentro de las filas de\nla actual gesti\u00f3n aunque la llegada del Coronavirus y el Dengue dejaron en\ntercer plano esta dif\u00edcil situaci\u00f3n de la que nadie quiere hablar y que seg\u00fan\nmanifiesta Acosta cala muy profundo la fibra del intendente. <\/p>\n\n\n\n<p><em>\u201cYo creo\nque para gobernar se debe gobernar con pie de plomo para poder tomar decisiones\njustas y que se debe poder llevar primero tranquilidad a la poblaci\u00f3n, segundo transparencia\ny tercero que se resuelva y que los habitantes del municipio como instituci\u00f3n\ndeben saber y dejar en claro que es lo que pas\u00f3\u201d<\/em>. <\/p>\n\n\n\n<p>Por otro lado creo que es un error, y esto no va en\ndetrimento de la actual concejal la Dra. Ayel\u00e9n Correa, pero creo que s\u00ed\nparticularmente considero qu\u00e9 es un error que sea ella justamente como concejal\nque se haga cargo de sumariar la parte administrativa de esta causa y creo que Cavagna\nequivoca en designarla en esta comisi\u00f3n de investigaci\u00f3n administrativa, primeramente\npor el cargo que ocupa, recordamos que ya es concejal electa de todos &nbsp;que pertenece a otro poder que es el legislativo,\ny que en el supuesto caso de que el concejo deliberante tenga que resolver alguna\ncuesti\u00f3n contra el intendente ser\u00e1 la misma Correa quien tambi\u00e9n tenga que\nemitir su voto.<\/p>\n\n\n\n<p><em>\u201cNogoya no\nha tenido un hecho de corrupci\u00f3n desde el advenimiento de la democracia o sea\nuna sentencia o procesados en cuestiones de corrupci\u00f3n y que ahora tenemos una\nsospecha y por eso tenemos que estar a la altura de las circunstancias con toda\nla responsabilidad que eso conlleva, por eso yo creo que nos debemos a la\nsociedad y por eso la justicia ira por un lado y el departamento ejecutivo debe\nir por otro lado pero tambi\u00e9n debe ir en consonancia y a la altura\ninstitucional que corresponde, por eso yo digo que hay que hacerlas bien las\ncosas\u201d<\/em> remarc\u00f3 Acosta.<\/p>\n","protected":false},"excerpt":{"rendered":"<p>Indudablemente la figura de Marcos Acosta sigue siendo una figura que marca el camino de algunas cuestiones institucionales o que&hellip;<\/p>\n","protected":false},"author":1,"featured_media":6259,"comment_status":"open","ping_status":"open","sticky":false,"template":"","format":"standard","meta":{"_joinchat":[],"footnotes":""},"categories":[65,1,69,349],"tags":[],"class_list":["post-6257","post","type-post","status-publish","format-standard","has-post-thumbnail","hentry","category-destacados","category-sincategoria","category-noticias","category-politica"],"yoast_head":"<!-- This site is optimized with the Yoast SEO plugin v25.1 - https:\/\/yoast.com\/wordpress\/plugins\/seo\/ -->\n<title>PARA MARCOS ACOSTA NOGOYA NO HA ESTADO A LA ALTURA DE LAS CIRCUNSTANCIAS EN CUESTIONES AMBIENTALES - Del \u00c9xodo Nogoy\u00e1<\/title>\n<meta name=\"robots\" content=\"index, follow, max-snippet:-1, max-image-preview:large, max-video-preview:-1\" \/>\n<link rel=\"canonical\" href=\"https:\/\/www.delexodo.com.ar\/?p=6257\" \/>\n<meta property=\"og:locale\" content=\"es_ES\" \/>\n<meta property=\"og:type\" content=\"article\" \/>\n<meta property=\"og:title\" content=\"PARA MARCOS ACOSTA NOGOYA NO HA ESTADO A LA ALTURA DE LAS CIRCUNSTANCIAS EN CUESTIONES AMBIENTALES - Del \u00c9xodo Nogoy\u00e1\" \/>\n<meta property=\"og:description\" content=\"Indudablemente la figura de Marcos Acosta sigue siendo una figura que marca el camino de algunas cuestiones institucionales o que&hellip;\" \/>\n<meta property=\"og:url\" content=\"https:\/\/www.delexodo.com.ar\/?p=6257\" \/>\n<meta property=\"og:site_name\" content=\"Del \u00c9xodo Nogoy\u00e1\" \/>\n<meta property=\"article:published_time\" content=\"2020-05-10T22:05:14+00:00\" \/>\n<meta property=\"og:image\" content=\"https:\/\/www.delexodo.com.ar\/wp-content\/uploads\/2020\/05\/ACOSTA1.png\" \/>\n\t<meta property=\"og:image:width\" content=\"1230\" \/>\n\t<meta property=\"og:image:height\" content=\"554\" \/>\n\t<meta property=\"og:image:type\" content=\"image\/png\" \/>\n<meta name=\"author\" content=\"admin\" \/>\n<meta name=\"twitter:card\" content=\"summary_large_image\" \/>\n<meta name=\"twitter:label1\" content=\"Escrito por\" \/>\n\t<meta name=\"twitter:data1\" content=\"admin\" \/>\n\t<meta name=\"twitter:label2\" content=\"Tiempo de lectura\" \/>\n\t<meta name=\"twitter:data2\" content=\"8 minutos\" \/>\n<script type=\"application\/ld+json\" class=\"yoast-schema-graph\">{\"@context\":\"https:\/\/schema.org\",\"@graph\":[{\"@type\":\"Article\",\"@id\":\"https:\/\/www.delexodo.com.ar\/?p=6257#article\",\"isPartOf\":{\"@id\":\"https:\/\/www.delexodo.com.ar\/?p=6257\"},\"author\":{\"name\":\"admin\",\"@id\":\"https:\/\/www.delexodo.com.ar\/#\/schema\/person\/bbed37f7da8e938660b34f2013ba449d\"},\"headline\":\"PARA MARCOS ACOSTA NOGOYA NO HA ESTADO A LA ALTURA DE LAS CIRCUNSTANCIAS EN CUESTIONES AMBIENTALES\",\"datePublished\":\"2020-05-10T22:05:14+00:00\",\"mainEntityOfPage\":{\"@id\":\"https:\/\/www.delexodo.com.ar\/?p=6257\"},\"wordCount\":1636,\"commentCount\":0,\"publisher\":{\"@id\":\"https:\/\/www.delexodo.com.ar\/#organization\"},\"image\":{\"@id\":\"https:\/\/www.delexodo.com.ar\/?p=6257#primaryimage\"},\"thumbnailUrl\":\"https:\/\/www.delexodo.com.ar\/wp-content\/uploads\/2020\/05\/ACOSTA1.png\",\"articleSection\":[\"Destacados\",\"Nogoya\",\"NOTICIAS\",\"Politica\"],\"inLanguage\":\"es\",\"potentialAction\":[{\"@type\":\"CommentAction\",\"name\":\"Comment\",\"target\":[\"https:\/\/www.delexodo.com.ar\/?p=6257#respond\"]}]},{\"@type\":\"WebPage\",\"@id\":\"https:\/\/www.delexodo.com.ar\/?p=6257\",\"url\":\"https:\/\/www.delexodo.com.ar\/?p=6257\",\"name\":\"PARA MARCOS ACOSTA NOGOYA NO HA ESTADO A LA ALTURA DE LAS CIRCUNSTANCIAS EN CUESTIONES AMBIENTALES - Del \u00c9xodo Nogoy\u00e1\",\"isPartOf\":{\"@id\":\"https:\/\/www.delexodo.com.ar\/#website\"},\"primaryImageOfPage\":{\"@id\":\"https:\/\/www.delexodo.com.ar\/?p=6257#primaryimage\"},\"image\":{\"@id\":\"https:\/\/www.delexodo.com.ar\/?p=6257#primaryimage\"},\"thumbnailUrl\":\"https:\/\/www.delexodo.com.ar\/wp-content\/uploads\/2020\/05\/ACOSTA1.png\",\"datePublished\":\"2020-05-10T22:05:14+00:00\",\"breadcrumb\":{\"@id\":\"https:\/\/www.delexodo.com.ar\/?p=6257#breadcrumb\"},\"inLanguage\":\"es\",\"potentialAction\":[{\"@type\":\"ReadAction\",\"target\":[\"https:\/\/www.delexodo.com.ar\/?p=6257\"]}]},{\"@type\":\"ImageObject\",\"inLanguage\":\"es\",\"@id\":\"https:\/\/www.delexodo.com.ar\/?p=6257#primaryimage\",\"url\":\"https:\/\/www.delexodo.com.ar\/wp-content\/uploads\/2020\/05\/ACOSTA1.png\",\"contentUrl\":\"https:\/\/www.delexodo.com.ar\/wp-content\/uploads\/2020\/05\/ACOSTA1.png\",\"width\":1230,\"height\":554},{\"@type\":\"BreadcrumbList\",\"@id\":\"https:\/\/www.delexodo.com.ar\/?p=6257#breadcrumb\",\"itemListElement\":[{\"@type\":\"ListItem\",\"position\":1,\"name\":\"Portada\",\"item\":\"https:\/\/www.delexodo.com.ar\/\"},{\"@type\":\"ListItem\",\"position\":2,\"name\":\"PARA MARCOS ACOSTA NOGOYA NO HA ESTADO A LA ALTURA DE LAS CIRCUNSTANCIAS EN CUESTIONES AMBIENTALES\"}]},{\"@type\":\"WebSite\",\"@id\":\"https:\/\/www.delexodo.com.ar\/#website\",\"url\":\"https:\/\/www.delexodo.com.ar\/\",\"name\":\"Del \u00c9xodo Nogoy\u00e1\",\"description\":\"El Portal de Noticias de la Regi\u00f3n\",\"publisher\":{\"@id\":\"https:\/\/www.delexodo.com.ar\/#organization\"},\"potentialAction\":[{\"@type\":\"SearchAction\",\"target\":{\"@type\":\"EntryPoint\",\"urlTemplate\":\"https:\/\/www.delexodo.com.ar\/?s={search_term_string}\"},\"query-input\":{\"@type\":\"PropertyValueSpecification\",\"valueRequired\":true,\"valueName\":\"search_term_string\"}}],\"inLanguage\":\"es\"},{\"@type\":\"Organization\",\"@id\":\"https:\/\/www.delexodo.com.ar\/#organization\",\"name\":\"Del \u00c9xodo Nogoy\u00e1\",\"url\":\"https:\/\/www.delexodo.com.ar\/\",\"logo\":{\"@type\":\"ImageObject\",\"inLanguage\":\"es\",\"@id\":\"https:\/\/www.delexodo.com.ar\/#\/schema\/logo\/image\/\",\"url\":\"https:\/\/www.delexodo.com.ar\/wp-content\/uploads\/2024\/10\/cropped-cropped-LOGO24.png\",\"contentUrl\":\"https:\/\/www.delexodo.com.ar\/wp-content\/uploads\/2024\/10\/cropped-cropped-LOGO24.png\",\"width\":512,\"height\":349,\"caption\":\"Del \u00c9xodo Nogoy\u00e1\"},\"image\":{\"@id\":\"https:\/\/www.delexodo.com.ar\/#\/schema\/logo\/image\/\"}},{\"@type\":\"Person\",\"@id\":\"https:\/\/www.delexodo.com.ar\/#\/schema\/person\/bbed37f7da8e938660b34f2013ba449d\",\"name\":\"admin\",\"image\":{\"@type\":\"ImageObject\",\"inLanguage\":\"es\",\"@id\":\"https:\/\/www.delexodo.com.ar\/#\/schema\/person\/image\/\",\"url\":\"https:\/\/secure.gravatar.com\/avatar\/6b1558d1b6df085f1901bd5bd98523d7?s=96&d=mm&r=g\",\"contentUrl\":\"https:\/\/secure.gravatar.com\/avatar\/6b1558d1b6df085f1901bd5bd98523d7?s=96&d=mm&r=g\",\"caption\":\"admin\"},\"url\":\"https:\/\/www.delexodo.com.ar\/?author=1\"}]}<\/script>\n<!-- \/ Yoast SEO plugin. -->","yoast_head_json":{"title":"PARA MARCOS ACOSTA NOGOYA NO HA ESTADO A LA ALTURA DE LAS CIRCUNSTANCIAS EN CUESTIONES AMBIENTALES - Del \u00c9xodo Nogoy\u00e1","robots":{"index":"index","follow":"follow","max-snippet":"max-snippet:-1","max-image-preview":"max-image-preview:large","max-video-preview":"max-video-preview:-1"},"canonical":"https:\/\/www.delexodo.com.ar\/?p=6257","og_locale":"es_ES","og_type":"article","og_title":"PARA MARCOS ACOSTA NOGOYA NO HA ESTADO A LA ALTURA DE LAS CIRCUNSTANCIAS EN CUESTIONES AMBIENTALES - Del \u00c9xodo Nogoy\u00e1","og_description":"Indudablemente la figura de Marcos Acosta sigue siendo una figura que marca el camino de algunas cuestiones institucionales o que&hellip;","og_url":"https:\/\/www.delexodo.com.ar\/?p=6257","og_site_name":"Del \u00c9xodo Nogoy\u00e1","article_published_time":"2020-05-10T22:05:14+00:00","og_image":[{"width":1230,"height":554,"url":"https:\/\/www.delexodo.com.ar\/wp-content\/uploads\/2020\/05\/ACOSTA1.png","type":"image\/png"}],"author":"admin","twitter_card":"summary_large_image","twitter_misc":{"Escrito por":"admin","Tiempo de lectura":"8 minutos"},"schema":{"@context":"https:\/\/schema.org","@graph":[{"@type":"Article","@id":"https:\/\/www.delexodo.com.ar\/?p=6257#article","isPartOf":{"@id":"https:\/\/www.delexodo.com.ar\/?p=6257"},"author":{"name":"admin","@id":"https:\/\/www.delexodo.com.ar\/#\/schema\/person\/bbed37f7da8e938660b34f2013ba449d"},"headline":"PARA MARCOS ACOSTA NOGOYA NO HA ESTADO A LA ALTURA DE LAS CIRCUNSTANCIAS EN CUESTIONES AMBIENTALES","datePublished":"2020-05-10T22:05:14+00:00","mainEntityOfPage":{"@id":"https:\/\/www.delexodo.com.ar\/?p=6257"},"wordCount":1636,"commentCount":0,"publisher":{"@id":"https:\/\/www.delexodo.com.ar\/#organization"},"image":{"@id":"https:\/\/www.delexodo.com.ar\/?p=6257#primaryimage"},"thumbnailUrl":"https:\/\/www.delexodo.com.ar\/wp-content\/uploads\/2020\/05\/ACOSTA1.png","articleSection":["Destacados","Nogoya","NOTICIAS","Politica"],"inLanguage":"es","potentialAction":[{"@type":"CommentAction","name":"Comment","target":["https:\/\/www.delexodo.com.ar\/?p=6257#respond"]}]},{"@type":"WebPage","@id":"https:\/\/www.delexodo.com.ar\/?p=6257","url":"https:\/\/www.delexodo.com.ar\/?p=6257","name":"PARA MARCOS ACOSTA NOGOYA NO HA ESTADO A LA ALTURA DE LAS CIRCUNSTANCIAS EN CUESTIONES AMBIENTALES - Del \u00c9xodo Nogoy\u00e1","isPartOf":{"@id":"https:\/\/www.delexodo.com.ar\/#website"},"primaryImageOfPage":{"@id":"https:\/\/www.delexodo.com.ar\/?p=6257#primaryimage"},"image":{"@id":"https:\/\/www.delexodo.com.ar\/?p=6257#primaryimage"},"thumbnailUrl":"https:\/\/www.delexodo.com.ar\/wp-content\/uploads\/2020\/05\/ACOSTA1.png","datePublished":"2020-05-10T22:05:14+00:00","breadcrumb":{"@id":"https:\/\/www.delexodo.com.ar\/?p=6257#breadcrumb"},"inLanguage":"es","potentialAction":[{"@type":"ReadAction","target":["https:\/\/www.delexodo.com.ar\/?p=6257"]}]},{"@type":"ImageObject","inLanguage":"es","@id":"https:\/\/www.delexodo.com.ar\/?p=6257#primaryimage","url":"https:\/\/www.delexodo.com.ar\/wp-content\/uploads\/2020\/05\/ACOSTA1.png","contentUrl":"https:\/\/www.delexodo.com.ar\/wp-content\/uploads\/2020\/05\/ACOSTA1.png","width":1230,"height":554},{"@type":"BreadcrumbList","@id":"https:\/\/www.delexodo.com.ar\/?p=6257#breadcrumb","itemListElement":[{"@type":"ListItem","position":1,"name":"Portada","item":"https:\/\/www.delexodo.com.ar\/"},{"@type":"ListItem","position":2,"name":"PARA MARCOS ACOSTA NOGOYA NO HA ESTADO A LA ALTURA DE LAS CIRCUNSTANCIAS EN CUESTIONES AMBIENTALES"}]},{"@type":"WebSite","@id":"https:\/\/www.delexodo.com.ar\/#website","url":"https:\/\/www.delexodo.com.ar\/","name":"Del \u00c9xodo Nogoy\u00e1","description":"El Portal de Noticias de la Regi\u00f3n","publisher":{"@id":"https:\/\/www.delexodo.com.ar\/#organization"},"potentialAction":[{"@type":"SearchAction","target":{"@type":"EntryPoint","urlTemplate":"https:\/\/www.delexodo.com.ar\/?s={search_term_string}"},"query-input":{"@type":"PropertyValueSpecification","valueRequired":true,"valueName":"search_term_string"}}],"inLanguage":"es"},{"@type":"Organization","@id":"https:\/\/www.delexodo.com.ar\/#organization","name":"Del \u00c9xodo Nogoy\u00e1","url":"https:\/\/www.delexodo.com.ar\/","logo":{"@type":"ImageObject","inLanguage":"es","@id":"https:\/\/www.delexodo.com.ar\/#\/schema\/logo\/image\/","url":"https:\/\/www.delexodo.com.ar\/wp-content\/uploads\/2024\/10\/cropped-cropped-LOGO24.png","contentUrl":"https:\/\/www.delexodo.com.ar\/wp-content\/uploads\/2024\/10\/cropped-cropped-LOGO24.png","width":512,"height":349,"caption":"Del \u00c9xodo Nogoy\u00e1"},"image":{"@id":"https:\/\/www.delexodo.com.ar\/#\/schema\/logo\/image\/"}},{"@type":"Person","@id":"https:\/\/www.delexodo.com.ar\/#\/schema\/person\/bbed37f7da8e938660b34f2013ba449d","name":"admin","image":{"@type":"ImageObject","inLanguage":"es","@id":"https:\/\/www.delexodo.com.ar\/#\/schema\/person\/image\/","url":"https:\/\/secure.gravatar.com\/avatar\/6b1558d1b6df085f1901bd5bd98523d7?s=96&d=mm&r=g","contentUrl":"https:\/\/secure.gravatar.com\/avatar\/6b1558d1b6df085f1901bd5bd98523d7?s=96&d=mm&r=g","caption":"admin"},"url":"https:\/\/www.delexodo.com.ar\/?author=1"}]}},"_links":{"self":[{"href":"https:\/\/www.delexodo.com.ar\/index.php?rest_route=\/wp\/v2\/posts\/6257","targetHints":{"allow":["GET"]}}],"collection":[{"href":"https:\/\/www.delexodo.com.ar\/index.php?rest_route=\/wp\/v2\/posts"}],"about":[{"href":"https:\/\/www.delexodo.com.ar\/index.php?rest_route=\/wp\/v2\/types\/post"}],"author":[{"embeddable":true,"href":"https:\/\/www.delexodo.com.ar\/index.php?rest_route=\/wp\/v2\/users\/1"}],"replies":[{"embeddable":true,"href":"https:\/\/www.delexodo.com.ar\/index.php?rest_route=%2Fwp%2Fv2%2Fcomments&post=6257"}],"version-history":[{"count":0,"href":"https:\/\/www.delexodo.com.ar\/index.php?rest_route=\/wp\/v2\/posts\/6257\/revisions"}],"wp:featuredmedia":[{"embeddable":true,"href":"https:\/\/www.delexodo.com.ar\/index.php?rest_route=\/wp\/v2\/media\/6259"}],"wp:attachment":[{"href":"https:\/\/www.delexodo.com.ar\/index.php?rest_route=%2Fwp%2Fv2%2Fmedia&parent=6257"}],"wp:term":[{"taxonomy":"category","embeddable":true,"href":"https:\/\/www.delexodo.com.ar\/index.php?rest_route=%2Fwp%2Fv2%2Fcategories&post=6257"},{"taxonomy":"post_tag","embeddable":true,"href":"https:\/\/www.delexodo.com.ar\/index.php?rest_route=%2Fwp%2Fv2%2Ftags&post=6257"}],"curies":[{"name":"wp","href":"https:\/\/api.w.org\/{rel}","templated":true}]}}