{"id":6237,"date":"2020-05-07T21:41:21","date_gmt":"2020-05-08T00:41:21","guid":{"rendered":"http:\/\/www.delexodo.com.ar\/?p=6237"},"modified":"2020-05-07T23:09:57","modified_gmt":"2020-05-08T02:09:57","slug":"de-mano-propia-la-ministra-velazquez-trajo-equipamiento","status":"publish","type":"post","link":"https:\/\/www.delexodo.com.ar\/?p=6237","title":{"rendered":"DE MANO PROPIA, LA MINISTRA VELAZQUEZ TRAJO EQUIPAMIENTO"},"content":{"rendered":"\n<p>La ministra de Salud de Entre R\u00edos, Sonia Vel\u00e1zquez junto a un equipo del COES, lleg\u00f3 hasta la ciudad de Nogoy\u00e1 para reunirse con el director del Hospital San Bl\u00e1s, Javier Ascua y el componente de salud. <\/p>\n\n\n\n<figure class=\"wp-block-embed-youtube wp-block-embed is-type-video is-provider-youtube wp-embed-aspect-16-9 wp-has-aspect-ratio\"><div class=\"wp-block-embed__wrapper\">\n<iframe loading=\"lazy\" title=\"#AIRE #MxV - MINISTRA DE SALUD DE ER - SONIA VELAZQUEZ\" width=\"500\" height=\"281\" src=\"https:\/\/www.youtube.com\/embed\/4z5SLVzZERY?feature=oembed\" frameborder=\"0\" allow=\"accelerometer; autoplay; clipboard-write; encrypted-media; gyroscope; picture-in-picture; web-share\" referrerpolicy=\"strict-origin-when-cross-origin\" allowfullscreen><\/iframe>\n<\/div><\/figure>\n\n\n\n<p>All\u00ed analizaron las estrategias requeridas para recibir posibles pacientes de Covid 19. Se entreg\u00f3 un respirador valuado en $998. 000 e insumos de higienes y cuidado para el personal de salud. La jornada culmin\u00f3 en un encuentro de trabajo con autoridades municipales.<\/p>\n\n\n\n<figure class=\"wp-block-image\"><img loading=\"lazy\" decoding=\"async\" width=\"1024\" height=\"768\" src=\"http:\/\/www.delexodo.com.ar\/wp-content\/uploads\/2020\/05\/IMG-20200507-WA0033-1024x768.jpg\" alt=\"\" class=\"wp-image-6240\" srcset=\"https:\/\/www.delexodo.com.ar\/wp-content\/uploads\/2020\/05\/IMG-20200507-WA0033.jpg 1024w, https:\/\/www.delexodo.com.ar\/wp-content\/uploads\/2020\/05\/IMG-20200507-WA0033-300x225.jpg 300w, https:\/\/www.delexodo.com.ar\/wp-content\/uploads\/2020\/05\/IMG-20200507-WA0033-768x576.jpg 768w\" sizes=\"auto, (max-width: 1024px) 100vw, 1024px\" \/><\/figure>\n\n\n\n<p>En la recorrida por el hospital San Bl\u00e1s, la ministra entreg\u00f3 a la instituci\u00f3n, un respirador de transporte marca Biomed modelo Crossvent, vers\u00e1til para ventilaci\u00f3n no invasiva y terapia de alto flujo en pacientes adultos, pedi\u00e1tricos, lactantes de hasta 3 kg. Es un equipo robusto de \u00faltima generaci\u00f3n y adaptable para trasladar pacientes a otros puntos de atenci\u00f3n. Cuenta adem\u00e1s con un circuito descartable y esterilizable, cables manguera de conexi\u00f3n, pulm\u00f3n de prueba y accesorios, por una valoraci\u00f3n actual de $998. 000.<\/p>\n\n\n\n<figure class=\"wp-block-image\"><img loading=\"lazy\" decoding=\"async\" width=\"1024\" height=\"768\" src=\"http:\/\/www.delexodo.com.ar\/wp-content\/uploads\/2020\/05\/IMG-20200507-WA0036-1024x768.jpg\" alt=\"\" class=\"wp-image-6239\" srcset=\"https:\/\/www.delexodo.com.ar\/wp-content\/uploads\/2020\/05\/IMG-20200507-WA0036.jpg 1024w, https:\/\/www.delexodo.com.ar\/wp-content\/uploads\/2020\/05\/IMG-20200507-WA0036-300x225.jpg 300w, https:\/\/www.delexodo.com.ar\/wp-content\/uploads\/2020\/05\/IMG-20200507-WA0036-768x576.jpg 768w\" sizes=\"auto, (max-width: 1024px) 100vw, 1024px\" \/><\/figure>\n\n\n\n<p>En su visita la funcionaria dej\u00f3 un mensaje para el vecino de Nogoy\u00e1. <em>\u201cEn primer lugar transmitir tranquilidad. El COVID 19 es una patolog\u00eda, una afecci\u00f3n respiratoria que vino para quedarse, entonces va a convivir entre nosotros, esto es lo que la ciudadan\u00eda tiene que entender\u00bb<\/em>.<\/p>\n\n\n\n<figure class=\"wp-block-image\"><img loading=\"lazy\" decoding=\"async\" width=\"1024\" height=\"768\" src=\"http:\/\/www.delexodo.com.ar\/wp-content\/uploads\/2020\/05\/IMG-20200507-WA0034-1024x768.jpg\" alt=\"\" class=\"wp-image-6241\" srcset=\"https:\/\/www.delexodo.com.ar\/wp-content\/uploads\/2020\/05\/IMG-20200507-WA0034.jpg 1024w, https:\/\/www.delexodo.com.ar\/wp-content\/uploads\/2020\/05\/IMG-20200507-WA0034-300x225.jpg 300w, https:\/\/www.delexodo.com.ar\/wp-content\/uploads\/2020\/05\/IMG-20200507-WA0034-768x576.jpg 768w\" sizes=\"auto, (max-width: 1024px) 100vw, 1024px\" \/><\/figure>\n\n\n\n<p><em>\u201cAs\u00ed como nos pas\u00f3 en su momento con la H1N1, la influenza, y hoy no estamos denunciando la influenza, ni estigmatizando a un paciente con gripe, y lo mismo tiene que pasar con un paciente COVID\u201d<\/em>.<\/p>\n\n\n\n<p><em>\u201cQue tengan plena confianza en nuestros equipos de salud, para poder llevar tranquilidad y bajar esa ansiedad quiz\u00e1s, o esa situaci\u00f3n que hemos magnificado, quiz\u00e1s tambi\u00e9n porque hemos visto en televisi\u00f3n muchas cosas de otros pa\u00edses; y esa misma noticia por ah\u00ed ha desinformado o creado una instancia de sensibilidad que es propia y aparece cuando uno tiene miedo, cuando uno no maneja  informaci\u00f3n; estamos ante un virus desconocido, pero la particularidad es que la provincia de Entre R\u00edos se ha podido organizar, ha podido desarrollar una estrategia sanitaria para poder hoy tener este mapa de situaci\u00f3n epidemiol\u00f3gica\u201d<\/em>.<\/p>\n","protected":false},"excerpt":{"rendered":"<p>La ministra de Salud de Entre R\u00edos, Sonia Vel\u00e1zquez junto a un equipo del COES, lleg\u00f3 hasta la ciudad de&hellip;<\/p>\n","protected":false},"author":1,"featured_media":6238,"comment_status":"open","ping_status":"open","sticky":false,"template":"","format":"standard","meta":{"_joinchat":[],"footnotes":""},"categories":[65,1,69,352],"tags":[345],"class_list":["post-6237","post","type-post","status-publish","format-standard","has-post-thumbnail","hentry","category-destacados","category-sincategoria","category-noticias","category-salud","tag-destacar"],"yoast_head":"<!-- This site is optimized with the Yoast SEO plugin v25.1 - https:\/\/yoast.com\/wordpress\/plugins\/seo\/ -->\n<title>DE MANO PROPIA, LA MINISTRA VELAZQUEZ TRAJO EQUIPAMIENTO - Del \u00c9xodo Nogoy\u00e1<\/title>\n<meta name=\"robots\" content=\"index, follow, max-snippet:-1, max-image-preview:large, max-video-preview:-1\" \/>\n<link rel=\"canonical\" href=\"https:\/\/www.delexodo.com.ar\/?p=6237\" \/>\n<meta property=\"og:locale\" content=\"es_ES\" \/>\n<meta property=\"og:type\" content=\"article\" \/>\n<meta property=\"og:title\" content=\"DE MANO PROPIA, LA MINISTRA VELAZQUEZ TRAJO EQUIPAMIENTO - Del \u00c9xodo Nogoy\u00e1\" \/>\n<meta property=\"og:description\" content=\"La ministra de Salud de Entre R\u00edos, Sonia Vel\u00e1zquez junto a un equipo del COES, lleg\u00f3 hasta la ciudad de&hellip;\" \/>\n<meta property=\"og:url\" content=\"https:\/\/www.delexodo.com.ar\/?p=6237\" \/>\n<meta property=\"og:site_name\" content=\"Del \u00c9xodo Nogoy\u00e1\" \/>\n<meta property=\"article:published_time\" content=\"2020-05-08T00:41:21+00:00\" \/>\n<meta property=\"article:modified_time\" content=\"2020-05-08T02:09:57+00:00\" \/>\n<meta property=\"og:image\" content=\"https:\/\/www.delexodo.com.ar\/wp-content\/uploads\/2020\/05\/Capture_2020-05-07-17-34-35.png\" \/>\n\t<meta property=\"og:image:width\" content=\"2004\" \/>\n\t<meta property=\"og:image:height\" content=\"1080\" \/>\n\t<meta property=\"og:image:type\" content=\"image\/png\" \/>\n<meta name=\"author\" content=\"admin\" \/>\n<meta name=\"twitter:card\" content=\"summary_large_image\" \/>\n<meta name=\"twitter:label1\" content=\"Escrito por\" \/>\n\t<meta name=\"twitter:data1\" content=\"admin\" \/>\n\t<meta name=\"twitter:label2\" content=\"Tiempo de lectura\" \/>\n\t<meta name=\"twitter:data2\" content=\"2 minutos\" \/>\n<script type=\"application\/ld+json\" class=\"yoast-schema-graph\">{\"@context\":\"https:\/\/schema.org\",\"@graph\":[{\"@type\":\"Article\",\"@id\":\"https:\/\/www.delexodo.com.ar\/?p=6237#article\",\"isPartOf\":{\"@id\":\"https:\/\/www.delexodo.com.ar\/?p=6237\"},\"author\":{\"name\":\"admin\",\"@id\":\"https:\/\/www.delexodo.com.ar\/#\/schema\/person\/bbed37f7da8e938660b34f2013ba449d\"},\"headline\":\"DE MANO PROPIA, LA MINISTRA VELAZQUEZ TRAJO EQUIPAMIENTO\",\"datePublished\":\"2020-05-08T00:41:21+00:00\",\"dateModified\":\"2020-05-08T02:09:57+00:00\",\"mainEntityOfPage\":{\"@id\":\"https:\/\/www.delexodo.com.ar\/?p=6237\"},\"wordCount\":375,\"commentCount\":0,\"publisher\":{\"@id\":\"https:\/\/www.delexodo.com.ar\/#organization\"},\"image\":{\"@id\":\"https:\/\/www.delexodo.com.ar\/?p=6237#primaryimage\"},\"thumbnailUrl\":\"https:\/\/www.delexodo.com.ar\/wp-content\/uploads\/2020\/05\/Capture_2020-05-07-17-34-35.png\",\"keywords\":[\"destacar\"],\"articleSection\":[\"Destacados\",\"Nogoya\",\"NOTICIAS\",\"Salud\"],\"inLanguage\":\"es\",\"potentialAction\":[{\"@type\":\"CommentAction\",\"name\":\"Comment\",\"target\":[\"https:\/\/www.delexodo.com.ar\/?p=6237#respond\"]}]},{\"@type\":\"WebPage\",\"@id\":\"https:\/\/www.delexodo.com.ar\/?p=6237\",\"url\":\"https:\/\/www.delexodo.com.ar\/?p=6237\",\"name\":\"DE MANO PROPIA, LA MINISTRA VELAZQUEZ TRAJO EQUIPAMIENTO - Del \u00c9xodo Nogoy\u00e1\",\"isPartOf\":{\"@id\":\"https:\/\/www.delexodo.com.ar\/#website\"},\"primaryImageOfPage\":{\"@id\":\"https:\/\/www.delexodo.com.ar\/?p=6237#primaryimage\"},\"image\":{\"@id\":\"https:\/\/www.delexodo.com.ar\/?p=6237#primaryimage\"},\"thumbnailUrl\":\"https:\/\/www.delexodo.com.ar\/wp-content\/uploads\/2020\/05\/Capture_2020-05-07-17-34-35.png\",\"datePublished\":\"2020-05-08T00:41:21+00:00\",\"dateModified\":\"2020-05-08T02:09:57+00:00\",\"breadcrumb\":{\"@id\":\"https:\/\/www.delexodo.com.ar\/?p=6237#breadcrumb\"},\"inLanguage\":\"es\",\"potentialAction\":[{\"@type\":\"ReadAction\",\"target\":[\"https:\/\/www.delexodo.com.ar\/?p=6237\"]}]},{\"@type\":\"ImageObject\",\"inLanguage\":\"es\",\"@id\":\"https:\/\/www.delexodo.com.ar\/?p=6237#primaryimage\",\"url\":\"https:\/\/www.delexodo.com.ar\/wp-content\/uploads\/2020\/05\/Capture_2020-05-07-17-34-35.png\",\"contentUrl\":\"https:\/\/www.delexodo.com.ar\/wp-content\/uploads\/2020\/05\/Capture_2020-05-07-17-34-35.png\",\"width\":2004,\"height\":1080},{\"@type\":\"BreadcrumbList\",\"@id\":\"https:\/\/www.delexodo.com.ar\/?p=6237#breadcrumb\",\"itemListElement\":[{\"@type\":\"ListItem\",\"position\":1,\"name\":\"Portada\",\"item\":\"https:\/\/www.delexodo.com.ar\/\"},{\"@type\":\"ListItem\",\"position\":2,\"name\":\"DE MANO PROPIA, LA MINISTRA VELAZQUEZ TRAJO EQUIPAMIENTO\"}]},{\"@type\":\"WebSite\",\"@id\":\"https:\/\/www.delexodo.com.ar\/#website\",\"url\":\"https:\/\/www.delexodo.com.ar\/\",\"name\":\"Del \u00c9xodo Nogoy\u00e1\",\"description\":\"El Portal de Noticias de la Regi\u00f3n\",\"publisher\":{\"@id\":\"https:\/\/www.delexodo.com.ar\/#organization\"},\"potentialAction\":[{\"@type\":\"SearchAction\",\"target\":{\"@type\":\"EntryPoint\",\"urlTemplate\":\"https:\/\/www.delexodo.com.ar\/?s={search_term_string}\"},\"query-input\":{\"@type\":\"PropertyValueSpecification\",\"valueRequired\":true,\"valueName\":\"search_term_string\"}}],\"inLanguage\":\"es\"},{\"@type\":\"Organization\",\"@id\":\"https:\/\/www.delexodo.com.ar\/#organization\",\"name\":\"Del \u00c9xodo Nogoy\u00e1\",\"url\":\"https:\/\/www.delexodo.com.ar\/\",\"logo\":{\"@type\":\"ImageObject\",\"inLanguage\":\"es\",\"@id\":\"https:\/\/www.delexodo.com.ar\/#\/schema\/logo\/image\/\",\"url\":\"https:\/\/www.delexodo.com.ar\/wp-content\/uploads\/2024\/10\/cropped-cropped-LOGO24.png\",\"contentUrl\":\"https:\/\/www.delexodo.com.ar\/wp-content\/uploads\/2024\/10\/cropped-cropped-LOGO24.png\",\"width\":512,\"height\":349,\"caption\":\"Del \u00c9xodo Nogoy\u00e1\"},\"image\":{\"@id\":\"https:\/\/www.delexodo.com.ar\/#\/schema\/logo\/image\/\"}},{\"@type\":\"Person\",\"@id\":\"https:\/\/www.delexodo.com.ar\/#\/schema\/person\/bbed37f7da8e938660b34f2013ba449d\",\"name\":\"admin\",\"image\":{\"@type\":\"ImageObject\",\"inLanguage\":\"es\",\"@id\":\"https:\/\/www.delexodo.com.ar\/#\/schema\/person\/image\/\",\"url\":\"https:\/\/secure.gravatar.com\/avatar\/6b1558d1b6df085f1901bd5bd98523d7?s=96&d=mm&r=g\",\"contentUrl\":\"https:\/\/secure.gravatar.com\/avatar\/6b1558d1b6df085f1901bd5bd98523d7?s=96&d=mm&r=g\",\"caption\":\"admin\"},\"url\":\"https:\/\/www.delexodo.com.ar\/?author=1\"}]}<\/script>\n<!-- \/ Yoast SEO plugin. -->","yoast_head_json":{"title":"DE MANO PROPIA, LA MINISTRA VELAZQUEZ TRAJO EQUIPAMIENTO - Del \u00c9xodo Nogoy\u00e1","robots":{"index":"index","follow":"follow","max-snippet":"max-snippet:-1","max-image-preview":"max-image-preview:large","max-video-preview":"max-video-preview:-1"},"canonical":"https:\/\/www.delexodo.com.ar\/?p=6237","og_locale":"es_ES","og_type":"article","og_title":"DE MANO PROPIA, LA MINISTRA VELAZQUEZ TRAJO EQUIPAMIENTO - Del \u00c9xodo Nogoy\u00e1","og_description":"La ministra de Salud de Entre R\u00edos, Sonia Vel\u00e1zquez junto a un equipo del COES, lleg\u00f3 hasta la ciudad de&hellip;","og_url":"https:\/\/www.delexodo.com.ar\/?p=6237","og_site_name":"Del \u00c9xodo Nogoy\u00e1","article_published_time":"2020-05-08T00:41:21+00:00","article_modified_time":"2020-05-08T02:09:57+00:00","og_image":[{"width":2004,"height":1080,"url":"https:\/\/www.delexodo.com.ar\/wp-content\/uploads\/2020\/05\/Capture_2020-05-07-17-34-35.png","type":"image\/png"}],"author":"admin","twitter_card":"summary_large_image","twitter_misc":{"Escrito por":"admin","Tiempo de lectura":"2 minutos"},"schema":{"@context":"https:\/\/schema.org","@graph":[{"@type":"Article","@id":"https:\/\/www.delexodo.com.ar\/?p=6237#article","isPartOf":{"@id":"https:\/\/www.delexodo.com.ar\/?p=6237"},"author":{"name":"admin","@id":"https:\/\/www.delexodo.com.ar\/#\/schema\/person\/bbed37f7da8e938660b34f2013ba449d"},"headline":"DE MANO PROPIA, LA MINISTRA VELAZQUEZ TRAJO EQUIPAMIENTO","datePublished":"2020-05-08T00:41:21+00:00","dateModified":"2020-05-08T02:09:57+00:00","mainEntityOfPage":{"@id":"https:\/\/www.delexodo.com.ar\/?p=6237"},"wordCount":375,"commentCount":0,"publisher":{"@id":"https:\/\/www.delexodo.com.ar\/#organization"},"image":{"@id":"https:\/\/www.delexodo.com.ar\/?p=6237#primaryimage"},"thumbnailUrl":"https:\/\/www.delexodo.com.ar\/wp-content\/uploads\/2020\/05\/Capture_2020-05-07-17-34-35.png","keywords":["destacar"],"articleSection":["Destacados","Nogoya","NOTICIAS","Salud"],"inLanguage":"es","potentialAction":[{"@type":"CommentAction","name":"Comment","target":["https:\/\/www.delexodo.com.ar\/?p=6237#respond"]}]},{"@type":"WebPage","@id":"https:\/\/www.delexodo.com.ar\/?p=6237","url":"https:\/\/www.delexodo.com.ar\/?p=6237","name":"DE MANO PROPIA, LA MINISTRA VELAZQUEZ TRAJO EQUIPAMIENTO - Del \u00c9xodo Nogoy\u00e1","isPartOf":{"@id":"https:\/\/www.delexodo.com.ar\/#website"},"primaryImageOfPage":{"@id":"https:\/\/www.delexodo.com.ar\/?p=6237#primaryimage"},"image":{"@id":"https:\/\/www.delexodo.com.ar\/?p=6237#primaryimage"},"thumbnailUrl":"https:\/\/www.delexodo.com.ar\/wp-content\/uploads\/2020\/05\/Capture_2020-05-07-17-34-35.png","datePublished":"2020-05-08T00:41:21+00:00","dateModified":"2020-05-08T02:09:57+00:00","breadcrumb":{"@id":"https:\/\/www.delexodo.com.ar\/?p=6237#breadcrumb"},"inLanguage":"es","potentialAction":[{"@type":"ReadAction","target":["https:\/\/www.delexodo.com.ar\/?p=6237"]}]},{"@type":"ImageObject","inLanguage":"es","@id":"https:\/\/www.delexodo.com.ar\/?p=6237#primaryimage","url":"https:\/\/www.delexodo.com.ar\/wp-content\/uploads\/2020\/05\/Capture_2020-05-07-17-34-35.png","contentUrl":"https:\/\/www.delexodo.com.ar\/wp-content\/uploads\/2020\/05\/Capture_2020-05-07-17-34-35.png","width":2004,"height":1080},{"@type":"BreadcrumbList","@id":"https:\/\/www.delexodo.com.ar\/?p=6237#breadcrumb","itemListElement":[{"@type":"ListItem","position":1,"name":"Portada","item":"https:\/\/www.delexodo.com.ar\/"},{"@type":"ListItem","position":2,"name":"DE MANO PROPIA, LA MINISTRA VELAZQUEZ TRAJO EQUIPAMIENTO"}]},{"@type":"WebSite","@id":"https:\/\/www.delexodo.com.ar\/#website","url":"https:\/\/www.delexodo.com.ar\/","name":"Del \u00c9xodo Nogoy\u00e1","description":"El Portal de Noticias de la Regi\u00f3n","publisher":{"@id":"https:\/\/www.delexodo.com.ar\/#organization"},"potentialAction":[{"@type":"SearchAction","target":{"@type":"EntryPoint","urlTemplate":"https:\/\/www.delexodo.com.ar\/?s={search_term_string}"},"query-input":{"@type":"PropertyValueSpecification","valueRequired":true,"valueName":"search_term_string"}}],"inLanguage":"es"},{"@type":"Organization","@id":"https:\/\/www.delexodo.com.ar\/#organization","name":"Del \u00c9xodo Nogoy\u00e1","url":"https:\/\/www.delexodo.com.ar\/","logo":{"@type":"ImageObject","inLanguage":"es","@id":"https:\/\/www.delexodo.com.ar\/#\/schema\/logo\/image\/","url":"https:\/\/www.delexodo.com.ar\/wp-content\/uploads\/2024\/10\/cropped-cropped-LOGO24.png","contentUrl":"https:\/\/www.delexodo.com.ar\/wp-content\/uploads\/2024\/10\/cropped-cropped-LOGO24.png","width":512,"height":349,"caption":"Del \u00c9xodo Nogoy\u00e1"},"image":{"@id":"https:\/\/www.delexodo.com.ar\/#\/schema\/logo\/image\/"}},{"@type":"Person","@id":"https:\/\/www.delexodo.com.ar\/#\/schema\/person\/bbed37f7da8e938660b34f2013ba449d","name":"admin","image":{"@type":"ImageObject","inLanguage":"es","@id":"https:\/\/www.delexodo.com.ar\/#\/schema\/person\/image\/","url":"https:\/\/secure.gravatar.com\/avatar\/6b1558d1b6df085f1901bd5bd98523d7?s=96&d=mm&r=g","contentUrl":"https:\/\/secure.gravatar.com\/avatar\/6b1558d1b6df085f1901bd5bd98523d7?s=96&d=mm&r=g","caption":"admin"},"url":"https:\/\/www.delexodo.com.ar\/?author=1"}]}},"_links":{"self":[{"href":"https:\/\/www.delexodo.com.ar\/index.php?rest_route=\/wp\/v2\/posts\/6237","targetHints":{"allow":["GET"]}}],"collection":[{"href":"https:\/\/www.delexodo.com.ar\/index.php?rest_route=\/wp\/v2\/posts"}],"about":[{"href":"https:\/\/www.delexodo.com.ar\/index.php?rest_route=\/wp\/v2\/types\/post"}],"author":[{"embeddable":true,"href":"https:\/\/www.delexodo.com.ar\/index.php?rest_route=\/wp\/v2\/users\/1"}],"replies":[{"embeddable":true,"href":"https:\/\/www.delexodo.com.ar\/index.php?rest_route=%2Fwp%2Fv2%2Fcomments&post=6237"}],"version-history":[{"count":0,"href":"https:\/\/www.delexodo.com.ar\/index.php?rest_route=\/wp\/v2\/posts\/6237\/revisions"}],"wp:featuredmedia":[{"embeddable":true,"href":"https:\/\/www.delexodo.com.ar\/index.php?rest_route=\/wp\/v2\/media\/6238"}],"wp:attachment":[{"href":"https:\/\/www.delexodo.com.ar\/index.php?rest_route=%2Fwp%2Fv2%2Fmedia&parent=6237"}],"wp:term":[{"taxonomy":"category","embeddable":true,"href":"https:\/\/www.delexodo.com.ar\/index.php?rest_route=%2Fwp%2Fv2%2Fcategories&post=6237"},{"taxonomy":"post_tag","embeddable":true,"href":"https:\/\/www.delexodo.com.ar\/index.php?rest_route=%2Fwp%2Fv2%2Ftags&post=6237"}],"curies":[{"name":"wp","href":"https:\/\/api.w.org\/{rel}","templated":true}]}}