{"id":6214,"date":"2020-05-06T16:48:21","date_gmt":"2020-05-06T19:48:21","guid":{"rendered":"http:\/\/www.delexodo.com.ar\/?p=6214"},"modified":"2020-05-06T16:48:21","modified_gmt":"2020-05-06T19:48:21","slug":"la-produccion-de-cerdos-un-sector-que-hizo-los-deberes-y-hoy-sufre-la-falta-de-apoyo","status":"publish","type":"post","link":"https:\/\/www.delexodo.com.ar\/?p=6214","title":{"rendered":"LA PRODUCCI\u00d3N DE CERDOS, UN SECTOR QUE HIZO LOS DEBERES Y HOY SUFRE LA FALTA DE APOYO"},"content":{"rendered":"\n<p>El Lic. Ramiro Farias de Farias Consultores brind\u00f3 un informe\nde Coyuntura Econ\u00f3mica del mes de Mayo, con temas muy interesantes para el\nsector agropecuario.<\/p>\n\n\n\n<p>Algunos datos destacados:<\/p>\n\n\n\n<p>\u2022 En el \u00faltimo a\u00f1o los productores porcinos de Argentina\ninvirtieron 80 millones de d\u00f3lares en ampliar su capacidad productiva. El stock\nde madres en producci\u00f3n alcanz\u00f3 las 271.000 cabezas en 2020.<\/p>\n\n\n\n<p>\u2022 La sequ\u00eda de la campa\u00f1a 2017\/2018 y la crisis econ\u00f3mica\ndesatada en 2018 provocaron la desaparici\u00f3n del 7% de las Unidades Productivas.<\/p>\n\n\n\n<p>\u2022 En marzo, el nivel de faena cay\u00f3 2% frente a igual mes de\n2019, mientras que el consumo per-c\u00e1pita comenz\u00f3 el a\u00f1o con una ca\u00edda de 0,5\nKg\/Hab.<\/p>\n\n\n\n<h4 class=\"wp-block-heading\">LA PRODUCCI\u00d3N DE CERDOS, UN SECTOR QUE HIZO LOS DEBERES Y LE\nSOLTARON LA MANO.<\/h4>\n\n\n\n<p>En el \u00faltimo a\u00f1o los productores porcinos de Argentina\ninvirtieron 80 millones de d\u00f3lares en ampliar su capacidad productiva,\nincorporando a sus planteles 13.000 nuevas madres y as\u00ed alcanzar un stock a\nnivel pa\u00eds de 271.000 cerdas en producci\u00f3n1.&nbsp;\n<\/p>\n\n\n\n<p>Ello signific\u00f3 redoblar esfuerzos ante la ca\u00edda en el stock\nde 5.000 madres en 2019, como consecuencia de la sequ\u00eda de la campa\u00f1a agr\u00edcola\n2017\/2018 y la crisis econ\u00f3mica desatada entre mayo y agosto de 2018,\nacontecimientos que provocaron fuertes aumentos en el precio del ma\u00edz\n(principal insumo), costo del capital por mayores tasas de inter\u00e9s y debilidad en\nla demanda por menor poder adquisitivo de la poblaci\u00f3n. No obstante, el n\u00famero\nde granjas porcinas con 100 madres o m\u00e1s se redujo 7% entre los a\u00f1os 2018 y\n2020. <\/p>\n\n\n\n<figure class=\"wp-block-image\"><img loading=\"lazy\" decoding=\"async\" width=\"832\" height=\"511\" src=\"http:\/\/www.delexodo.com.ar\/wp-content\/uploads\/2020\/05\/Stock-de-cerdas-en-granjas.png\" alt=\"\" class=\"wp-image-6215\" srcset=\"https:\/\/www.delexodo.com.ar\/wp-content\/uploads\/2020\/05\/Stock-de-cerdas-en-granjas.png 832w, https:\/\/www.delexodo.com.ar\/wp-content\/uploads\/2020\/05\/Stock-de-cerdas-en-granjas-300x184.png 300w, https:\/\/www.delexodo.com.ar\/wp-content\/uploads\/2020\/05\/Stock-de-cerdas-en-granjas-768x472.png 768w\" sizes=\"auto, (max-width: 832px) 100vw, 832px\" \/><\/figure>\n\n\n\n<p>La producci\u00f3n de cerdos en Argentina ha crecido de manera\nsostenida en los \u00faltimos 10 a\u00f1os, apuntalada por grandes inversiones en\nsanidad, gen\u00e9tica, nutrici\u00f3n animal, infraestructura, entre otros rubros,\naspectos que a su vez permitieron lograr una aceptaci\u00f3n creciente por parte del\nconsumidor local. A ello se sum\u00f3 una fuerte demanda externa por parte de China\ny pa\u00edses del sudeste asi\u00e1tico ante el avance de la Peste Porcina Africana a lo\nlargo del a\u00f1o 2018, con sus efectos devastadores sobre el stock porcino de los\npa\u00edses afectados.&nbsp; <\/p>\n\n\n\n<p>Sin embargo, la aparici\u00f3n y fuerte expansi\u00f3n del Coronavirus\n(COVID-19) a nivel mundial desde fines del a\u00f1o 2019 y las consiguientes medidas\nde aislamiento preventivo aplicado por los diferentes gobiernos, ha provocado\nuna dr\u00e1stica ca\u00edda del consumo. Puntualmente en nuestro pa\u00eds, uno de los\nsectores m\u00e1s afectados por la pandemia es el turismo y los servicios de\nesparcimiento tales como Hoteles, Restaurantes y Catering. Estos rubros\nrepresentan un canal gastron\u00f3mico de gran demanda de cortes porcinos,\nimpactando de lleno en la actividad. <\/p>\n\n\n\n<p>Ello se vio reflejado en una ca\u00edda del 2% en el nivel de\nfaena por parte de frigor\u00edficos en el mes de marzo respecto a igual mes del a\u00f1o\n2019. Incluso en el primer bimestre del a\u00f1o2 el consumo per c\u00e1pita baj\u00f3 0,5 Kgs\npor habitante en t\u00e9rminos interanuales. <\/p>\n\n\n\n<figure class=\"wp-block-image\"><img loading=\"lazy\" decoding=\"async\" width=\"802\" height=\"249\" src=\"http:\/\/www.delexodo.com.ar\/wp-content\/uploads\/2020\/05\/Faena-y-producci\u00f3n-de-carne-porcina.png\" alt=\"\" class=\"wp-image-6216\" srcset=\"https:\/\/www.delexodo.com.ar\/wp-content\/uploads\/2020\/05\/Faena-y-producci\u00f3n-de-carne-porcina.png 802w, https:\/\/www.delexodo.com.ar\/wp-content\/uploads\/2020\/05\/Faena-y-producci\u00f3n-de-carne-porcina-300x93.png 300w, https:\/\/www.delexodo.com.ar\/wp-content\/uploads\/2020\/05\/Faena-y-producci\u00f3n-de-carne-porcina-768x238.png 768w\" sizes=\"auto, (max-width: 802px) 100vw, 802px\" \/><\/figure>\n\n\n\n<p>En los \u00faltimos d\u00edas han circulado informaciones de\nproductores que no consegu\u00edan compradores para su producci\u00f3n, donde al no\nfaenar los capones estos entran en una etapa de alta ineficiencia en la\nconversi\u00f3n del alimento a carne y desmejoran par\u00e1metros de calidad ligados a\nlos gustos y preferencias del consumidor (por ejemplo, cantidad de grasa). Ello\nimplica menores precios a la hora de la venta y en casos extremos la necesidad\nde sacrificar los animales debido a una p\u00e9rdida de dinero creciente.\nActualmente las granjas porcinas se encuentran sobrepobladas y los precios recibidos\npor el productor se han reducido en gran medida. <\/p>\n\n\n\n<p>El mes de abril seguramente registrar\u00e1 una ca\u00edda interanual\nmayor en la industrializaci\u00f3n a la observada en marzo, ya que el n\u00famero de d\u00edas\ncon cese de actividades y sin circulaci\u00f3n de poblaci\u00f3n fue mayor al mes previo,\nescenario que tambi\u00e9n se extender\u00eda al mes de mayo.&nbsp; <\/p>\n\n\n\n<p>Es urgente que desde el Estado se establezca protocolos para la normalizaci\u00f3n de las actividades econ\u00f3micas y el levantamiento de la cuarentena a una velocidad mayor a la que viene realizando, as\u00ed como apoyo para la colocaci\u00f3n en mercados externos del excedente de producci\u00f3n que permitan descomprimir el mercado interno. De lo contrario, estaremos dando la espalda a un sector productivo que viene invirtiendo a\u00f1o a a\u00f1o en la econom\u00eda real (enti\u00e9ndase no financiera), creando puestos de trabajo, pagando impuestos, entre otros aportes socio econ\u00f3micos.<\/p>\n","protected":false},"excerpt":{"rendered":"<p>El Lic. Ramiro Farias de Farias Consultores brind\u00f3 un informe de Coyuntura Econ\u00f3mica del mes de Mayo, con temas muy&hellip;<\/p>\n","protected":false},"author":1,"featured_media":6217,"comment_status":"open","ping_status":"open","sticky":false,"template":"","format":"standard","meta":{"_joinchat":[],"footnotes":""},"categories":[65,351,69],"tags":[],"class_list":["post-6214","post","type-post","status-publish","format-standard","has-post-thumbnail","hentry","category-destacados","category-el-campo","category-noticias"],"yoast_head":"<!-- This site is optimized with the Yoast SEO plugin v25.1 - https:\/\/yoast.com\/wordpress\/plugins\/seo\/ -->\n<title>LA PRODUCCI\u00d3N DE CERDOS, UN SECTOR QUE HIZO LOS DEBERES Y HOY SUFRE LA FALTA DE APOYO - Del \u00c9xodo Nogoy\u00e1<\/title>\n<meta name=\"robots\" content=\"index, follow, max-snippet:-1, max-image-preview:large, max-video-preview:-1\" \/>\n<link rel=\"canonical\" href=\"https:\/\/www.delexodo.com.ar\/?p=6214\" \/>\n<meta property=\"og:locale\" content=\"es_ES\" \/>\n<meta property=\"og:type\" content=\"article\" \/>\n<meta property=\"og:title\" content=\"LA PRODUCCI\u00d3N DE CERDOS, UN SECTOR QUE HIZO LOS DEBERES Y HOY SUFRE LA FALTA DE APOYO - Del \u00c9xodo Nogoy\u00e1\" \/>\n<meta property=\"og:description\" content=\"El Lic. Ramiro Farias de Farias Consultores brind\u00f3 un informe de Coyuntura Econ\u00f3mica del mes de Mayo, con temas muy&hellip;\" \/>\n<meta property=\"og:url\" content=\"https:\/\/www.delexodo.com.ar\/?p=6214\" \/>\n<meta property=\"og:site_name\" content=\"Del \u00c9xodo Nogoy\u00e1\" \/>\n<meta property=\"article:published_time\" content=\"2020-05-06T19:48:21+00:00\" \/>\n<meta property=\"og:image\" content=\"https:\/\/www.delexodo.com.ar\/wp-content\/uploads\/2020\/05\/La-producci\u00f3n-de-cerdos.jpg\" \/>\n\t<meta property=\"og:image:width\" content=\"440\" \/>\n\t<meta property=\"og:image:height\" content=\"246\" \/>\n\t<meta property=\"og:image:type\" content=\"image\/jpeg\" \/>\n<meta name=\"author\" content=\"admin\" \/>\n<meta name=\"twitter:card\" content=\"summary_large_image\" \/>\n<meta name=\"twitter:label1\" content=\"Escrito por\" \/>\n\t<meta name=\"twitter:data1\" content=\"admin\" \/>\n\t<meta name=\"twitter:label2\" content=\"Tiempo de lectura\" \/>\n\t<meta name=\"twitter:data2\" content=\"4 minutos\" \/>\n<script type=\"application\/ld+json\" class=\"yoast-schema-graph\">{\"@context\":\"https:\/\/schema.org\",\"@graph\":[{\"@type\":\"Article\",\"@id\":\"https:\/\/www.delexodo.com.ar\/?p=6214#article\",\"isPartOf\":{\"@id\":\"https:\/\/www.delexodo.com.ar\/?p=6214\"},\"author\":{\"name\":\"admin\",\"@id\":\"https:\/\/www.delexodo.com.ar\/#\/schema\/person\/bbed37f7da8e938660b34f2013ba449d\"},\"headline\":\"LA PRODUCCI\u00d3N DE CERDOS, UN SECTOR QUE HIZO LOS DEBERES Y HOY SUFRE LA FALTA DE APOYO\",\"datePublished\":\"2020-05-06T19:48:21+00:00\",\"mainEntityOfPage\":{\"@id\":\"https:\/\/www.delexodo.com.ar\/?p=6214\"},\"wordCount\":773,\"commentCount\":0,\"publisher\":{\"@id\":\"https:\/\/www.delexodo.com.ar\/#organization\"},\"image\":{\"@id\":\"https:\/\/www.delexodo.com.ar\/?p=6214#primaryimage\"},\"thumbnailUrl\":\"https:\/\/www.delexodo.com.ar\/wp-content\/uploads\/2020\/05\/La-producci\u00f3n-de-cerdos.jpg\",\"articleSection\":[\"Destacados\",\"El Campo\",\"NOTICIAS\"],\"inLanguage\":\"es\",\"potentialAction\":[{\"@type\":\"CommentAction\",\"name\":\"Comment\",\"target\":[\"https:\/\/www.delexodo.com.ar\/?p=6214#respond\"]}]},{\"@type\":\"WebPage\",\"@id\":\"https:\/\/www.delexodo.com.ar\/?p=6214\",\"url\":\"https:\/\/www.delexodo.com.ar\/?p=6214\",\"name\":\"LA PRODUCCI\u00d3N DE CERDOS, UN SECTOR QUE HIZO LOS DEBERES Y HOY SUFRE LA FALTA DE APOYO - Del \u00c9xodo Nogoy\u00e1\",\"isPartOf\":{\"@id\":\"https:\/\/www.delexodo.com.ar\/#website\"},\"primaryImageOfPage\":{\"@id\":\"https:\/\/www.delexodo.com.ar\/?p=6214#primaryimage\"},\"image\":{\"@id\":\"https:\/\/www.delexodo.com.ar\/?p=6214#primaryimage\"},\"thumbnailUrl\":\"https:\/\/www.delexodo.com.ar\/wp-content\/uploads\/2020\/05\/La-producci\u00f3n-de-cerdos.jpg\",\"datePublished\":\"2020-05-06T19:48:21+00:00\",\"breadcrumb\":{\"@id\":\"https:\/\/www.delexodo.com.ar\/?p=6214#breadcrumb\"},\"inLanguage\":\"es\",\"potentialAction\":[{\"@type\":\"ReadAction\",\"target\":[\"https:\/\/www.delexodo.com.ar\/?p=6214\"]}]},{\"@type\":\"ImageObject\",\"inLanguage\":\"es\",\"@id\":\"https:\/\/www.delexodo.com.ar\/?p=6214#primaryimage\",\"url\":\"https:\/\/www.delexodo.com.ar\/wp-content\/uploads\/2020\/05\/La-producci\u00f3n-de-cerdos.jpg\",\"contentUrl\":\"https:\/\/www.delexodo.com.ar\/wp-content\/uploads\/2020\/05\/La-producci\u00f3n-de-cerdos.jpg\",\"width\":440,\"height\":246},{\"@type\":\"BreadcrumbList\",\"@id\":\"https:\/\/www.delexodo.com.ar\/?p=6214#breadcrumb\",\"itemListElement\":[{\"@type\":\"ListItem\",\"position\":1,\"name\":\"Portada\",\"item\":\"https:\/\/www.delexodo.com.ar\/\"},{\"@type\":\"ListItem\",\"position\":2,\"name\":\"LA PRODUCCI\u00d3N DE CERDOS, UN SECTOR QUE HIZO LOS DEBERES Y HOY SUFRE LA FALTA DE APOYO\"}]},{\"@type\":\"WebSite\",\"@id\":\"https:\/\/www.delexodo.com.ar\/#website\",\"url\":\"https:\/\/www.delexodo.com.ar\/\",\"name\":\"Del \u00c9xodo Nogoy\u00e1\",\"description\":\"El Portal de Noticias de la Regi\u00f3n\",\"publisher\":{\"@id\":\"https:\/\/www.delexodo.com.ar\/#organization\"},\"potentialAction\":[{\"@type\":\"SearchAction\",\"target\":{\"@type\":\"EntryPoint\",\"urlTemplate\":\"https:\/\/www.delexodo.com.ar\/?s={search_term_string}\"},\"query-input\":{\"@type\":\"PropertyValueSpecification\",\"valueRequired\":true,\"valueName\":\"search_term_string\"}}],\"inLanguage\":\"es\"},{\"@type\":\"Organization\",\"@id\":\"https:\/\/www.delexodo.com.ar\/#organization\",\"name\":\"Del \u00c9xodo Nogoy\u00e1\",\"url\":\"https:\/\/www.delexodo.com.ar\/\",\"logo\":{\"@type\":\"ImageObject\",\"inLanguage\":\"es\",\"@id\":\"https:\/\/www.delexodo.com.ar\/#\/schema\/logo\/image\/\",\"url\":\"https:\/\/www.delexodo.com.ar\/wp-content\/uploads\/2024\/10\/cropped-cropped-LOGO24.png\",\"contentUrl\":\"https:\/\/www.delexodo.com.ar\/wp-content\/uploads\/2024\/10\/cropped-cropped-LOGO24.png\",\"width\":512,\"height\":349,\"caption\":\"Del \u00c9xodo Nogoy\u00e1\"},\"image\":{\"@id\":\"https:\/\/www.delexodo.com.ar\/#\/schema\/logo\/image\/\"}},{\"@type\":\"Person\",\"@id\":\"https:\/\/www.delexodo.com.ar\/#\/schema\/person\/bbed37f7da8e938660b34f2013ba449d\",\"name\":\"admin\",\"image\":{\"@type\":\"ImageObject\",\"inLanguage\":\"es\",\"@id\":\"https:\/\/www.delexodo.com.ar\/#\/schema\/person\/image\/\",\"url\":\"https:\/\/secure.gravatar.com\/avatar\/6b1558d1b6df085f1901bd5bd98523d7?s=96&d=mm&r=g\",\"contentUrl\":\"https:\/\/secure.gravatar.com\/avatar\/6b1558d1b6df085f1901bd5bd98523d7?s=96&d=mm&r=g\",\"caption\":\"admin\"},\"url\":\"https:\/\/www.delexodo.com.ar\/?author=1\"}]}<\/script>\n<!-- \/ Yoast SEO plugin. -->","yoast_head_json":{"title":"LA PRODUCCI\u00d3N DE CERDOS, UN SECTOR QUE HIZO LOS DEBERES Y HOY SUFRE LA FALTA DE APOYO - Del \u00c9xodo Nogoy\u00e1","robots":{"index":"index","follow":"follow","max-snippet":"max-snippet:-1","max-image-preview":"max-image-preview:large","max-video-preview":"max-video-preview:-1"},"canonical":"https:\/\/www.delexodo.com.ar\/?p=6214","og_locale":"es_ES","og_type":"article","og_title":"LA PRODUCCI\u00d3N DE CERDOS, UN SECTOR QUE HIZO LOS DEBERES Y HOY SUFRE LA FALTA DE APOYO - Del \u00c9xodo Nogoy\u00e1","og_description":"El Lic. Ramiro Farias de Farias Consultores brind\u00f3 un informe de Coyuntura Econ\u00f3mica del mes de Mayo, con temas muy&hellip;","og_url":"https:\/\/www.delexodo.com.ar\/?p=6214","og_site_name":"Del \u00c9xodo Nogoy\u00e1","article_published_time":"2020-05-06T19:48:21+00:00","og_image":[{"width":440,"height":246,"url":"https:\/\/www.delexodo.com.ar\/wp-content\/uploads\/2020\/05\/La-producci\u00f3n-de-cerdos.jpg","type":"image\/jpeg"}],"author":"admin","twitter_card":"summary_large_image","twitter_misc":{"Escrito por":"admin","Tiempo de lectura":"4 minutos"},"schema":{"@context":"https:\/\/schema.org","@graph":[{"@type":"Article","@id":"https:\/\/www.delexodo.com.ar\/?p=6214#article","isPartOf":{"@id":"https:\/\/www.delexodo.com.ar\/?p=6214"},"author":{"name":"admin","@id":"https:\/\/www.delexodo.com.ar\/#\/schema\/person\/bbed37f7da8e938660b34f2013ba449d"},"headline":"LA PRODUCCI\u00d3N DE CERDOS, UN SECTOR QUE HIZO LOS DEBERES Y HOY SUFRE LA FALTA DE APOYO","datePublished":"2020-05-06T19:48:21+00:00","mainEntityOfPage":{"@id":"https:\/\/www.delexodo.com.ar\/?p=6214"},"wordCount":773,"commentCount":0,"publisher":{"@id":"https:\/\/www.delexodo.com.ar\/#organization"},"image":{"@id":"https:\/\/www.delexodo.com.ar\/?p=6214#primaryimage"},"thumbnailUrl":"https:\/\/www.delexodo.com.ar\/wp-content\/uploads\/2020\/05\/La-producci\u00f3n-de-cerdos.jpg","articleSection":["Destacados","El Campo","NOTICIAS"],"inLanguage":"es","potentialAction":[{"@type":"CommentAction","name":"Comment","target":["https:\/\/www.delexodo.com.ar\/?p=6214#respond"]}]},{"@type":"WebPage","@id":"https:\/\/www.delexodo.com.ar\/?p=6214","url":"https:\/\/www.delexodo.com.ar\/?p=6214","name":"LA PRODUCCI\u00d3N DE CERDOS, UN SECTOR QUE HIZO LOS DEBERES Y HOY SUFRE LA FALTA DE APOYO - Del \u00c9xodo Nogoy\u00e1","isPartOf":{"@id":"https:\/\/www.delexodo.com.ar\/#website"},"primaryImageOfPage":{"@id":"https:\/\/www.delexodo.com.ar\/?p=6214#primaryimage"},"image":{"@id":"https:\/\/www.delexodo.com.ar\/?p=6214#primaryimage"},"thumbnailUrl":"https:\/\/www.delexodo.com.ar\/wp-content\/uploads\/2020\/05\/La-producci\u00f3n-de-cerdos.jpg","datePublished":"2020-05-06T19:48:21+00:00","breadcrumb":{"@id":"https:\/\/www.delexodo.com.ar\/?p=6214#breadcrumb"},"inLanguage":"es","potentialAction":[{"@type":"ReadAction","target":["https:\/\/www.delexodo.com.ar\/?p=6214"]}]},{"@type":"ImageObject","inLanguage":"es","@id":"https:\/\/www.delexodo.com.ar\/?p=6214#primaryimage","url":"https:\/\/www.delexodo.com.ar\/wp-content\/uploads\/2020\/05\/La-producci\u00f3n-de-cerdos.jpg","contentUrl":"https:\/\/www.delexodo.com.ar\/wp-content\/uploads\/2020\/05\/La-producci\u00f3n-de-cerdos.jpg","width":440,"height":246},{"@type":"BreadcrumbList","@id":"https:\/\/www.delexodo.com.ar\/?p=6214#breadcrumb","itemListElement":[{"@type":"ListItem","position":1,"name":"Portada","item":"https:\/\/www.delexodo.com.ar\/"},{"@type":"ListItem","position":2,"name":"LA PRODUCCI\u00d3N DE CERDOS, UN SECTOR QUE HIZO LOS DEBERES Y HOY SUFRE LA FALTA DE APOYO"}]},{"@type":"WebSite","@id":"https:\/\/www.delexodo.com.ar\/#website","url":"https:\/\/www.delexodo.com.ar\/","name":"Del \u00c9xodo Nogoy\u00e1","description":"El Portal de Noticias de la Regi\u00f3n","publisher":{"@id":"https:\/\/www.delexodo.com.ar\/#organization"},"potentialAction":[{"@type":"SearchAction","target":{"@type":"EntryPoint","urlTemplate":"https:\/\/www.delexodo.com.ar\/?s={search_term_string}"},"query-input":{"@type":"PropertyValueSpecification","valueRequired":true,"valueName":"search_term_string"}}],"inLanguage":"es"},{"@type":"Organization","@id":"https:\/\/www.delexodo.com.ar\/#organization","name":"Del \u00c9xodo Nogoy\u00e1","url":"https:\/\/www.delexodo.com.ar\/","logo":{"@type":"ImageObject","inLanguage":"es","@id":"https:\/\/www.delexodo.com.ar\/#\/schema\/logo\/image\/","url":"https:\/\/www.delexodo.com.ar\/wp-content\/uploads\/2024\/10\/cropped-cropped-LOGO24.png","contentUrl":"https:\/\/www.delexodo.com.ar\/wp-content\/uploads\/2024\/10\/cropped-cropped-LOGO24.png","width":512,"height":349,"caption":"Del \u00c9xodo Nogoy\u00e1"},"image":{"@id":"https:\/\/www.delexodo.com.ar\/#\/schema\/logo\/image\/"}},{"@type":"Person","@id":"https:\/\/www.delexodo.com.ar\/#\/schema\/person\/bbed37f7da8e938660b34f2013ba449d","name":"admin","image":{"@type":"ImageObject","inLanguage":"es","@id":"https:\/\/www.delexodo.com.ar\/#\/schema\/person\/image\/","url":"https:\/\/secure.gravatar.com\/avatar\/6b1558d1b6df085f1901bd5bd98523d7?s=96&d=mm&r=g","contentUrl":"https:\/\/secure.gravatar.com\/avatar\/6b1558d1b6df085f1901bd5bd98523d7?s=96&d=mm&r=g","caption":"admin"},"url":"https:\/\/www.delexodo.com.ar\/?author=1"}]}},"_links":{"self":[{"href":"https:\/\/www.delexodo.com.ar\/index.php?rest_route=\/wp\/v2\/posts\/6214","targetHints":{"allow":["GET"]}}],"collection":[{"href":"https:\/\/www.delexodo.com.ar\/index.php?rest_route=\/wp\/v2\/posts"}],"about":[{"href":"https:\/\/www.delexodo.com.ar\/index.php?rest_route=\/wp\/v2\/types\/post"}],"author":[{"embeddable":true,"href":"https:\/\/www.delexodo.com.ar\/index.php?rest_route=\/wp\/v2\/users\/1"}],"replies":[{"embeddable":true,"href":"https:\/\/www.delexodo.com.ar\/index.php?rest_route=%2Fwp%2Fv2%2Fcomments&post=6214"}],"version-history":[{"count":0,"href":"https:\/\/www.delexodo.com.ar\/index.php?rest_route=\/wp\/v2\/posts\/6214\/revisions"}],"wp:featuredmedia":[{"embeddable":true,"href":"https:\/\/www.delexodo.com.ar\/index.php?rest_route=\/wp\/v2\/media\/6217"}],"wp:attachment":[{"href":"https:\/\/www.delexodo.com.ar\/index.php?rest_route=%2Fwp%2Fv2%2Fmedia&parent=6214"}],"wp:term":[{"taxonomy":"category","embeddable":true,"href":"https:\/\/www.delexodo.com.ar\/index.php?rest_route=%2Fwp%2Fv2%2Fcategories&post=6214"},{"taxonomy":"post_tag","embeddable":true,"href":"https:\/\/www.delexodo.com.ar\/index.php?rest_route=%2Fwp%2Fv2%2Ftags&post=6214"}],"curies":[{"name":"wp","href":"https:\/\/api.w.org\/{rel}","templated":true}]}}