{"id":6212,"date":"2020-05-05T23:32:52","date_gmt":"2020-05-06T02:32:52","guid":{"rendered":"http:\/\/www.delexodo.com.ar\/?p=6212"},"modified":"2020-05-05T23:32:52","modified_gmt":"2020-05-06T02:32:52","slug":"rige-la-segunda-cuota-de-aumento-al-personal-domestico-como-quedan-los-salarios","status":"publish","type":"post","link":"https:\/\/www.delexodo.com.ar\/?p=6212","title":{"rendered":"RIGE LA SEGUNDA CUOTA DE AUMENTO AL PERSONAL DOM\u00c9STICO: C\u00d3MO QUEDAN LOS SALARIOS"},"content":{"rendered":"\n<p>Desde mayo,\nrige el segundo tramo del aumento del 10% establecido por el Gobierno nacional\nen marzo pasado para el personal dom\u00e9stico.<\/p>\n\n\n\n<p>A partir de\nmayo el aumento ser\u00e1 de un 5% en los sueldos de todo el personal dom\u00e9stico y el\nsalario m\u00ednimo pasa a ser $144,50 la hora. Se trata de la segunda cuota del\nincremento del 10% dispuesto a partir del 1\u00b0 de marzo dispuesta por la\nResoluci\u00f3n N\u00b01\/2020 de la Comisi\u00f3n Nacional de Trabajo en Casas Particulares.<\/p>\n\n\n\n<p>El personal\nque realiza tareas generales, que se encarga de las tareas comunes de las casas\n-la categor\u00eda m\u00e1s numerosa del sector- con retiro, en mayo pasa a $ 144,50 la\nhora. Sin retiro subir\u00e1 a $ 155,50. En total por mes, con retiro suma $\n17.785,50 y sin retiro $ 19.777.<\/p>\n\n\n\n<p>En cuanto a\nla Categor\u00eda de asistencia y cuidado de persona, tendr\u00e1n el mismo monto salvo\nque sea con cama adentro, cuyo m\u00ednimo subir\u00e1 a $22.039,50 por mes.<\/p>\n\n\n\n<p>Para la\nCategor\u00eda de personal para tareas espec\u00edficas, con retiro, cobrar\u00e1n en mayo\n$20.270 y por hora $165. Y sin retiro, $22.564 mensual y $181 por hora. Los\ncaseros, con el aumento tendr\u00e1n un sueldo mensual de $19.777, y por hora\n$155.50<\/p>\n\n\n\n<p>Para los\nsupervisores con retiro, la remuneraci\u00f3n mensual ser\u00e1 de $21.818 y la hora\n$174.50. Mientras que para el personal sin retiro, los montos ser\u00e1n $24303 y\n$191 respectivamente.<\/p>\n\n\n\n<p>A partir del\ndictamen del aislamiento social preventivo y obligatorio para evitar el\ncrecimiento exponencial del coronavirus, gran cantidad de empleadas, en su\nmayor\u00eda son mujeres, se vieron obligadas a dejar de concurrir a sus trabajos\naunque continuaron recibieron sus haberes. Hay algunas excepciones como\naquellas cuya actividad es cuidar adultos mayores o ni\u00f1os cuyos padres realizan\ntareas esenciales.<\/p>\n\n\n\n<p>Actualmente,\nse est\u00e1 analizando cu\u00e1ndo podr\u00e1n retomar con sus actividades habituales, si\nbien a\u00fan no hubo anuncios oficiales. Las empleadas dom\u00e9sticas tienen acceder a\ncobrar el bono de Anses de $10.000 (el Ingreso Familiar de Emergencia), este\ningreso extra no reemplaza el pago del salario por parte de sus empleadores,\nque debe pagarse en forma completa.<\/p>\n\n\n\n<p>Seg\u00fan los\ndatos oficiales, existen 1.730.000 puestos de personal dom\u00e9stico en las casas\nprivadas, de los cuales 515.000 est\u00e1n registrados ante la Seguridad Social y\n1.214.000 trabajan en la informalidad. En tanto, seg\u00fan la Uni\u00f3n de Trabajadores\nDom\u00e9sticos y Afines (UTDA), a pesar de la prohibici\u00f3n de despidos establecida\npor el DNU 329\/2020, se produjeron muchas cesant\u00edas. En muchos otros casos no\nse est\u00e1 pagando el salario a quienes les corresponde por la licencia debido a\nla cuarentena. Se plantea incluir en el programa de ayuda econ\u00f3mica a los\nempleadores de trabajadores de casas particulares.<\/p>\n\n\n\n<p>Fuente:\nElOnce<\/p>\n","protected":false},"excerpt":{"rendered":"<p>Desde mayo, rige el segundo tramo del aumento del 10% establecido por el Gobierno nacional en marzo pasado para el&hellip;<\/p>\n","protected":false},"author":1,"featured_media":3407,"comment_status":"open","ping_status":"open","sticky":false,"template":"","format":"standard","meta":{"_joinchat":[],"footnotes":""},"categories":[65,1,69],"tags":[],"class_list":["post-6212","post","type-post","status-publish","format-standard","has-post-thumbnail","hentry","category-destacados","category-sincategoria","category-noticias"],"yoast_head":"<!-- This site is optimized with the Yoast SEO plugin v25.1 - https:\/\/yoast.com\/wordpress\/plugins\/seo\/ -->\n<title>RIGE LA SEGUNDA CUOTA DE AUMENTO AL PERSONAL DOM\u00c9STICO: C\u00d3MO QUEDAN LOS SALARIOS - Del \u00c9xodo Nogoy\u00e1<\/title>\n<meta name=\"robots\" content=\"index, follow, max-snippet:-1, max-image-preview:large, max-video-preview:-1\" \/>\n<link rel=\"canonical\" href=\"https:\/\/www.delexodo.com.ar\/?p=6212\" \/>\n<meta property=\"og:locale\" content=\"es_ES\" \/>\n<meta property=\"og:type\" content=\"article\" \/>\n<meta property=\"og:title\" content=\"RIGE LA SEGUNDA CUOTA DE AUMENTO AL PERSONAL DOM\u00c9STICO: C\u00d3MO QUEDAN LOS SALARIOS - Del \u00c9xodo Nogoy\u00e1\" \/>\n<meta property=\"og:description\" content=\"Desde mayo, rige el segundo tramo del aumento del 10% establecido por el Gobierno nacional en marzo pasado para el&hellip;\" \/>\n<meta property=\"og:url\" content=\"https:\/\/www.delexodo.com.ar\/?p=6212\" \/>\n<meta property=\"og:site_name\" content=\"Del \u00c9xodo Nogoy\u00e1\" \/>\n<meta property=\"article:published_time\" content=\"2020-05-06T02:32:52+00:00\" \/>\n<meta property=\"og:image\" content=\"https:\/\/www.delexodo.com.ar\/wp-content\/uploads\/2019\/06\/amas-de-casa.jpg\" \/>\n\t<meta property=\"og:image:width\" content=\"1256\" \/>\n\t<meta property=\"og:image:height\" content=\"620\" \/>\n\t<meta property=\"og:image:type\" content=\"image\/jpeg\" \/>\n<meta name=\"author\" content=\"admin\" \/>\n<meta name=\"twitter:card\" content=\"summary_large_image\" \/>\n<meta name=\"twitter:label1\" content=\"Escrito por\" \/>\n\t<meta name=\"twitter:data1\" content=\"admin\" \/>\n\t<meta name=\"twitter:label2\" content=\"Tiempo de lectura\" \/>\n\t<meta name=\"twitter:data2\" content=\"2 minutos\" \/>\n<script type=\"application\/ld+json\" class=\"yoast-schema-graph\">{\"@context\":\"https:\/\/schema.org\",\"@graph\":[{\"@type\":\"Article\",\"@id\":\"https:\/\/www.delexodo.com.ar\/?p=6212#article\",\"isPartOf\":{\"@id\":\"https:\/\/www.delexodo.com.ar\/?p=6212\"},\"author\":{\"name\":\"admin\",\"@id\":\"https:\/\/www.delexodo.com.ar\/#\/schema\/person\/bbed37f7da8e938660b34f2013ba449d\"},\"headline\":\"RIGE LA SEGUNDA CUOTA DE AUMENTO AL PERSONAL DOM\u00c9STICO: C\u00d3MO QUEDAN LOS SALARIOS\",\"datePublished\":\"2020-05-06T02:32:52+00:00\",\"mainEntityOfPage\":{\"@id\":\"https:\/\/www.delexodo.com.ar\/?p=6212\"},\"wordCount\":461,\"commentCount\":0,\"publisher\":{\"@id\":\"https:\/\/www.delexodo.com.ar\/#organization\"},\"image\":{\"@id\":\"https:\/\/www.delexodo.com.ar\/?p=6212#primaryimage\"},\"thumbnailUrl\":\"https:\/\/www.delexodo.com.ar\/wp-content\/uploads\/2019\/06\/amas-de-casa.jpg\",\"articleSection\":[\"Destacados\",\"Nogoya\",\"NOTICIAS\"],\"inLanguage\":\"es\",\"potentialAction\":[{\"@type\":\"CommentAction\",\"name\":\"Comment\",\"target\":[\"https:\/\/www.delexodo.com.ar\/?p=6212#respond\"]}]},{\"@type\":\"WebPage\",\"@id\":\"https:\/\/www.delexodo.com.ar\/?p=6212\",\"url\":\"https:\/\/www.delexodo.com.ar\/?p=6212\",\"name\":\"RIGE LA SEGUNDA CUOTA DE AUMENTO AL PERSONAL DOM\u00c9STICO: C\u00d3MO QUEDAN LOS SALARIOS - Del \u00c9xodo Nogoy\u00e1\",\"isPartOf\":{\"@id\":\"https:\/\/www.delexodo.com.ar\/#website\"},\"primaryImageOfPage\":{\"@id\":\"https:\/\/www.delexodo.com.ar\/?p=6212#primaryimage\"},\"image\":{\"@id\":\"https:\/\/www.delexodo.com.ar\/?p=6212#primaryimage\"},\"thumbnailUrl\":\"https:\/\/www.delexodo.com.ar\/wp-content\/uploads\/2019\/06\/amas-de-casa.jpg\",\"datePublished\":\"2020-05-06T02:32:52+00:00\",\"breadcrumb\":{\"@id\":\"https:\/\/www.delexodo.com.ar\/?p=6212#breadcrumb\"},\"inLanguage\":\"es\",\"potentialAction\":[{\"@type\":\"ReadAction\",\"target\":[\"https:\/\/www.delexodo.com.ar\/?p=6212\"]}]},{\"@type\":\"ImageObject\",\"inLanguage\":\"es\",\"@id\":\"https:\/\/www.delexodo.com.ar\/?p=6212#primaryimage\",\"url\":\"https:\/\/www.delexodo.com.ar\/wp-content\/uploads\/2019\/06\/amas-de-casa.jpg\",\"contentUrl\":\"https:\/\/www.delexodo.com.ar\/wp-content\/uploads\/2019\/06\/amas-de-casa.jpg\",\"width\":1256,\"height\":620},{\"@type\":\"BreadcrumbList\",\"@id\":\"https:\/\/www.delexodo.com.ar\/?p=6212#breadcrumb\",\"itemListElement\":[{\"@type\":\"ListItem\",\"position\":1,\"name\":\"Portada\",\"item\":\"https:\/\/www.delexodo.com.ar\/\"},{\"@type\":\"ListItem\",\"position\":2,\"name\":\"RIGE LA SEGUNDA CUOTA DE AUMENTO AL PERSONAL DOM\u00c9STICO: C\u00d3MO QUEDAN LOS SALARIOS\"}]},{\"@type\":\"WebSite\",\"@id\":\"https:\/\/www.delexodo.com.ar\/#website\",\"url\":\"https:\/\/www.delexodo.com.ar\/\",\"name\":\"Del \u00c9xodo Nogoy\u00e1\",\"description\":\"El Portal de Noticias de la Regi\u00f3n\",\"publisher\":{\"@id\":\"https:\/\/www.delexodo.com.ar\/#organization\"},\"potentialAction\":[{\"@type\":\"SearchAction\",\"target\":{\"@type\":\"EntryPoint\",\"urlTemplate\":\"https:\/\/www.delexodo.com.ar\/?s={search_term_string}\"},\"query-input\":{\"@type\":\"PropertyValueSpecification\",\"valueRequired\":true,\"valueName\":\"search_term_string\"}}],\"inLanguage\":\"es\"},{\"@type\":\"Organization\",\"@id\":\"https:\/\/www.delexodo.com.ar\/#organization\",\"name\":\"Del \u00c9xodo Nogoy\u00e1\",\"url\":\"https:\/\/www.delexodo.com.ar\/\",\"logo\":{\"@type\":\"ImageObject\",\"inLanguage\":\"es\",\"@id\":\"https:\/\/www.delexodo.com.ar\/#\/schema\/logo\/image\/\",\"url\":\"https:\/\/www.delexodo.com.ar\/wp-content\/uploads\/2024\/10\/cropped-cropped-LOGO24.png\",\"contentUrl\":\"https:\/\/www.delexodo.com.ar\/wp-content\/uploads\/2024\/10\/cropped-cropped-LOGO24.png\",\"width\":512,\"height\":349,\"caption\":\"Del \u00c9xodo Nogoy\u00e1\"},\"image\":{\"@id\":\"https:\/\/www.delexodo.com.ar\/#\/schema\/logo\/image\/\"}},{\"@type\":\"Person\",\"@id\":\"https:\/\/www.delexodo.com.ar\/#\/schema\/person\/bbed37f7da8e938660b34f2013ba449d\",\"name\":\"admin\",\"image\":{\"@type\":\"ImageObject\",\"inLanguage\":\"es\",\"@id\":\"https:\/\/www.delexodo.com.ar\/#\/schema\/person\/image\/\",\"url\":\"https:\/\/secure.gravatar.com\/avatar\/6b1558d1b6df085f1901bd5bd98523d7?s=96&d=mm&r=g\",\"contentUrl\":\"https:\/\/secure.gravatar.com\/avatar\/6b1558d1b6df085f1901bd5bd98523d7?s=96&d=mm&r=g\",\"caption\":\"admin\"},\"url\":\"https:\/\/www.delexodo.com.ar\/?author=1\"}]}<\/script>\n<!-- \/ Yoast SEO plugin. -->","yoast_head_json":{"title":"RIGE LA SEGUNDA CUOTA DE AUMENTO AL PERSONAL DOM\u00c9STICO: C\u00d3MO QUEDAN LOS SALARIOS - Del \u00c9xodo Nogoy\u00e1","robots":{"index":"index","follow":"follow","max-snippet":"max-snippet:-1","max-image-preview":"max-image-preview:large","max-video-preview":"max-video-preview:-1"},"canonical":"https:\/\/www.delexodo.com.ar\/?p=6212","og_locale":"es_ES","og_type":"article","og_title":"RIGE LA SEGUNDA CUOTA DE AUMENTO AL PERSONAL DOM\u00c9STICO: C\u00d3MO QUEDAN LOS SALARIOS - Del \u00c9xodo Nogoy\u00e1","og_description":"Desde mayo, rige el segundo tramo del aumento del 10% establecido por el Gobierno nacional en marzo pasado para el&hellip;","og_url":"https:\/\/www.delexodo.com.ar\/?p=6212","og_site_name":"Del \u00c9xodo Nogoy\u00e1","article_published_time":"2020-05-06T02:32:52+00:00","og_image":[{"width":1256,"height":620,"url":"https:\/\/www.delexodo.com.ar\/wp-content\/uploads\/2019\/06\/amas-de-casa.jpg","type":"image\/jpeg"}],"author":"admin","twitter_card":"summary_large_image","twitter_misc":{"Escrito por":"admin","Tiempo de lectura":"2 minutos"},"schema":{"@context":"https:\/\/schema.org","@graph":[{"@type":"Article","@id":"https:\/\/www.delexodo.com.ar\/?p=6212#article","isPartOf":{"@id":"https:\/\/www.delexodo.com.ar\/?p=6212"},"author":{"name":"admin","@id":"https:\/\/www.delexodo.com.ar\/#\/schema\/person\/bbed37f7da8e938660b34f2013ba449d"},"headline":"RIGE LA SEGUNDA CUOTA DE AUMENTO AL PERSONAL DOM\u00c9STICO: C\u00d3MO QUEDAN LOS SALARIOS","datePublished":"2020-05-06T02:32:52+00:00","mainEntityOfPage":{"@id":"https:\/\/www.delexodo.com.ar\/?p=6212"},"wordCount":461,"commentCount":0,"publisher":{"@id":"https:\/\/www.delexodo.com.ar\/#organization"},"image":{"@id":"https:\/\/www.delexodo.com.ar\/?p=6212#primaryimage"},"thumbnailUrl":"https:\/\/www.delexodo.com.ar\/wp-content\/uploads\/2019\/06\/amas-de-casa.jpg","articleSection":["Destacados","Nogoya","NOTICIAS"],"inLanguage":"es","potentialAction":[{"@type":"CommentAction","name":"Comment","target":["https:\/\/www.delexodo.com.ar\/?p=6212#respond"]}]},{"@type":"WebPage","@id":"https:\/\/www.delexodo.com.ar\/?p=6212","url":"https:\/\/www.delexodo.com.ar\/?p=6212","name":"RIGE LA SEGUNDA CUOTA DE AUMENTO AL PERSONAL DOM\u00c9STICO: C\u00d3MO QUEDAN LOS SALARIOS - Del \u00c9xodo Nogoy\u00e1","isPartOf":{"@id":"https:\/\/www.delexodo.com.ar\/#website"},"primaryImageOfPage":{"@id":"https:\/\/www.delexodo.com.ar\/?p=6212#primaryimage"},"image":{"@id":"https:\/\/www.delexodo.com.ar\/?p=6212#primaryimage"},"thumbnailUrl":"https:\/\/www.delexodo.com.ar\/wp-content\/uploads\/2019\/06\/amas-de-casa.jpg","datePublished":"2020-05-06T02:32:52+00:00","breadcrumb":{"@id":"https:\/\/www.delexodo.com.ar\/?p=6212#breadcrumb"},"inLanguage":"es","potentialAction":[{"@type":"ReadAction","target":["https:\/\/www.delexodo.com.ar\/?p=6212"]}]},{"@type":"ImageObject","inLanguage":"es","@id":"https:\/\/www.delexodo.com.ar\/?p=6212#primaryimage","url":"https:\/\/www.delexodo.com.ar\/wp-content\/uploads\/2019\/06\/amas-de-casa.jpg","contentUrl":"https:\/\/www.delexodo.com.ar\/wp-content\/uploads\/2019\/06\/amas-de-casa.jpg","width":1256,"height":620},{"@type":"BreadcrumbList","@id":"https:\/\/www.delexodo.com.ar\/?p=6212#breadcrumb","itemListElement":[{"@type":"ListItem","position":1,"name":"Portada","item":"https:\/\/www.delexodo.com.ar\/"},{"@type":"ListItem","position":2,"name":"RIGE LA SEGUNDA CUOTA DE AUMENTO AL PERSONAL DOM\u00c9STICO: C\u00d3MO QUEDAN LOS SALARIOS"}]},{"@type":"WebSite","@id":"https:\/\/www.delexodo.com.ar\/#website","url":"https:\/\/www.delexodo.com.ar\/","name":"Del \u00c9xodo Nogoy\u00e1","description":"El Portal de Noticias de la Regi\u00f3n","publisher":{"@id":"https:\/\/www.delexodo.com.ar\/#organization"},"potentialAction":[{"@type":"SearchAction","target":{"@type":"EntryPoint","urlTemplate":"https:\/\/www.delexodo.com.ar\/?s={search_term_string}"},"query-input":{"@type":"PropertyValueSpecification","valueRequired":true,"valueName":"search_term_string"}}],"inLanguage":"es"},{"@type":"Organization","@id":"https:\/\/www.delexodo.com.ar\/#organization","name":"Del \u00c9xodo Nogoy\u00e1","url":"https:\/\/www.delexodo.com.ar\/","logo":{"@type":"ImageObject","inLanguage":"es","@id":"https:\/\/www.delexodo.com.ar\/#\/schema\/logo\/image\/","url":"https:\/\/www.delexodo.com.ar\/wp-content\/uploads\/2024\/10\/cropped-cropped-LOGO24.png","contentUrl":"https:\/\/www.delexodo.com.ar\/wp-content\/uploads\/2024\/10\/cropped-cropped-LOGO24.png","width":512,"height":349,"caption":"Del \u00c9xodo Nogoy\u00e1"},"image":{"@id":"https:\/\/www.delexodo.com.ar\/#\/schema\/logo\/image\/"}},{"@type":"Person","@id":"https:\/\/www.delexodo.com.ar\/#\/schema\/person\/bbed37f7da8e938660b34f2013ba449d","name":"admin","image":{"@type":"ImageObject","inLanguage":"es","@id":"https:\/\/www.delexodo.com.ar\/#\/schema\/person\/image\/","url":"https:\/\/secure.gravatar.com\/avatar\/6b1558d1b6df085f1901bd5bd98523d7?s=96&d=mm&r=g","contentUrl":"https:\/\/secure.gravatar.com\/avatar\/6b1558d1b6df085f1901bd5bd98523d7?s=96&d=mm&r=g","caption":"admin"},"url":"https:\/\/www.delexodo.com.ar\/?author=1"}]}},"_links":{"self":[{"href":"https:\/\/www.delexodo.com.ar\/index.php?rest_route=\/wp\/v2\/posts\/6212","targetHints":{"allow":["GET"]}}],"collection":[{"href":"https:\/\/www.delexodo.com.ar\/index.php?rest_route=\/wp\/v2\/posts"}],"about":[{"href":"https:\/\/www.delexodo.com.ar\/index.php?rest_route=\/wp\/v2\/types\/post"}],"author":[{"embeddable":true,"href":"https:\/\/www.delexodo.com.ar\/index.php?rest_route=\/wp\/v2\/users\/1"}],"replies":[{"embeddable":true,"href":"https:\/\/www.delexodo.com.ar\/index.php?rest_route=%2Fwp%2Fv2%2Fcomments&post=6212"}],"version-history":[{"count":0,"href":"https:\/\/www.delexodo.com.ar\/index.php?rest_route=\/wp\/v2\/posts\/6212\/revisions"}],"wp:featuredmedia":[{"embeddable":true,"href":"https:\/\/www.delexodo.com.ar\/index.php?rest_route=\/wp\/v2\/media\/3407"}],"wp:attachment":[{"href":"https:\/\/www.delexodo.com.ar\/index.php?rest_route=%2Fwp%2Fv2%2Fmedia&parent=6212"}],"wp:term":[{"taxonomy":"category","embeddable":true,"href":"https:\/\/www.delexodo.com.ar\/index.php?rest_route=%2Fwp%2Fv2%2Fcategories&post=6212"},{"taxonomy":"post_tag","embeddable":true,"href":"https:\/\/www.delexodo.com.ar\/index.php?rest_route=%2Fwp%2Fv2%2Ftags&post=6212"}],"curies":[{"name":"wp","href":"https:\/\/api.w.org\/{rel}","templated":true}]}}