{"id":6210,"date":"2020-05-05T22:28:33","date_gmt":"2020-05-06T01:28:33","guid":{"rendered":"http:\/\/www.delexodo.com.ar\/?p=6210"},"modified":"2020-05-05T22:28:34","modified_gmt":"2020-05-06T01:28:34","slug":"este-miercoles-comienzan-a-cobrar-el-ife-los-que-eligieron-hacerlo-en-el-correo","status":"publish","type":"post","link":"https:\/\/www.delexodo.com.ar\/?p=6210","title":{"rendered":"ESTE MI\u00c9RCOLES COMIENZAN A COBRAR EL IFE LOS QUE ELIGIERON HACERLO EN EL CORREO"},"content":{"rendered":"\n<p>Entre este\nmi\u00e9rcoles 6 y el martes 3 de junio, y seg\u00fan la terminaci\u00f3n de su DNI, los\nbeneficiarios del Ingreso Familiar de Emergencia ya podr\u00e1n cobrar en la\nsucursal m\u00e1s cercana del Correo Argentino, si eligieron esta opci\u00f3n al\ninscribirse.<\/p>\n\n\n\n<p>Los\nbeneficiarios del Ingreso Familiar de Emergencia (IFE) con Documento Nacional\nde Identidad (DNI) terminado en 0, y letra inicial del apellido de la A a la L,\nque eligieron cobrar a trav\u00e9s del Correo Argentino, podr\u00e1n concurrir ma\u00f1ana\nmi\u00e9rcoles a la sucursal m\u00e1s pr\u00f3xima a su domicilio para percibir la ayuda\ndispuesta por el Gobierno para paliar los efectos del coronavirus en sectores\nde menores recursos.<\/p>\n\n\n\n<p>As\u00ed\ncomenzar\u00e1 a acreditarse el monto del IFE a las personas que, habi\u00e9ndose\ninscripto entre el 27 y 31 de marzo, seleccionaron la opci\u00f3n de cobro por\nCorreo Argentino entre el 11 y el 15 de abril pasados, precis\u00f3 la\nAdministraci\u00f3n Nacional de Ingresos P\u00fablicos (Anses).<\/p>\n\n\n\n<p>La Anses tambi\u00e9n da cuenta del Link donde podr\u00e1n consultarse los respectivos cronogramas. <a rel=\"noreferrer noopener\" aria-label=\"https:\/\/www.anses.gob.ar (abre en una nueva pesta\u00f1a)\" href=\"https:\/\/www.anses.gob.ar\/informacion\/calendario-de-pagos-de-ingreso-familiar-de-emergencia-ife\" target=\"_blank\"><strong>https:\/\/www.anses.gob.ar<\/strong><\/a><\/p>\n\n\n\n<p><strong>Cronograma por CBU, Cuenta DNI BAPRO\ny Red Banelco<\/strong><\/p>\n\n\n\n<p>\u2022 DNI\nterminados en 0<\/p>\n\n\n\n<p><strong>Cronograma por Correo Argentino (por\nDNI + inicial del apellido)<\/strong><\/p>\n\n\n\n<p>\u2022 DNI\nterminados en 0, de la A a la L<\/p>\n\n\n\n<p><strong>Cronograma por Red Link<\/strong><\/p>\n\n\n\n<p>\u2022 DNI\nterminados en 0. En este caso estos documentos tambi\u00e9n cobrar\u00e1n el jueves 7 de\nmayo.<\/p>\n\n\n\n<p>En total,\nsuman 1.314.446 las personas que concurrir\u00e1n a la sucursal del Correo m\u00e1s\ncercana a su domicilio, de acuerdo con el n\u00famero de terminaci\u00f3n de sus DNI, a\nraz\u00f3n de un d\u00edgito por d\u00eda h\u00e1bil, pero tambi\u00e9n seg\u00fan la inicial del apellido.<\/p>\n","protected":false},"excerpt":{"rendered":"<p>Entre este mi\u00e9rcoles 6 y el martes 3 de junio, y seg\u00fan la terminaci\u00f3n de su DNI, los beneficiarios del&hellip;<\/p>\n","protected":false},"author":1,"featured_media":5960,"comment_status":"open","ping_status":"open","sticky":false,"template":"","format":"standard","meta":{"_joinchat":[],"footnotes":""},"categories":[65,1,69],"tags":[],"class_list":["post-6210","post","type-post","status-publish","format-standard","has-post-thumbnail","hentry","category-destacados","category-sincategoria","category-noticias"],"yoast_head":"<!-- This site is optimized with the Yoast SEO plugin v25.1 - https:\/\/yoast.com\/wordpress\/plugins\/seo\/ -->\n<title>ESTE MI\u00c9RCOLES COMIENZAN A COBRAR EL IFE LOS QUE ELIGIERON HACERLO EN EL CORREO - Del \u00c9xodo Nogoy\u00e1<\/title>\n<meta name=\"robots\" content=\"index, follow, max-snippet:-1, max-image-preview:large, max-video-preview:-1\" \/>\n<link rel=\"canonical\" href=\"https:\/\/www.delexodo.com.ar\/?p=6210\" \/>\n<meta property=\"og:locale\" content=\"es_ES\" \/>\n<meta property=\"og:type\" content=\"article\" \/>\n<meta property=\"og:title\" content=\"ESTE MI\u00c9RCOLES COMIENZAN A COBRAR EL IFE LOS QUE ELIGIERON HACERLO EN EL CORREO - Del \u00c9xodo Nogoy\u00e1\" \/>\n<meta property=\"og:description\" content=\"Entre este mi\u00e9rcoles 6 y el martes 3 de junio, y seg\u00fan la terminaci\u00f3n de su DNI, los beneficiarios del&hellip;\" \/>\n<meta property=\"og:url\" content=\"https:\/\/www.delexodo.com.ar\/?p=6210\" \/>\n<meta property=\"og:site_name\" content=\"Del \u00c9xodo Nogoy\u00e1\" \/>\n<meta property=\"article:published_time\" content=\"2020-05-06T01:28:33+00:00\" \/>\n<meta property=\"article:modified_time\" content=\"2020-05-06T01:28:34+00:00\" \/>\n<meta property=\"og:image\" content=\"https:\/\/www.delexodo.com.ar\/wp-content\/uploads\/2020\/04\/ANSES-IFE1.jpg\" \/>\n\t<meta property=\"og:image:width\" content=\"1000\" \/>\n\t<meta property=\"og:image:height\" content=\"600\" \/>\n\t<meta property=\"og:image:type\" content=\"image\/jpeg\" \/>\n<meta name=\"author\" content=\"admin\" \/>\n<meta name=\"twitter:card\" content=\"summary_large_image\" \/>\n<meta name=\"twitter:label1\" content=\"Escrito por\" \/>\n\t<meta name=\"twitter:data1\" content=\"admin\" \/>\n\t<meta name=\"twitter:label2\" content=\"Tiempo de lectura\" \/>\n\t<meta name=\"twitter:data2\" content=\"1 minuto\" \/>\n<script type=\"application\/ld+json\" class=\"yoast-schema-graph\">{\"@context\":\"https:\/\/schema.org\",\"@graph\":[{\"@type\":\"Article\",\"@id\":\"https:\/\/www.delexodo.com.ar\/?p=6210#article\",\"isPartOf\":{\"@id\":\"https:\/\/www.delexodo.com.ar\/?p=6210\"},\"author\":{\"name\":\"admin\",\"@id\":\"https:\/\/www.delexodo.com.ar\/#\/schema\/person\/bbed37f7da8e938660b34f2013ba449d\"},\"headline\":\"ESTE MI\u00c9RCOLES COMIENZAN A COBRAR EL IFE LOS QUE ELIGIERON HACERLO EN EL CORREO\",\"datePublished\":\"2020-05-06T01:28:33+00:00\",\"dateModified\":\"2020-05-06T01:28:34+00:00\",\"mainEntityOfPage\":{\"@id\":\"https:\/\/www.delexodo.com.ar\/?p=6210\"},\"wordCount\":300,\"commentCount\":0,\"publisher\":{\"@id\":\"https:\/\/www.delexodo.com.ar\/#organization\"},\"image\":{\"@id\":\"https:\/\/www.delexodo.com.ar\/?p=6210#primaryimage\"},\"thumbnailUrl\":\"https:\/\/www.delexodo.com.ar\/wp-content\/uploads\/2020\/04\/ANSES-IFE1.jpg\",\"articleSection\":[\"Destacados\",\"Nogoya\",\"NOTICIAS\"],\"inLanguage\":\"es\",\"potentialAction\":[{\"@type\":\"CommentAction\",\"name\":\"Comment\",\"target\":[\"https:\/\/www.delexodo.com.ar\/?p=6210#respond\"]}]},{\"@type\":\"WebPage\",\"@id\":\"https:\/\/www.delexodo.com.ar\/?p=6210\",\"url\":\"https:\/\/www.delexodo.com.ar\/?p=6210\",\"name\":\"ESTE MI\u00c9RCOLES COMIENZAN A COBRAR EL IFE LOS QUE ELIGIERON HACERLO EN EL CORREO - Del \u00c9xodo Nogoy\u00e1\",\"isPartOf\":{\"@id\":\"https:\/\/www.delexodo.com.ar\/#website\"},\"primaryImageOfPage\":{\"@id\":\"https:\/\/www.delexodo.com.ar\/?p=6210#primaryimage\"},\"image\":{\"@id\":\"https:\/\/www.delexodo.com.ar\/?p=6210#primaryimage\"},\"thumbnailUrl\":\"https:\/\/www.delexodo.com.ar\/wp-content\/uploads\/2020\/04\/ANSES-IFE1.jpg\",\"datePublished\":\"2020-05-06T01:28:33+00:00\",\"dateModified\":\"2020-05-06T01:28:34+00:00\",\"breadcrumb\":{\"@id\":\"https:\/\/www.delexodo.com.ar\/?p=6210#breadcrumb\"},\"inLanguage\":\"es\",\"potentialAction\":[{\"@type\":\"ReadAction\",\"target\":[\"https:\/\/www.delexodo.com.ar\/?p=6210\"]}]},{\"@type\":\"ImageObject\",\"inLanguage\":\"es\",\"@id\":\"https:\/\/www.delexodo.com.ar\/?p=6210#primaryimage\",\"url\":\"https:\/\/www.delexodo.com.ar\/wp-content\/uploads\/2020\/04\/ANSES-IFE1.jpg\",\"contentUrl\":\"https:\/\/www.delexodo.com.ar\/wp-content\/uploads\/2020\/04\/ANSES-IFE1.jpg\",\"width\":1000,\"height\":600},{\"@type\":\"BreadcrumbList\",\"@id\":\"https:\/\/www.delexodo.com.ar\/?p=6210#breadcrumb\",\"itemListElement\":[{\"@type\":\"ListItem\",\"position\":1,\"name\":\"Portada\",\"item\":\"https:\/\/www.delexodo.com.ar\/\"},{\"@type\":\"ListItem\",\"position\":2,\"name\":\"ESTE MI\u00c9RCOLES COMIENZAN A COBRAR EL IFE LOS QUE ELIGIERON HACERLO EN EL CORREO\"}]},{\"@type\":\"WebSite\",\"@id\":\"https:\/\/www.delexodo.com.ar\/#website\",\"url\":\"https:\/\/www.delexodo.com.ar\/\",\"name\":\"Del \u00c9xodo Nogoy\u00e1\",\"description\":\"El Portal de Noticias de la Regi\u00f3n\",\"publisher\":{\"@id\":\"https:\/\/www.delexodo.com.ar\/#organization\"},\"potentialAction\":[{\"@type\":\"SearchAction\",\"target\":{\"@type\":\"EntryPoint\",\"urlTemplate\":\"https:\/\/www.delexodo.com.ar\/?s={search_term_string}\"},\"query-input\":{\"@type\":\"PropertyValueSpecification\",\"valueRequired\":true,\"valueName\":\"search_term_string\"}}],\"inLanguage\":\"es\"},{\"@type\":\"Organization\",\"@id\":\"https:\/\/www.delexodo.com.ar\/#organization\",\"name\":\"Del \u00c9xodo Nogoy\u00e1\",\"url\":\"https:\/\/www.delexodo.com.ar\/\",\"logo\":{\"@type\":\"ImageObject\",\"inLanguage\":\"es\",\"@id\":\"https:\/\/www.delexodo.com.ar\/#\/schema\/logo\/image\/\",\"url\":\"https:\/\/www.delexodo.com.ar\/wp-content\/uploads\/2024\/10\/cropped-cropped-LOGO24.png\",\"contentUrl\":\"https:\/\/www.delexodo.com.ar\/wp-content\/uploads\/2024\/10\/cropped-cropped-LOGO24.png\",\"width\":512,\"height\":349,\"caption\":\"Del \u00c9xodo Nogoy\u00e1\"},\"image\":{\"@id\":\"https:\/\/www.delexodo.com.ar\/#\/schema\/logo\/image\/\"}},{\"@type\":\"Person\",\"@id\":\"https:\/\/www.delexodo.com.ar\/#\/schema\/person\/bbed37f7da8e938660b34f2013ba449d\",\"name\":\"admin\",\"image\":{\"@type\":\"ImageObject\",\"inLanguage\":\"es\",\"@id\":\"https:\/\/www.delexodo.com.ar\/#\/schema\/person\/image\/\",\"url\":\"https:\/\/secure.gravatar.com\/avatar\/6b1558d1b6df085f1901bd5bd98523d7?s=96&d=mm&r=g\",\"contentUrl\":\"https:\/\/secure.gravatar.com\/avatar\/6b1558d1b6df085f1901bd5bd98523d7?s=96&d=mm&r=g\",\"caption\":\"admin\"},\"url\":\"https:\/\/www.delexodo.com.ar\/?author=1\"}]}<\/script>\n<!-- \/ Yoast SEO plugin. -->","yoast_head_json":{"title":"ESTE MI\u00c9RCOLES COMIENZAN A COBRAR EL IFE LOS QUE ELIGIERON HACERLO EN EL CORREO - Del \u00c9xodo Nogoy\u00e1","robots":{"index":"index","follow":"follow","max-snippet":"max-snippet:-1","max-image-preview":"max-image-preview:large","max-video-preview":"max-video-preview:-1"},"canonical":"https:\/\/www.delexodo.com.ar\/?p=6210","og_locale":"es_ES","og_type":"article","og_title":"ESTE MI\u00c9RCOLES COMIENZAN A COBRAR EL IFE LOS QUE ELIGIERON HACERLO EN EL CORREO - Del \u00c9xodo Nogoy\u00e1","og_description":"Entre este mi\u00e9rcoles 6 y el martes 3 de junio, y seg\u00fan la terminaci\u00f3n de su DNI, los beneficiarios del&hellip;","og_url":"https:\/\/www.delexodo.com.ar\/?p=6210","og_site_name":"Del \u00c9xodo Nogoy\u00e1","article_published_time":"2020-05-06T01:28:33+00:00","article_modified_time":"2020-05-06T01:28:34+00:00","og_image":[{"width":1000,"height":600,"url":"https:\/\/www.delexodo.com.ar\/wp-content\/uploads\/2020\/04\/ANSES-IFE1.jpg","type":"image\/jpeg"}],"author":"admin","twitter_card":"summary_large_image","twitter_misc":{"Escrito por":"admin","Tiempo de lectura":"1 minuto"},"schema":{"@context":"https:\/\/schema.org","@graph":[{"@type":"Article","@id":"https:\/\/www.delexodo.com.ar\/?p=6210#article","isPartOf":{"@id":"https:\/\/www.delexodo.com.ar\/?p=6210"},"author":{"name":"admin","@id":"https:\/\/www.delexodo.com.ar\/#\/schema\/person\/bbed37f7da8e938660b34f2013ba449d"},"headline":"ESTE MI\u00c9RCOLES COMIENZAN A COBRAR EL IFE LOS QUE ELIGIERON HACERLO EN EL CORREO","datePublished":"2020-05-06T01:28:33+00:00","dateModified":"2020-05-06T01:28:34+00:00","mainEntityOfPage":{"@id":"https:\/\/www.delexodo.com.ar\/?p=6210"},"wordCount":300,"commentCount":0,"publisher":{"@id":"https:\/\/www.delexodo.com.ar\/#organization"},"image":{"@id":"https:\/\/www.delexodo.com.ar\/?p=6210#primaryimage"},"thumbnailUrl":"https:\/\/www.delexodo.com.ar\/wp-content\/uploads\/2020\/04\/ANSES-IFE1.jpg","articleSection":["Destacados","Nogoya","NOTICIAS"],"inLanguage":"es","potentialAction":[{"@type":"CommentAction","name":"Comment","target":["https:\/\/www.delexodo.com.ar\/?p=6210#respond"]}]},{"@type":"WebPage","@id":"https:\/\/www.delexodo.com.ar\/?p=6210","url":"https:\/\/www.delexodo.com.ar\/?p=6210","name":"ESTE MI\u00c9RCOLES COMIENZAN A COBRAR EL IFE LOS QUE ELIGIERON HACERLO EN EL CORREO - Del \u00c9xodo Nogoy\u00e1","isPartOf":{"@id":"https:\/\/www.delexodo.com.ar\/#website"},"primaryImageOfPage":{"@id":"https:\/\/www.delexodo.com.ar\/?p=6210#primaryimage"},"image":{"@id":"https:\/\/www.delexodo.com.ar\/?p=6210#primaryimage"},"thumbnailUrl":"https:\/\/www.delexodo.com.ar\/wp-content\/uploads\/2020\/04\/ANSES-IFE1.jpg","datePublished":"2020-05-06T01:28:33+00:00","dateModified":"2020-05-06T01:28:34+00:00","breadcrumb":{"@id":"https:\/\/www.delexodo.com.ar\/?p=6210#breadcrumb"},"inLanguage":"es","potentialAction":[{"@type":"ReadAction","target":["https:\/\/www.delexodo.com.ar\/?p=6210"]}]},{"@type":"ImageObject","inLanguage":"es","@id":"https:\/\/www.delexodo.com.ar\/?p=6210#primaryimage","url":"https:\/\/www.delexodo.com.ar\/wp-content\/uploads\/2020\/04\/ANSES-IFE1.jpg","contentUrl":"https:\/\/www.delexodo.com.ar\/wp-content\/uploads\/2020\/04\/ANSES-IFE1.jpg","width":1000,"height":600},{"@type":"BreadcrumbList","@id":"https:\/\/www.delexodo.com.ar\/?p=6210#breadcrumb","itemListElement":[{"@type":"ListItem","position":1,"name":"Portada","item":"https:\/\/www.delexodo.com.ar\/"},{"@type":"ListItem","position":2,"name":"ESTE MI\u00c9RCOLES COMIENZAN A COBRAR EL IFE LOS QUE ELIGIERON HACERLO EN EL CORREO"}]},{"@type":"WebSite","@id":"https:\/\/www.delexodo.com.ar\/#website","url":"https:\/\/www.delexodo.com.ar\/","name":"Del \u00c9xodo Nogoy\u00e1","description":"El Portal de Noticias de la Regi\u00f3n","publisher":{"@id":"https:\/\/www.delexodo.com.ar\/#organization"},"potentialAction":[{"@type":"SearchAction","target":{"@type":"EntryPoint","urlTemplate":"https:\/\/www.delexodo.com.ar\/?s={search_term_string}"},"query-input":{"@type":"PropertyValueSpecification","valueRequired":true,"valueName":"search_term_string"}}],"inLanguage":"es"},{"@type":"Organization","@id":"https:\/\/www.delexodo.com.ar\/#organization","name":"Del \u00c9xodo Nogoy\u00e1","url":"https:\/\/www.delexodo.com.ar\/","logo":{"@type":"ImageObject","inLanguage":"es","@id":"https:\/\/www.delexodo.com.ar\/#\/schema\/logo\/image\/","url":"https:\/\/www.delexodo.com.ar\/wp-content\/uploads\/2024\/10\/cropped-cropped-LOGO24.png","contentUrl":"https:\/\/www.delexodo.com.ar\/wp-content\/uploads\/2024\/10\/cropped-cropped-LOGO24.png","width":512,"height":349,"caption":"Del \u00c9xodo Nogoy\u00e1"},"image":{"@id":"https:\/\/www.delexodo.com.ar\/#\/schema\/logo\/image\/"}},{"@type":"Person","@id":"https:\/\/www.delexodo.com.ar\/#\/schema\/person\/bbed37f7da8e938660b34f2013ba449d","name":"admin","image":{"@type":"ImageObject","inLanguage":"es","@id":"https:\/\/www.delexodo.com.ar\/#\/schema\/person\/image\/","url":"https:\/\/secure.gravatar.com\/avatar\/6b1558d1b6df085f1901bd5bd98523d7?s=96&d=mm&r=g","contentUrl":"https:\/\/secure.gravatar.com\/avatar\/6b1558d1b6df085f1901bd5bd98523d7?s=96&d=mm&r=g","caption":"admin"},"url":"https:\/\/www.delexodo.com.ar\/?author=1"}]}},"_links":{"self":[{"href":"https:\/\/www.delexodo.com.ar\/index.php?rest_route=\/wp\/v2\/posts\/6210","targetHints":{"allow":["GET"]}}],"collection":[{"href":"https:\/\/www.delexodo.com.ar\/index.php?rest_route=\/wp\/v2\/posts"}],"about":[{"href":"https:\/\/www.delexodo.com.ar\/index.php?rest_route=\/wp\/v2\/types\/post"}],"author":[{"embeddable":true,"href":"https:\/\/www.delexodo.com.ar\/index.php?rest_route=\/wp\/v2\/users\/1"}],"replies":[{"embeddable":true,"href":"https:\/\/www.delexodo.com.ar\/index.php?rest_route=%2Fwp%2Fv2%2Fcomments&post=6210"}],"version-history":[{"count":0,"href":"https:\/\/www.delexodo.com.ar\/index.php?rest_route=\/wp\/v2\/posts\/6210\/revisions"}],"wp:featuredmedia":[{"embeddable":true,"href":"https:\/\/www.delexodo.com.ar\/index.php?rest_route=\/wp\/v2\/media\/5960"}],"wp:attachment":[{"href":"https:\/\/www.delexodo.com.ar\/index.php?rest_route=%2Fwp%2Fv2%2Fmedia&parent=6210"}],"wp:term":[{"taxonomy":"category","embeddable":true,"href":"https:\/\/www.delexodo.com.ar\/index.php?rest_route=%2Fwp%2Fv2%2Fcategories&post=6210"},{"taxonomy":"post_tag","embeddable":true,"href":"https:\/\/www.delexodo.com.ar\/index.php?rest_route=%2Fwp%2Fv2%2Ftags&post=6210"}],"curies":[{"name":"wp","href":"https:\/\/api.w.org\/{rel}","templated":true}]}}