{"id":6204,"date":"2020-05-05T22:00:35","date_gmt":"2020-05-06T01:00:35","guid":{"rendered":"http:\/\/www.delexodo.com.ar\/?p=6204"},"modified":"2020-05-05T22:00:35","modified_gmt":"2020-05-06T01:00:35","slug":"nogoya-reanuda-la-actividad-comercial","status":"publish","type":"post","link":"https:\/\/www.delexodo.com.ar\/?p=6204","title":{"rendered":"NOGOYA REANUDA LA ACTIVIDAD COMERCIAL"},"content":{"rendered":"\n<p>Luego de los anuncios realizados por el Gobernador de la provincia,\u00a0 este martes el Intendente Dr. RAFAEL CAVAGNA anunci\u00f3 primeramente por su red social de facebook la firma del Decreto 302 que autoriza a los comercios minoristas, mayoristas a abrir sus puertas y actividades de servicios y oficios a realizar sus tareas. El horario de atenci\u00f3n\u00a0 ser\u00e1 el que rige el Decreto 224,\u00a0 lunes a viernes de 08 a 19 y para s\u00e1bados, domingos y feriados como se ampli\u00f3 en el Decreto 269 en el horario de 8 a 13. <\/p>\n\n\n\n<figure class=\"wp-block-embed-youtube wp-block-embed is-type-video is-provider-youtube wp-embed-aspect-16-9 wp-has-aspect-ratio\"><div class=\"wp-block-embed__wrapper\">\n<iframe loading=\"lazy\" title=\"#AIRE #MxV - Dr Rafael Cavagna - Intendente Nogoya\" width=\"500\" height=\"281\" src=\"https:\/\/www.youtube.com\/embed\/NWFPzVK-qrU?feature=oembed\" frameborder=\"0\" allow=\"accelerometer; autoplay; clipboard-write; encrypted-media; gyroscope; picture-in-picture; web-share\" referrerpolicy=\"strict-origin-when-cross-origin\" allowfullscreen><\/iframe>\n<\/div><\/figure>\n\n\n\n<p>El decreto en cuesti\u00f3n menciona que en el \u00e1mbito de la ciudad\nde Nogoy\u00e1, est\u00e1n dadas las condiciones para la habilitaci\u00f3n de ciertas\nactividades comerciales, servicios y oficios mediante la aplicaci\u00f3n de\nprotocolos de seguridad sanitarios y las condiciones de funcionamiento de\naquellas actividades habilitadas, como as\u00ed que el Departamento Ejecutivo podr\u00e1\nincorporar nuevas actividades o suspender aquellas que no cumplan con las\nnormativas sanitarias correspondientes, como as\u00ed en su quinto articulado hace\nreferencia a las actividades que no podr\u00e1n desarrolarse a\u00fan en el marco de los\ndispuesto por el gobierno nacional.<\/p>\n\n\n\n<div class=\"wp-block-image\"><figure class=\"aligncenter\"><img loading=\"lazy\" decoding=\"async\" width=\"652\" height=\"776\" src=\"http:\/\/www.delexodo.com.ar\/wp-content\/uploads\/2020\/05\/DECRETO302.png\" alt=\"\" class=\"wp-image-6205\" srcset=\"https:\/\/www.delexodo.com.ar\/wp-content\/uploads\/2020\/05\/DECRETO302.png 652w, https:\/\/www.delexodo.com.ar\/wp-content\/uploads\/2020\/05\/DECRETO302-252x300.png 252w\" sizes=\"auto, (max-width: 652px) 100vw, 652px\" \/><\/figure><\/div>\n\n\n\n<p><strong>DECRETO\n302\/20<\/strong><\/p>\n\n\n\n<p>Por ello El Presidente de la Municipalidad de Nogoy\u00e1 DECRETA <\/p>\n\n\n\n<p>&nbsp;ART\u00cdCULO 1\u00ba.\nAutor\u00edcese el desarrollo en el \u00e1mbito de la ciudad de Nogoy\u00e1 de las actividades\ncomerciales de venta minoristas y mayorista, las que deber\u00e1n cumplir con lo\ndispuesto en el Decreto N\u00ba 224\/2020 y normativas complementarias, respecto de\nlos d\u00edas, horarios y condiciones sanitarias para su funcionamiento.- <\/p>\n\n\n\n<p>ART\u00cdCULO 2\u00ba. Autor\u00edcese el desarrollo en el \u00e1mbito de la\nciudad de Nogoy\u00e1 de las actividades de servicios y oficios que no impliquen un\ncontacto directo entre personas, las que deber\u00e1n cumplir con lo dispuesto en el\nDecreto N\u00ba 224\/2020 y normativas complementarias, respecto de los d\u00edas,\nhorarios y condiciones sanitarias para su funcionamiento.- <\/p>\n\n\n\n<p>ART\u00cdCULO 3\u00ba. Autor\u00edcese el desarrollo en el \u00e1mbito de la\nciudad de Nogoy\u00e1 de las actividades de servicios y oficios que impliquen un\ncontacto directo entre personas, los que deber\u00e1n cumplir con lo dispuesto en el\nDecreto N\u00ba 224\/2020 y normativas complementarias, respecto de los d\u00edas,\nhorarios y condiciones sanitarias para su funcionamiento, as\u00ed como la\nasignaci\u00f3n de turnos que garanticen, que entre cada uno de ellos, se pueda\nrealizar la correcta desinfecci\u00f3n de los espacios comunes.- <\/p>\n\n\n\n<p>ART\u00cdCULO 4\u00ba. Establ\u00e9cese que todas las actividades comprendidas en el presente Decreto, deber\u00e1n ajustarse a los protocolos sanitarios dispuestos por el Ministerio de Salud de la Naci\u00f3n, el Ministerio de Salud de la Provincia, el Comit\u00e9 de Emergencia Sanitaria Provincial y las reglamentaciones municipales.- Los comercios, oficios y servicios habilitados en el presente deber\u00e1n llevar un registro de clientes por escrito, especificando la fecha y nombre completo del cliente el cual podr\u00e1 ser requerido por las autoridades correspondientes.-  ART\u00cdCULO 5\u00ba. Comun\u00edquese que, conforme el DNU N\u00ba 408\/2020 del Gobierno Nacional, no podr\u00e1n incluirse como excepci\u00f3n, las siguientes actividades y servicios: \u201c1. Dictado de clases presenciales en todos los niveles y todas las modalidades. 2. Eventos p\u00fablicos y privados: sociales, culturales, recreativos, deportivos, religiosos y de cualquier otra \u00edndole que implique la concurrencia de personas. 3. Centros comerciales, cines, teatros, centros culturales, bibliotecas, museos, restaurantes, bares, gimnasios, clubes y cualquier espacio p\u00fablico o privado que implique la concurrencia de personas. 4. Transporte p\u00fablico de pasajeros interurbano, interjurisdiccional e internacional. 5. Actividades tur\u00edsticas; apertura de parques, plazas o similares\u201d. <\/p>\n\n\n\n<h4 class=\"wp-block-heading\">PRENSADORA EN MARCHA<\/h4>\n\n\n\n<div class=\"wp-block-image\"><figure class=\"aligncenter\"><img loading=\"lazy\" decoding=\"async\" width=\"540\" height=\"960\" src=\"http:\/\/www.delexodo.com.ar\/wp-content\/uploads\/2020\/05\/NOGOYA-PRENSADORA.jpg\" alt=\"\" class=\"wp-image-6206\" srcset=\"https:\/\/www.delexodo.com.ar\/wp-content\/uploads\/2020\/05\/NOGOYA-PRENSADORA.jpg 540w, https:\/\/www.delexodo.com.ar\/wp-content\/uploads\/2020\/05\/NOGOYA-PRENSADORA-169x300.jpg 169w\" sizes=\"auto, (max-width: 540px) 100vw, 540px\" \/><\/figure><\/div>\n\n\n\n<p>Cavagna habl\u00f3 respecto de la recepci\u00f3n de la prensadora, herramienta fundamental en el trabajo del volcadero municipal, mencionando la construcci\u00f3n del Galp\u00f3n, los playones, el cerco y el trabajo juntos con los vecinos de separar los residuos y a clasificar en planta. Ahora se est\u00e1n realizando los ba\u00f1os y se \u00a0puso en marcha la presandora, un anhelo que hab\u00eda sido planificado durante la primera gesti\u00f3n de Cavgana y mientras el Lic. Olivera estaba a cargo del \u00e1rea de Medio Ambiente. <\/p>\n\n\n\n<h4 class=\"wp-block-heading\">CUENTA COVID\n19<\/h4>\n\n\n\n<figure class=\"wp-block-image\"><img loading=\"lazy\" decoding=\"async\" width=\"960\" height=\"540\" src=\"http:\/\/www.delexodo.com.ar\/wp-content\/uploads\/2020\/05\/NOGOYA-TERMOMETROS.jpg\" alt=\"\" class=\"wp-image-6207\" srcset=\"https:\/\/www.delexodo.com.ar\/wp-content\/uploads\/2020\/05\/NOGOYA-TERMOMETROS.jpg 960w, https:\/\/www.delexodo.com.ar\/wp-content\/uploads\/2020\/05\/NOGOYA-TERMOMETROS-300x169.jpg 300w, https:\/\/www.delexodo.com.ar\/wp-content\/uploads\/2020\/05\/NOGOYA-TERMOMETROS-768x432.jpg 768w\" sizes=\"auto, (max-width: 960px) 100vw, 960px\" \/><\/figure>\n\n\n\n<p>Por otro lado en mandatario cont\u00f3 y agradeci\u00f3 a los vecinos y a todos los que van aportando a la Cuenta Municipal que se abri\u00f3 con motivo de la pandemia y que en una primera etapa invertieron $ 99.000 en trajes para los profesionales de la salud los cuales fueron entregados al Hospital, Sanatorio y a la Munipalidad. En una segunda etapa se realiz\u00f3 la compra de tres term\u00f3metros infrarrojo con un costo total de $ 70.000 destacando el aporte que siguen recibiendo el cual ser\u00e1 destinado a la compra de m\u00e1s elementos para m\u00e9dicos, enfermeros y responsables de la salud en la ciudad (barbijos, trajes, lentes protectoras).<\/p>\n\n\n\n<h4 class=\"wp-block-heading\">LA COMISI\u00d3N\nDEL PARQUE INDUSTRIAL SE REUNI\u00d3 PARA TRABAJAR EN LOS OBJETIVOS DEL ESPACIO<\/h4>\n\n\n\n<figure class=\"wp-block-image\"><img loading=\"lazy\" decoding=\"async\" width=\"960\" height=\"638\" src=\"http:\/\/www.delexodo.com.ar\/wp-content\/uploads\/2020\/05\/NOGOYA-PARQUE-INDUSTRIAL-REUNION.jpg\" alt=\"\" class=\"wp-image-6208\" srcset=\"https:\/\/www.delexodo.com.ar\/wp-content\/uploads\/2020\/05\/NOGOYA-PARQUE-INDUSTRIAL-REUNION.jpg 960w, https:\/\/www.delexodo.com.ar\/wp-content\/uploads\/2020\/05\/NOGOYA-PARQUE-INDUSTRIAL-REUNION-300x199.jpg 300w, https:\/\/www.delexodo.com.ar\/wp-content\/uploads\/2020\/05\/NOGOYA-PARQUE-INDUSTRIAL-REUNION-768x510.jpg 768w\" sizes=\"auto, (max-width: 960px) 100vw, 960px\" \/><\/figure>\n\n\n\n<p>Para finalizar, Cavagna habl\u00f3 respecto de la reuni\u00f3n que se llev\u00f3 a cabo  con la comisi\u00f3n del Parque Industrial de Nogoya. Luego de designarse las diferentes autoridades que forman parte de esta Comisi\u00f3n (PIN), la misma se reuni\u00f3 ayer con el objetivo de brindar y tomar conocimiento del estado de espaci\u00f3 y los objetivos pensados a futuro. En el encuentro participaron el presidente municipal, Rafael Cavagna, la vice presidenta municipal, Sandra Facello, el secretario de Obras P\u00fablicas, Ulises Gamboa, la coordinadora de Producci\u00f3n, Stella Maris Aquino y concejales de los diversos bloques.<\/p>\n\n\n\n<p>Al respecto,\nel primer mandatario local expres\u00f3 que la comisi\u00f3n posee una cuenta con\nresultados econ\u00f3micos positivos y que el destino de esos fondos ser\u00e1 designado\npor ese espacio plural como la utilizaci\u00f3n de la misma y sus posibles\ninversiones.<\/p>\n\n\n\n<p>Adem\u00e1s, dijo\nque se mantendr\u00e1n reuniones de trabajo quincenales, que prev\u00e9 encuentros donde\nse va a gestionar ante el gobierno provincial y Nacional como as\u00ed tambi\u00e9n con\npotenciales inversores del PIN y asegur\u00f3: <em>\u201cLa\nidea central es determinar y hacer saber los beneficios y alcances no solo para\nel sector sino para la poblaci\u00f3n en su conjunto\u201d<\/em>.<\/p>\n\n\n\n<p>Por otra\nparte, destac\u00f3 la importancia de que el parque no solo sea industrial sino\ntambi\u00e9n de servicios por lo cual se inst\u00f3 a las autoridades legislativas para\nque a trav\u00e9s del Concejo Deliberante se pueda realizar las modificaciones en\nlas normativas, apuntando a ampliar la posibilidad en un horizonte de\noportunidades no solo laborales sino direccionadas a contar con nuevos\nservicios para la ciudad y la regi\u00f3n.<\/p>\n","protected":false},"excerpt":{"rendered":"<p>Luego de los anuncios realizados por el Gobernador de la provincia,\u00a0 este martes el Intendente Dr. RAFAEL CAVAGNA anunci\u00f3 primeramente&hellip;<\/p>\n","protected":false},"author":1,"featured_media":5712,"comment_status":"open","ping_status":"open","sticky":false,"template":"","format":"standard","meta":{"_joinchat":[],"footnotes":""},"categories":[65,1,69,352],"tags":[345],"class_list":["post-6204","post","type-post","status-publish","format-standard","has-post-thumbnail","hentry","category-destacados","category-sincategoria","category-noticias","category-salud","tag-destacar"],"yoast_head":"<!-- This site is optimized with the Yoast SEO plugin v25.1 - https:\/\/yoast.com\/wordpress\/plugins\/seo\/ -->\n<title>NOGOYA REANUDA LA ACTIVIDAD COMERCIAL - Del \u00c9xodo Nogoy\u00e1<\/title>\n<meta name=\"robots\" content=\"index, follow, max-snippet:-1, max-image-preview:large, max-video-preview:-1\" \/>\n<link rel=\"canonical\" href=\"https:\/\/www.delexodo.com.ar\/?p=6204\" \/>\n<meta property=\"og:locale\" content=\"es_ES\" \/>\n<meta property=\"og:type\" content=\"article\" \/>\n<meta property=\"og:title\" content=\"NOGOYA REANUDA LA ACTIVIDAD COMERCIAL - Del \u00c9xodo Nogoy\u00e1\" \/>\n<meta property=\"og:description\" content=\"Luego de los anuncios realizados por el Gobernador de la provincia,\u00a0 este martes el Intendente Dr. RAFAEL CAVAGNA anunci\u00f3 primeramente&hellip;\" \/>\n<meta property=\"og:url\" content=\"https:\/\/www.delexodo.com.ar\/?p=6204\" \/>\n<meta property=\"og:site_name\" content=\"Del \u00c9xodo Nogoy\u00e1\" \/>\n<meta property=\"article:published_time\" content=\"2020-05-06T01:00:35+00:00\" \/>\n<meta property=\"og:image\" content=\"https:\/\/www.delexodo.com.ar\/wp-content\/uploads\/2020\/03\/Municipalidad2-Nogoya-1024x768.jpg\" \/>\n\t<meta property=\"og:image:width\" content=\"1024\" \/>\n\t<meta property=\"og:image:height\" content=\"768\" \/>\n\t<meta property=\"og:image:type\" content=\"image\/jpeg\" \/>\n<meta name=\"author\" content=\"admin\" \/>\n<meta name=\"twitter:card\" content=\"summary_large_image\" \/>\n<meta name=\"twitter:label1\" content=\"Escrito por\" \/>\n\t<meta name=\"twitter:data1\" content=\"admin\" \/>\n\t<meta name=\"twitter:label2\" content=\"Tiempo de lectura\" \/>\n\t<meta name=\"twitter:data2\" content=\"5 minutos\" \/>\n<script type=\"application\/ld+json\" class=\"yoast-schema-graph\">{\"@context\":\"https:\/\/schema.org\",\"@graph\":[{\"@type\":\"Article\",\"@id\":\"https:\/\/www.delexodo.com.ar\/?p=6204#article\",\"isPartOf\":{\"@id\":\"https:\/\/www.delexodo.com.ar\/?p=6204\"},\"author\":{\"name\":\"admin\",\"@id\":\"https:\/\/www.delexodo.com.ar\/#\/schema\/person\/bbed37f7da8e938660b34f2013ba449d\"},\"headline\":\"NOGOYA REANUDA LA ACTIVIDAD COMERCIAL\",\"datePublished\":\"2020-05-06T01:00:35+00:00\",\"mainEntityOfPage\":{\"@id\":\"https:\/\/www.delexodo.com.ar\/?p=6204\"},\"wordCount\":1064,\"commentCount\":0,\"publisher\":{\"@id\":\"https:\/\/www.delexodo.com.ar\/#organization\"},\"image\":{\"@id\":\"https:\/\/www.delexodo.com.ar\/?p=6204#primaryimage\"},\"thumbnailUrl\":\"https:\/\/www.delexodo.com.ar\/wp-content\/uploads\/2020\/03\/Municipalidad2-Nogoya.jpg\",\"keywords\":[\"destacar\"],\"articleSection\":[\"Destacados\",\"Nogoya\",\"NOTICIAS\",\"Salud\"],\"inLanguage\":\"es\",\"potentialAction\":[{\"@type\":\"CommentAction\",\"name\":\"Comment\",\"target\":[\"https:\/\/www.delexodo.com.ar\/?p=6204#respond\"]}]},{\"@type\":\"WebPage\",\"@id\":\"https:\/\/www.delexodo.com.ar\/?p=6204\",\"url\":\"https:\/\/www.delexodo.com.ar\/?p=6204\",\"name\":\"NOGOYA REANUDA LA ACTIVIDAD COMERCIAL - Del \u00c9xodo Nogoy\u00e1\",\"isPartOf\":{\"@id\":\"https:\/\/www.delexodo.com.ar\/#website\"},\"primaryImageOfPage\":{\"@id\":\"https:\/\/www.delexodo.com.ar\/?p=6204#primaryimage\"},\"image\":{\"@id\":\"https:\/\/www.delexodo.com.ar\/?p=6204#primaryimage\"},\"thumbnailUrl\":\"https:\/\/www.delexodo.com.ar\/wp-content\/uploads\/2020\/03\/Municipalidad2-Nogoya.jpg\",\"datePublished\":\"2020-05-06T01:00:35+00:00\",\"breadcrumb\":{\"@id\":\"https:\/\/www.delexodo.com.ar\/?p=6204#breadcrumb\"},\"inLanguage\":\"es\",\"potentialAction\":[{\"@type\":\"ReadAction\",\"target\":[\"https:\/\/www.delexodo.com.ar\/?p=6204\"]}]},{\"@type\":\"ImageObject\",\"inLanguage\":\"es\",\"@id\":\"https:\/\/www.delexodo.com.ar\/?p=6204#primaryimage\",\"url\":\"https:\/\/www.delexodo.com.ar\/wp-content\/uploads\/2020\/03\/Municipalidad2-Nogoya.jpg\",\"contentUrl\":\"https:\/\/www.delexodo.com.ar\/wp-content\/uploads\/2020\/03\/Municipalidad2-Nogoya.jpg\",\"width\":4160,\"height\":3120},{\"@type\":\"BreadcrumbList\",\"@id\":\"https:\/\/www.delexodo.com.ar\/?p=6204#breadcrumb\",\"itemListElement\":[{\"@type\":\"ListItem\",\"position\":1,\"name\":\"Portada\",\"item\":\"https:\/\/www.delexodo.com.ar\/\"},{\"@type\":\"ListItem\",\"position\":2,\"name\":\"NOGOYA REANUDA LA ACTIVIDAD COMERCIAL\"}]},{\"@type\":\"WebSite\",\"@id\":\"https:\/\/www.delexodo.com.ar\/#website\",\"url\":\"https:\/\/www.delexodo.com.ar\/\",\"name\":\"Del \u00c9xodo Nogoy\u00e1\",\"description\":\"El Portal de Noticias de la Regi\u00f3n\",\"publisher\":{\"@id\":\"https:\/\/www.delexodo.com.ar\/#organization\"},\"potentialAction\":[{\"@type\":\"SearchAction\",\"target\":{\"@type\":\"EntryPoint\",\"urlTemplate\":\"https:\/\/www.delexodo.com.ar\/?s={search_term_string}\"},\"query-input\":{\"@type\":\"PropertyValueSpecification\",\"valueRequired\":true,\"valueName\":\"search_term_string\"}}],\"inLanguage\":\"es\"},{\"@type\":\"Organization\",\"@id\":\"https:\/\/www.delexodo.com.ar\/#organization\",\"name\":\"Del \u00c9xodo Nogoy\u00e1\",\"url\":\"https:\/\/www.delexodo.com.ar\/\",\"logo\":{\"@type\":\"ImageObject\",\"inLanguage\":\"es\",\"@id\":\"https:\/\/www.delexodo.com.ar\/#\/schema\/logo\/image\/\",\"url\":\"https:\/\/www.delexodo.com.ar\/wp-content\/uploads\/2024\/10\/cropped-cropped-LOGO24.png\",\"contentUrl\":\"https:\/\/www.delexodo.com.ar\/wp-content\/uploads\/2024\/10\/cropped-cropped-LOGO24.png\",\"width\":512,\"height\":349,\"caption\":\"Del \u00c9xodo Nogoy\u00e1\"},\"image\":{\"@id\":\"https:\/\/www.delexodo.com.ar\/#\/schema\/logo\/image\/\"}},{\"@type\":\"Person\",\"@id\":\"https:\/\/www.delexodo.com.ar\/#\/schema\/person\/bbed37f7da8e938660b34f2013ba449d\",\"name\":\"admin\",\"image\":{\"@type\":\"ImageObject\",\"inLanguage\":\"es\",\"@id\":\"https:\/\/www.delexodo.com.ar\/#\/schema\/person\/image\/\",\"url\":\"https:\/\/secure.gravatar.com\/avatar\/6b1558d1b6df085f1901bd5bd98523d7?s=96&d=mm&r=g\",\"contentUrl\":\"https:\/\/secure.gravatar.com\/avatar\/6b1558d1b6df085f1901bd5bd98523d7?s=96&d=mm&r=g\",\"caption\":\"admin\"},\"url\":\"https:\/\/www.delexodo.com.ar\/?author=1\"}]}<\/script>\n<!-- \/ Yoast SEO plugin. -->","yoast_head_json":{"title":"NOGOYA REANUDA LA ACTIVIDAD COMERCIAL - Del \u00c9xodo Nogoy\u00e1","robots":{"index":"index","follow":"follow","max-snippet":"max-snippet:-1","max-image-preview":"max-image-preview:large","max-video-preview":"max-video-preview:-1"},"canonical":"https:\/\/www.delexodo.com.ar\/?p=6204","og_locale":"es_ES","og_type":"article","og_title":"NOGOYA REANUDA LA ACTIVIDAD COMERCIAL - Del \u00c9xodo Nogoy\u00e1","og_description":"Luego de los anuncios realizados por el Gobernador de la provincia,\u00a0 este martes el Intendente Dr. RAFAEL CAVAGNA anunci\u00f3 primeramente&hellip;","og_url":"https:\/\/www.delexodo.com.ar\/?p=6204","og_site_name":"Del \u00c9xodo Nogoy\u00e1","article_published_time":"2020-05-06T01:00:35+00:00","og_image":[{"width":1024,"height":768,"url":"https:\/\/www.delexodo.com.ar\/wp-content\/uploads\/2020\/03\/Municipalidad2-Nogoya-1024x768.jpg","type":"image\/jpeg"}],"author":"admin","twitter_card":"summary_large_image","twitter_misc":{"Escrito por":"admin","Tiempo de lectura":"5 minutos"},"schema":{"@context":"https:\/\/schema.org","@graph":[{"@type":"Article","@id":"https:\/\/www.delexodo.com.ar\/?p=6204#article","isPartOf":{"@id":"https:\/\/www.delexodo.com.ar\/?p=6204"},"author":{"name":"admin","@id":"https:\/\/www.delexodo.com.ar\/#\/schema\/person\/bbed37f7da8e938660b34f2013ba449d"},"headline":"NOGOYA REANUDA LA ACTIVIDAD COMERCIAL","datePublished":"2020-05-06T01:00:35+00:00","mainEntityOfPage":{"@id":"https:\/\/www.delexodo.com.ar\/?p=6204"},"wordCount":1064,"commentCount":0,"publisher":{"@id":"https:\/\/www.delexodo.com.ar\/#organization"},"image":{"@id":"https:\/\/www.delexodo.com.ar\/?p=6204#primaryimage"},"thumbnailUrl":"https:\/\/www.delexodo.com.ar\/wp-content\/uploads\/2020\/03\/Municipalidad2-Nogoya.jpg","keywords":["destacar"],"articleSection":["Destacados","Nogoya","NOTICIAS","Salud"],"inLanguage":"es","potentialAction":[{"@type":"CommentAction","name":"Comment","target":["https:\/\/www.delexodo.com.ar\/?p=6204#respond"]}]},{"@type":"WebPage","@id":"https:\/\/www.delexodo.com.ar\/?p=6204","url":"https:\/\/www.delexodo.com.ar\/?p=6204","name":"NOGOYA REANUDA LA ACTIVIDAD COMERCIAL - Del \u00c9xodo Nogoy\u00e1","isPartOf":{"@id":"https:\/\/www.delexodo.com.ar\/#website"},"primaryImageOfPage":{"@id":"https:\/\/www.delexodo.com.ar\/?p=6204#primaryimage"},"image":{"@id":"https:\/\/www.delexodo.com.ar\/?p=6204#primaryimage"},"thumbnailUrl":"https:\/\/www.delexodo.com.ar\/wp-content\/uploads\/2020\/03\/Municipalidad2-Nogoya.jpg","datePublished":"2020-05-06T01:00:35+00:00","breadcrumb":{"@id":"https:\/\/www.delexodo.com.ar\/?p=6204#breadcrumb"},"inLanguage":"es","potentialAction":[{"@type":"ReadAction","target":["https:\/\/www.delexodo.com.ar\/?p=6204"]}]},{"@type":"ImageObject","inLanguage":"es","@id":"https:\/\/www.delexodo.com.ar\/?p=6204#primaryimage","url":"https:\/\/www.delexodo.com.ar\/wp-content\/uploads\/2020\/03\/Municipalidad2-Nogoya.jpg","contentUrl":"https:\/\/www.delexodo.com.ar\/wp-content\/uploads\/2020\/03\/Municipalidad2-Nogoya.jpg","width":4160,"height":3120},{"@type":"BreadcrumbList","@id":"https:\/\/www.delexodo.com.ar\/?p=6204#breadcrumb","itemListElement":[{"@type":"ListItem","position":1,"name":"Portada","item":"https:\/\/www.delexodo.com.ar\/"},{"@type":"ListItem","position":2,"name":"NOGOYA REANUDA LA ACTIVIDAD COMERCIAL"}]},{"@type":"WebSite","@id":"https:\/\/www.delexodo.com.ar\/#website","url":"https:\/\/www.delexodo.com.ar\/","name":"Del \u00c9xodo Nogoy\u00e1","description":"El Portal de Noticias de la Regi\u00f3n","publisher":{"@id":"https:\/\/www.delexodo.com.ar\/#organization"},"potentialAction":[{"@type":"SearchAction","target":{"@type":"EntryPoint","urlTemplate":"https:\/\/www.delexodo.com.ar\/?s={search_term_string}"},"query-input":{"@type":"PropertyValueSpecification","valueRequired":true,"valueName":"search_term_string"}}],"inLanguage":"es"},{"@type":"Organization","@id":"https:\/\/www.delexodo.com.ar\/#organization","name":"Del \u00c9xodo Nogoy\u00e1","url":"https:\/\/www.delexodo.com.ar\/","logo":{"@type":"ImageObject","inLanguage":"es","@id":"https:\/\/www.delexodo.com.ar\/#\/schema\/logo\/image\/","url":"https:\/\/www.delexodo.com.ar\/wp-content\/uploads\/2024\/10\/cropped-cropped-LOGO24.png","contentUrl":"https:\/\/www.delexodo.com.ar\/wp-content\/uploads\/2024\/10\/cropped-cropped-LOGO24.png","width":512,"height":349,"caption":"Del \u00c9xodo Nogoy\u00e1"},"image":{"@id":"https:\/\/www.delexodo.com.ar\/#\/schema\/logo\/image\/"}},{"@type":"Person","@id":"https:\/\/www.delexodo.com.ar\/#\/schema\/person\/bbed37f7da8e938660b34f2013ba449d","name":"admin","image":{"@type":"ImageObject","inLanguage":"es","@id":"https:\/\/www.delexodo.com.ar\/#\/schema\/person\/image\/","url":"https:\/\/secure.gravatar.com\/avatar\/6b1558d1b6df085f1901bd5bd98523d7?s=96&d=mm&r=g","contentUrl":"https:\/\/secure.gravatar.com\/avatar\/6b1558d1b6df085f1901bd5bd98523d7?s=96&d=mm&r=g","caption":"admin"},"url":"https:\/\/www.delexodo.com.ar\/?author=1"}]}},"_links":{"self":[{"href":"https:\/\/www.delexodo.com.ar\/index.php?rest_route=\/wp\/v2\/posts\/6204","targetHints":{"allow":["GET"]}}],"collection":[{"href":"https:\/\/www.delexodo.com.ar\/index.php?rest_route=\/wp\/v2\/posts"}],"about":[{"href":"https:\/\/www.delexodo.com.ar\/index.php?rest_route=\/wp\/v2\/types\/post"}],"author":[{"embeddable":true,"href":"https:\/\/www.delexodo.com.ar\/index.php?rest_route=\/wp\/v2\/users\/1"}],"replies":[{"embeddable":true,"href":"https:\/\/www.delexodo.com.ar\/index.php?rest_route=%2Fwp%2Fv2%2Fcomments&post=6204"}],"version-history":[{"count":0,"href":"https:\/\/www.delexodo.com.ar\/index.php?rest_route=\/wp\/v2\/posts\/6204\/revisions"}],"wp:featuredmedia":[{"embeddable":true,"href":"https:\/\/www.delexodo.com.ar\/index.php?rest_route=\/wp\/v2\/media\/5712"}],"wp:attachment":[{"href":"https:\/\/www.delexodo.com.ar\/index.php?rest_route=%2Fwp%2Fv2%2Fmedia&parent=6204"}],"wp:term":[{"taxonomy":"category","embeddable":true,"href":"https:\/\/www.delexodo.com.ar\/index.php?rest_route=%2Fwp%2Fv2%2Fcategories&post=6204"},{"taxonomy":"post_tag","embeddable":true,"href":"https:\/\/www.delexodo.com.ar\/index.php?rest_route=%2Fwp%2Fv2%2Ftags&post=6204"}],"curies":[{"name":"wp","href":"https:\/\/api.w.org\/{rel}","templated":true}]}}