{"id":6153,"date":"2020-04-28T21:36:20","date_gmt":"2020-04-29T00:36:20","guid":{"rendered":"http:\/\/www.delexodo.com.ar\/?p=6153"},"modified":"2020-04-28T23:08:13","modified_gmt":"2020-04-29T02:08:13","slug":"cavagna-explico-los-motivos-del-no-a-la-hora-de-esparcimiento-y-hablo-de-los-atn","status":"publish","type":"post","link":"https:\/\/www.delexodo.com.ar\/?p=6153","title":{"rendered":"CAVAGNA EXPLICO LOS MOTIVOS DEL \u201cNO\u201d A LA HORA DE ESPARCIMIENTO Y HABL\u00d3 DE LOS ATN."},"content":{"rendered":"\n<p>En la ma\u00f1ana dialogamos con el Intendente de Nogoy\u00e1 a efectos\nde conocer los motivos por el cual en la tarde del lunes anunciara en su perfil\nde la red social de facebook que no se iba a pedir la hora para caminar sino\npor actividades comerciales determinadas.<\/p>\n\n\n\n<div class=\"wp-block-image\"><figure class=\"aligncenter\"><img loading=\"lazy\" decoding=\"async\" width=\"522\" height=\"551\" src=\"http:\/\/www.delexodo.com.ar\/wp-content\/uploads\/2020\/04\/NO-ESPARCIMIENTO.png\" alt=\"\" class=\"wp-image-6155\" srcset=\"https:\/\/www.delexodo.com.ar\/wp-content\/uploads\/2020\/04\/NO-ESPARCIMIENTO.png 522w, https:\/\/www.delexodo.com.ar\/wp-content\/uploads\/2020\/04\/NO-ESPARCIMIENTO-284x300.png 284w\" sizes=\"auto, (max-width: 522px) 100vw, 522px\" \/><\/figure><\/div>\n\n\n\n<p>En esa l\u00ednea Cavagna dijo que luego de lo anunciado por el\npresidente Fernandez y en sinton\u00eda con lo anunciado por el gobernador Bordet\nsalir de esta situaci\u00f3n no solo depende de los gobernantes de turno sino\nclaramente de la responsabilidad de cada uno de nosotros.<\/p>\n\n\n\n<figure class=\"wp-block-embed-youtube wp-block-embed is-type-video is-provider-youtube wp-embed-aspect-16-9 wp-has-aspect-ratio\"><div class=\"wp-block-embed__wrapper\">\n<iframe loading=\"lazy\" title=\"#AIRE #MxV - Dr. RAFAEL CAVAGNA - Intendente de Nogoya\" width=\"500\" height=\"281\" src=\"https:\/\/www.youtube.com\/embed\/CHlLrJCoV4E?feature=oembed\" frameborder=\"0\" allow=\"accelerometer; autoplay; clipboard-write; encrypted-media; gyroscope; picture-in-picture; web-share\" referrerpolicy=\"strict-origin-when-cross-origin\" allowfullscreen><\/iframe>\n<\/div><\/figure>\n\n\n\n<p><em>\u201c\u2026producto\ndel anuncio del Sr. Presidente el d\u00eda s\u00e1bado la provincia de Entre R\u00edos que\nhabilitada concretamente para flexibilizar algunas actividades a pedido de los\nmunicipios, dentro de esas actividades que se podr\u00edan llegar a flexibilizar\nprevia autorizaci\u00f3n, est\u00e1n las caminatas de una hora o est\u00e1n algunas\nactividades que podemos pedir los intendentes. <strong>Despu\u00e9s de charlar con mi equipo y de evaluar la situaci\u00f3n estamos\nmandando en el d\u00eda de hoy una carta formal al Sr Gobernador un pedido dici\u00e9ndole\nde que no vamos a hace uso por el momento de la hora de esparcimiento que tiene\nestablecidas las municipalidades para el caso de requerimiento y que si le vamos\na pedir con determinados protocolos por diferentes actividades econ\u00f3micas que est\u00e1n\nrelegadas y la est\u00e1n pasando mal, estamos priorizando algunas actividades econ\u00f3micas\nsobre la hora de esparcimiento<\/strong>\u201d<\/em><\/p>\n\n\n\n<p>En cuanto a los rubros por los que se pedir\u00e1 autorizaci\u00f3n de\napertura, el mandatario habl\u00f3 de comercios minoristas que no la est\u00e1n pasando\nbien pueden al menos ser atendidos por sus propios due\u00f1os, bajo un protocolo y\ncon la menor cantidad de gente posible y cumpliendo con todas las medidas\nsanitarias que vamos determinando como el uso obligatorio del barbijo para\ntodos los que est\u00e9n dentro del comercio, el distanciamiento, la higiene, la disposici\u00f3n\ndel alcohol.<\/p>\n\n\n\n<h3 class=\"wp-block-heading\" style=\"text-align:center\"><em>\u201cTODOS EL EQUIPO COINCIDIMOS EN QUE ES IMPOSIBLE LAMENTABLEMENTE\nCONTROLAR UNA HORA DE SALIDA A CAMINAR\u201d<\/em><\/h3>\n\n\n\n<p>Durante la entrevista le preguntamos al mandatario que\nconocimiento tiene respecto de un probable proyecto que estar\u00eda presentando\neste mi\u00e9rcoles los concejales de la oposici\u00f3n en el cual se pedir\u00edan eximir de\nla tasa de higiene y profilaxis a todos los comercios de la ciudad hasta la\nculminaci\u00f3n del aislamiento, a lo que Cavagna respondi\u00f3; <em>\u201ctengo off de records y me lo ha planteado alg\u00fan concejal que iban a\npresentar el proyecto pero formalmente no lo tengo todav\u00eda, seguramente entrar\u00e1\nen la sesi\u00f3n del mi\u00e9rcoles. Estamos dispuestos a charlar obviamente con todos\nlos concejales de nuestra ciudad para avanzar y ver tambi\u00e9n como&nbsp; repercutir\u00eda econ\u00f3micamente o no en las arcas\nmunicipales, yo tambi\u00e9n quiero ponerme en una situaci\u00f3n econ\u00f3mica prudente en\nel sentido que la recaudaci\u00f3n nacional y provincial ha ca\u00eddo un 60% y que\nobviamente el seguir en esta sinton\u00eda de que no entren ingresos en la\nmunicipalidad es muy muy complejo poder sostener todos los servicios y ni se\ndiga el pago de sueldos a nuestros queridos empleados municipales; cierto es de\nque este mes vamos a pagar, el jueves vamos a hacer la transferencia a toda la\nplanta, transitoria y permanente, los funcionarios nos estamos congelando los\nsueldos, los empleados van a cobrar con aumentos pero el mes que viene va a ser\nmuy dif\u00edcil, por eso yo tambi\u00e9n tengo que ver la letra chica de ver c\u00f3mo afecta\na las arcas municipales este proyecto que se estar\u00e1 presentando pero tambi\u00e9n entendiendo\ntoda la situaci\u00f3n de cada uno de los comerciantes dado a que esta tasa es\nproporcional a las ventas y debemos tener en cuenta que hay ciertos rubros que\nhan seguido atendiendo y otros que a puertas cerradas no la est\u00e1n pasando nada\nbien y eso es lo que hay que analizar\u201d.<\/em><\/p>\n\n\n\n<p>En cuanto a un reclamo que realiz\u00f3 Cavagna unos d\u00edas atr\u00e1s solicit\u00e1ndole al gobierno provincial coparticipe los  Aportes del Tesoro Nacional, reclamo que fue objetado por una agrupaci\u00f3n pol\u00edtica justicialista local como as\u00ed por algunos legisladores, le preguntamos respecto de su postura y el reclamo realizado; <\/p>\n\n\n\n<div class=\"wp-block-image\"><figure class=\"aligncenter is-resized\"><img loading=\"lazy\" decoding=\"async\" src=\"http:\/\/www.delexodo.com.ar\/wp-content\/uploads\/2020\/04\/PUERTA-DE-HIERRO.png\" alt=\"\" class=\"wp-image-6154\" width=\"430\" height=\"534\" srcset=\"https:\/\/www.delexodo.com.ar\/wp-content\/uploads\/2020\/04\/PUERTA-DE-HIERRO.png 508w, https:\/\/www.delexodo.com.ar\/wp-content\/uploads\/2020\/04\/PUERTA-DE-HIERRO-242x300.png 242w\" sizes=\"auto, (max-width: 430px) 100vw, 430px\" \/><\/figure><\/div>\n\n\n\n<p><em>\u201cindudablemente lo vamos a llevar a cualquier \u00e1mbito de discusi\u00f3n que sea necesario para que entienda el Sr. Gobernador que realmente las municipalidades&nbsp; no la estamos pasando bien, as\u00ed como el tampoco la est\u00e1 pasando bien, desde lo econ\u00f3micamente hablando, nosotros tampoco y que sepa el Sr. Gobernador que le estamos dando nafta a determinadas reparticiones p\u00fablicas, que estamos trabajando en cuestiones de salud tambi\u00e9n o sea que si bien es cierto que los ATN llegan a la provincia, que son discrecionales, tambi\u00e9n es cierto que los ATN son motivo para paliar la situaci\u00f3n econ\u00f3mica adversa que estamos pasando, tanto provincia como municipio por eso en ese sentido y con buen criterio, Axel Kicilof, Gobernador de la Pcia. De Buenos Aires se sienta y reparte el dinero con todos los intendentes de Cambiemos y del Justicialismo porque el entiende quye la recaudaci\u00f3n cae absolutamente para todos, nos duele que el gobernador salga a decir voy a pagar los sueldos porque obviamente los va a poder pagar porque indudablemente si recibi\u00f3 los 966 millones de ATN y no los coparticip\u00f3, con eso va a poder pagar los sueldos, bienvenido sea y se lo merecen los empleados p\u00fablicos, pero tambi\u00e9n que entienda que la situaciones municipales est\u00e1n siendo adversas desde lo econ\u00f3mico producto de la pandemia al igual que la provincia, por eso creo que naturalmente mas all\u00e1 de cualquier discusi\u00f3n legal o no que se de naturalmente como los dem\u00e1s gobernadores de distintas provincias lo est\u00e1n haciendo, tiene que repartir de a cuerdo al \u00edndice de coparticipaci\u00f3n esa ayudas extraordinarias producto de la emisi\u00f3n del gobierno nacional, as\u00ed que hoy me estar\u00e9 comunicando con <strong>Wado de Pedro (Ministro del Interior de la Naci\u00f3n)<\/strong>, con Tom\u00e1s Mendez que es un representante de \u00e9l, coment\u00e1ndole esta situaci\u00f3n y vamos a seguir avanzando, queremos que sepa el gobierno nacional que Bordet no reparte el dinero y a su vez queremos decirle al gobierno nacional que si Bordet no lo reparte que nosotros le vamos a pedir directamente a ellos ayuda para todos los municipios, no queremos ser ego\u00edstas en ese sentido\u201d<\/em><\/p>\n\n\n\n<p><em>\u201cel tema de\nlos ATN quiero dejar claro quiero dejar en claro que Nogoy\u00e1 recibi\u00f3 ATN porque\nhubo una gesti\u00f3n que iba, golpeaba las puertas, viajaba a Buenos Aires y le ped\u00eda\ny esos ATN est\u00e1n volcados todos en la administraci\u00f3n municipal, eso gracias a\ndios sirvieron de much\u00edsimo a la gesti\u00f3n municipal, sirvieron para los\ndesahogos financieros que ten\u00edamos con la caja de jubilaciones y poder invertir\nen maquinarias o invertir en paseos p\u00fablicos que hoy son una realidad y\ndisfrutan los nogoyaenses, fueron gestiones que realiz\u00e1bamos nosotros y que\ntuvimos muy buena replica y entendimiento por parte del gobierno nacional de\nturno, ahora lo vamos a hacer de nuevo, o sea, no se sorprenda la oposici\u00f3n de\nque el intendente salga de nuevo a pedir ATN como lo hizo en la gesti\u00f3n anterior,\nal intendente le gusta gestionar, le gusta viajar, le gusta pedir por su\npueblo, y es para eso, di ah\u00ed si alguno ve alg\u00fan tipo de irregularidad,\ninobservancia o algo que lo plantee en otro \u00e1mbito pero tengo la tranquilidad\nque fueron gestiones iniciadas y terminadas por nosotros con resultado feliz\nmuchas y otras no, pero no dejan de ser gestiones naturales que hemos realizado\ndirectamente entre la municipalidad y el gobierno nacional de turno por aquel\nmomento\u201d<\/em><\/p>\n","protected":false},"excerpt":{"rendered":"<p>En la ma\u00f1ana dialogamos con el Intendente de Nogoy\u00e1 a efectos de conocer los motivos por el cual en la&hellip;<\/p>\n","protected":false},"author":1,"featured_media":6156,"comment_status":"open","ping_status":"open","sticky":false,"template":"","format":"standard","meta":{"_joinchat":[],"footnotes":""},"categories":[65,1,69,352],"tags":[345],"class_list":["post-6153","post","type-post","status-publish","format-standard","has-post-thumbnail","hentry","category-destacados","category-sincategoria","category-noticias","category-salud","tag-destacar"],"yoast_head":"<!-- This site is optimized with the Yoast SEO plugin v25.1 - https:\/\/yoast.com\/wordpress\/plugins\/seo\/ -->\n<title>CAVAGNA EXPLICO LOS MOTIVOS DEL \u201cNO\u201d A LA HORA DE ESPARCIMIENTO Y HABL\u00d3 DE LOS ATN. - Del \u00c9xodo Nogoy\u00e1<\/title>\n<meta name=\"robots\" content=\"index, follow, max-snippet:-1, max-image-preview:large, max-video-preview:-1\" \/>\n<link rel=\"canonical\" href=\"https:\/\/www.delexodo.com.ar\/?p=6153\" \/>\n<meta property=\"og:locale\" content=\"es_ES\" \/>\n<meta property=\"og:type\" content=\"article\" \/>\n<meta property=\"og:title\" content=\"CAVAGNA EXPLICO LOS MOTIVOS DEL \u201cNO\u201d A LA HORA DE ESPARCIMIENTO Y HABL\u00d3 DE LOS ATN. - Del \u00c9xodo Nogoy\u00e1\" \/>\n<meta property=\"og:description\" content=\"En la ma\u00f1ana dialogamos con el Intendente de Nogoy\u00e1 a efectos de conocer los motivos por el cual en la&hellip;\" \/>\n<meta property=\"og:url\" content=\"https:\/\/www.delexodo.com.ar\/?p=6153\" \/>\n<meta property=\"og:site_name\" content=\"Del \u00c9xodo Nogoy\u00e1\" \/>\n<meta property=\"article:published_time\" content=\"2020-04-29T00:36:20+00:00\" \/>\n<meta property=\"article:modified_time\" content=\"2020-04-29T02:08:13+00:00\" \/>\n<meta property=\"og:image\" content=\"https:\/\/www.delexodo.com.ar\/wp-content\/uploads\/2020\/04\/Rafael-Cavagna1.png\" \/>\n\t<meta property=\"og:image:width\" content=\"282\" \/>\n\t<meta property=\"og:image:height\" content=\"277\" \/>\n\t<meta property=\"og:image:type\" content=\"image\/png\" \/>\n<meta name=\"author\" content=\"admin\" \/>\n<meta name=\"twitter:card\" content=\"summary_large_image\" \/>\n<meta name=\"twitter:label1\" content=\"Escrito por\" \/>\n\t<meta name=\"twitter:data1\" content=\"admin\" \/>\n\t<meta name=\"twitter:label2\" content=\"Tiempo de lectura\" \/>\n\t<meta name=\"twitter:data2\" content=\"7 minutos\" \/>\n<script type=\"application\/ld+json\" class=\"yoast-schema-graph\">{\"@context\":\"https:\/\/schema.org\",\"@graph\":[{\"@type\":\"Article\",\"@id\":\"https:\/\/www.delexodo.com.ar\/?p=6153#article\",\"isPartOf\":{\"@id\":\"https:\/\/www.delexodo.com.ar\/?p=6153\"},\"author\":{\"name\":\"admin\",\"@id\":\"https:\/\/www.delexodo.com.ar\/#\/schema\/person\/bbed37f7da8e938660b34f2013ba449d\"},\"headline\":\"CAVAGNA EXPLICO LOS MOTIVOS DEL \u201cNO\u201d A LA HORA DE ESPARCIMIENTO Y HABL\u00d3 DE LOS ATN.\",\"datePublished\":\"2020-04-29T00:36:20+00:00\",\"dateModified\":\"2020-04-29T02:08:13+00:00\",\"mainEntityOfPage\":{\"@id\":\"https:\/\/www.delexodo.com.ar\/?p=6153\"},\"wordCount\":1335,\"commentCount\":0,\"publisher\":{\"@id\":\"https:\/\/www.delexodo.com.ar\/#organization\"},\"image\":{\"@id\":\"https:\/\/www.delexodo.com.ar\/?p=6153#primaryimage\"},\"thumbnailUrl\":\"https:\/\/www.delexodo.com.ar\/wp-content\/uploads\/2020\/04\/Rafael-Cavagna1.png\",\"keywords\":[\"destacar\"],\"articleSection\":[\"Destacados\",\"Nogoya\",\"NOTICIAS\",\"Salud\"],\"inLanguage\":\"es\",\"potentialAction\":[{\"@type\":\"CommentAction\",\"name\":\"Comment\",\"target\":[\"https:\/\/www.delexodo.com.ar\/?p=6153#respond\"]}]},{\"@type\":\"WebPage\",\"@id\":\"https:\/\/www.delexodo.com.ar\/?p=6153\",\"url\":\"https:\/\/www.delexodo.com.ar\/?p=6153\",\"name\":\"CAVAGNA EXPLICO LOS MOTIVOS DEL \u201cNO\u201d A LA HORA DE ESPARCIMIENTO Y HABL\u00d3 DE LOS ATN. - Del \u00c9xodo Nogoy\u00e1\",\"isPartOf\":{\"@id\":\"https:\/\/www.delexodo.com.ar\/#website\"},\"primaryImageOfPage\":{\"@id\":\"https:\/\/www.delexodo.com.ar\/?p=6153#primaryimage\"},\"image\":{\"@id\":\"https:\/\/www.delexodo.com.ar\/?p=6153#primaryimage\"},\"thumbnailUrl\":\"https:\/\/www.delexodo.com.ar\/wp-content\/uploads\/2020\/04\/Rafael-Cavagna1.png\",\"datePublished\":\"2020-04-29T00:36:20+00:00\",\"dateModified\":\"2020-04-29T02:08:13+00:00\",\"breadcrumb\":{\"@id\":\"https:\/\/www.delexodo.com.ar\/?p=6153#breadcrumb\"},\"inLanguage\":\"es\",\"potentialAction\":[{\"@type\":\"ReadAction\",\"target\":[\"https:\/\/www.delexodo.com.ar\/?p=6153\"]}]},{\"@type\":\"ImageObject\",\"inLanguage\":\"es\",\"@id\":\"https:\/\/www.delexodo.com.ar\/?p=6153#primaryimage\",\"url\":\"https:\/\/www.delexodo.com.ar\/wp-content\/uploads\/2020\/04\/Rafael-Cavagna1.png\",\"contentUrl\":\"https:\/\/www.delexodo.com.ar\/wp-content\/uploads\/2020\/04\/Rafael-Cavagna1.png\",\"width\":282,\"height\":277},{\"@type\":\"BreadcrumbList\",\"@id\":\"https:\/\/www.delexodo.com.ar\/?p=6153#breadcrumb\",\"itemListElement\":[{\"@type\":\"ListItem\",\"position\":1,\"name\":\"Portada\",\"item\":\"https:\/\/www.delexodo.com.ar\/\"},{\"@type\":\"ListItem\",\"position\":2,\"name\":\"CAVAGNA EXPLICO LOS MOTIVOS DEL \u201cNO\u201d A LA HORA DE ESPARCIMIENTO Y HABL\u00d3 DE LOS ATN.\"}]},{\"@type\":\"WebSite\",\"@id\":\"https:\/\/www.delexodo.com.ar\/#website\",\"url\":\"https:\/\/www.delexodo.com.ar\/\",\"name\":\"Del \u00c9xodo Nogoy\u00e1\",\"description\":\"El Portal de Noticias de la Regi\u00f3n\",\"publisher\":{\"@id\":\"https:\/\/www.delexodo.com.ar\/#organization\"},\"potentialAction\":[{\"@type\":\"SearchAction\",\"target\":{\"@type\":\"EntryPoint\",\"urlTemplate\":\"https:\/\/www.delexodo.com.ar\/?s={search_term_string}\"},\"query-input\":{\"@type\":\"PropertyValueSpecification\",\"valueRequired\":true,\"valueName\":\"search_term_string\"}}],\"inLanguage\":\"es\"},{\"@type\":\"Organization\",\"@id\":\"https:\/\/www.delexodo.com.ar\/#organization\",\"name\":\"Del \u00c9xodo Nogoy\u00e1\",\"url\":\"https:\/\/www.delexodo.com.ar\/\",\"logo\":{\"@type\":\"ImageObject\",\"inLanguage\":\"es\",\"@id\":\"https:\/\/www.delexodo.com.ar\/#\/schema\/logo\/image\/\",\"url\":\"https:\/\/www.delexodo.com.ar\/wp-content\/uploads\/2024\/10\/cropped-cropped-LOGO24.png\",\"contentUrl\":\"https:\/\/www.delexodo.com.ar\/wp-content\/uploads\/2024\/10\/cropped-cropped-LOGO24.png\",\"width\":512,\"height\":349,\"caption\":\"Del \u00c9xodo Nogoy\u00e1\"},\"image\":{\"@id\":\"https:\/\/www.delexodo.com.ar\/#\/schema\/logo\/image\/\"}},{\"@type\":\"Person\",\"@id\":\"https:\/\/www.delexodo.com.ar\/#\/schema\/person\/bbed37f7da8e938660b34f2013ba449d\",\"name\":\"admin\",\"image\":{\"@type\":\"ImageObject\",\"inLanguage\":\"es\",\"@id\":\"https:\/\/www.delexodo.com.ar\/#\/schema\/person\/image\/\",\"url\":\"https:\/\/secure.gravatar.com\/avatar\/6b1558d1b6df085f1901bd5bd98523d7?s=96&d=mm&r=g\",\"contentUrl\":\"https:\/\/secure.gravatar.com\/avatar\/6b1558d1b6df085f1901bd5bd98523d7?s=96&d=mm&r=g\",\"caption\":\"admin\"},\"url\":\"https:\/\/www.delexodo.com.ar\/?author=1\"}]}<\/script>\n<!-- \/ Yoast SEO plugin. -->","yoast_head_json":{"title":"CAVAGNA EXPLICO LOS MOTIVOS DEL \u201cNO\u201d A LA HORA DE ESPARCIMIENTO Y HABL\u00d3 DE LOS ATN. - Del \u00c9xodo Nogoy\u00e1","robots":{"index":"index","follow":"follow","max-snippet":"max-snippet:-1","max-image-preview":"max-image-preview:large","max-video-preview":"max-video-preview:-1"},"canonical":"https:\/\/www.delexodo.com.ar\/?p=6153","og_locale":"es_ES","og_type":"article","og_title":"CAVAGNA EXPLICO LOS MOTIVOS DEL \u201cNO\u201d A LA HORA DE ESPARCIMIENTO Y HABL\u00d3 DE LOS ATN. - Del \u00c9xodo Nogoy\u00e1","og_description":"En la ma\u00f1ana dialogamos con el Intendente de Nogoy\u00e1 a efectos de conocer los motivos por el cual en la&hellip;","og_url":"https:\/\/www.delexodo.com.ar\/?p=6153","og_site_name":"Del \u00c9xodo Nogoy\u00e1","article_published_time":"2020-04-29T00:36:20+00:00","article_modified_time":"2020-04-29T02:08:13+00:00","og_image":[{"width":282,"height":277,"url":"https:\/\/www.delexodo.com.ar\/wp-content\/uploads\/2020\/04\/Rafael-Cavagna1.png","type":"image\/png"}],"author":"admin","twitter_card":"summary_large_image","twitter_misc":{"Escrito por":"admin","Tiempo de lectura":"7 minutos"},"schema":{"@context":"https:\/\/schema.org","@graph":[{"@type":"Article","@id":"https:\/\/www.delexodo.com.ar\/?p=6153#article","isPartOf":{"@id":"https:\/\/www.delexodo.com.ar\/?p=6153"},"author":{"name":"admin","@id":"https:\/\/www.delexodo.com.ar\/#\/schema\/person\/bbed37f7da8e938660b34f2013ba449d"},"headline":"CAVAGNA EXPLICO LOS MOTIVOS DEL \u201cNO\u201d A LA HORA DE ESPARCIMIENTO Y HABL\u00d3 DE LOS ATN.","datePublished":"2020-04-29T00:36:20+00:00","dateModified":"2020-04-29T02:08:13+00:00","mainEntityOfPage":{"@id":"https:\/\/www.delexodo.com.ar\/?p=6153"},"wordCount":1335,"commentCount":0,"publisher":{"@id":"https:\/\/www.delexodo.com.ar\/#organization"},"image":{"@id":"https:\/\/www.delexodo.com.ar\/?p=6153#primaryimage"},"thumbnailUrl":"https:\/\/www.delexodo.com.ar\/wp-content\/uploads\/2020\/04\/Rafael-Cavagna1.png","keywords":["destacar"],"articleSection":["Destacados","Nogoya","NOTICIAS","Salud"],"inLanguage":"es","potentialAction":[{"@type":"CommentAction","name":"Comment","target":["https:\/\/www.delexodo.com.ar\/?p=6153#respond"]}]},{"@type":"WebPage","@id":"https:\/\/www.delexodo.com.ar\/?p=6153","url":"https:\/\/www.delexodo.com.ar\/?p=6153","name":"CAVAGNA EXPLICO LOS MOTIVOS DEL \u201cNO\u201d A LA HORA DE ESPARCIMIENTO Y HABL\u00d3 DE LOS ATN. - Del \u00c9xodo Nogoy\u00e1","isPartOf":{"@id":"https:\/\/www.delexodo.com.ar\/#website"},"primaryImageOfPage":{"@id":"https:\/\/www.delexodo.com.ar\/?p=6153#primaryimage"},"image":{"@id":"https:\/\/www.delexodo.com.ar\/?p=6153#primaryimage"},"thumbnailUrl":"https:\/\/www.delexodo.com.ar\/wp-content\/uploads\/2020\/04\/Rafael-Cavagna1.png","datePublished":"2020-04-29T00:36:20+00:00","dateModified":"2020-04-29T02:08:13+00:00","breadcrumb":{"@id":"https:\/\/www.delexodo.com.ar\/?p=6153#breadcrumb"},"inLanguage":"es","potentialAction":[{"@type":"ReadAction","target":["https:\/\/www.delexodo.com.ar\/?p=6153"]}]},{"@type":"ImageObject","inLanguage":"es","@id":"https:\/\/www.delexodo.com.ar\/?p=6153#primaryimage","url":"https:\/\/www.delexodo.com.ar\/wp-content\/uploads\/2020\/04\/Rafael-Cavagna1.png","contentUrl":"https:\/\/www.delexodo.com.ar\/wp-content\/uploads\/2020\/04\/Rafael-Cavagna1.png","width":282,"height":277},{"@type":"BreadcrumbList","@id":"https:\/\/www.delexodo.com.ar\/?p=6153#breadcrumb","itemListElement":[{"@type":"ListItem","position":1,"name":"Portada","item":"https:\/\/www.delexodo.com.ar\/"},{"@type":"ListItem","position":2,"name":"CAVAGNA EXPLICO LOS MOTIVOS DEL \u201cNO\u201d A LA HORA DE ESPARCIMIENTO Y HABL\u00d3 DE LOS ATN."}]},{"@type":"WebSite","@id":"https:\/\/www.delexodo.com.ar\/#website","url":"https:\/\/www.delexodo.com.ar\/","name":"Del \u00c9xodo Nogoy\u00e1","description":"El Portal de Noticias de la Regi\u00f3n","publisher":{"@id":"https:\/\/www.delexodo.com.ar\/#organization"},"potentialAction":[{"@type":"SearchAction","target":{"@type":"EntryPoint","urlTemplate":"https:\/\/www.delexodo.com.ar\/?s={search_term_string}"},"query-input":{"@type":"PropertyValueSpecification","valueRequired":true,"valueName":"search_term_string"}}],"inLanguage":"es"},{"@type":"Organization","@id":"https:\/\/www.delexodo.com.ar\/#organization","name":"Del \u00c9xodo Nogoy\u00e1","url":"https:\/\/www.delexodo.com.ar\/","logo":{"@type":"ImageObject","inLanguage":"es","@id":"https:\/\/www.delexodo.com.ar\/#\/schema\/logo\/image\/","url":"https:\/\/www.delexodo.com.ar\/wp-content\/uploads\/2024\/10\/cropped-cropped-LOGO24.png","contentUrl":"https:\/\/www.delexodo.com.ar\/wp-content\/uploads\/2024\/10\/cropped-cropped-LOGO24.png","width":512,"height":349,"caption":"Del \u00c9xodo Nogoy\u00e1"},"image":{"@id":"https:\/\/www.delexodo.com.ar\/#\/schema\/logo\/image\/"}},{"@type":"Person","@id":"https:\/\/www.delexodo.com.ar\/#\/schema\/person\/bbed37f7da8e938660b34f2013ba449d","name":"admin","image":{"@type":"ImageObject","inLanguage":"es","@id":"https:\/\/www.delexodo.com.ar\/#\/schema\/person\/image\/","url":"https:\/\/secure.gravatar.com\/avatar\/6b1558d1b6df085f1901bd5bd98523d7?s=96&d=mm&r=g","contentUrl":"https:\/\/secure.gravatar.com\/avatar\/6b1558d1b6df085f1901bd5bd98523d7?s=96&d=mm&r=g","caption":"admin"},"url":"https:\/\/www.delexodo.com.ar\/?author=1"}]}},"_links":{"self":[{"href":"https:\/\/www.delexodo.com.ar\/index.php?rest_route=\/wp\/v2\/posts\/6153","targetHints":{"allow":["GET"]}}],"collection":[{"href":"https:\/\/www.delexodo.com.ar\/index.php?rest_route=\/wp\/v2\/posts"}],"about":[{"href":"https:\/\/www.delexodo.com.ar\/index.php?rest_route=\/wp\/v2\/types\/post"}],"author":[{"embeddable":true,"href":"https:\/\/www.delexodo.com.ar\/index.php?rest_route=\/wp\/v2\/users\/1"}],"replies":[{"embeddable":true,"href":"https:\/\/www.delexodo.com.ar\/index.php?rest_route=%2Fwp%2Fv2%2Fcomments&post=6153"}],"version-history":[{"count":0,"href":"https:\/\/www.delexodo.com.ar\/index.php?rest_route=\/wp\/v2\/posts\/6153\/revisions"}],"wp:featuredmedia":[{"embeddable":true,"href":"https:\/\/www.delexodo.com.ar\/index.php?rest_route=\/wp\/v2\/media\/6156"}],"wp:attachment":[{"href":"https:\/\/www.delexodo.com.ar\/index.php?rest_route=%2Fwp%2Fv2%2Fmedia&parent=6153"}],"wp:term":[{"taxonomy":"category","embeddable":true,"href":"https:\/\/www.delexodo.com.ar\/index.php?rest_route=%2Fwp%2Fv2%2Fcategories&post=6153"},{"taxonomy":"post_tag","embeddable":true,"href":"https:\/\/www.delexodo.com.ar\/index.php?rest_route=%2Fwp%2Fv2%2Ftags&post=6153"}],"curies":[{"name":"wp","href":"https:\/\/api.w.org\/{rel}","templated":true}]}}