{"id":6150,"date":"2020-04-27T23:29:41","date_gmt":"2020-04-28T02:29:41","guid":{"rendered":"http:\/\/www.delexodo.com.ar\/?p=6150"},"modified":"2020-04-27T23:29:41","modified_gmt":"2020-04-28T02:29:41","slug":"el-presidente-de-afa-confirmo-que-se-dara-por-terminada-la-temporada-y-no-habra-descensos","status":"publish","type":"post","link":"https:\/\/www.delexodo.com.ar\/?p=6150","title":{"rendered":"EL PRESIDENTE DE AFA CONFIRM\u00d3 QUE SE DAR\u00c1 POR TERMINADA LA TEMPORADA Y NO HABR\u00c1 DESCENSOS"},"content":{"rendered":"\n<p><strong>Claudio\nTapia<\/strong> anunci\u00f3 la conclusi\u00f3n de los torneos y la suspensi\u00f3n de los\ndescensos hasta 2022 en todas las categor\u00edas como medidas estructurales que se\naprobar\u00e1n en Comit\u00e9 Ejecutivo frente a la pandemia.<\/p>\n\n\n\n<figure class=\"wp-block-embed-twitter wp-block-embed is-type-rich is-provider-twitter\"><div class=\"wp-block-embed__wrapper\">\n<blockquote class=\"twitter-tweet\" data-width=\"500\" data-dnt=\"true\"><p lang=\"es\" dir=\"ltr\"><a href=\"https:\/\/twitter.com\/hashtag\/TNTSportsEnCasa?src=hash&amp;ref_src=twsrc%5Etfw\">#TNTSportsEnCasa<\/a> | <a href=\"https:\/\/twitter.com\/tapiachiqui?ref_src=twsrc%5Etfw\">@tapiachiqui<\/a> RESUMEN<br><br>\ud83d\udccc Finaliz\u00f3 la temporada<br>\ud83d\udccc Por tabla general: Clasificados copas \ud83c\udfc6<br>\ud83d\udccc Cuando se pueda se definen las plazas de la \ud83c\udfc6 Superliga y \ud83c\udfc6 Argentina a los torneos internacionales<br>\ud83d\udccc Sin descensos en la temporada 19\/20 y 20\/21 pero con promedios <a href=\"https:\/\/t.co\/b5QFdDJyun\">pic.twitter.com\/b5QFdDJyun<\/a><\/p>&mdash; TNT Sports Argentina (@TNTSportsAR) <a href=\"https:\/\/twitter.com\/TNTSportsAR\/status\/1254805206925225986?ref_src=twsrc%5Etfw\">April 27, 2020<\/a><\/blockquote><script async src=\"https:\/\/platform.twitter.com\/widgets.js\" charset=\"utf-8\"><\/script>\n<\/div><\/figure>\n\n\n\n<p>La aparici\u00f3n de la pandemia por el coronavirus oblig\u00f3 a la\nreprogramaci\u00f3n del f\u00fatbol argentino cuando s\u00f3lo se hab\u00eda disputado la primera\nfecha de la Copa Superliga. Claudio Tapia, presidente de la AFA, habl\u00f3 en TNT\nSports y anunci\u00f3 que la idea es quitar los descensos, mantener los promedios y\nque la actividad se retome cuando lo anuncie el Ministerio de Salud.<\/p>\n\n\n\n<p><em>\u00abEn la\nreuni\u00f3n de Comit\u00e9 Ejecutivo de este martes se dar\u00e1 por finalizada la temporada\n2019\/20 y por tabla general quedar\u00e1n los clasificados a la Copa Libertadores y\na la Copa Sudamericana. Quedan abiertos las plazas que otorgaban la Copa\nSuperliga y la Copa Argentina, que se disputar\u00e1n cuando el Ministerio de Salud\nlo permita. Adem\u00e1s, no habr\u00e1 descensos en la temporada 19\/20 y en la\n20\/21\u00bb<\/em>, anunci\u00f3 \u00abChiqui\u00bb Tapia.<\/p>\n\n\n\n<p>Y detall\u00f3: <em>\u00abHay\nque tomar decisiones: una es dar por finalizados los torneos para que queden\ndeterminadas las clasificaciones a las copas. La otra es mantener las plazas\nque otorgaban la Copa Superliga y la Copa Argentina, que se jugar\u00e1n cuando la\nsalud nos d\u00e9 la oportunidad. La Copa Superliga seguramente se jugar\u00e1 con otro\nnombre. Y, despu\u00e9s, definir todos los ascensos de todas las categor\u00edas.\nEntiendo que se va a definir de la misma manera: los ascensos se van a definir\nen el campo de juego, como debe ser. Tenemos que definir c\u00f3mo se jugar\u00e1 en cada\ncategor\u00eda\u00bb<\/em>.<\/p>\n\n\n\n<p>Sobre los ascensos, Tapia puntualiz\u00f3 la decisi\u00f3n de que se\ndefinan dentro de la cancha, <em>\u00abHay\ntres categor\u00edas (B metropolitana, C y D) que tienen el mismo reglamento,\nmientras que diferente es el Torneo Nacional y el Federal A. Los ascensos se\ndar\u00e1n en el campo de juego\u00bb<\/em>, asever\u00f3.<\/p>\n\n\n\n<figure class=\"wp-block-embed-twitter wp-block-embed is-type-rich is-provider-twitter\"><div class=\"wp-block-embed__wrapper\">\n<blockquote class=\"twitter-tweet\" data-width=\"500\" data-dnt=\"true\"><p lang=\"es\" dir=\"ltr\">Tras el anuncio de Chiqui Tapia en <a href=\"https:\/\/twitter.com\/hashtag\/TNTSports?src=hash&amp;ref_src=twsrc%5Etfw\">#TNTSports<\/a>, quedaron los equipos clasificados a la Copa Libertadores y la Sudamericana 2021 \ud83c\udfc6<br><br>\ud83d\udc49 Cuatro equipos a la Libertadores<br>\ud83d\udc49 Seis clubes a la Sudamericana<br>\ud83d\udc49 Dos plazas por definir <a href=\"https:\/\/t.co\/3smffuy4tI\">https:\/\/t.co\/3smffuy4tI<\/a><\/p>&mdash; TNT Sports Argentina (@TNTSportsAR) <a href=\"https:\/\/twitter.com\/TNTSportsAR\/status\/1254807180999405573?ref_src=twsrc%5Etfw\">April 27, 2020<\/a><\/blockquote><script async src=\"https:\/\/platform.twitter.com\/widgets.js\" charset=\"utf-8\"><\/script>\n<\/div><\/figure>\n\n\n\n<p>En tanto, manifest\u00f3 que luego de que se definan la Copa\nArgentina y la Copa Superliga (con otro nombre) en el segundo semestre de 2019,\na partir de 2020 se modificar\u00e1 el calendario de disputa. <em>\u00abLa idea es volver a un calendario anual como tiene Sudam\u00e9rica, de\nenero a diciembre. Ma\u00f1ana se va a someter a votaci\u00f3n en el Comit\u00e9\nEjecutivo\u00bb, indic\u00f3 y apunt\u00f3: \u00abLa idea es mantener los promedios\u00bb<\/em>.<\/p>\n\n\n\n<p>Por su parte, remarc\u00f3 la postura de no apresurarse con el\nregreso de la actividad. <em>\u00abSomos\nrespetuosos con las medidas que toma el Gobierno y hay que cumplirlas. Cuando\nel f\u00fatbol dej\u00f3 de jugarse no fue por decisi\u00f3n de los dirigentes del f\u00fatbol\nargentino, sino por una decisi\u00f3n del Ministro de Salud. El ser humano est\u00e1\nprimero. Si nosotros tomamos una decisi\u00f3n apresurada y se da un contagio,\nretroceder\u00edamos al 10 u 11 de marzo y ser\u00eda un papel\u00f3n. Todos queremos que el\nf\u00fatbol vuelva, pero habr\u00e1 que esperar. Primero la vida\u00bb<\/em>, se\u00f1al\u00f3.<\/p>\n\n\n\n<p>Fuente: Superdeportivo<\/p>\n","protected":false},"excerpt":{"rendered":"<p>Claudio Tapia anunci\u00f3 la conclusi\u00f3n de los torneos y la suspensi\u00f3n de los descensos hasta 2022 en todas las categor\u00edas&hellip;<\/p>\n","protected":false},"author":1,"featured_media":6151,"comment_status":"open","ping_status":"open","sticky":false,"template":"","format":"standard","meta":{"_joinchat":[],"footnotes":""},"categories":[353,65,69],"tags":[],"class_list":["post-6150","post","type-post","status-publish","format-standard","has-post-thumbnail","hentry","category-deportes","category-destacados","category-noticias"],"yoast_head":"<!-- This site is optimized with the Yoast SEO plugin v25.1 - https:\/\/yoast.com\/wordpress\/plugins\/seo\/ -->\n<title>EL PRESIDENTE DE AFA CONFIRM\u00d3 QUE SE DAR\u00c1 POR TERMINADA LA TEMPORADA Y NO HABR\u00c1 DESCENSOS - Del \u00c9xodo Nogoy\u00e1<\/title>\n<meta name=\"robots\" content=\"index, follow, max-snippet:-1, max-image-preview:large, max-video-preview:-1\" \/>\n<link rel=\"canonical\" href=\"https:\/\/www.delexodo.com.ar\/?p=6150\" \/>\n<meta property=\"og:locale\" content=\"es_ES\" \/>\n<meta property=\"og:type\" content=\"article\" \/>\n<meta property=\"og:title\" content=\"EL PRESIDENTE DE AFA CONFIRM\u00d3 QUE SE DAR\u00c1 POR TERMINADA LA TEMPORADA Y NO HABR\u00c1 DESCENSOS - Del \u00c9xodo Nogoy\u00e1\" \/>\n<meta property=\"og:description\" content=\"Claudio Tapia anunci\u00f3 la conclusi\u00f3n de los torneos y la suspensi\u00f3n de los descensos hasta 2022 en todas las categor\u00edas&hellip;\" \/>\n<meta property=\"og:url\" content=\"https:\/\/www.delexodo.com.ar\/?p=6150\" \/>\n<meta property=\"og:site_name\" content=\"Del \u00c9xodo Nogoy\u00e1\" \/>\n<meta property=\"article:published_time\" content=\"2020-04-28T02:29:41+00:00\" \/>\n<meta property=\"og:image\" content=\"https:\/\/www.delexodo.com.ar\/wp-content\/uploads\/2020\/04\/COMITE-AFA-27_4.jpg\" \/>\n\t<meta property=\"og:image:width\" content=\"623\" \/>\n\t<meta property=\"og:image:height\" content=\"310\" \/>\n\t<meta property=\"og:image:type\" content=\"image\/jpeg\" \/>\n<meta name=\"author\" content=\"admin\" \/>\n<meta name=\"twitter:card\" content=\"summary_large_image\" \/>\n<meta name=\"twitter:label1\" content=\"Escrito por\" \/>\n\t<meta name=\"twitter:data1\" content=\"admin\" \/>\n\t<meta name=\"twitter:label2\" content=\"Tiempo de lectura\" \/>\n\t<meta name=\"twitter:data2\" content=\"3 minutos\" \/>\n<script type=\"application\/ld+json\" class=\"yoast-schema-graph\">{\"@context\":\"https:\/\/schema.org\",\"@graph\":[{\"@type\":\"Article\",\"@id\":\"https:\/\/www.delexodo.com.ar\/?p=6150#article\",\"isPartOf\":{\"@id\":\"https:\/\/www.delexodo.com.ar\/?p=6150\"},\"author\":{\"name\":\"admin\",\"@id\":\"https:\/\/www.delexodo.com.ar\/#\/schema\/person\/bbed37f7da8e938660b34f2013ba449d\"},\"headline\":\"EL PRESIDENTE DE AFA CONFIRM\u00d3 QUE SE DAR\u00c1 POR TERMINADA LA TEMPORADA Y NO HABR\u00c1 DESCENSOS\",\"datePublished\":\"2020-04-28T02:29:41+00:00\",\"mainEntityOfPage\":{\"@id\":\"https:\/\/www.delexodo.com.ar\/?p=6150\"},\"wordCount\":530,\"commentCount\":0,\"publisher\":{\"@id\":\"https:\/\/www.delexodo.com.ar\/#organization\"},\"image\":{\"@id\":\"https:\/\/www.delexodo.com.ar\/?p=6150#primaryimage\"},\"thumbnailUrl\":\"https:\/\/www.delexodo.com.ar\/wp-content\/uploads\/2020\/04\/COMITE-AFA-27_4.jpg\",\"articleSection\":[\"Deportes\",\"Destacados\",\"NOTICIAS\"],\"inLanguage\":\"es\",\"potentialAction\":[{\"@type\":\"CommentAction\",\"name\":\"Comment\",\"target\":[\"https:\/\/www.delexodo.com.ar\/?p=6150#respond\"]}]},{\"@type\":\"WebPage\",\"@id\":\"https:\/\/www.delexodo.com.ar\/?p=6150\",\"url\":\"https:\/\/www.delexodo.com.ar\/?p=6150\",\"name\":\"EL PRESIDENTE DE AFA CONFIRM\u00d3 QUE SE DAR\u00c1 POR TERMINADA LA TEMPORADA Y NO HABR\u00c1 DESCENSOS - Del \u00c9xodo Nogoy\u00e1\",\"isPartOf\":{\"@id\":\"https:\/\/www.delexodo.com.ar\/#website\"},\"primaryImageOfPage\":{\"@id\":\"https:\/\/www.delexodo.com.ar\/?p=6150#primaryimage\"},\"image\":{\"@id\":\"https:\/\/www.delexodo.com.ar\/?p=6150#primaryimage\"},\"thumbnailUrl\":\"https:\/\/www.delexodo.com.ar\/wp-content\/uploads\/2020\/04\/COMITE-AFA-27_4.jpg\",\"datePublished\":\"2020-04-28T02:29:41+00:00\",\"breadcrumb\":{\"@id\":\"https:\/\/www.delexodo.com.ar\/?p=6150#breadcrumb\"},\"inLanguage\":\"es\",\"potentialAction\":[{\"@type\":\"ReadAction\",\"target\":[\"https:\/\/www.delexodo.com.ar\/?p=6150\"]}]},{\"@type\":\"ImageObject\",\"inLanguage\":\"es\",\"@id\":\"https:\/\/www.delexodo.com.ar\/?p=6150#primaryimage\",\"url\":\"https:\/\/www.delexodo.com.ar\/wp-content\/uploads\/2020\/04\/COMITE-AFA-27_4.jpg\",\"contentUrl\":\"https:\/\/www.delexodo.com.ar\/wp-content\/uploads\/2020\/04\/COMITE-AFA-27_4.jpg\",\"width\":623,\"height\":310},{\"@type\":\"BreadcrumbList\",\"@id\":\"https:\/\/www.delexodo.com.ar\/?p=6150#breadcrumb\",\"itemListElement\":[{\"@type\":\"ListItem\",\"position\":1,\"name\":\"Portada\",\"item\":\"https:\/\/www.delexodo.com.ar\/\"},{\"@type\":\"ListItem\",\"position\":2,\"name\":\"EL PRESIDENTE DE AFA CONFIRM\u00d3 QUE SE DAR\u00c1 POR TERMINADA LA TEMPORADA Y NO HABR\u00c1 DESCENSOS\"}]},{\"@type\":\"WebSite\",\"@id\":\"https:\/\/www.delexodo.com.ar\/#website\",\"url\":\"https:\/\/www.delexodo.com.ar\/\",\"name\":\"Del \u00c9xodo Nogoy\u00e1\",\"description\":\"El Portal de Noticias de la Regi\u00f3n\",\"publisher\":{\"@id\":\"https:\/\/www.delexodo.com.ar\/#organization\"},\"potentialAction\":[{\"@type\":\"SearchAction\",\"target\":{\"@type\":\"EntryPoint\",\"urlTemplate\":\"https:\/\/www.delexodo.com.ar\/?s={search_term_string}\"},\"query-input\":{\"@type\":\"PropertyValueSpecification\",\"valueRequired\":true,\"valueName\":\"search_term_string\"}}],\"inLanguage\":\"es\"},{\"@type\":\"Organization\",\"@id\":\"https:\/\/www.delexodo.com.ar\/#organization\",\"name\":\"Del \u00c9xodo Nogoy\u00e1\",\"url\":\"https:\/\/www.delexodo.com.ar\/\",\"logo\":{\"@type\":\"ImageObject\",\"inLanguage\":\"es\",\"@id\":\"https:\/\/www.delexodo.com.ar\/#\/schema\/logo\/image\/\",\"url\":\"https:\/\/www.delexodo.com.ar\/wp-content\/uploads\/2024\/10\/cropped-cropped-LOGO24.png\",\"contentUrl\":\"https:\/\/www.delexodo.com.ar\/wp-content\/uploads\/2024\/10\/cropped-cropped-LOGO24.png\",\"width\":512,\"height\":349,\"caption\":\"Del \u00c9xodo Nogoy\u00e1\"},\"image\":{\"@id\":\"https:\/\/www.delexodo.com.ar\/#\/schema\/logo\/image\/\"}},{\"@type\":\"Person\",\"@id\":\"https:\/\/www.delexodo.com.ar\/#\/schema\/person\/bbed37f7da8e938660b34f2013ba449d\",\"name\":\"admin\",\"image\":{\"@type\":\"ImageObject\",\"inLanguage\":\"es\",\"@id\":\"https:\/\/www.delexodo.com.ar\/#\/schema\/person\/image\/\",\"url\":\"https:\/\/secure.gravatar.com\/avatar\/6b1558d1b6df085f1901bd5bd98523d7?s=96&d=mm&r=g\",\"contentUrl\":\"https:\/\/secure.gravatar.com\/avatar\/6b1558d1b6df085f1901bd5bd98523d7?s=96&d=mm&r=g\",\"caption\":\"admin\"},\"url\":\"https:\/\/www.delexodo.com.ar\/?author=1\"}]}<\/script>\n<!-- \/ Yoast SEO plugin. -->","yoast_head_json":{"title":"EL PRESIDENTE DE AFA CONFIRM\u00d3 QUE SE DAR\u00c1 POR TERMINADA LA TEMPORADA Y NO HABR\u00c1 DESCENSOS - Del \u00c9xodo Nogoy\u00e1","robots":{"index":"index","follow":"follow","max-snippet":"max-snippet:-1","max-image-preview":"max-image-preview:large","max-video-preview":"max-video-preview:-1"},"canonical":"https:\/\/www.delexodo.com.ar\/?p=6150","og_locale":"es_ES","og_type":"article","og_title":"EL PRESIDENTE DE AFA CONFIRM\u00d3 QUE SE DAR\u00c1 POR TERMINADA LA TEMPORADA Y NO HABR\u00c1 DESCENSOS - Del \u00c9xodo Nogoy\u00e1","og_description":"Claudio Tapia anunci\u00f3 la conclusi\u00f3n de los torneos y la suspensi\u00f3n de los descensos hasta 2022 en todas las categor\u00edas&hellip;","og_url":"https:\/\/www.delexodo.com.ar\/?p=6150","og_site_name":"Del \u00c9xodo Nogoy\u00e1","article_published_time":"2020-04-28T02:29:41+00:00","og_image":[{"width":623,"height":310,"url":"https:\/\/www.delexodo.com.ar\/wp-content\/uploads\/2020\/04\/COMITE-AFA-27_4.jpg","type":"image\/jpeg"}],"author":"admin","twitter_card":"summary_large_image","twitter_misc":{"Escrito por":"admin","Tiempo de lectura":"3 minutos"},"schema":{"@context":"https:\/\/schema.org","@graph":[{"@type":"Article","@id":"https:\/\/www.delexodo.com.ar\/?p=6150#article","isPartOf":{"@id":"https:\/\/www.delexodo.com.ar\/?p=6150"},"author":{"name":"admin","@id":"https:\/\/www.delexodo.com.ar\/#\/schema\/person\/bbed37f7da8e938660b34f2013ba449d"},"headline":"EL PRESIDENTE DE AFA CONFIRM\u00d3 QUE SE DAR\u00c1 POR TERMINADA LA TEMPORADA Y NO HABR\u00c1 DESCENSOS","datePublished":"2020-04-28T02:29:41+00:00","mainEntityOfPage":{"@id":"https:\/\/www.delexodo.com.ar\/?p=6150"},"wordCount":530,"commentCount":0,"publisher":{"@id":"https:\/\/www.delexodo.com.ar\/#organization"},"image":{"@id":"https:\/\/www.delexodo.com.ar\/?p=6150#primaryimage"},"thumbnailUrl":"https:\/\/www.delexodo.com.ar\/wp-content\/uploads\/2020\/04\/COMITE-AFA-27_4.jpg","articleSection":["Deportes","Destacados","NOTICIAS"],"inLanguage":"es","potentialAction":[{"@type":"CommentAction","name":"Comment","target":["https:\/\/www.delexodo.com.ar\/?p=6150#respond"]}]},{"@type":"WebPage","@id":"https:\/\/www.delexodo.com.ar\/?p=6150","url":"https:\/\/www.delexodo.com.ar\/?p=6150","name":"EL PRESIDENTE DE AFA CONFIRM\u00d3 QUE SE DAR\u00c1 POR TERMINADA LA TEMPORADA Y NO HABR\u00c1 DESCENSOS - Del \u00c9xodo Nogoy\u00e1","isPartOf":{"@id":"https:\/\/www.delexodo.com.ar\/#website"},"primaryImageOfPage":{"@id":"https:\/\/www.delexodo.com.ar\/?p=6150#primaryimage"},"image":{"@id":"https:\/\/www.delexodo.com.ar\/?p=6150#primaryimage"},"thumbnailUrl":"https:\/\/www.delexodo.com.ar\/wp-content\/uploads\/2020\/04\/COMITE-AFA-27_4.jpg","datePublished":"2020-04-28T02:29:41+00:00","breadcrumb":{"@id":"https:\/\/www.delexodo.com.ar\/?p=6150#breadcrumb"},"inLanguage":"es","potentialAction":[{"@type":"ReadAction","target":["https:\/\/www.delexodo.com.ar\/?p=6150"]}]},{"@type":"ImageObject","inLanguage":"es","@id":"https:\/\/www.delexodo.com.ar\/?p=6150#primaryimage","url":"https:\/\/www.delexodo.com.ar\/wp-content\/uploads\/2020\/04\/COMITE-AFA-27_4.jpg","contentUrl":"https:\/\/www.delexodo.com.ar\/wp-content\/uploads\/2020\/04\/COMITE-AFA-27_4.jpg","width":623,"height":310},{"@type":"BreadcrumbList","@id":"https:\/\/www.delexodo.com.ar\/?p=6150#breadcrumb","itemListElement":[{"@type":"ListItem","position":1,"name":"Portada","item":"https:\/\/www.delexodo.com.ar\/"},{"@type":"ListItem","position":2,"name":"EL PRESIDENTE DE AFA CONFIRM\u00d3 QUE SE DAR\u00c1 POR TERMINADA LA TEMPORADA Y NO HABR\u00c1 DESCENSOS"}]},{"@type":"WebSite","@id":"https:\/\/www.delexodo.com.ar\/#website","url":"https:\/\/www.delexodo.com.ar\/","name":"Del \u00c9xodo Nogoy\u00e1","description":"El Portal de Noticias de la Regi\u00f3n","publisher":{"@id":"https:\/\/www.delexodo.com.ar\/#organization"},"potentialAction":[{"@type":"SearchAction","target":{"@type":"EntryPoint","urlTemplate":"https:\/\/www.delexodo.com.ar\/?s={search_term_string}"},"query-input":{"@type":"PropertyValueSpecification","valueRequired":true,"valueName":"search_term_string"}}],"inLanguage":"es"},{"@type":"Organization","@id":"https:\/\/www.delexodo.com.ar\/#organization","name":"Del \u00c9xodo Nogoy\u00e1","url":"https:\/\/www.delexodo.com.ar\/","logo":{"@type":"ImageObject","inLanguage":"es","@id":"https:\/\/www.delexodo.com.ar\/#\/schema\/logo\/image\/","url":"https:\/\/www.delexodo.com.ar\/wp-content\/uploads\/2024\/10\/cropped-cropped-LOGO24.png","contentUrl":"https:\/\/www.delexodo.com.ar\/wp-content\/uploads\/2024\/10\/cropped-cropped-LOGO24.png","width":512,"height":349,"caption":"Del \u00c9xodo Nogoy\u00e1"},"image":{"@id":"https:\/\/www.delexodo.com.ar\/#\/schema\/logo\/image\/"}},{"@type":"Person","@id":"https:\/\/www.delexodo.com.ar\/#\/schema\/person\/bbed37f7da8e938660b34f2013ba449d","name":"admin","image":{"@type":"ImageObject","inLanguage":"es","@id":"https:\/\/www.delexodo.com.ar\/#\/schema\/person\/image\/","url":"https:\/\/secure.gravatar.com\/avatar\/6b1558d1b6df085f1901bd5bd98523d7?s=96&d=mm&r=g","contentUrl":"https:\/\/secure.gravatar.com\/avatar\/6b1558d1b6df085f1901bd5bd98523d7?s=96&d=mm&r=g","caption":"admin"},"url":"https:\/\/www.delexodo.com.ar\/?author=1"}]}},"_links":{"self":[{"href":"https:\/\/www.delexodo.com.ar\/index.php?rest_route=\/wp\/v2\/posts\/6150","targetHints":{"allow":["GET"]}}],"collection":[{"href":"https:\/\/www.delexodo.com.ar\/index.php?rest_route=\/wp\/v2\/posts"}],"about":[{"href":"https:\/\/www.delexodo.com.ar\/index.php?rest_route=\/wp\/v2\/types\/post"}],"author":[{"embeddable":true,"href":"https:\/\/www.delexodo.com.ar\/index.php?rest_route=\/wp\/v2\/users\/1"}],"replies":[{"embeddable":true,"href":"https:\/\/www.delexodo.com.ar\/index.php?rest_route=%2Fwp%2Fv2%2Fcomments&post=6150"}],"version-history":[{"count":0,"href":"https:\/\/www.delexodo.com.ar\/index.php?rest_route=\/wp\/v2\/posts\/6150\/revisions"}],"wp:featuredmedia":[{"embeddable":true,"href":"https:\/\/www.delexodo.com.ar\/index.php?rest_route=\/wp\/v2\/media\/6151"}],"wp:attachment":[{"href":"https:\/\/www.delexodo.com.ar\/index.php?rest_route=%2Fwp%2Fv2%2Fmedia&parent=6150"}],"wp:term":[{"taxonomy":"category","embeddable":true,"href":"https:\/\/www.delexodo.com.ar\/index.php?rest_route=%2Fwp%2Fv2%2Fcategories&post=6150"},{"taxonomy":"post_tag","embeddable":true,"href":"https:\/\/www.delexodo.com.ar\/index.php?rest_route=%2Fwp%2Fv2%2Ftags&post=6150"}],"curies":[{"name":"wp","href":"https:\/\/api.w.org\/{rel}","templated":true}]}}