{"id":6142,"date":"2020-04-27T22:54:27","date_gmt":"2020-04-28T01:54:27","guid":{"rendered":"http:\/\/www.delexodo.com.ar\/?p=6142"},"modified":"2020-04-27T22:54:27","modified_gmt":"2020-04-28T01:54:27","slug":"entre-rios-no-tendra-por-ahora-salidas-de-esparcimiento","status":"publish","type":"post","link":"https:\/\/www.delexodo.com.ar\/?p=6142","title":{"rendered":"ENTRE R\u00cdOS NO TENDR\u00c1, POR AHORA, SALIDAS DE ESPARCIMIENTO"},"content":{"rendered":"\n<p>El Gobernador confirm\u00f3 que Entre R\u00edos adhiere a prorrogar la cuarentena\nhasta el 10 de mayo y aclar\u00f3 que <em>\u00abcada\nintendente podr\u00e1 solicitar al Poder Ejecutivo provincial la excepci\u00f3n para permitir\nsalidas de esparcimiento\u00bb<\/em>.<\/p>\n\n\n\n<p>En el reporte diario sobre el estado de situaci\u00f3n provincial\nen relaci\u00f3n al Coronavirus, el Gobernador de Entre R\u00edos, <strong>GUSTAVO BORDET<\/strong>, se refiri\u00f3 a las salidas de esparcimiento a las que\nhizo referencia el presidente de la Naci\u00f3n, Alberto Fern\u00e1ndez, en la nueva fase\nde la cuarentena.<\/p>\n\n\n\n<figure class=\"wp-block-embed-youtube wp-block-embed is-type-video is-provider-youtube wp-embed-aspect-16-9 wp-has-aspect-ratio\"><div class=\"wp-block-embed__wrapper\">\n<iframe loading=\"lazy\" title=\"EN VIVO| Informe del estado de situaci\u00f3n provincial en relaci\u00f3n al Coronavirus\" width=\"500\" height=\"281\" src=\"https:\/\/www.youtube.com\/embed\/9ZOCTUidagg?feature=oembed\" frameborder=\"0\" allow=\"accelerometer; autoplay; clipboard-write; encrypted-media; gyroscope; picture-in-picture; web-share\" referrerpolicy=\"strict-origin-when-cross-origin\" allowfullscreen><\/iframe>\n<\/div><\/figure>\n\n\n\n<p><em>\u00abEn\nEntre R\u00edos, adherimos a la decisi\u00f3n del presidente Alberto Fern\u00e1ndez, de\nprorrogar el per\u00edodo de aislamiento hasta el 10 de mayo. Los buenos resultados\nque hemos tenido en el control de la pandemia, demuestran que la cuarentena ha\nsido la medida m\u00e1s eficaz para preservar la salud de todos\u00bb<\/em>.<\/p>\n\n\n\n<p>Adem\u00e1s, el mandatario sostuvo <em>\u00abmientras tanto, seguiremos trabajando para habilitar nuevas\nactividades econ\u00f3micas en Entre R\u00edos, con todos los protocolos y cuidados\nnecesarios para continuar protegiendo los puestos de trabajo y la situaci\u00f3n\nsanitaria de la provincia\u00bb<\/em> y breg\u00f3 por <em>\u00abpreservar las fuentes de trabajo, conservar el empleo y generar\noportunidades para evitar el resentimiento de la econom\u00eda\u00bb, e hizo\nhincapi\u00e9 respecto a que \u00abeste equilibrio entre la prevenci\u00f3n sanitaria con\nla posibilidad de generar actividad econ\u00f3mica para preservar el empleo ser\u00e1 lo\nque aplicaremos durante este per\u00edodo\u00bb<\/em>.<\/p>\n\n\n\n<p><em>\u00abLa\nsituaci\u00f3n epidemiol\u00f3gica en la provincia est\u00e1 controlada y no podemos perderla.\nQuiz\u00e1s una semana no sea demasiado tiempo por el esfuerzo que nos significaron\nlas semanas anteriores, para poder evaluar c\u00f3mo seguimos y c\u00f3mo mejoramos la\nsituaci\u00f3n epidemiol\u00f3gica que representa Entre R\u00edos\u00bb<\/em>, resalt\u00f3.<\/p>\n\n\n\n<figure class=\"wp-block-image\"><img loading=\"lazy\" decoding=\"async\" width=\"1024\" height=\"627\" src=\"http:\/\/www.delexodo.com.ar\/wp-content\/uploads\/2020\/04\/BORDET-27_4-1024x627.png\" alt=\"\" class=\"wp-image-6143\" srcset=\"https:\/\/www.delexodo.com.ar\/wp-content\/uploads\/2020\/04\/BORDET-27_4-1024x627.png 1024w, https:\/\/www.delexodo.com.ar\/wp-content\/uploads\/2020\/04\/BORDET-27_4-300x184.png 300w, https:\/\/www.delexodo.com.ar\/wp-content\/uploads\/2020\/04\/BORDET-27_4-768x470.png 768w, https:\/\/www.delexodo.com.ar\/wp-content\/uploads\/2020\/04\/BORDET-27_4.png 1228w\" sizes=\"auto, (max-width: 1024px) 100vw, 1024px\" \/><\/figure>\n\n\n\n<p><strong>ESPARCIMIENTO<\/strong><\/p>\n\n\n\n<p>En referencia a las salidas de esparcimiento, hizo el anuncio\ny una aclaraci\u00f3n. <em>\u00abPor recomendaci\u00f3n\ndel Comit\u00e9 de Emergencia Sanitaria, se postergar\u00e1 una semana la definici\u00f3n\nsobre las autorizaciones de las salidas de esparcimiento. Durante ese per\u00edodo,\nvamos a analizar la evoluci\u00f3n epidemiol\u00f3gica con los especialistas y\nexpertos\u00bb<\/em>.<\/p>\n\n\n\n<p><em>\u00abEn\nuna semana evaluaremos c\u00f3mo seguimos con las medidas para tener la certeza y la\nseguridad de no dilapidar el esfuerzo que todos los entrerrianos realizamos\ndurante este tiempo\u00bb<\/em>, remarc\u00f3 el mandatario.<\/p>\n\n\n\n<p><em>\u00abEsta\ndecisi\u00f3n est\u00e1 fundamentada en que Entre R\u00edos, si bien es una provincia que no\ntiene circulaci\u00f3n activa, todas las provincias que nos rodean s\u00ed lo tienen,\ncomo Buenos Aires y Santa Fe, y tambi\u00e9n por los pa\u00edses cercanos como Brasil y\nUruguay donde la situaci\u00f3n es completamente distinta\u00bb<\/em>,\nargument\u00f3.<\/p>\n\n\n\n<p>Por otra parte, aclar\u00f3 que <em>\u00abcada intendente podr\u00e1 solicitar al Poder Ejecutivo provincial la\nexcepci\u00f3n para permitir salidas de esparcimiento. Para eso, deber\u00e1 enviar el\nprotocolo a aplicarse para el control de la medida, que tiene que ser aprobado\npor el COES en funci\u00f3n de la situaci\u00f3n epidemiol\u00f3gica\u00bb<\/em>.<\/p>\n\n\n\n<p>Para finalizar remarc\u00f3 <em>\u00abm\u00e1s\nall\u00e1 de la normativa, tenemos que reforzar los controles que nos son propios\ncomo ciudadanos para entender que estamos ante una situaci\u00f3n que afecta la\nsalud de la poblaci\u00f3n del mundo entero\u00bb. \u00abEs responsabilidad de cada\nuno de nosotros el hacer cumplir la normativa\u00bb<\/em>.<\/p>\n","protected":false},"excerpt":{"rendered":"<p>El Gobernador confirm\u00f3 que Entre R\u00edos adhiere a prorrogar la cuarentena hasta el 10 de mayo y aclar\u00f3 que \u00abcada&hellip;<\/p>\n","protected":false},"author":1,"featured_media":6144,"comment_status":"open","ping_status":"open","sticky":false,"template":"","format":"standard","meta":{"_joinchat":[],"footnotes":""},"categories":[65,1,69,352],"tags":[345],"class_list":["post-6142","post","type-post","status-publish","format-standard","has-post-thumbnail","hentry","category-destacados","category-sincategoria","category-noticias","category-salud","tag-destacar"],"yoast_head":"<!-- This site is optimized with the Yoast SEO plugin v25.1 - https:\/\/yoast.com\/wordpress\/plugins\/seo\/ -->\n<title>ENTRE R\u00cdOS NO TENDR\u00c1, POR AHORA, SALIDAS DE ESPARCIMIENTO - Del \u00c9xodo Nogoy\u00e1<\/title>\n<meta name=\"robots\" content=\"index, follow, max-snippet:-1, max-image-preview:large, max-video-preview:-1\" \/>\n<link rel=\"canonical\" href=\"https:\/\/www.delexodo.com.ar\/?p=6142\" \/>\n<meta property=\"og:locale\" content=\"es_ES\" \/>\n<meta property=\"og:type\" content=\"article\" \/>\n<meta property=\"og:title\" content=\"ENTRE R\u00cdOS NO TENDR\u00c1, POR AHORA, SALIDAS DE ESPARCIMIENTO - Del \u00c9xodo Nogoy\u00e1\" \/>\n<meta property=\"og:description\" content=\"El Gobernador confirm\u00f3 que Entre R\u00edos adhiere a prorrogar la cuarentena hasta el 10 de mayo y aclar\u00f3 que \u00abcada&hellip;\" \/>\n<meta property=\"og:url\" content=\"https:\/\/www.delexodo.com.ar\/?p=6142\" \/>\n<meta property=\"og:site_name\" content=\"Del \u00c9xodo Nogoy\u00e1\" \/>\n<meta property=\"article:published_time\" content=\"2020-04-28T01:54:27+00:00\" \/>\n<meta property=\"og:image\" content=\"https:\/\/www.delexodo.com.ar\/wp-content\/uploads\/2020\/04\/REPORTE-27_4.png\" \/>\n\t<meta property=\"og:image:width\" content=\"1238\" \/>\n\t<meta property=\"og:image:height\" content=\"614\" \/>\n\t<meta property=\"og:image:type\" content=\"image\/png\" \/>\n<meta name=\"author\" content=\"admin\" \/>\n<meta name=\"twitter:card\" content=\"summary_large_image\" \/>\n<meta name=\"twitter:label1\" content=\"Escrito por\" \/>\n\t<meta name=\"twitter:data1\" content=\"admin\" \/>\n\t<meta name=\"twitter:label2\" content=\"Tiempo de lectura\" \/>\n\t<meta name=\"twitter:data2\" content=\"3 minutos\" \/>\n<script type=\"application\/ld+json\" class=\"yoast-schema-graph\">{\"@context\":\"https:\/\/schema.org\",\"@graph\":[{\"@type\":\"Article\",\"@id\":\"https:\/\/www.delexodo.com.ar\/?p=6142#article\",\"isPartOf\":{\"@id\":\"https:\/\/www.delexodo.com.ar\/?p=6142\"},\"author\":{\"name\":\"admin\",\"@id\":\"https:\/\/www.delexodo.com.ar\/#\/schema\/person\/bbed37f7da8e938660b34f2013ba449d\"},\"headline\":\"ENTRE R\u00cdOS NO TENDR\u00c1, POR AHORA, SALIDAS DE ESPARCIMIENTO\",\"datePublished\":\"2020-04-28T01:54:27+00:00\",\"mainEntityOfPage\":{\"@id\":\"https:\/\/www.delexodo.com.ar\/?p=6142\"},\"wordCount\":557,\"commentCount\":0,\"publisher\":{\"@id\":\"https:\/\/www.delexodo.com.ar\/#organization\"},\"image\":{\"@id\":\"https:\/\/www.delexodo.com.ar\/?p=6142#primaryimage\"},\"thumbnailUrl\":\"https:\/\/www.delexodo.com.ar\/wp-content\/uploads\/2020\/04\/REPORTE-27_4.png\",\"keywords\":[\"destacar\"],\"articleSection\":[\"Destacados\",\"Nogoya\",\"NOTICIAS\",\"Salud\"],\"inLanguage\":\"es\",\"potentialAction\":[{\"@type\":\"CommentAction\",\"name\":\"Comment\",\"target\":[\"https:\/\/www.delexodo.com.ar\/?p=6142#respond\"]}]},{\"@type\":\"WebPage\",\"@id\":\"https:\/\/www.delexodo.com.ar\/?p=6142\",\"url\":\"https:\/\/www.delexodo.com.ar\/?p=6142\",\"name\":\"ENTRE R\u00cdOS NO TENDR\u00c1, POR AHORA, SALIDAS DE ESPARCIMIENTO - Del \u00c9xodo Nogoy\u00e1\",\"isPartOf\":{\"@id\":\"https:\/\/www.delexodo.com.ar\/#website\"},\"primaryImageOfPage\":{\"@id\":\"https:\/\/www.delexodo.com.ar\/?p=6142#primaryimage\"},\"image\":{\"@id\":\"https:\/\/www.delexodo.com.ar\/?p=6142#primaryimage\"},\"thumbnailUrl\":\"https:\/\/www.delexodo.com.ar\/wp-content\/uploads\/2020\/04\/REPORTE-27_4.png\",\"datePublished\":\"2020-04-28T01:54:27+00:00\",\"breadcrumb\":{\"@id\":\"https:\/\/www.delexodo.com.ar\/?p=6142#breadcrumb\"},\"inLanguage\":\"es\",\"potentialAction\":[{\"@type\":\"ReadAction\",\"target\":[\"https:\/\/www.delexodo.com.ar\/?p=6142\"]}]},{\"@type\":\"ImageObject\",\"inLanguage\":\"es\",\"@id\":\"https:\/\/www.delexodo.com.ar\/?p=6142#primaryimage\",\"url\":\"https:\/\/www.delexodo.com.ar\/wp-content\/uploads\/2020\/04\/REPORTE-27_4.png\",\"contentUrl\":\"https:\/\/www.delexodo.com.ar\/wp-content\/uploads\/2020\/04\/REPORTE-27_4.png\",\"width\":1238,\"height\":614},{\"@type\":\"BreadcrumbList\",\"@id\":\"https:\/\/www.delexodo.com.ar\/?p=6142#breadcrumb\",\"itemListElement\":[{\"@type\":\"ListItem\",\"position\":1,\"name\":\"Portada\",\"item\":\"https:\/\/www.delexodo.com.ar\/\"},{\"@type\":\"ListItem\",\"position\":2,\"name\":\"ENTRE R\u00cdOS NO TENDR\u00c1, POR AHORA, SALIDAS DE ESPARCIMIENTO\"}]},{\"@type\":\"WebSite\",\"@id\":\"https:\/\/www.delexodo.com.ar\/#website\",\"url\":\"https:\/\/www.delexodo.com.ar\/\",\"name\":\"Del \u00c9xodo Nogoy\u00e1\",\"description\":\"El Portal de Noticias de la Regi\u00f3n\",\"publisher\":{\"@id\":\"https:\/\/www.delexodo.com.ar\/#organization\"},\"potentialAction\":[{\"@type\":\"SearchAction\",\"target\":{\"@type\":\"EntryPoint\",\"urlTemplate\":\"https:\/\/www.delexodo.com.ar\/?s={search_term_string}\"},\"query-input\":{\"@type\":\"PropertyValueSpecification\",\"valueRequired\":true,\"valueName\":\"search_term_string\"}}],\"inLanguage\":\"es\"},{\"@type\":\"Organization\",\"@id\":\"https:\/\/www.delexodo.com.ar\/#organization\",\"name\":\"Del \u00c9xodo Nogoy\u00e1\",\"url\":\"https:\/\/www.delexodo.com.ar\/\",\"logo\":{\"@type\":\"ImageObject\",\"inLanguage\":\"es\",\"@id\":\"https:\/\/www.delexodo.com.ar\/#\/schema\/logo\/image\/\",\"url\":\"https:\/\/www.delexodo.com.ar\/wp-content\/uploads\/2024\/10\/cropped-cropped-LOGO24.png\",\"contentUrl\":\"https:\/\/www.delexodo.com.ar\/wp-content\/uploads\/2024\/10\/cropped-cropped-LOGO24.png\",\"width\":512,\"height\":349,\"caption\":\"Del \u00c9xodo Nogoy\u00e1\"},\"image\":{\"@id\":\"https:\/\/www.delexodo.com.ar\/#\/schema\/logo\/image\/\"}},{\"@type\":\"Person\",\"@id\":\"https:\/\/www.delexodo.com.ar\/#\/schema\/person\/bbed37f7da8e938660b34f2013ba449d\",\"name\":\"admin\",\"image\":{\"@type\":\"ImageObject\",\"inLanguage\":\"es\",\"@id\":\"https:\/\/www.delexodo.com.ar\/#\/schema\/person\/image\/\",\"url\":\"https:\/\/secure.gravatar.com\/avatar\/6b1558d1b6df085f1901bd5bd98523d7?s=96&d=mm&r=g\",\"contentUrl\":\"https:\/\/secure.gravatar.com\/avatar\/6b1558d1b6df085f1901bd5bd98523d7?s=96&d=mm&r=g\",\"caption\":\"admin\"},\"url\":\"https:\/\/www.delexodo.com.ar\/?author=1\"}]}<\/script>\n<!-- \/ Yoast SEO plugin. -->","yoast_head_json":{"title":"ENTRE R\u00cdOS NO TENDR\u00c1, POR AHORA, SALIDAS DE ESPARCIMIENTO - Del \u00c9xodo Nogoy\u00e1","robots":{"index":"index","follow":"follow","max-snippet":"max-snippet:-1","max-image-preview":"max-image-preview:large","max-video-preview":"max-video-preview:-1"},"canonical":"https:\/\/www.delexodo.com.ar\/?p=6142","og_locale":"es_ES","og_type":"article","og_title":"ENTRE R\u00cdOS NO TENDR\u00c1, POR AHORA, SALIDAS DE ESPARCIMIENTO - Del \u00c9xodo Nogoy\u00e1","og_description":"El Gobernador confirm\u00f3 que Entre R\u00edos adhiere a prorrogar la cuarentena hasta el 10 de mayo y aclar\u00f3 que \u00abcada&hellip;","og_url":"https:\/\/www.delexodo.com.ar\/?p=6142","og_site_name":"Del \u00c9xodo Nogoy\u00e1","article_published_time":"2020-04-28T01:54:27+00:00","og_image":[{"width":1238,"height":614,"url":"https:\/\/www.delexodo.com.ar\/wp-content\/uploads\/2020\/04\/REPORTE-27_4.png","type":"image\/png"}],"author":"admin","twitter_card":"summary_large_image","twitter_misc":{"Escrito por":"admin","Tiempo de lectura":"3 minutos"},"schema":{"@context":"https:\/\/schema.org","@graph":[{"@type":"Article","@id":"https:\/\/www.delexodo.com.ar\/?p=6142#article","isPartOf":{"@id":"https:\/\/www.delexodo.com.ar\/?p=6142"},"author":{"name":"admin","@id":"https:\/\/www.delexodo.com.ar\/#\/schema\/person\/bbed37f7da8e938660b34f2013ba449d"},"headline":"ENTRE R\u00cdOS NO TENDR\u00c1, POR AHORA, SALIDAS DE ESPARCIMIENTO","datePublished":"2020-04-28T01:54:27+00:00","mainEntityOfPage":{"@id":"https:\/\/www.delexodo.com.ar\/?p=6142"},"wordCount":557,"commentCount":0,"publisher":{"@id":"https:\/\/www.delexodo.com.ar\/#organization"},"image":{"@id":"https:\/\/www.delexodo.com.ar\/?p=6142#primaryimage"},"thumbnailUrl":"https:\/\/www.delexodo.com.ar\/wp-content\/uploads\/2020\/04\/REPORTE-27_4.png","keywords":["destacar"],"articleSection":["Destacados","Nogoya","NOTICIAS","Salud"],"inLanguage":"es","potentialAction":[{"@type":"CommentAction","name":"Comment","target":["https:\/\/www.delexodo.com.ar\/?p=6142#respond"]}]},{"@type":"WebPage","@id":"https:\/\/www.delexodo.com.ar\/?p=6142","url":"https:\/\/www.delexodo.com.ar\/?p=6142","name":"ENTRE R\u00cdOS NO TENDR\u00c1, POR AHORA, SALIDAS DE ESPARCIMIENTO - Del \u00c9xodo Nogoy\u00e1","isPartOf":{"@id":"https:\/\/www.delexodo.com.ar\/#website"},"primaryImageOfPage":{"@id":"https:\/\/www.delexodo.com.ar\/?p=6142#primaryimage"},"image":{"@id":"https:\/\/www.delexodo.com.ar\/?p=6142#primaryimage"},"thumbnailUrl":"https:\/\/www.delexodo.com.ar\/wp-content\/uploads\/2020\/04\/REPORTE-27_4.png","datePublished":"2020-04-28T01:54:27+00:00","breadcrumb":{"@id":"https:\/\/www.delexodo.com.ar\/?p=6142#breadcrumb"},"inLanguage":"es","potentialAction":[{"@type":"ReadAction","target":["https:\/\/www.delexodo.com.ar\/?p=6142"]}]},{"@type":"ImageObject","inLanguage":"es","@id":"https:\/\/www.delexodo.com.ar\/?p=6142#primaryimage","url":"https:\/\/www.delexodo.com.ar\/wp-content\/uploads\/2020\/04\/REPORTE-27_4.png","contentUrl":"https:\/\/www.delexodo.com.ar\/wp-content\/uploads\/2020\/04\/REPORTE-27_4.png","width":1238,"height":614},{"@type":"BreadcrumbList","@id":"https:\/\/www.delexodo.com.ar\/?p=6142#breadcrumb","itemListElement":[{"@type":"ListItem","position":1,"name":"Portada","item":"https:\/\/www.delexodo.com.ar\/"},{"@type":"ListItem","position":2,"name":"ENTRE R\u00cdOS NO TENDR\u00c1, POR AHORA, SALIDAS DE ESPARCIMIENTO"}]},{"@type":"WebSite","@id":"https:\/\/www.delexodo.com.ar\/#website","url":"https:\/\/www.delexodo.com.ar\/","name":"Del \u00c9xodo Nogoy\u00e1","description":"El Portal de Noticias de la Regi\u00f3n","publisher":{"@id":"https:\/\/www.delexodo.com.ar\/#organization"},"potentialAction":[{"@type":"SearchAction","target":{"@type":"EntryPoint","urlTemplate":"https:\/\/www.delexodo.com.ar\/?s={search_term_string}"},"query-input":{"@type":"PropertyValueSpecification","valueRequired":true,"valueName":"search_term_string"}}],"inLanguage":"es"},{"@type":"Organization","@id":"https:\/\/www.delexodo.com.ar\/#organization","name":"Del \u00c9xodo Nogoy\u00e1","url":"https:\/\/www.delexodo.com.ar\/","logo":{"@type":"ImageObject","inLanguage":"es","@id":"https:\/\/www.delexodo.com.ar\/#\/schema\/logo\/image\/","url":"https:\/\/www.delexodo.com.ar\/wp-content\/uploads\/2024\/10\/cropped-cropped-LOGO24.png","contentUrl":"https:\/\/www.delexodo.com.ar\/wp-content\/uploads\/2024\/10\/cropped-cropped-LOGO24.png","width":512,"height":349,"caption":"Del \u00c9xodo Nogoy\u00e1"},"image":{"@id":"https:\/\/www.delexodo.com.ar\/#\/schema\/logo\/image\/"}},{"@type":"Person","@id":"https:\/\/www.delexodo.com.ar\/#\/schema\/person\/bbed37f7da8e938660b34f2013ba449d","name":"admin","image":{"@type":"ImageObject","inLanguage":"es","@id":"https:\/\/www.delexodo.com.ar\/#\/schema\/person\/image\/","url":"https:\/\/secure.gravatar.com\/avatar\/6b1558d1b6df085f1901bd5bd98523d7?s=96&d=mm&r=g","contentUrl":"https:\/\/secure.gravatar.com\/avatar\/6b1558d1b6df085f1901bd5bd98523d7?s=96&d=mm&r=g","caption":"admin"},"url":"https:\/\/www.delexodo.com.ar\/?author=1"}]}},"_links":{"self":[{"href":"https:\/\/www.delexodo.com.ar\/index.php?rest_route=\/wp\/v2\/posts\/6142","targetHints":{"allow":["GET"]}}],"collection":[{"href":"https:\/\/www.delexodo.com.ar\/index.php?rest_route=\/wp\/v2\/posts"}],"about":[{"href":"https:\/\/www.delexodo.com.ar\/index.php?rest_route=\/wp\/v2\/types\/post"}],"author":[{"embeddable":true,"href":"https:\/\/www.delexodo.com.ar\/index.php?rest_route=\/wp\/v2\/users\/1"}],"replies":[{"embeddable":true,"href":"https:\/\/www.delexodo.com.ar\/index.php?rest_route=%2Fwp%2Fv2%2Fcomments&post=6142"}],"version-history":[{"count":0,"href":"https:\/\/www.delexodo.com.ar\/index.php?rest_route=\/wp\/v2\/posts\/6142\/revisions"}],"wp:featuredmedia":[{"embeddable":true,"href":"https:\/\/www.delexodo.com.ar\/index.php?rest_route=\/wp\/v2\/media\/6144"}],"wp:attachment":[{"href":"https:\/\/www.delexodo.com.ar\/index.php?rest_route=%2Fwp%2Fv2%2Fmedia&parent=6142"}],"wp:term":[{"taxonomy":"category","embeddable":true,"href":"https:\/\/www.delexodo.com.ar\/index.php?rest_route=%2Fwp%2Fv2%2Fcategories&post=6142"},{"taxonomy":"post_tag","embeddable":true,"href":"https:\/\/www.delexodo.com.ar\/index.php?rest_route=%2Fwp%2Fv2%2Ftags&post=6142"}],"curies":[{"name":"wp","href":"https:\/\/api.w.org\/{rel}","templated":true}]}}