{"id":6139,"date":"2020-04-27T21:56:38","date_gmt":"2020-04-28T00:56:38","guid":{"rendered":"http:\/\/www.delexodo.com.ar\/?p=6139"},"modified":"2020-04-27T21:56:41","modified_gmt":"2020-04-28T00:56:41","slug":"hoy-se-lanzo-el-programa-contenidos-en-casa-tv-producido-por-el-cge","status":"publish","type":"post","link":"https:\/\/www.delexodo.com.ar\/?p=6139","title":{"rendered":"HOY SE LANZ\u00d3 EL PROGRAMA CONTENIDOS EN CASA TV PRODUCIDO POR EL CGE"},"content":{"rendered":"\n<p>Con el objetivo de acompa\u00f1ar las trayectorias escolares de\nnuestros ni\u00f1os, ni\u00f1as y adolescentes, asegurar el proceso educativo y el acceso\na las herramientas pedag\u00f3gicas no presenciales, el Consejo General de Educaci\u00f3n\n(CGE) lanz\u00f3 <strong>Contenidos en Casa TV<\/strong>,\nprograma que se emitir\u00e1 los d\u00edas <strong>lunes y\nmi\u00e9rcoles a la hora 18<\/strong> a trav\u00e9s de los 58 canales miembros de la Asociaci\u00f3n\nEntrerriana de Telecomunicaciones, en 56 localidades de la provincia y tambi\u00e9n\nse podr\u00e1 ver en las redes sociales del gobierno de Entre R\u00edos y el Consejo\nGeneral de Educaci\u00f3n.<\/p>\n\n\n\n<p>El programa es una idea general del Portal Aprender,\ndependiente de la Direcci\u00f3n de Informaci\u00f3n, Evaluaci\u00f3n y Planeamiento del CGE,\ny contar\u00e1 con la conducci\u00f3n de Leandro Bogado. Al staff lo componen Alfonsina\nFern\u00e1ndez en producci\u00f3n general, Celeste Ram\u00edrez en asistencia de producci\u00f3n,\nJuan Pablo Amarillo en la voz en off, Mariano Sanguinetti y Daiana Treboux en\ngr\u00e1fica y animaci\u00f3n, y Gabi Zonis en el micro de rap. La realizaci\u00f3n est\u00e1 a\ncargo de la Asociaci\u00f3n Civil El Z\u00f3calo (\u00c9ter Paran\u00e1) y es pos producido por el\nInstituto Audiovisual de Entre R\u00edos.<\/p>\n\n\n\n<figure class=\"wp-block-embed-youtube wp-block-embed is-type-video is-provider-youtube wp-embed-aspect-16-9 wp-has-aspect-ratio\"><div class=\"wp-block-embed__wrapper\">\n<iframe loading=\"lazy\" title=\"#AIRE #MxV - CELINA MORISSE Coordinadora del Portal Aprender ER\" width=\"500\" height=\"281\" src=\"https:\/\/www.youtube.com\/embed\/gP7iN-GVpOc?feature=oembed\" frameborder=\"0\" allow=\"accelerometer; autoplay; clipboard-write; encrypted-media; gyroscope; picture-in-picture; web-share\" referrerpolicy=\"strict-origin-when-cross-origin\" allowfullscreen><\/iframe>\n<\/div><\/figure>\n\n\n\n<p>En dialogo con la Ma\u00f1ana x Vos de la 88.5 de Nogoya, <strong>CELINA MORISSE<\/strong>, Coordinadora del Portal Aprender brind\u00f3 detalles respecto de los que ser\u00e1 de aqu\u00ed en adelante este formato de la plataforma dise\u00f1ado para televisi\u00f3n y redes incorporando un nuevo eslab\u00f3n a sus Contenidos en Casa durante el per\u00edodo de aislamiento que se suma a la propuesta virtual en el Portal Aprender y a la plataforma Seguimos Educando del Ministerio de Educaci\u00f3n de la Naci\u00f3n, con cuadernos impresos, 14 horas de televisi\u00f3n (canales TV P\u00fablica, Paka Paka y Encuentro) y siete horas de radio (Nacional) por el sistema de la Secretar\u00eda de Medios y Comunicaci\u00f3n P\u00fablica.<\/p>\n\n\n\n<div class=\"wp-block-image\"><figure class=\"aligncenter\"><img loading=\"lazy\" decoding=\"async\" width=\"504\" height=\"509\" src=\"http:\/\/www.delexodo.com.ar\/wp-content\/uploads\/2020\/04\/CONTENIDO-EN-CASA1.jpeg\" alt=\"\" class=\"wp-image-6131\" srcset=\"https:\/\/www.delexodo.com.ar\/wp-content\/uploads\/2020\/04\/CONTENIDO-EN-CASA1.jpeg 504w, https:\/\/www.delexodo.com.ar\/wp-content\/uploads\/2020\/04\/CONTENIDO-EN-CASA1-150x150.jpeg 150w, https:\/\/www.delexodo.com.ar\/wp-content\/uploads\/2020\/04\/CONTENIDO-EN-CASA1-297x300.jpeg 297w\" sizes=\"auto, (max-width: 504px) 100vw, 504px\" \/><\/figure><\/div>\n\n\n\n<p>El proyecto vio forma <em>\u201ca\ntrav\u00e9s de un esfuerzo conjunto con la Secretar\u00eda de Cultura y la Secretar\u00eda de\nComunicaci\u00f3n de la provincia, con quienes se llev\u00f3 adelante diferentes acciones\ntendientes a posibilitar que el acceso a los contenidos educativos en este\nper\u00edodo de pandemia se d\u00e9 con la menor desigualdad posible\u201d.<\/em><\/p>\n\n\n\n<p><em>\u201cConsideramos\nque la televisi\u00f3n por cable contempla esa masividad, con un p\u00fablico muy grande\nen la provincia y es una herramienta fundamental para llegar de manera\ncomplementaria, con contenidos que tengan una impronta de nuestra identidad y\nparticularidades regionales y provinciales que apoyan la propuesta general de\nContenidos en Casa, que ampl\u00eda sus formatos\u201d<\/em>.<\/p>\n\n\n\n<figure class=\"wp-block-image\"><img loading=\"lazy\" decoding=\"async\" width=\"1024\" height=\"531\" src=\"http:\/\/www.delexodo.com.ar\/wp-content\/uploads\/2020\/04\/CONTENCASA-1024x531.png\" alt=\"\" class=\"wp-image-6140\" srcset=\"https:\/\/www.delexodo.com.ar\/wp-content\/uploads\/2020\/04\/CONTENCASA-1024x531.png 1024w, https:\/\/www.delexodo.com.ar\/wp-content\/uploads\/2020\/04\/CONTENCASA-300x156.png 300w, https:\/\/www.delexodo.com.ar\/wp-content\/uploads\/2020\/04\/CONTENCASA-768x398.png 768w, https:\/\/www.delexodo.com.ar\/wp-content\/uploads\/2020\/04\/CONTENCASA.png 1296w\" sizes=\"auto, (max-width: 1024px) 100vw, 1024px\" \/><\/figure>\n\n\n\n<p>El gobierno provincial se trabaja para asegurar que el\nproceso educativo no se detenga garantizando el acceso a los Contenidos en Casa\nen l\u00ednea y de manera gratuita, la distribuci\u00f3n de los cuadernillos Seguimos\nEducando de Naci\u00f3n y ahora acercando contenidos pedag\u00f3gicos en piezas\naudiovisuales para todos los niveles, a trav\u00e9s de los canales locales en todo\nel territorio.<\/p>\n\n\n\n<p><strong>EN TODA LA PROVINCIA<\/strong> El programa se emitir\u00e1 en los 59 canales miembros de la Asociaci\u00f3n Entrerriana de Televisi\u00f3n con presencia en: Alcaraz, Aldea San Antonio, Aranguren, Arroyo Bar\u00fa, Basavilbaso, Bovril, Cerrito, Chajar\u00ed, Col\u00f3n, Concepci\u00f3n del Uruguay, Conscripto Bernardi, Crespo, El Pingo, Enrique Carb\u00f3, Estaci\u00f3n Sosa, Federaci\u00f3n, Federal, General Campos, General Galarza, Gilbert, General Ram\u00edrez, Gualeguay, Gualeguaych\u00fa, Hasenkamp, Hernandarias, Hern\u00e1ndez, Holt Ibicuy, Irazusta, La Clarita, La Paz, Larroque, Los Conquistadores, Maci\u00e1, Mansilla, Mar\u00eda Grande, <strong>Nogoy\u00e1<\/strong>, Paran\u00e1, Piedras Blancas, Rosario del Tala, San Jaime de la Frontera, San Jos\u00e9, San Jos\u00e9 de Feliciano, San Salvador, Santa Ana, Santa Elena, Sauce de Luna, Segu\u00ed, Tabossi, Urdinarrain, Viale, Victoria, Villa Clara, Villa del Rosario, Villa Dom\u00ednguez, Villa Elisa, Villa Mantero y Villaguay. <\/p>\n\n\n\n<figure class=\"wp-block-embed-youtube wp-block-embed is-type-video is-provider-youtube wp-embed-aspect-16-9 wp-has-aspect-ratio\"><div class=\"wp-block-embed__wrapper\">\n<iframe loading=\"lazy\" title=\"EN VIVO | #ContenidoEnCasa TV Episodio I\" width=\"500\" height=\"281\" src=\"https:\/\/www.youtube.com\/embed\/VqkP-2-rr5c?feature=oembed\" frameborder=\"0\" allow=\"accelerometer; autoplay; clipboard-write; encrypted-media; gyroscope; picture-in-picture; web-share\" referrerpolicy=\"strict-origin-when-cross-origin\" allowfullscreen><\/iframe>\n<\/div><figcaption>El primer programa de \u00abContenidos en Casa\u00bb<\/figcaption><\/figure>\n","protected":false},"excerpt":{"rendered":"<p>Con el objetivo de acompa\u00f1ar las trayectorias escolares de nuestros ni\u00f1os, ni\u00f1as y adolescentes, asegurar el proceso educativo y el&hellip;<\/p>\n","protected":false},"author":1,"featured_media":6131,"comment_status":"open","ping_status":"open","sticky":false,"template":"","format":"standard","meta":{"_joinchat":[],"footnotes":""},"categories":[65,1,69],"tags":[],"class_list":["post-6139","post","type-post","status-publish","format-standard","has-post-thumbnail","hentry","category-destacados","category-sincategoria","category-noticias"],"yoast_head":"<!-- This site is optimized with the Yoast SEO plugin v25.1 - https:\/\/yoast.com\/wordpress\/plugins\/seo\/ -->\n<title>HOY SE LANZ\u00d3 EL PROGRAMA CONTENIDOS EN CASA TV PRODUCIDO POR EL CGE - Del \u00c9xodo Nogoy\u00e1<\/title>\n<meta name=\"robots\" content=\"index, follow, max-snippet:-1, max-image-preview:large, max-video-preview:-1\" \/>\n<link rel=\"canonical\" href=\"https:\/\/www.delexodo.com.ar\/?p=6139\" \/>\n<meta property=\"og:locale\" content=\"es_ES\" \/>\n<meta property=\"og:type\" content=\"article\" \/>\n<meta property=\"og:title\" content=\"HOY SE LANZ\u00d3 EL PROGRAMA CONTENIDOS EN CASA TV PRODUCIDO POR EL CGE - Del \u00c9xodo Nogoy\u00e1\" \/>\n<meta property=\"og:description\" content=\"Con el objetivo de acompa\u00f1ar las trayectorias escolares de nuestros ni\u00f1os, ni\u00f1as y adolescentes, asegurar el proceso educativo y el&hellip;\" \/>\n<meta property=\"og:url\" content=\"https:\/\/www.delexodo.com.ar\/?p=6139\" \/>\n<meta property=\"og:site_name\" content=\"Del \u00c9xodo Nogoy\u00e1\" \/>\n<meta property=\"article:published_time\" content=\"2020-04-28T00:56:38+00:00\" \/>\n<meta property=\"article:modified_time\" content=\"2020-04-28T00:56:41+00:00\" \/>\n<meta property=\"og:image\" content=\"https:\/\/www.delexodo.com.ar\/wp-content\/uploads\/2020\/04\/CONTENIDO-EN-CASA1.jpeg\" \/>\n\t<meta property=\"og:image:width\" content=\"504\" \/>\n\t<meta property=\"og:image:height\" content=\"509\" \/>\n\t<meta property=\"og:image:type\" content=\"image\/jpeg\" \/>\n<meta name=\"author\" content=\"admin\" \/>\n<meta name=\"twitter:card\" content=\"summary_large_image\" \/>\n<meta name=\"twitter:label1\" content=\"Escrito por\" \/>\n\t<meta name=\"twitter:data1\" content=\"admin\" \/>\n\t<meta name=\"twitter:label2\" content=\"Tiempo de lectura\" \/>\n\t<meta name=\"twitter:data2\" content=\"3 minutos\" \/>\n<script type=\"application\/ld+json\" class=\"yoast-schema-graph\">{\"@context\":\"https:\/\/schema.org\",\"@graph\":[{\"@type\":\"Article\",\"@id\":\"https:\/\/www.delexodo.com.ar\/?p=6139#article\",\"isPartOf\":{\"@id\":\"https:\/\/www.delexodo.com.ar\/?p=6139\"},\"author\":{\"name\":\"admin\",\"@id\":\"https:\/\/www.delexodo.com.ar\/#\/schema\/person\/bbed37f7da8e938660b34f2013ba449d\"},\"headline\":\"HOY SE LANZ\u00d3 EL PROGRAMA CONTENIDOS EN CASA TV PRODUCIDO POR EL CGE\",\"datePublished\":\"2020-04-28T00:56:38+00:00\",\"dateModified\":\"2020-04-28T00:56:41+00:00\",\"mainEntityOfPage\":{\"@id\":\"https:\/\/www.delexodo.com.ar\/?p=6139\"},\"wordCount\":663,\"commentCount\":0,\"publisher\":{\"@id\":\"https:\/\/www.delexodo.com.ar\/#organization\"},\"image\":{\"@id\":\"https:\/\/www.delexodo.com.ar\/?p=6139#primaryimage\"},\"thumbnailUrl\":\"https:\/\/www.delexodo.com.ar\/wp-content\/uploads\/2020\/04\/CONTENIDO-EN-CASA1.jpeg\",\"articleSection\":[\"Destacados\",\"Nogoya\",\"NOTICIAS\"],\"inLanguage\":\"es\",\"potentialAction\":[{\"@type\":\"CommentAction\",\"name\":\"Comment\",\"target\":[\"https:\/\/www.delexodo.com.ar\/?p=6139#respond\"]}]},{\"@type\":\"WebPage\",\"@id\":\"https:\/\/www.delexodo.com.ar\/?p=6139\",\"url\":\"https:\/\/www.delexodo.com.ar\/?p=6139\",\"name\":\"HOY SE LANZ\u00d3 EL PROGRAMA CONTENIDOS EN CASA TV PRODUCIDO POR EL CGE - Del \u00c9xodo Nogoy\u00e1\",\"isPartOf\":{\"@id\":\"https:\/\/www.delexodo.com.ar\/#website\"},\"primaryImageOfPage\":{\"@id\":\"https:\/\/www.delexodo.com.ar\/?p=6139#primaryimage\"},\"image\":{\"@id\":\"https:\/\/www.delexodo.com.ar\/?p=6139#primaryimage\"},\"thumbnailUrl\":\"https:\/\/www.delexodo.com.ar\/wp-content\/uploads\/2020\/04\/CONTENIDO-EN-CASA1.jpeg\",\"datePublished\":\"2020-04-28T00:56:38+00:00\",\"dateModified\":\"2020-04-28T00:56:41+00:00\",\"breadcrumb\":{\"@id\":\"https:\/\/www.delexodo.com.ar\/?p=6139#breadcrumb\"},\"inLanguage\":\"es\",\"potentialAction\":[{\"@type\":\"ReadAction\",\"target\":[\"https:\/\/www.delexodo.com.ar\/?p=6139\"]}]},{\"@type\":\"ImageObject\",\"inLanguage\":\"es\",\"@id\":\"https:\/\/www.delexodo.com.ar\/?p=6139#primaryimage\",\"url\":\"https:\/\/www.delexodo.com.ar\/wp-content\/uploads\/2020\/04\/CONTENIDO-EN-CASA1.jpeg\",\"contentUrl\":\"https:\/\/www.delexodo.com.ar\/wp-content\/uploads\/2020\/04\/CONTENIDO-EN-CASA1.jpeg\",\"width\":504,\"height\":509},{\"@type\":\"BreadcrumbList\",\"@id\":\"https:\/\/www.delexodo.com.ar\/?p=6139#breadcrumb\",\"itemListElement\":[{\"@type\":\"ListItem\",\"position\":1,\"name\":\"Portada\",\"item\":\"https:\/\/www.delexodo.com.ar\/\"},{\"@type\":\"ListItem\",\"position\":2,\"name\":\"HOY SE LANZ\u00d3 EL PROGRAMA CONTENIDOS EN CASA TV PRODUCIDO POR EL CGE\"}]},{\"@type\":\"WebSite\",\"@id\":\"https:\/\/www.delexodo.com.ar\/#website\",\"url\":\"https:\/\/www.delexodo.com.ar\/\",\"name\":\"Del \u00c9xodo Nogoy\u00e1\",\"description\":\"El Portal de Noticias de la Regi\u00f3n\",\"publisher\":{\"@id\":\"https:\/\/www.delexodo.com.ar\/#organization\"},\"potentialAction\":[{\"@type\":\"SearchAction\",\"target\":{\"@type\":\"EntryPoint\",\"urlTemplate\":\"https:\/\/www.delexodo.com.ar\/?s={search_term_string}\"},\"query-input\":{\"@type\":\"PropertyValueSpecification\",\"valueRequired\":true,\"valueName\":\"search_term_string\"}}],\"inLanguage\":\"es\"},{\"@type\":\"Organization\",\"@id\":\"https:\/\/www.delexodo.com.ar\/#organization\",\"name\":\"Del \u00c9xodo Nogoy\u00e1\",\"url\":\"https:\/\/www.delexodo.com.ar\/\",\"logo\":{\"@type\":\"ImageObject\",\"inLanguage\":\"es\",\"@id\":\"https:\/\/www.delexodo.com.ar\/#\/schema\/logo\/image\/\",\"url\":\"https:\/\/www.delexodo.com.ar\/wp-content\/uploads\/2024\/10\/cropped-cropped-LOGO24.png\",\"contentUrl\":\"https:\/\/www.delexodo.com.ar\/wp-content\/uploads\/2024\/10\/cropped-cropped-LOGO24.png\",\"width\":512,\"height\":349,\"caption\":\"Del \u00c9xodo Nogoy\u00e1\"},\"image\":{\"@id\":\"https:\/\/www.delexodo.com.ar\/#\/schema\/logo\/image\/\"}},{\"@type\":\"Person\",\"@id\":\"https:\/\/www.delexodo.com.ar\/#\/schema\/person\/bbed37f7da8e938660b34f2013ba449d\",\"name\":\"admin\",\"image\":{\"@type\":\"ImageObject\",\"inLanguage\":\"es\",\"@id\":\"https:\/\/www.delexodo.com.ar\/#\/schema\/person\/image\/\",\"url\":\"https:\/\/secure.gravatar.com\/avatar\/6b1558d1b6df085f1901bd5bd98523d7?s=96&d=mm&r=g\",\"contentUrl\":\"https:\/\/secure.gravatar.com\/avatar\/6b1558d1b6df085f1901bd5bd98523d7?s=96&d=mm&r=g\",\"caption\":\"admin\"},\"url\":\"https:\/\/www.delexodo.com.ar\/?author=1\"}]}<\/script>\n<!-- \/ Yoast SEO plugin. -->","yoast_head_json":{"title":"HOY SE LANZ\u00d3 EL PROGRAMA CONTENIDOS EN CASA TV PRODUCIDO POR EL CGE - Del \u00c9xodo Nogoy\u00e1","robots":{"index":"index","follow":"follow","max-snippet":"max-snippet:-1","max-image-preview":"max-image-preview:large","max-video-preview":"max-video-preview:-1"},"canonical":"https:\/\/www.delexodo.com.ar\/?p=6139","og_locale":"es_ES","og_type":"article","og_title":"HOY SE LANZ\u00d3 EL PROGRAMA CONTENIDOS EN CASA TV PRODUCIDO POR EL CGE - Del \u00c9xodo Nogoy\u00e1","og_description":"Con el objetivo de acompa\u00f1ar las trayectorias escolares de nuestros ni\u00f1os, ni\u00f1as y adolescentes, asegurar el proceso educativo y el&hellip;","og_url":"https:\/\/www.delexodo.com.ar\/?p=6139","og_site_name":"Del \u00c9xodo Nogoy\u00e1","article_published_time":"2020-04-28T00:56:38+00:00","article_modified_time":"2020-04-28T00:56:41+00:00","og_image":[{"width":504,"height":509,"url":"https:\/\/www.delexodo.com.ar\/wp-content\/uploads\/2020\/04\/CONTENIDO-EN-CASA1.jpeg","type":"image\/jpeg"}],"author":"admin","twitter_card":"summary_large_image","twitter_misc":{"Escrito por":"admin","Tiempo de lectura":"3 minutos"},"schema":{"@context":"https:\/\/schema.org","@graph":[{"@type":"Article","@id":"https:\/\/www.delexodo.com.ar\/?p=6139#article","isPartOf":{"@id":"https:\/\/www.delexodo.com.ar\/?p=6139"},"author":{"name":"admin","@id":"https:\/\/www.delexodo.com.ar\/#\/schema\/person\/bbed37f7da8e938660b34f2013ba449d"},"headline":"HOY SE LANZ\u00d3 EL PROGRAMA CONTENIDOS EN CASA TV PRODUCIDO POR EL CGE","datePublished":"2020-04-28T00:56:38+00:00","dateModified":"2020-04-28T00:56:41+00:00","mainEntityOfPage":{"@id":"https:\/\/www.delexodo.com.ar\/?p=6139"},"wordCount":663,"commentCount":0,"publisher":{"@id":"https:\/\/www.delexodo.com.ar\/#organization"},"image":{"@id":"https:\/\/www.delexodo.com.ar\/?p=6139#primaryimage"},"thumbnailUrl":"https:\/\/www.delexodo.com.ar\/wp-content\/uploads\/2020\/04\/CONTENIDO-EN-CASA1.jpeg","articleSection":["Destacados","Nogoya","NOTICIAS"],"inLanguage":"es","potentialAction":[{"@type":"CommentAction","name":"Comment","target":["https:\/\/www.delexodo.com.ar\/?p=6139#respond"]}]},{"@type":"WebPage","@id":"https:\/\/www.delexodo.com.ar\/?p=6139","url":"https:\/\/www.delexodo.com.ar\/?p=6139","name":"HOY SE LANZ\u00d3 EL PROGRAMA CONTENIDOS EN CASA TV PRODUCIDO POR EL CGE - Del \u00c9xodo Nogoy\u00e1","isPartOf":{"@id":"https:\/\/www.delexodo.com.ar\/#website"},"primaryImageOfPage":{"@id":"https:\/\/www.delexodo.com.ar\/?p=6139#primaryimage"},"image":{"@id":"https:\/\/www.delexodo.com.ar\/?p=6139#primaryimage"},"thumbnailUrl":"https:\/\/www.delexodo.com.ar\/wp-content\/uploads\/2020\/04\/CONTENIDO-EN-CASA1.jpeg","datePublished":"2020-04-28T00:56:38+00:00","dateModified":"2020-04-28T00:56:41+00:00","breadcrumb":{"@id":"https:\/\/www.delexodo.com.ar\/?p=6139#breadcrumb"},"inLanguage":"es","potentialAction":[{"@type":"ReadAction","target":["https:\/\/www.delexodo.com.ar\/?p=6139"]}]},{"@type":"ImageObject","inLanguage":"es","@id":"https:\/\/www.delexodo.com.ar\/?p=6139#primaryimage","url":"https:\/\/www.delexodo.com.ar\/wp-content\/uploads\/2020\/04\/CONTENIDO-EN-CASA1.jpeg","contentUrl":"https:\/\/www.delexodo.com.ar\/wp-content\/uploads\/2020\/04\/CONTENIDO-EN-CASA1.jpeg","width":504,"height":509},{"@type":"BreadcrumbList","@id":"https:\/\/www.delexodo.com.ar\/?p=6139#breadcrumb","itemListElement":[{"@type":"ListItem","position":1,"name":"Portada","item":"https:\/\/www.delexodo.com.ar\/"},{"@type":"ListItem","position":2,"name":"HOY SE LANZ\u00d3 EL PROGRAMA CONTENIDOS EN CASA TV PRODUCIDO POR EL CGE"}]},{"@type":"WebSite","@id":"https:\/\/www.delexodo.com.ar\/#website","url":"https:\/\/www.delexodo.com.ar\/","name":"Del \u00c9xodo Nogoy\u00e1","description":"El Portal de Noticias de la Regi\u00f3n","publisher":{"@id":"https:\/\/www.delexodo.com.ar\/#organization"},"potentialAction":[{"@type":"SearchAction","target":{"@type":"EntryPoint","urlTemplate":"https:\/\/www.delexodo.com.ar\/?s={search_term_string}"},"query-input":{"@type":"PropertyValueSpecification","valueRequired":true,"valueName":"search_term_string"}}],"inLanguage":"es"},{"@type":"Organization","@id":"https:\/\/www.delexodo.com.ar\/#organization","name":"Del \u00c9xodo Nogoy\u00e1","url":"https:\/\/www.delexodo.com.ar\/","logo":{"@type":"ImageObject","inLanguage":"es","@id":"https:\/\/www.delexodo.com.ar\/#\/schema\/logo\/image\/","url":"https:\/\/www.delexodo.com.ar\/wp-content\/uploads\/2024\/10\/cropped-cropped-LOGO24.png","contentUrl":"https:\/\/www.delexodo.com.ar\/wp-content\/uploads\/2024\/10\/cropped-cropped-LOGO24.png","width":512,"height":349,"caption":"Del \u00c9xodo Nogoy\u00e1"},"image":{"@id":"https:\/\/www.delexodo.com.ar\/#\/schema\/logo\/image\/"}},{"@type":"Person","@id":"https:\/\/www.delexodo.com.ar\/#\/schema\/person\/bbed37f7da8e938660b34f2013ba449d","name":"admin","image":{"@type":"ImageObject","inLanguage":"es","@id":"https:\/\/www.delexodo.com.ar\/#\/schema\/person\/image\/","url":"https:\/\/secure.gravatar.com\/avatar\/6b1558d1b6df085f1901bd5bd98523d7?s=96&d=mm&r=g","contentUrl":"https:\/\/secure.gravatar.com\/avatar\/6b1558d1b6df085f1901bd5bd98523d7?s=96&d=mm&r=g","caption":"admin"},"url":"https:\/\/www.delexodo.com.ar\/?author=1"}]}},"_links":{"self":[{"href":"https:\/\/www.delexodo.com.ar\/index.php?rest_route=\/wp\/v2\/posts\/6139","targetHints":{"allow":["GET"]}}],"collection":[{"href":"https:\/\/www.delexodo.com.ar\/index.php?rest_route=\/wp\/v2\/posts"}],"about":[{"href":"https:\/\/www.delexodo.com.ar\/index.php?rest_route=\/wp\/v2\/types\/post"}],"author":[{"embeddable":true,"href":"https:\/\/www.delexodo.com.ar\/index.php?rest_route=\/wp\/v2\/users\/1"}],"replies":[{"embeddable":true,"href":"https:\/\/www.delexodo.com.ar\/index.php?rest_route=%2Fwp%2Fv2%2Fcomments&post=6139"}],"version-history":[{"count":0,"href":"https:\/\/www.delexodo.com.ar\/index.php?rest_route=\/wp\/v2\/posts\/6139\/revisions"}],"wp:featuredmedia":[{"embeddable":true,"href":"https:\/\/www.delexodo.com.ar\/index.php?rest_route=\/wp\/v2\/media\/6131"}],"wp:attachment":[{"href":"https:\/\/www.delexodo.com.ar\/index.php?rest_route=%2Fwp%2Fv2%2Fmedia&parent=6139"}],"wp:term":[{"taxonomy":"category","embeddable":true,"href":"https:\/\/www.delexodo.com.ar\/index.php?rest_route=%2Fwp%2Fv2%2Fcategories&post=6139"},{"taxonomy":"post_tag","embeddable":true,"href":"https:\/\/www.delexodo.com.ar\/index.php?rest_route=%2Fwp%2Fv2%2Ftags&post=6139"}],"curies":[{"name":"wp","href":"https:\/\/api.w.org\/{rel}","templated":true}]}}