{"id":6079,"date":"2020-04-21T20:39:51","date_gmt":"2020-04-21T23:39:51","guid":{"rendered":"http:\/\/www.delexodo.com.ar\/?p=6079"},"modified":"2020-04-21T20:39:52","modified_gmt":"2020-04-21T23:39:52","slug":"anses-suspende-el-cobro-de-creditos-hasta-junio-y-habilita-tramites-virtuales","status":"publish","type":"post","link":"https:\/\/www.delexodo.com.ar\/?p=6079","title":{"rendered":"ANSES SUSPENDE EL COBRO DE CR\u00c9DITOS HASTA JUNIO Y HABILITA TR\u00c1MITES VIRTUALES"},"content":{"rendered":"\n<p>Lo confirm\u00f3 su titular, <strong>Alejandro\nVanoli<\/strong>. La medida beneficia a m\u00e1s de 5,6 millones de jubilados y tiene un\ncosto para el Estado de $8 mil millones. Adem\u00e1s, inform\u00f3 que se habilitar\u00e1 la\nrealizaci\u00f3n de tr\u00e1mites a trav\u00e9s de la p\u00e1gina web.<\/p>\n\n\n\n<figure class=\"wp-block-embed-youtube wp-block-embed is-type-video is-provider-youtube wp-embed-aspect-16-9 wp-has-aspect-ratio\"><div class=\"wp-block-embed__wrapper\">\n<iframe loading=\"lazy\" title=\"Beneficios a jubilados y pensionados - Anuncio del director de Anses, Alejandro Vanoli\" width=\"500\" height=\"281\" src=\"https:\/\/www.youtube.com\/embed\/ASkJIIKczJM?start=435&#038;feature=oembed\" frameborder=\"0\" allow=\"accelerometer; autoplay; clipboard-write; encrypted-media; gyroscope; picture-in-picture; web-share\" referrerpolicy=\"strict-origin-when-cross-origin\" allowfullscreen><\/iframe>\n<\/div><\/figure>\n\n\n\n<p>El director ejecutivo de ANSES, Alejandro Vanoli, anunci\u00f3 la\nsuspensi\u00f3n hasta el 30 de junio del cobro de cr\u00e9ditos ANSES para jubilados y\npensionados. Vanoli, anunci\u00f3 que los 5,6 millones de jubilados, pensionados y\ntitulares de otros beneficios que est\u00e1n endeudados con el organismo no deber\u00e1n\npagar las cuotas de sus cr\u00e9ditos vigentes durante junio.<\/p>\n\n\n\n<p>La medida implicar\u00e1 <strong>\u00abun\nesfuerzo para el Estado nacional\u00bb <\/strong>de $8.800 millones y significar\u00e1\n\u00abun alivio muy importante\u00bb de 3.000 pesos m\u00e1s en el bolsillo, detall\u00f3\nel funcionario.<\/p>\n\n\n\n<figure class=\"wp-block-embed-twitter wp-block-embed is-type-rich is-provider-twitter\"><div class=\"wp-block-embed__wrapper\">\n<blockquote class=\"twitter-tweet\" data-width=\"500\" data-dnt=\"true\"><p lang=\"es\" dir=\"ltr\">La jubilaci\u00f3n m\u00ednima y la AUH aumentaron 13% en el primer trimestre de 2020 mientras que la inflaci\u00f3n en dicho per\u00edodo fue 7,8%. El 91% de los beneficios previsionales fue superior al aumento de los precios.<\/p>&mdash; Alejandro Vanoli (@avanoliok) <a href=\"https:\/\/twitter.com\/avanoliok\/status\/1252648029330575363?ref_src=twsrc%5Etfw\">April 21, 2020<\/a><\/blockquote><script async src=\"https:\/\/platform.twitter.com\/widgets.js\" charset=\"utf-8\"><\/script>\n<\/div><\/figure>\n\n\n\n<p>Vanoli destac\u00f3 que el primer trimestre \u00ablos jubilados de\nla m\u00ednima, la AUH y las distintas pensiones tuvieron un aumento del 13%\u00bb,\nmientras que \u00abla tasa de inflaci\u00f3n del trimestre fue de 7,8%\u00bb, dijo.<\/p>\n\n\n\n<p><em>\u00abLos\nobjetivos fundamentales de la pol\u00edtica econ\u00f3mica est\u00e1n orientados a empezar a\npaliar la situaci\u00f3n muy dif\u00edcil que est\u00e1n viviendo los sectores m\u00e1s\nvulnerables\u00bb<\/em>, remarc\u00f3 el director ejecutivo de Anses.<\/p>\n\n\n\n<p><strong>PAGO DE LA\nIFE<\/strong><\/p>\n\n\n\n<div class=\"wp-block-image\"><figure class=\"aligncenter\"><img loading=\"lazy\" decoding=\"async\" width=\"800\" height=\"450\" src=\"http:\/\/www.delexodo.com.ar\/wp-content\/uploads\/2020\/04\/PAGO-IFE.jpg\" alt=\"\" class=\"wp-image-6080\" srcset=\"https:\/\/www.delexodo.com.ar\/wp-content\/uploads\/2020\/04\/PAGO-IFE.jpg 800w, https:\/\/www.delexodo.com.ar\/wp-content\/uploads\/2020\/04\/PAGO-IFE-300x169.jpg 300w, https:\/\/www.delexodo.com.ar\/wp-content\/uploads\/2020\/04\/PAGO-IFE-768x432.jpg 768w\" sizes=\"auto, (max-width: 800px) 100vw, 800px\" \/><\/figure><\/div>\n\n\n\n<p>Por otra parte, Vanoli confirm\u00f3 que este martes 21 de abril,\ncomenz\u00f3 a acreditarse el monto del Ingreso Familiar de Emergencia (IFE) a las\npersonas que habi\u00e9ndose inscripto entre el 27 y 31 de marzo seleccionaron la\nopci\u00f3n de cobro por CBU, entre el 11 y el 15 de abril pasados.<\/p>\n\n\n\n<p>El esquema de pago es el siguiente: martes 21, DNI terminados\nen 0; mi\u00e9rcoles 22, en 1; jueves 23, en 2; viernes 24, en 3; lunes 27, en 4;\nmartes 28; en 5; mi\u00e9rcoles 29, en 6; jueves 30; en 7; lunes 4 de mayo,\nterminados en 8 y martes 5, en 9.<\/p>\n\n\n\n<p><strong>ELEGIR UNA\nOPCI\u00d3N<\/strong><\/p>\n\n\n\n<figure class=\"wp-block-image\"><img loading=\"lazy\" decoding=\"async\" width=\"800\" height=\"450\" src=\"http:\/\/www.delexodo.com.ar\/wp-content\/uploads\/2020\/04\/SELEC-IFE-PAGO.jpg\" alt=\"\" class=\"wp-image-6081\" srcset=\"https:\/\/www.delexodo.com.ar\/wp-content\/uploads\/2020\/04\/SELEC-IFE-PAGO.jpg 800w, https:\/\/www.delexodo.com.ar\/wp-content\/uploads\/2020\/04\/SELEC-IFE-PAGO-300x169.jpg 300w, https:\/\/www.delexodo.com.ar\/wp-content\/uploads\/2020\/04\/SELEC-IFE-PAGO-768x432.jpg 768w\" sizes=\"auto, (max-width: 800px) 100vw, 800px\" \/><\/figure>\n\n\n\n<p>Adem\u00e1s, Vanoli afirm\u00f3 que \u00aba partir del 6 de mayo,\nempiezan a cobrar quienes eligieron otras opciones de pago, cuya elecci\u00f3n\ntermin\u00f3 este lunes\u00bb, dijo el funcionario y agreg\u00f3 que son \u00abcuatro\nmillones de personas que eligieron diferentes modalidades de pago y hubo un\nremanente de ciudadanos que no hicieron uso de opci\u00f3n, por lo que decidimos que\na partir del lunes 27 de abril, van a tener otra oportunidad para aquellos a\nquienes les corresponda el IFE y no eligieron el m\u00e9todo de pago\u00bb, resalt\u00f3\nel titular de la Anses.<\/p>\n\n\n\n<p><strong>TR\u00c1MITES<\/strong><\/p>\n\n\n\n<p>El titular de la Anses afirm\u00f3 que tambi\u00e9n se habilitar\u00e1 la\natenci\u00f3n virtual para actualizar determinados datos necesarios para acceder a\ndiferentes beneficios que otorga el organismo. <em>\u00abA partir de este mi\u00e9rcoles, se habilita el mecanismo de atenci\u00f3n\nvirtual de Anses, para quienes les corresponde el beneficio de la IFE y tengan\nque acreditar distintos motivos por los que estaba pendiente, puedan\nhacerlo\u00bb<\/em>, dijo Vanoli y agreg\u00f3 que <em>\u00abpor\nejemplo, cambio de domicilio, cambio de estado civil, a\u00f1os de residencia en el\npa\u00eds, etc\u00bb<\/em>, explic\u00f3.<\/p>\n\n\n\n<p><em>\u00abLuego\nde acreditar los datos, en una nueva instancia, van a poder acceder al\nbeneficio\u00bb<\/em>, se\u00f1al\u00f3.<\/p>\n\n\n\n<p><strong>ATENCI\u00d3N\nVIRTUAL<\/strong><\/p>\n\n\n\n<p><em>\u00abVamos\na ir ampliando el conjunto de tr\u00e1mites que se van a poder hacer a trav\u00e9s de la\np\u00e1gina de internet de la Anses\u00bb, dijo Vanoli y agreg\u00f3 que en principio, se\npodr\u00e1n presentar \u00abacreditaci\u00f3n de licencia por maternidad para cobrar el\nbeneficio; tr\u00e1mites de jubilados y pensionados por beneficios que no pudieron\ncobrar y tr\u00e1mites de jubilaciones o pensiones que fueron suspendidos\u00bb<\/em>, mencion\u00f3\nel funcionario.<\/p>\n","protected":false},"excerpt":{"rendered":"<p>Lo confirm\u00f3 su titular, Alejandro Vanoli. La medida beneficia a m\u00e1s de 5,6 millones de jubilados y tiene un costo&hellip;<\/p>\n","protected":false},"author":1,"featured_media":2806,"comment_status":"open","ping_status":"open","sticky":false,"template":"","format":"standard","meta":{"_joinchat":[],"footnotes":""},"categories":[65,69],"tags":[],"class_list":["post-6079","post","type-post","status-publish","format-standard","has-post-thumbnail","hentry","category-destacados","category-noticias"],"yoast_head":"<!-- This site is optimized with the Yoast SEO plugin v25.1 - https:\/\/yoast.com\/wordpress\/plugins\/seo\/ -->\n<title>ANSES SUSPENDE EL COBRO DE CR\u00c9DITOS HASTA JUNIO Y HABILITA TR\u00c1MITES VIRTUALES - Del \u00c9xodo Nogoy\u00e1<\/title>\n<meta name=\"robots\" content=\"index, follow, max-snippet:-1, max-image-preview:large, max-video-preview:-1\" \/>\n<link rel=\"canonical\" href=\"https:\/\/www.delexodo.com.ar\/?p=6079\" \/>\n<meta property=\"og:locale\" content=\"es_ES\" \/>\n<meta property=\"og:type\" content=\"article\" \/>\n<meta property=\"og:title\" content=\"ANSES SUSPENDE EL COBRO DE CR\u00c9DITOS HASTA JUNIO Y HABILITA TR\u00c1MITES VIRTUALES - Del \u00c9xodo Nogoy\u00e1\" \/>\n<meta property=\"og:description\" content=\"Lo confirm\u00f3 su titular, Alejandro Vanoli. La medida beneficia a m\u00e1s de 5,6 millones de jubilados y tiene un costo&hellip;\" \/>\n<meta property=\"og:url\" content=\"https:\/\/www.delexodo.com.ar\/?p=6079\" \/>\n<meta property=\"og:site_name\" content=\"Del \u00c9xodo Nogoy\u00e1\" \/>\n<meta property=\"article:published_time\" content=\"2020-04-21T23:39:51+00:00\" \/>\n<meta property=\"article:modified_time\" content=\"2020-04-21T23:39:52+00:00\" \/>\n<meta property=\"og:image\" content=\"https:\/\/www.delexodo.com.ar\/wp-content\/uploads\/2019\/05\/Anses.jpg\" \/>\n\t<meta property=\"og:image:width\" content=\"448\" \/>\n\t<meta property=\"og:image:height\" content=\"266\" \/>\n\t<meta property=\"og:image:type\" content=\"image\/jpeg\" \/>\n<meta name=\"author\" content=\"admin\" \/>\n<meta name=\"twitter:card\" content=\"summary_large_image\" \/>\n<meta name=\"twitter:label1\" content=\"Escrito por\" \/>\n\t<meta name=\"twitter:data1\" content=\"admin\" \/>\n\t<meta name=\"twitter:label2\" content=\"Tiempo de lectura\" \/>\n\t<meta name=\"twitter:data2\" content=\"3 minutos\" \/>\n<script type=\"application\/ld+json\" class=\"yoast-schema-graph\">{\"@context\":\"https:\/\/schema.org\",\"@graph\":[{\"@type\":\"Article\",\"@id\":\"https:\/\/www.delexodo.com.ar\/?p=6079#article\",\"isPartOf\":{\"@id\":\"https:\/\/www.delexodo.com.ar\/?p=6079\"},\"author\":{\"name\":\"admin\",\"@id\":\"https:\/\/www.delexodo.com.ar\/#\/schema\/person\/bbed37f7da8e938660b34f2013ba449d\"},\"headline\":\"ANSES SUSPENDE EL COBRO DE CR\u00c9DITOS HASTA JUNIO Y HABILITA TR\u00c1MITES VIRTUALES\",\"datePublished\":\"2020-04-21T23:39:51+00:00\",\"dateModified\":\"2020-04-21T23:39:52+00:00\",\"mainEntityOfPage\":{\"@id\":\"https:\/\/www.delexodo.com.ar\/?p=6079\"},\"wordCount\":605,\"commentCount\":0,\"publisher\":{\"@id\":\"https:\/\/www.delexodo.com.ar\/#organization\"},\"image\":{\"@id\":\"https:\/\/www.delexodo.com.ar\/?p=6079#primaryimage\"},\"thumbnailUrl\":\"https:\/\/www.delexodo.com.ar\/wp-content\/uploads\/2019\/05\/Anses.jpg\",\"articleSection\":[\"Destacados\",\"NOTICIAS\"],\"inLanguage\":\"es\",\"potentialAction\":[{\"@type\":\"CommentAction\",\"name\":\"Comment\",\"target\":[\"https:\/\/www.delexodo.com.ar\/?p=6079#respond\"]}]},{\"@type\":\"WebPage\",\"@id\":\"https:\/\/www.delexodo.com.ar\/?p=6079\",\"url\":\"https:\/\/www.delexodo.com.ar\/?p=6079\",\"name\":\"ANSES SUSPENDE EL COBRO DE CR\u00c9DITOS HASTA JUNIO Y HABILITA TR\u00c1MITES VIRTUALES - Del \u00c9xodo Nogoy\u00e1\",\"isPartOf\":{\"@id\":\"https:\/\/www.delexodo.com.ar\/#website\"},\"primaryImageOfPage\":{\"@id\":\"https:\/\/www.delexodo.com.ar\/?p=6079#primaryimage\"},\"image\":{\"@id\":\"https:\/\/www.delexodo.com.ar\/?p=6079#primaryimage\"},\"thumbnailUrl\":\"https:\/\/www.delexodo.com.ar\/wp-content\/uploads\/2019\/05\/Anses.jpg\",\"datePublished\":\"2020-04-21T23:39:51+00:00\",\"dateModified\":\"2020-04-21T23:39:52+00:00\",\"breadcrumb\":{\"@id\":\"https:\/\/www.delexodo.com.ar\/?p=6079#breadcrumb\"},\"inLanguage\":\"es\",\"potentialAction\":[{\"@type\":\"ReadAction\",\"target\":[\"https:\/\/www.delexodo.com.ar\/?p=6079\"]}]},{\"@type\":\"ImageObject\",\"inLanguage\":\"es\",\"@id\":\"https:\/\/www.delexodo.com.ar\/?p=6079#primaryimage\",\"url\":\"https:\/\/www.delexodo.com.ar\/wp-content\/uploads\/2019\/05\/Anses.jpg\",\"contentUrl\":\"https:\/\/www.delexodo.com.ar\/wp-content\/uploads\/2019\/05\/Anses.jpg\",\"width\":448,\"height\":266},{\"@type\":\"BreadcrumbList\",\"@id\":\"https:\/\/www.delexodo.com.ar\/?p=6079#breadcrumb\",\"itemListElement\":[{\"@type\":\"ListItem\",\"position\":1,\"name\":\"Portada\",\"item\":\"https:\/\/www.delexodo.com.ar\/\"},{\"@type\":\"ListItem\",\"position\":2,\"name\":\"ANSES SUSPENDE EL COBRO DE CR\u00c9DITOS HASTA JUNIO Y HABILITA TR\u00c1MITES VIRTUALES\"}]},{\"@type\":\"WebSite\",\"@id\":\"https:\/\/www.delexodo.com.ar\/#website\",\"url\":\"https:\/\/www.delexodo.com.ar\/\",\"name\":\"Del \u00c9xodo Nogoy\u00e1\",\"description\":\"El Portal de Noticias de la Regi\u00f3n\",\"publisher\":{\"@id\":\"https:\/\/www.delexodo.com.ar\/#organization\"},\"potentialAction\":[{\"@type\":\"SearchAction\",\"target\":{\"@type\":\"EntryPoint\",\"urlTemplate\":\"https:\/\/www.delexodo.com.ar\/?s={search_term_string}\"},\"query-input\":{\"@type\":\"PropertyValueSpecification\",\"valueRequired\":true,\"valueName\":\"search_term_string\"}}],\"inLanguage\":\"es\"},{\"@type\":\"Organization\",\"@id\":\"https:\/\/www.delexodo.com.ar\/#organization\",\"name\":\"Del \u00c9xodo Nogoy\u00e1\",\"url\":\"https:\/\/www.delexodo.com.ar\/\",\"logo\":{\"@type\":\"ImageObject\",\"inLanguage\":\"es\",\"@id\":\"https:\/\/www.delexodo.com.ar\/#\/schema\/logo\/image\/\",\"url\":\"https:\/\/www.delexodo.com.ar\/wp-content\/uploads\/2024\/10\/cropped-cropped-LOGO24.png\",\"contentUrl\":\"https:\/\/www.delexodo.com.ar\/wp-content\/uploads\/2024\/10\/cropped-cropped-LOGO24.png\",\"width\":512,\"height\":349,\"caption\":\"Del \u00c9xodo Nogoy\u00e1\"},\"image\":{\"@id\":\"https:\/\/www.delexodo.com.ar\/#\/schema\/logo\/image\/\"}},{\"@type\":\"Person\",\"@id\":\"https:\/\/www.delexodo.com.ar\/#\/schema\/person\/bbed37f7da8e938660b34f2013ba449d\",\"name\":\"admin\",\"image\":{\"@type\":\"ImageObject\",\"inLanguage\":\"es\",\"@id\":\"https:\/\/www.delexodo.com.ar\/#\/schema\/person\/image\/\",\"url\":\"https:\/\/secure.gravatar.com\/avatar\/6b1558d1b6df085f1901bd5bd98523d7?s=96&d=mm&r=g\",\"contentUrl\":\"https:\/\/secure.gravatar.com\/avatar\/6b1558d1b6df085f1901bd5bd98523d7?s=96&d=mm&r=g\",\"caption\":\"admin\"},\"url\":\"https:\/\/www.delexodo.com.ar\/?author=1\"}]}<\/script>\n<!-- \/ Yoast SEO plugin. -->","yoast_head_json":{"title":"ANSES SUSPENDE EL COBRO DE CR\u00c9DITOS HASTA JUNIO Y HABILITA TR\u00c1MITES VIRTUALES - Del \u00c9xodo Nogoy\u00e1","robots":{"index":"index","follow":"follow","max-snippet":"max-snippet:-1","max-image-preview":"max-image-preview:large","max-video-preview":"max-video-preview:-1"},"canonical":"https:\/\/www.delexodo.com.ar\/?p=6079","og_locale":"es_ES","og_type":"article","og_title":"ANSES SUSPENDE EL COBRO DE CR\u00c9DITOS HASTA JUNIO Y HABILITA TR\u00c1MITES VIRTUALES - Del \u00c9xodo Nogoy\u00e1","og_description":"Lo confirm\u00f3 su titular, Alejandro Vanoli. La medida beneficia a m\u00e1s de 5,6 millones de jubilados y tiene un costo&hellip;","og_url":"https:\/\/www.delexodo.com.ar\/?p=6079","og_site_name":"Del \u00c9xodo Nogoy\u00e1","article_published_time":"2020-04-21T23:39:51+00:00","article_modified_time":"2020-04-21T23:39:52+00:00","og_image":[{"width":448,"height":266,"url":"https:\/\/www.delexodo.com.ar\/wp-content\/uploads\/2019\/05\/Anses.jpg","type":"image\/jpeg"}],"author":"admin","twitter_card":"summary_large_image","twitter_misc":{"Escrito por":"admin","Tiempo de lectura":"3 minutos"},"schema":{"@context":"https:\/\/schema.org","@graph":[{"@type":"Article","@id":"https:\/\/www.delexodo.com.ar\/?p=6079#article","isPartOf":{"@id":"https:\/\/www.delexodo.com.ar\/?p=6079"},"author":{"name":"admin","@id":"https:\/\/www.delexodo.com.ar\/#\/schema\/person\/bbed37f7da8e938660b34f2013ba449d"},"headline":"ANSES SUSPENDE EL COBRO DE CR\u00c9DITOS HASTA JUNIO Y HABILITA TR\u00c1MITES VIRTUALES","datePublished":"2020-04-21T23:39:51+00:00","dateModified":"2020-04-21T23:39:52+00:00","mainEntityOfPage":{"@id":"https:\/\/www.delexodo.com.ar\/?p=6079"},"wordCount":605,"commentCount":0,"publisher":{"@id":"https:\/\/www.delexodo.com.ar\/#organization"},"image":{"@id":"https:\/\/www.delexodo.com.ar\/?p=6079#primaryimage"},"thumbnailUrl":"https:\/\/www.delexodo.com.ar\/wp-content\/uploads\/2019\/05\/Anses.jpg","articleSection":["Destacados","NOTICIAS"],"inLanguage":"es","potentialAction":[{"@type":"CommentAction","name":"Comment","target":["https:\/\/www.delexodo.com.ar\/?p=6079#respond"]}]},{"@type":"WebPage","@id":"https:\/\/www.delexodo.com.ar\/?p=6079","url":"https:\/\/www.delexodo.com.ar\/?p=6079","name":"ANSES SUSPENDE EL COBRO DE CR\u00c9DITOS HASTA JUNIO Y HABILITA TR\u00c1MITES VIRTUALES - Del \u00c9xodo Nogoy\u00e1","isPartOf":{"@id":"https:\/\/www.delexodo.com.ar\/#website"},"primaryImageOfPage":{"@id":"https:\/\/www.delexodo.com.ar\/?p=6079#primaryimage"},"image":{"@id":"https:\/\/www.delexodo.com.ar\/?p=6079#primaryimage"},"thumbnailUrl":"https:\/\/www.delexodo.com.ar\/wp-content\/uploads\/2019\/05\/Anses.jpg","datePublished":"2020-04-21T23:39:51+00:00","dateModified":"2020-04-21T23:39:52+00:00","breadcrumb":{"@id":"https:\/\/www.delexodo.com.ar\/?p=6079#breadcrumb"},"inLanguage":"es","potentialAction":[{"@type":"ReadAction","target":["https:\/\/www.delexodo.com.ar\/?p=6079"]}]},{"@type":"ImageObject","inLanguage":"es","@id":"https:\/\/www.delexodo.com.ar\/?p=6079#primaryimage","url":"https:\/\/www.delexodo.com.ar\/wp-content\/uploads\/2019\/05\/Anses.jpg","contentUrl":"https:\/\/www.delexodo.com.ar\/wp-content\/uploads\/2019\/05\/Anses.jpg","width":448,"height":266},{"@type":"BreadcrumbList","@id":"https:\/\/www.delexodo.com.ar\/?p=6079#breadcrumb","itemListElement":[{"@type":"ListItem","position":1,"name":"Portada","item":"https:\/\/www.delexodo.com.ar\/"},{"@type":"ListItem","position":2,"name":"ANSES SUSPENDE EL COBRO DE CR\u00c9DITOS HASTA JUNIO Y HABILITA TR\u00c1MITES VIRTUALES"}]},{"@type":"WebSite","@id":"https:\/\/www.delexodo.com.ar\/#website","url":"https:\/\/www.delexodo.com.ar\/","name":"Del \u00c9xodo Nogoy\u00e1","description":"El Portal de Noticias de la Regi\u00f3n","publisher":{"@id":"https:\/\/www.delexodo.com.ar\/#organization"},"potentialAction":[{"@type":"SearchAction","target":{"@type":"EntryPoint","urlTemplate":"https:\/\/www.delexodo.com.ar\/?s={search_term_string}"},"query-input":{"@type":"PropertyValueSpecification","valueRequired":true,"valueName":"search_term_string"}}],"inLanguage":"es"},{"@type":"Organization","@id":"https:\/\/www.delexodo.com.ar\/#organization","name":"Del \u00c9xodo Nogoy\u00e1","url":"https:\/\/www.delexodo.com.ar\/","logo":{"@type":"ImageObject","inLanguage":"es","@id":"https:\/\/www.delexodo.com.ar\/#\/schema\/logo\/image\/","url":"https:\/\/www.delexodo.com.ar\/wp-content\/uploads\/2024\/10\/cropped-cropped-LOGO24.png","contentUrl":"https:\/\/www.delexodo.com.ar\/wp-content\/uploads\/2024\/10\/cropped-cropped-LOGO24.png","width":512,"height":349,"caption":"Del \u00c9xodo Nogoy\u00e1"},"image":{"@id":"https:\/\/www.delexodo.com.ar\/#\/schema\/logo\/image\/"}},{"@type":"Person","@id":"https:\/\/www.delexodo.com.ar\/#\/schema\/person\/bbed37f7da8e938660b34f2013ba449d","name":"admin","image":{"@type":"ImageObject","inLanguage":"es","@id":"https:\/\/www.delexodo.com.ar\/#\/schema\/person\/image\/","url":"https:\/\/secure.gravatar.com\/avatar\/6b1558d1b6df085f1901bd5bd98523d7?s=96&d=mm&r=g","contentUrl":"https:\/\/secure.gravatar.com\/avatar\/6b1558d1b6df085f1901bd5bd98523d7?s=96&d=mm&r=g","caption":"admin"},"url":"https:\/\/www.delexodo.com.ar\/?author=1"}]}},"_links":{"self":[{"href":"https:\/\/www.delexodo.com.ar\/index.php?rest_route=\/wp\/v2\/posts\/6079","targetHints":{"allow":["GET"]}}],"collection":[{"href":"https:\/\/www.delexodo.com.ar\/index.php?rest_route=\/wp\/v2\/posts"}],"about":[{"href":"https:\/\/www.delexodo.com.ar\/index.php?rest_route=\/wp\/v2\/types\/post"}],"author":[{"embeddable":true,"href":"https:\/\/www.delexodo.com.ar\/index.php?rest_route=\/wp\/v2\/users\/1"}],"replies":[{"embeddable":true,"href":"https:\/\/www.delexodo.com.ar\/index.php?rest_route=%2Fwp%2Fv2%2Fcomments&post=6079"}],"version-history":[{"count":0,"href":"https:\/\/www.delexodo.com.ar\/index.php?rest_route=\/wp\/v2\/posts\/6079\/revisions"}],"wp:featuredmedia":[{"embeddable":true,"href":"https:\/\/www.delexodo.com.ar\/index.php?rest_route=\/wp\/v2\/media\/2806"}],"wp:attachment":[{"href":"https:\/\/www.delexodo.com.ar\/index.php?rest_route=%2Fwp%2Fv2%2Fmedia&parent=6079"}],"wp:term":[{"taxonomy":"category","embeddable":true,"href":"https:\/\/www.delexodo.com.ar\/index.php?rest_route=%2Fwp%2Fv2%2Fcategories&post=6079"},{"taxonomy":"post_tag","embeddable":true,"href":"https:\/\/www.delexodo.com.ar\/index.php?rest_route=%2Fwp%2Fv2%2Ftags&post=6079"}],"curies":[{"name":"wp","href":"https:\/\/api.w.org\/{rel}","templated":true}]}}