{"id":6077,"date":"2020-04-21T20:31:46","date_gmt":"2020-04-21T23:31:46","guid":{"rendered":"http:\/\/www.delexodo.com.ar\/?p=6077"},"modified":"2020-04-21T20:31:46","modified_gmt":"2020-04-21T23:31:46","slug":"manana-se-abre-el-plazo-para-actualizar-los-datos-de-los-solicitantes-del-ife-cuya-solicitud-no-fue-aprobada","status":"publish","type":"post","link":"https:\/\/www.delexodo.com.ar\/?p=6077","title":{"rendered":"MA\u00d1ANA SE ABRE EL PLAZO PARA ACTUALIZAR LOS DATOS DE LOS SOLICITANTES DEL IFE CUYA SOLICITUD NO FUE APROBADA"},"content":{"rendered":"\n<p><em>La ANSES informa que, a partir de ma\u00f1ana, mi\u00e9rcoles 22 de abril, todas aquellas personas cuya solicitud para acceder al Ingreso Familiar de Emergencia (IFE) no fue aprobada podr\u00e1n actualizar sus datos para que vuelva a considerarse su caso.\u200b\u00a0\u00a0<\/em><\/p>\n\n\n\n<p>El plazo para presentar los pedidos y aportar los datos que se le solicitar\u00e1n comienza el 22 y se extender\u00e1 hasta el jueves 23 inclusive, para los DNI terminados en 0, deber\u00e1n ingresar a la p\u00e1gina Web de la ANSES y dirigirse a Atenci\u00f3n Virtual, que\u00a0<strong>atender\u00e1 las consultas entre las 8 y las 16 horas<\/strong>. De esta manera, la Atenci\u00f3n Virtual admitir\u00e1 un m\u00e1ximo de 25.000 tr\u00e1mites diarios, cuando se llega a ese n\u00famero, el sistema deja de receptar solicitudes para ese d\u00eda por razones operativas y a efectos de poder realizar cada tr\u00e1mite con celeridad y prontitud.<\/p>\n\n\n\n<p>Asimismo, el cronograma de ingreso a&nbsp;<a href=\"http:\/\/www.anses.gob.ar\/\" target=\"_blank\" rel=\"noreferrer noopener\">www.anses.gob.ar<\/a>&nbsp;para el resto de los beneficiarios seg\u00fan la terminaci\u00f3n de su DNI es el siguiente:<\/p>\n\n\n\n<ul class=\"wp-block-list\"><li>Viernes 24 y lunes 27 de abril, los DNI terminados en 1<\/li><li>Martes 28 y mi\u00e9rcoles 29 de abril, los DNI terminados en 2<\/li><li>Jueves 30 de abril y lunes 4 de mayo, los DNI terminados en 3<\/li><li>Martes 5 y mi\u00e9rcoles 6 de mayo, los DNI terminados en 4<\/li><li>Jueves 7 y viernes 8 de mayo, los DNI terminados en 5<\/li><li>Lunes 11 y martes 12 de mayo, los DNI terminados en 6<\/li><li>Mi\u00e9rcoles 13 y jueves 14 de mayo, los DNI terminados en 7<\/li><li>Viernes 15 y lunes 18 de mayo, los DNI terminados en 8<\/li><li>Martes 19 y mi\u00e9rcoles 20 de mayo, los DNI terminados en 9<\/li><\/ul>\n\n\n\n<p>A partir del 21 de mayo podr\u00e1n volver a ingresar por terminaci\u00f3n de DNI quienes no hayan podido hacerlo en los d\u00edas que les correspond\u00eda.<\/p>\n\n\n\n<p>En este sentido, debe tenerse en cuenta que las \u00fanicas solicitudes que se van a reconsiderar son aquellas cuya no aprobaci\u00f3n se debi\u00f3 a problemas relacionados con la falta de actualizaci\u00f3n en la base de datos de la ANSES.<\/p>\n\n\n\n<p>Se deber\u00e1 tener a mano el n\u00famero de CUIL y la Clave de la Seguridad Social podr\u00e1 comenzar el tr\u00e1mite. En caso de no poseer la Clave, puede crearla en<strong>\u00a0<\/strong><a href=\"http:\/\/www.anses.gob.ar\"><strong>www.anses.gob.ar<\/strong><\/a>.<\/p>\n\n\n\n<p>Cabe destacar que la ANSES revisar\u00e1 autom\u00e1ticamente los casos de aquellas personas que perdieron su empleo durante los meses de febrero y marzo y solicitaron el IFE, el cual no les fue aprobado porque la declaraci\u00f3n jurada del cese del contrato de tr\u200babajo no hab\u00eda ingresado a\u00fan en la base de datos del organismo.<\/p>\n\n\n\n<p>De esta manera y en el marco de los planes de emergencia adoptados por el Gobierno nacional ante la pandemia del COVID-19, con esta instancia de reconsideraci\u00f3n se est\u00e1 ampliando a\u00fan m\u00e1s la cobertura del IFE que, hasta el momento, beneficia a casi ocho millones de personas, con un presupuesto total de 80.000 millones de pesos.<\/p>\n","protected":false},"excerpt":{"rendered":"<p>La ANSES informa que, a partir de ma\u00f1ana, mi\u00e9rcoles 22 de abril, todas aquellas personas cuya solicitud para acceder al&hellip;<\/p>\n","protected":false},"author":1,"featured_media":5983,"comment_status":"open","ping_status":"open","sticky":false,"template":"","format":"standard","meta":{"_joinchat":[],"footnotes":""},"categories":[65,69],"tags":[345],"class_list":["post-6077","post","type-post","status-publish","format-standard","has-post-thumbnail","hentry","category-destacados","category-noticias","tag-destacar"],"yoast_head":"<!-- This site is optimized with the Yoast SEO plugin v25.1 - https:\/\/yoast.com\/wordpress\/plugins\/seo\/ -->\n<title>MA\u00d1ANA SE ABRE EL PLAZO PARA ACTUALIZAR LOS DATOS DE LOS SOLICITANTES DEL IFE CUYA SOLICITUD NO FUE APROBADA - Del \u00c9xodo Nogoy\u00e1<\/title>\n<meta name=\"robots\" content=\"index, follow, max-snippet:-1, max-image-preview:large, max-video-preview:-1\" \/>\n<link rel=\"canonical\" href=\"https:\/\/www.delexodo.com.ar\/?p=6077\" \/>\n<meta property=\"og:locale\" content=\"es_ES\" \/>\n<meta property=\"og:type\" content=\"article\" \/>\n<meta property=\"og:title\" content=\"MA\u00d1ANA SE ABRE EL PLAZO PARA ACTUALIZAR LOS DATOS DE LOS SOLICITANTES DEL IFE CUYA SOLICITUD NO FUE APROBADA - Del \u00c9xodo Nogoy\u00e1\" \/>\n<meta property=\"og:description\" content=\"La ANSES informa que, a partir de ma\u00f1ana, mi\u00e9rcoles 22 de abril, todas aquellas personas cuya solicitud para acceder al&hellip;\" \/>\n<meta property=\"og:url\" content=\"https:\/\/www.delexodo.com.ar\/?p=6077\" \/>\n<meta property=\"og:site_name\" content=\"Del \u00c9xodo Nogoy\u00e1\" \/>\n<meta property=\"article:published_time\" content=\"2020-04-21T23:31:46+00:00\" \/>\n<meta property=\"og:image\" content=\"https:\/\/www.delexodo.com.ar\/wp-content\/uploads\/2020\/04\/IFE-AVISO.jpg\" \/>\n\t<meta property=\"og:image:width\" content=\"800\" \/>\n\t<meta property=\"og:image:height\" content=\"450\" \/>\n\t<meta property=\"og:image:type\" content=\"image\/jpeg\" \/>\n<meta name=\"author\" content=\"admin\" \/>\n<meta name=\"twitter:card\" content=\"summary_large_image\" \/>\n<meta name=\"twitter:label1\" content=\"Escrito por\" \/>\n\t<meta name=\"twitter:data1\" content=\"admin\" \/>\n\t<meta name=\"twitter:label2\" content=\"Tiempo de lectura\" \/>\n\t<meta name=\"twitter:data2\" content=\"2 minutos\" \/>\n<script type=\"application\/ld+json\" class=\"yoast-schema-graph\">{\"@context\":\"https:\/\/schema.org\",\"@graph\":[{\"@type\":\"Article\",\"@id\":\"https:\/\/www.delexodo.com.ar\/?p=6077#article\",\"isPartOf\":{\"@id\":\"https:\/\/www.delexodo.com.ar\/?p=6077\"},\"author\":{\"name\":\"admin\",\"@id\":\"https:\/\/www.delexodo.com.ar\/#\/schema\/person\/bbed37f7da8e938660b34f2013ba449d\"},\"headline\":\"MA\u00d1ANA SE ABRE EL PLAZO PARA ACTUALIZAR LOS DATOS DE LOS SOLICITANTES DEL IFE CUYA SOLICITUD NO FUE APROBADA\",\"datePublished\":\"2020-04-21T23:31:46+00:00\",\"mainEntityOfPage\":{\"@id\":\"https:\/\/www.delexodo.com.ar\/?p=6077\"},\"wordCount\":502,\"commentCount\":0,\"publisher\":{\"@id\":\"https:\/\/www.delexodo.com.ar\/#organization\"},\"image\":{\"@id\":\"https:\/\/www.delexodo.com.ar\/?p=6077#primaryimage\"},\"thumbnailUrl\":\"https:\/\/www.delexodo.com.ar\/wp-content\/uploads\/2020\/04\/IFE-AVISO.jpg\",\"keywords\":[\"destacar\"],\"articleSection\":[\"Destacados\",\"NOTICIAS\"],\"inLanguage\":\"es\",\"potentialAction\":[{\"@type\":\"CommentAction\",\"name\":\"Comment\",\"target\":[\"https:\/\/www.delexodo.com.ar\/?p=6077#respond\"]}]},{\"@type\":\"WebPage\",\"@id\":\"https:\/\/www.delexodo.com.ar\/?p=6077\",\"url\":\"https:\/\/www.delexodo.com.ar\/?p=6077\",\"name\":\"MA\u00d1ANA SE ABRE EL PLAZO PARA ACTUALIZAR LOS DATOS DE LOS SOLICITANTES DEL IFE CUYA SOLICITUD NO FUE APROBADA - Del \u00c9xodo Nogoy\u00e1\",\"isPartOf\":{\"@id\":\"https:\/\/www.delexodo.com.ar\/#website\"},\"primaryImageOfPage\":{\"@id\":\"https:\/\/www.delexodo.com.ar\/?p=6077#primaryimage\"},\"image\":{\"@id\":\"https:\/\/www.delexodo.com.ar\/?p=6077#primaryimage\"},\"thumbnailUrl\":\"https:\/\/www.delexodo.com.ar\/wp-content\/uploads\/2020\/04\/IFE-AVISO.jpg\",\"datePublished\":\"2020-04-21T23:31:46+00:00\",\"breadcrumb\":{\"@id\":\"https:\/\/www.delexodo.com.ar\/?p=6077#breadcrumb\"},\"inLanguage\":\"es\",\"potentialAction\":[{\"@type\":\"ReadAction\",\"target\":[\"https:\/\/www.delexodo.com.ar\/?p=6077\"]}]},{\"@type\":\"ImageObject\",\"inLanguage\":\"es\",\"@id\":\"https:\/\/www.delexodo.com.ar\/?p=6077#primaryimage\",\"url\":\"https:\/\/www.delexodo.com.ar\/wp-content\/uploads\/2020\/04\/IFE-AVISO.jpg\",\"contentUrl\":\"https:\/\/www.delexodo.com.ar\/wp-content\/uploads\/2020\/04\/IFE-AVISO.jpg\",\"width\":800,\"height\":450},{\"@type\":\"BreadcrumbList\",\"@id\":\"https:\/\/www.delexodo.com.ar\/?p=6077#breadcrumb\",\"itemListElement\":[{\"@type\":\"ListItem\",\"position\":1,\"name\":\"Portada\",\"item\":\"https:\/\/www.delexodo.com.ar\/\"},{\"@type\":\"ListItem\",\"position\":2,\"name\":\"MA\u00d1ANA SE ABRE EL PLAZO PARA ACTUALIZAR LOS DATOS DE LOS SOLICITANTES DEL IFE CUYA SOLICITUD NO FUE APROBADA\"}]},{\"@type\":\"WebSite\",\"@id\":\"https:\/\/www.delexodo.com.ar\/#website\",\"url\":\"https:\/\/www.delexodo.com.ar\/\",\"name\":\"Del \u00c9xodo Nogoy\u00e1\",\"description\":\"El Portal de Noticias de la Regi\u00f3n\",\"publisher\":{\"@id\":\"https:\/\/www.delexodo.com.ar\/#organization\"},\"potentialAction\":[{\"@type\":\"SearchAction\",\"target\":{\"@type\":\"EntryPoint\",\"urlTemplate\":\"https:\/\/www.delexodo.com.ar\/?s={search_term_string}\"},\"query-input\":{\"@type\":\"PropertyValueSpecification\",\"valueRequired\":true,\"valueName\":\"search_term_string\"}}],\"inLanguage\":\"es\"},{\"@type\":\"Organization\",\"@id\":\"https:\/\/www.delexodo.com.ar\/#organization\",\"name\":\"Del \u00c9xodo Nogoy\u00e1\",\"url\":\"https:\/\/www.delexodo.com.ar\/\",\"logo\":{\"@type\":\"ImageObject\",\"inLanguage\":\"es\",\"@id\":\"https:\/\/www.delexodo.com.ar\/#\/schema\/logo\/image\/\",\"url\":\"https:\/\/www.delexodo.com.ar\/wp-content\/uploads\/2024\/10\/cropped-cropped-LOGO24.png\",\"contentUrl\":\"https:\/\/www.delexodo.com.ar\/wp-content\/uploads\/2024\/10\/cropped-cropped-LOGO24.png\",\"width\":512,\"height\":349,\"caption\":\"Del \u00c9xodo Nogoy\u00e1\"},\"image\":{\"@id\":\"https:\/\/www.delexodo.com.ar\/#\/schema\/logo\/image\/\"}},{\"@type\":\"Person\",\"@id\":\"https:\/\/www.delexodo.com.ar\/#\/schema\/person\/bbed37f7da8e938660b34f2013ba449d\",\"name\":\"admin\",\"image\":{\"@type\":\"ImageObject\",\"inLanguage\":\"es\",\"@id\":\"https:\/\/www.delexodo.com.ar\/#\/schema\/person\/image\/\",\"url\":\"https:\/\/secure.gravatar.com\/avatar\/6b1558d1b6df085f1901bd5bd98523d7?s=96&d=mm&r=g\",\"contentUrl\":\"https:\/\/secure.gravatar.com\/avatar\/6b1558d1b6df085f1901bd5bd98523d7?s=96&d=mm&r=g\",\"caption\":\"admin\"},\"url\":\"https:\/\/www.delexodo.com.ar\/?author=1\"}]}<\/script>\n<!-- \/ Yoast SEO plugin. -->","yoast_head_json":{"title":"MA\u00d1ANA SE ABRE EL PLAZO PARA ACTUALIZAR LOS DATOS DE LOS SOLICITANTES DEL IFE CUYA SOLICITUD NO FUE APROBADA - Del \u00c9xodo Nogoy\u00e1","robots":{"index":"index","follow":"follow","max-snippet":"max-snippet:-1","max-image-preview":"max-image-preview:large","max-video-preview":"max-video-preview:-1"},"canonical":"https:\/\/www.delexodo.com.ar\/?p=6077","og_locale":"es_ES","og_type":"article","og_title":"MA\u00d1ANA SE ABRE EL PLAZO PARA ACTUALIZAR LOS DATOS DE LOS SOLICITANTES DEL IFE CUYA SOLICITUD NO FUE APROBADA - Del \u00c9xodo Nogoy\u00e1","og_description":"La ANSES informa que, a partir de ma\u00f1ana, mi\u00e9rcoles 22 de abril, todas aquellas personas cuya solicitud para acceder al&hellip;","og_url":"https:\/\/www.delexodo.com.ar\/?p=6077","og_site_name":"Del \u00c9xodo Nogoy\u00e1","article_published_time":"2020-04-21T23:31:46+00:00","og_image":[{"width":800,"height":450,"url":"https:\/\/www.delexodo.com.ar\/wp-content\/uploads\/2020\/04\/IFE-AVISO.jpg","type":"image\/jpeg"}],"author":"admin","twitter_card":"summary_large_image","twitter_misc":{"Escrito por":"admin","Tiempo de lectura":"2 minutos"},"schema":{"@context":"https:\/\/schema.org","@graph":[{"@type":"Article","@id":"https:\/\/www.delexodo.com.ar\/?p=6077#article","isPartOf":{"@id":"https:\/\/www.delexodo.com.ar\/?p=6077"},"author":{"name":"admin","@id":"https:\/\/www.delexodo.com.ar\/#\/schema\/person\/bbed37f7da8e938660b34f2013ba449d"},"headline":"MA\u00d1ANA SE ABRE EL PLAZO PARA ACTUALIZAR LOS DATOS DE LOS SOLICITANTES DEL IFE CUYA SOLICITUD NO FUE APROBADA","datePublished":"2020-04-21T23:31:46+00:00","mainEntityOfPage":{"@id":"https:\/\/www.delexodo.com.ar\/?p=6077"},"wordCount":502,"commentCount":0,"publisher":{"@id":"https:\/\/www.delexodo.com.ar\/#organization"},"image":{"@id":"https:\/\/www.delexodo.com.ar\/?p=6077#primaryimage"},"thumbnailUrl":"https:\/\/www.delexodo.com.ar\/wp-content\/uploads\/2020\/04\/IFE-AVISO.jpg","keywords":["destacar"],"articleSection":["Destacados","NOTICIAS"],"inLanguage":"es","potentialAction":[{"@type":"CommentAction","name":"Comment","target":["https:\/\/www.delexodo.com.ar\/?p=6077#respond"]}]},{"@type":"WebPage","@id":"https:\/\/www.delexodo.com.ar\/?p=6077","url":"https:\/\/www.delexodo.com.ar\/?p=6077","name":"MA\u00d1ANA SE ABRE EL PLAZO PARA ACTUALIZAR LOS DATOS DE LOS SOLICITANTES DEL IFE CUYA SOLICITUD NO FUE APROBADA - Del \u00c9xodo Nogoy\u00e1","isPartOf":{"@id":"https:\/\/www.delexodo.com.ar\/#website"},"primaryImageOfPage":{"@id":"https:\/\/www.delexodo.com.ar\/?p=6077#primaryimage"},"image":{"@id":"https:\/\/www.delexodo.com.ar\/?p=6077#primaryimage"},"thumbnailUrl":"https:\/\/www.delexodo.com.ar\/wp-content\/uploads\/2020\/04\/IFE-AVISO.jpg","datePublished":"2020-04-21T23:31:46+00:00","breadcrumb":{"@id":"https:\/\/www.delexodo.com.ar\/?p=6077#breadcrumb"},"inLanguage":"es","potentialAction":[{"@type":"ReadAction","target":["https:\/\/www.delexodo.com.ar\/?p=6077"]}]},{"@type":"ImageObject","inLanguage":"es","@id":"https:\/\/www.delexodo.com.ar\/?p=6077#primaryimage","url":"https:\/\/www.delexodo.com.ar\/wp-content\/uploads\/2020\/04\/IFE-AVISO.jpg","contentUrl":"https:\/\/www.delexodo.com.ar\/wp-content\/uploads\/2020\/04\/IFE-AVISO.jpg","width":800,"height":450},{"@type":"BreadcrumbList","@id":"https:\/\/www.delexodo.com.ar\/?p=6077#breadcrumb","itemListElement":[{"@type":"ListItem","position":1,"name":"Portada","item":"https:\/\/www.delexodo.com.ar\/"},{"@type":"ListItem","position":2,"name":"MA\u00d1ANA SE ABRE EL PLAZO PARA ACTUALIZAR LOS DATOS DE LOS SOLICITANTES DEL IFE CUYA SOLICITUD NO FUE APROBADA"}]},{"@type":"WebSite","@id":"https:\/\/www.delexodo.com.ar\/#website","url":"https:\/\/www.delexodo.com.ar\/","name":"Del \u00c9xodo Nogoy\u00e1","description":"El Portal de Noticias de la Regi\u00f3n","publisher":{"@id":"https:\/\/www.delexodo.com.ar\/#organization"},"potentialAction":[{"@type":"SearchAction","target":{"@type":"EntryPoint","urlTemplate":"https:\/\/www.delexodo.com.ar\/?s={search_term_string}"},"query-input":{"@type":"PropertyValueSpecification","valueRequired":true,"valueName":"search_term_string"}}],"inLanguage":"es"},{"@type":"Organization","@id":"https:\/\/www.delexodo.com.ar\/#organization","name":"Del \u00c9xodo Nogoy\u00e1","url":"https:\/\/www.delexodo.com.ar\/","logo":{"@type":"ImageObject","inLanguage":"es","@id":"https:\/\/www.delexodo.com.ar\/#\/schema\/logo\/image\/","url":"https:\/\/www.delexodo.com.ar\/wp-content\/uploads\/2024\/10\/cropped-cropped-LOGO24.png","contentUrl":"https:\/\/www.delexodo.com.ar\/wp-content\/uploads\/2024\/10\/cropped-cropped-LOGO24.png","width":512,"height":349,"caption":"Del \u00c9xodo Nogoy\u00e1"},"image":{"@id":"https:\/\/www.delexodo.com.ar\/#\/schema\/logo\/image\/"}},{"@type":"Person","@id":"https:\/\/www.delexodo.com.ar\/#\/schema\/person\/bbed37f7da8e938660b34f2013ba449d","name":"admin","image":{"@type":"ImageObject","inLanguage":"es","@id":"https:\/\/www.delexodo.com.ar\/#\/schema\/person\/image\/","url":"https:\/\/secure.gravatar.com\/avatar\/6b1558d1b6df085f1901bd5bd98523d7?s=96&d=mm&r=g","contentUrl":"https:\/\/secure.gravatar.com\/avatar\/6b1558d1b6df085f1901bd5bd98523d7?s=96&d=mm&r=g","caption":"admin"},"url":"https:\/\/www.delexodo.com.ar\/?author=1"}]}},"_links":{"self":[{"href":"https:\/\/www.delexodo.com.ar\/index.php?rest_route=\/wp\/v2\/posts\/6077","targetHints":{"allow":["GET"]}}],"collection":[{"href":"https:\/\/www.delexodo.com.ar\/index.php?rest_route=\/wp\/v2\/posts"}],"about":[{"href":"https:\/\/www.delexodo.com.ar\/index.php?rest_route=\/wp\/v2\/types\/post"}],"author":[{"embeddable":true,"href":"https:\/\/www.delexodo.com.ar\/index.php?rest_route=\/wp\/v2\/users\/1"}],"replies":[{"embeddable":true,"href":"https:\/\/www.delexodo.com.ar\/index.php?rest_route=%2Fwp%2Fv2%2Fcomments&post=6077"}],"version-history":[{"count":0,"href":"https:\/\/www.delexodo.com.ar\/index.php?rest_route=\/wp\/v2\/posts\/6077\/revisions"}],"wp:featuredmedia":[{"embeddable":true,"href":"https:\/\/www.delexodo.com.ar\/index.php?rest_route=\/wp\/v2\/media\/5983"}],"wp:attachment":[{"href":"https:\/\/www.delexodo.com.ar\/index.php?rest_route=%2Fwp%2Fv2%2Fmedia&parent=6077"}],"wp:term":[{"taxonomy":"category","embeddable":true,"href":"https:\/\/www.delexodo.com.ar\/index.php?rest_route=%2Fwp%2Fv2%2Fcategories&post=6077"},{"taxonomy":"post_tag","embeddable":true,"href":"https:\/\/www.delexodo.com.ar\/index.php?rest_route=%2Fwp%2Fv2%2Ftags&post=6077"}],"curies":[{"name":"wp","href":"https:\/\/api.w.org\/{rel}","templated":true}]}}