{"id":6071,"date":"2020-04-20T22:21:50","date_gmt":"2020-04-21T01:21:50","guid":{"rendered":"http:\/\/www.delexodo.com.ar\/?p=6071"},"modified":"2020-04-20T22:21:51","modified_gmt":"2020-04-21T01:21:51","slug":"covid19-la-economia-en-tiempos-de-cuarentena","status":"publish","type":"post","link":"https:\/\/www.delexodo.com.ar\/?p=6071","title":{"rendered":"COVID19: LA ECONOM\u00cdA EN TIEMPOS DE CUARENTENA"},"content":{"rendered":"\n<p>La pandemia global ha generado que profesionales de la econom\u00eda del mundo expresen sus opiniones respecto de las diferentes posibilidades del escenario econ\u00f3mico que dejar\u00e1 el virus en esta lenta transici\u00f3n en b\u00fasqueda de una cuarentena administrada que nos permita dinamizar el mercado.<\/p>\n\n\n\n<p>En este contexto y a un mes de la aplicaci\u00f3n del \u00abaislamiento social preventivo y obligatorio\u00bb dialogamos con el Licenciado <strong>RAMIRO FARIAS<\/strong>, de Farias Consultores, un especialista en Mercados Agropecuarios, asesor en finanzas y mercado de capitales, consultor de productores y empresas agroindustriales y docente en la Universidad Nacional de Villa Mar\u00eda que nos muestra el panorama actual del pa\u00eds y el mundo y algunas posibles proyecciones del mercado post coronavirus.<\/p>\n\n\n\n<figure class=\"wp-block-embed-youtube wp-block-embed is-type-video is-provider-youtube wp-embed-aspect-16-9 wp-has-aspect-ratio\"><div class=\"wp-block-embed__wrapper\">\n<iframe loading=\"lazy\" title=\"#AIRE #MxV - RAMIRO FARIAS de Farias Consultores - LA ECONOM\u00cdA EN TIEMPOS DE COVI19\" width=\"500\" height=\"281\" src=\"https:\/\/www.youtube.com\/embed\/0OqKkZ8KXP4?feature=oembed\" frameborder=\"0\" allow=\"accelerometer; autoplay; clipboard-write; encrypted-media; gyroscope; picture-in-picture; web-share\" referrerpolicy=\"strict-origin-when-cross-origin\" allowfullscreen><\/iframe>\n<\/div><\/figure>\n\n\n\n<p>\u201c<strong>El impacto econ\u00f3mico de la Cuarentena en Argentina podr\u00eda rondar los u$s 27.500 millones, equivalentes al 6% del PBI<\/strong>\u201d, es la proyecci\u00f3n que realiza un reciente informe de Farias Consultores.<\/p>\n\n\n\n<p>A un mes de haber comenzado oficialmente la Cuarentena obligatoria dispuesta por el gobierno nacional para evitar la propagaci\u00f3n del COVID-19 y que, en principio, concluir\u00eda para algunos sectores de la poblaci\u00f3n el pr\u00f3ximo 26 de abril (ya que no hay certezas sobre su extensi\u00f3n),\u00a0<strong>los analistas comienzan a hacer sus estimaciones sobre las p\u00e9rdidas econ\u00f3micas que el parate econ\u00f3mico y social podr\u00eda tener para las cuentas del pa\u00eds<\/strong>.<\/p>\n\n\n\n<p>Con este panorama, el art\u00edculo elaborado por el Lic. Ramiro Farias, analiza el impacto del Coronavirus en la econom\u00eda mundial, pero espec\u00edficamente plantea qu\u00e9 se puede esperar para la Argentina.<\/p>\n\n\n\n<p><strong>\u00bfQu\u00e9 esperar?<\/strong><br>A nivel global, \u201cla magnitud de la crisis actual desatada por el COVID-19, estar\u00e1 directamente relacionada a la duraci\u00f3n y gravedad que conlleve su desenlace\u201d, es una de las conclusiones a las que arriba el informe.<\/p>\n\n\n\n<p>El reporte se plantea una comparaci\u00f3n hipot\u00e9tica en cuanto al impacto de la Cuarentena suponiendo un per\u00edodo de 90 d\u00edas de duraci\u00f3n para Estados Unidos, de 60 d\u00edas para la Uni\u00f3n Europea y de 45 d\u00edas para Argentina.<\/p>\n\n\n\n<p>En Estados Unidos, el impacto econ\u00f3mico podr\u00eda implicar un 12% de su PBI, mientras que para la U.E. ser\u00eda del 8 %.<\/p>\n\n\n\n<p><strong>En Argentina, pese a haber tomado medidas preventivas de manera anticipada, el impacto no ser\u00eda menor, y podr\u00eda llegar a representar el 6% del PBI, lo que equivale a unos u$s 27.500 millones<\/strong>.<\/p>\n\n\n\n<p>El economista analiza que \u201cla desventaja que posee nuestro pa\u00eds es la existencia de una situaci\u00f3n macro y microecon\u00f3mica de extrema fragilidad al momento de la aparici\u00f3n de este \u201cCisne Negro\u201d, aspecto que condiciona fuertemente la disponibilidad de recursos para emprender una reactivaci\u00f3n econ\u00f3mica\u201d.<\/p>\n\n\n\n<p>\u201c<strong>En el corto plazo, nos tocar\u00e1 atravesar lo peor de la crisis sanitaria y econ\u00f3mica en el mes de mayo y junio, con una llegada del invierno que ya de por s\u00ed presenta un menor ritmo de actividad<\/strong>\u201d, considera Farias.<\/p>\n\n\n\n<p>\u201cLos meses de julio y agosto servir\u00e1n para \u201ccontar las bajas\u201d, siendo visibles los efectos de la ruptura en la cadena de pagos de los meses previos\u201d, advierte.<\/p>\n\n\n\n<p>Sin embargo, se esperanza que \u201c<strong>en septiembre podr\u00eda iniciar el proceso de recuperaci\u00f3n gradual de la econom\u00eda nacional<\/strong>\u201d.<\/p>\n\n\n\n<p>El escenario descripto est\u00e1 en sinton\u00eda con la proyecci\u00f3n realizada por el Banco Mundial, que pronostica una ca\u00edda del 6% del PBI en Argentina en 2020 y una posible recuperaci\u00f3n en torno al 2,2% y 2,3% a partir del 2021. (Del Portal Agroverdad)<\/p>\n\n\n\n<figure class=\"wp-block-embed-twitter wp-block-embed is-type-rich is-provider-twitter\"><div class=\"wp-block-embed__wrapper\">\n<blockquote class=\"twitter-tweet\" data-width=\"500\" data-dnt=\"true\"><p lang=\"es\" dir=\"ltr\">El impacto econ\u00f3mico de la cuarentena en Argentina rondar\u00eda los 27.500 millones USD = al 6% del PBI. En septiembre iniciar\u00eda el proceso de recuperaci\u00f3n gradual de la econom\u00eda por la cosecha, China y pol\u00edtica de est\u00edmulos<br>+info\ud83d\udc49 <a href=\"https:\/\/t.co\/rPvznS7iCy\">https:\/\/t.co\/rPvznS7iCy<\/a><a href=\"https:\/\/twitter.com\/hashtag\/Econom%C3%ADa?src=hash&amp;ref_src=twsrc%5Etfw\">#Econom\u00eda<\/a> <a href=\"https:\/\/twitter.com\/hashtag\/Covid19argentina?src=hash&amp;ref_src=twsrc%5Etfw\">#Covid19argentina<\/a> <a href=\"https:\/\/t.co\/tTkHpder05\">pic.twitter.com\/tTkHpder05<\/a><\/p>&mdash; Farias Consultores (@fariasconsult) <a href=\"https:\/\/twitter.com\/fariasconsult\/status\/1250042969706676224?ref_src=twsrc%5Etfw\">April 14, 2020<\/a><\/blockquote><script async src=\"https:\/\/platform.twitter.com\/widgets.js\" charset=\"utf-8\"><\/script>\n<\/div><\/figure>\n","protected":false},"excerpt":{"rendered":"<p>La pandemia global ha generado que profesionales de la econom\u00eda del mundo expresen sus opiniones respecto de las diferentes posibilidades&hellip;<\/p>\n","protected":false},"author":1,"featured_media":6072,"comment_status":"open","ping_status":"open","sticky":false,"template":"","format":"standard","meta":{"_joinchat":[],"footnotes":""},"categories":[65,351,69,349],"tags":[],"class_list":["post-6071","post","type-post","status-publish","format-standard","has-post-thumbnail","hentry","category-destacados","category-el-campo","category-noticias","category-politica"],"yoast_head":"<!-- This site is optimized with the Yoast SEO plugin v25.1 - https:\/\/yoast.com\/wordpress\/plugins\/seo\/ -->\n<title>COVID19: LA ECONOM\u00cdA EN TIEMPOS DE CUARENTENA - Del \u00c9xodo Nogoy\u00e1<\/title>\n<meta name=\"robots\" content=\"index, follow, max-snippet:-1, max-image-preview:large, max-video-preview:-1\" \/>\n<link rel=\"canonical\" href=\"https:\/\/www.delexodo.com.ar\/?p=6071\" \/>\n<meta property=\"og:locale\" content=\"es_ES\" \/>\n<meta property=\"og:type\" content=\"article\" \/>\n<meta property=\"og:title\" content=\"COVID19: LA ECONOM\u00cdA EN TIEMPOS DE CUARENTENA - Del \u00c9xodo Nogoy\u00e1\" \/>\n<meta property=\"og:description\" content=\"La pandemia global ha generado que profesionales de la econom\u00eda del mundo expresen sus opiniones respecto de las diferentes posibilidades&hellip;\" \/>\n<meta property=\"og:url\" content=\"https:\/\/www.delexodo.com.ar\/?p=6071\" \/>\n<meta property=\"og:site_name\" content=\"Del \u00c9xodo Nogoy\u00e1\" \/>\n<meta property=\"article:published_time\" content=\"2020-04-21T01:21:50+00:00\" \/>\n<meta property=\"article:modified_time\" content=\"2020-04-21T01:21:51+00:00\" \/>\n<meta property=\"og:image\" content=\"https:\/\/www.delexodo.com.ar\/wp-content\/uploads\/2020\/04\/ECONOMIA-EN-CUARENTENA.jpg\" \/>\n\t<meta property=\"og:image:width\" content=\"704\" \/>\n\t<meta property=\"og:image:height\" content=\"352\" \/>\n\t<meta property=\"og:image:type\" content=\"image\/jpeg\" \/>\n<meta name=\"author\" content=\"admin\" \/>\n<meta name=\"twitter:card\" content=\"summary_large_image\" \/>\n<meta name=\"twitter:label1\" content=\"Escrito por\" \/>\n\t<meta name=\"twitter:data1\" content=\"admin\" \/>\n\t<meta name=\"twitter:label2\" content=\"Tiempo de lectura\" \/>\n\t<meta name=\"twitter:data2\" content=\"3 minutos\" \/>\n<script type=\"application\/ld+json\" class=\"yoast-schema-graph\">{\"@context\":\"https:\/\/schema.org\",\"@graph\":[{\"@type\":\"Article\",\"@id\":\"https:\/\/www.delexodo.com.ar\/?p=6071#article\",\"isPartOf\":{\"@id\":\"https:\/\/www.delexodo.com.ar\/?p=6071\"},\"author\":{\"name\":\"admin\",\"@id\":\"https:\/\/www.delexodo.com.ar\/#\/schema\/person\/bbed37f7da8e938660b34f2013ba449d\"},\"headline\":\"COVID19: LA ECONOM\u00cdA EN TIEMPOS DE CUARENTENA\",\"datePublished\":\"2020-04-21T01:21:50+00:00\",\"dateModified\":\"2020-04-21T01:21:51+00:00\",\"mainEntityOfPage\":{\"@id\":\"https:\/\/www.delexodo.com.ar\/?p=6071\"},\"wordCount\":604,\"commentCount\":0,\"publisher\":{\"@id\":\"https:\/\/www.delexodo.com.ar\/#organization\"},\"image\":{\"@id\":\"https:\/\/www.delexodo.com.ar\/?p=6071#primaryimage\"},\"thumbnailUrl\":\"https:\/\/www.delexodo.com.ar\/wp-content\/uploads\/2020\/04\/ECONOMIA-EN-CUARENTENA.jpg\",\"articleSection\":[\"Destacados\",\"El Campo\",\"NOTICIAS\",\"Politica\"],\"inLanguage\":\"es\",\"potentialAction\":[{\"@type\":\"CommentAction\",\"name\":\"Comment\",\"target\":[\"https:\/\/www.delexodo.com.ar\/?p=6071#respond\"]}]},{\"@type\":\"WebPage\",\"@id\":\"https:\/\/www.delexodo.com.ar\/?p=6071\",\"url\":\"https:\/\/www.delexodo.com.ar\/?p=6071\",\"name\":\"COVID19: LA ECONOM\u00cdA EN TIEMPOS DE CUARENTENA - Del \u00c9xodo Nogoy\u00e1\",\"isPartOf\":{\"@id\":\"https:\/\/www.delexodo.com.ar\/#website\"},\"primaryImageOfPage\":{\"@id\":\"https:\/\/www.delexodo.com.ar\/?p=6071#primaryimage\"},\"image\":{\"@id\":\"https:\/\/www.delexodo.com.ar\/?p=6071#primaryimage\"},\"thumbnailUrl\":\"https:\/\/www.delexodo.com.ar\/wp-content\/uploads\/2020\/04\/ECONOMIA-EN-CUARENTENA.jpg\",\"datePublished\":\"2020-04-21T01:21:50+00:00\",\"dateModified\":\"2020-04-21T01:21:51+00:00\",\"breadcrumb\":{\"@id\":\"https:\/\/www.delexodo.com.ar\/?p=6071#breadcrumb\"},\"inLanguage\":\"es\",\"potentialAction\":[{\"@type\":\"ReadAction\",\"target\":[\"https:\/\/www.delexodo.com.ar\/?p=6071\"]}]},{\"@type\":\"ImageObject\",\"inLanguage\":\"es\",\"@id\":\"https:\/\/www.delexodo.com.ar\/?p=6071#primaryimage\",\"url\":\"https:\/\/www.delexodo.com.ar\/wp-content\/uploads\/2020\/04\/ECONOMIA-EN-CUARENTENA.jpg\",\"contentUrl\":\"https:\/\/www.delexodo.com.ar\/wp-content\/uploads\/2020\/04\/ECONOMIA-EN-CUARENTENA.jpg\",\"width\":704,\"height\":352},{\"@type\":\"BreadcrumbList\",\"@id\":\"https:\/\/www.delexodo.com.ar\/?p=6071#breadcrumb\",\"itemListElement\":[{\"@type\":\"ListItem\",\"position\":1,\"name\":\"Portada\",\"item\":\"https:\/\/www.delexodo.com.ar\/\"},{\"@type\":\"ListItem\",\"position\":2,\"name\":\"COVID19: LA ECONOM\u00cdA EN TIEMPOS DE CUARENTENA\"}]},{\"@type\":\"WebSite\",\"@id\":\"https:\/\/www.delexodo.com.ar\/#website\",\"url\":\"https:\/\/www.delexodo.com.ar\/\",\"name\":\"Del \u00c9xodo Nogoy\u00e1\",\"description\":\"El Portal de Noticias de la Regi\u00f3n\",\"publisher\":{\"@id\":\"https:\/\/www.delexodo.com.ar\/#organization\"},\"potentialAction\":[{\"@type\":\"SearchAction\",\"target\":{\"@type\":\"EntryPoint\",\"urlTemplate\":\"https:\/\/www.delexodo.com.ar\/?s={search_term_string}\"},\"query-input\":{\"@type\":\"PropertyValueSpecification\",\"valueRequired\":true,\"valueName\":\"search_term_string\"}}],\"inLanguage\":\"es\"},{\"@type\":\"Organization\",\"@id\":\"https:\/\/www.delexodo.com.ar\/#organization\",\"name\":\"Del \u00c9xodo Nogoy\u00e1\",\"url\":\"https:\/\/www.delexodo.com.ar\/\",\"logo\":{\"@type\":\"ImageObject\",\"inLanguage\":\"es\",\"@id\":\"https:\/\/www.delexodo.com.ar\/#\/schema\/logo\/image\/\",\"url\":\"https:\/\/www.delexodo.com.ar\/wp-content\/uploads\/2024\/10\/cropped-cropped-LOGO24.png\",\"contentUrl\":\"https:\/\/www.delexodo.com.ar\/wp-content\/uploads\/2024\/10\/cropped-cropped-LOGO24.png\",\"width\":512,\"height\":349,\"caption\":\"Del \u00c9xodo Nogoy\u00e1\"},\"image\":{\"@id\":\"https:\/\/www.delexodo.com.ar\/#\/schema\/logo\/image\/\"}},{\"@type\":\"Person\",\"@id\":\"https:\/\/www.delexodo.com.ar\/#\/schema\/person\/bbed37f7da8e938660b34f2013ba449d\",\"name\":\"admin\",\"image\":{\"@type\":\"ImageObject\",\"inLanguage\":\"es\",\"@id\":\"https:\/\/www.delexodo.com.ar\/#\/schema\/person\/image\/\",\"url\":\"https:\/\/secure.gravatar.com\/avatar\/6b1558d1b6df085f1901bd5bd98523d7?s=96&d=mm&r=g\",\"contentUrl\":\"https:\/\/secure.gravatar.com\/avatar\/6b1558d1b6df085f1901bd5bd98523d7?s=96&d=mm&r=g\",\"caption\":\"admin\"},\"url\":\"https:\/\/www.delexodo.com.ar\/?author=1\"}]}<\/script>\n<!-- \/ Yoast SEO plugin. -->","yoast_head_json":{"title":"COVID19: LA ECONOM\u00cdA EN TIEMPOS DE CUARENTENA - Del \u00c9xodo Nogoy\u00e1","robots":{"index":"index","follow":"follow","max-snippet":"max-snippet:-1","max-image-preview":"max-image-preview:large","max-video-preview":"max-video-preview:-1"},"canonical":"https:\/\/www.delexodo.com.ar\/?p=6071","og_locale":"es_ES","og_type":"article","og_title":"COVID19: LA ECONOM\u00cdA EN TIEMPOS DE CUARENTENA - Del \u00c9xodo Nogoy\u00e1","og_description":"La pandemia global ha generado que profesionales de la econom\u00eda del mundo expresen sus opiniones respecto de las diferentes posibilidades&hellip;","og_url":"https:\/\/www.delexodo.com.ar\/?p=6071","og_site_name":"Del \u00c9xodo Nogoy\u00e1","article_published_time":"2020-04-21T01:21:50+00:00","article_modified_time":"2020-04-21T01:21:51+00:00","og_image":[{"width":704,"height":352,"url":"https:\/\/www.delexodo.com.ar\/wp-content\/uploads\/2020\/04\/ECONOMIA-EN-CUARENTENA.jpg","type":"image\/jpeg"}],"author":"admin","twitter_card":"summary_large_image","twitter_misc":{"Escrito por":"admin","Tiempo de lectura":"3 minutos"},"schema":{"@context":"https:\/\/schema.org","@graph":[{"@type":"Article","@id":"https:\/\/www.delexodo.com.ar\/?p=6071#article","isPartOf":{"@id":"https:\/\/www.delexodo.com.ar\/?p=6071"},"author":{"name":"admin","@id":"https:\/\/www.delexodo.com.ar\/#\/schema\/person\/bbed37f7da8e938660b34f2013ba449d"},"headline":"COVID19: LA ECONOM\u00cdA EN TIEMPOS DE CUARENTENA","datePublished":"2020-04-21T01:21:50+00:00","dateModified":"2020-04-21T01:21:51+00:00","mainEntityOfPage":{"@id":"https:\/\/www.delexodo.com.ar\/?p=6071"},"wordCount":604,"commentCount":0,"publisher":{"@id":"https:\/\/www.delexodo.com.ar\/#organization"},"image":{"@id":"https:\/\/www.delexodo.com.ar\/?p=6071#primaryimage"},"thumbnailUrl":"https:\/\/www.delexodo.com.ar\/wp-content\/uploads\/2020\/04\/ECONOMIA-EN-CUARENTENA.jpg","articleSection":["Destacados","El Campo","NOTICIAS","Politica"],"inLanguage":"es","potentialAction":[{"@type":"CommentAction","name":"Comment","target":["https:\/\/www.delexodo.com.ar\/?p=6071#respond"]}]},{"@type":"WebPage","@id":"https:\/\/www.delexodo.com.ar\/?p=6071","url":"https:\/\/www.delexodo.com.ar\/?p=6071","name":"COVID19: LA ECONOM\u00cdA EN TIEMPOS DE CUARENTENA - Del \u00c9xodo Nogoy\u00e1","isPartOf":{"@id":"https:\/\/www.delexodo.com.ar\/#website"},"primaryImageOfPage":{"@id":"https:\/\/www.delexodo.com.ar\/?p=6071#primaryimage"},"image":{"@id":"https:\/\/www.delexodo.com.ar\/?p=6071#primaryimage"},"thumbnailUrl":"https:\/\/www.delexodo.com.ar\/wp-content\/uploads\/2020\/04\/ECONOMIA-EN-CUARENTENA.jpg","datePublished":"2020-04-21T01:21:50+00:00","dateModified":"2020-04-21T01:21:51+00:00","breadcrumb":{"@id":"https:\/\/www.delexodo.com.ar\/?p=6071#breadcrumb"},"inLanguage":"es","potentialAction":[{"@type":"ReadAction","target":["https:\/\/www.delexodo.com.ar\/?p=6071"]}]},{"@type":"ImageObject","inLanguage":"es","@id":"https:\/\/www.delexodo.com.ar\/?p=6071#primaryimage","url":"https:\/\/www.delexodo.com.ar\/wp-content\/uploads\/2020\/04\/ECONOMIA-EN-CUARENTENA.jpg","contentUrl":"https:\/\/www.delexodo.com.ar\/wp-content\/uploads\/2020\/04\/ECONOMIA-EN-CUARENTENA.jpg","width":704,"height":352},{"@type":"BreadcrumbList","@id":"https:\/\/www.delexodo.com.ar\/?p=6071#breadcrumb","itemListElement":[{"@type":"ListItem","position":1,"name":"Portada","item":"https:\/\/www.delexodo.com.ar\/"},{"@type":"ListItem","position":2,"name":"COVID19: LA ECONOM\u00cdA EN TIEMPOS DE CUARENTENA"}]},{"@type":"WebSite","@id":"https:\/\/www.delexodo.com.ar\/#website","url":"https:\/\/www.delexodo.com.ar\/","name":"Del \u00c9xodo Nogoy\u00e1","description":"El Portal de Noticias de la Regi\u00f3n","publisher":{"@id":"https:\/\/www.delexodo.com.ar\/#organization"},"potentialAction":[{"@type":"SearchAction","target":{"@type":"EntryPoint","urlTemplate":"https:\/\/www.delexodo.com.ar\/?s={search_term_string}"},"query-input":{"@type":"PropertyValueSpecification","valueRequired":true,"valueName":"search_term_string"}}],"inLanguage":"es"},{"@type":"Organization","@id":"https:\/\/www.delexodo.com.ar\/#organization","name":"Del \u00c9xodo Nogoy\u00e1","url":"https:\/\/www.delexodo.com.ar\/","logo":{"@type":"ImageObject","inLanguage":"es","@id":"https:\/\/www.delexodo.com.ar\/#\/schema\/logo\/image\/","url":"https:\/\/www.delexodo.com.ar\/wp-content\/uploads\/2024\/10\/cropped-cropped-LOGO24.png","contentUrl":"https:\/\/www.delexodo.com.ar\/wp-content\/uploads\/2024\/10\/cropped-cropped-LOGO24.png","width":512,"height":349,"caption":"Del \u00c9xodo Nogoy\u00e1"},"image":{"@id":"https:\/\/www.delexodo.com.ar\/#\/schema\/logo\/image\/"}},{"@type":"Person","@id":"https:\/\/www.delexodo.com.ar\/#\/schema\/person\/bbed37f7da8e938660b34f2013ba449d","name":"admin","image":{"@type":"ImageObject","inLanguage":"es","@id":"https:\/\/www.delexodo.com.ar\/#\/schema\/person\/image\/","url":"https:\/\/secure.gravatar.com\/avatar\/6b1558d1b6df085f1901bd5bd98523d7?s=96&d=mm&r=g","contentUrl":"https:\/\/secure.gravatar.com\/avatar\/6b1558d1b6df085f1901bd5bd98523d7?s=96&d=mm&r=g","caption":"admin"},"url":"https:\/\/www.delexodo.com.ar\/?author=1"}]}},"_links":{"self":[{"href":"https:\/\/www.delexodo.com.ar\/index.php?rest_route=\/wp\/v2\/posts\/6071","targetHints":{"allow":["GET"]}}],"collection":[{"href":"https:\/\/www.delexodo.com.ar\/index.php?rest_route=\/wp\/v2\/posts"}],"about":[{"href":"https:\/\/www.delexodo.com.ar\/index.php?rest_route=\/wp\/v2\/types\/post"}],"author":[{"embeddable":true,"href":"https:\/\/www.delexodo.com.ar\/index.php?rest_route=\/wp\/v2\/users\/1"}],"replies":[{"embeddable":true,"href":"https:\/\/www.delexodo.com.ar\/index.php?rest_route=%2Fwp%2Fv2%2Fcomments&post=6071"}],"version-history":[{"count":0,"href":"https:\/\/www.delexodo.com.ar\/index.php?rest_route=\/wp\/v2\/posts\/6071\/revisions"}],"wp:featuredmedia":[{"embeddable":true,"href":"https:\/\/www.delexodo.com.ar\/index.php?rest_route=\/wp\/v2\/media\/6072"}],"wp:attachment":[{"href":"https:\/\/www.delexodo.com.ar\/index.php?rest_route=%2Fwp%2Fv2%2Fmedia&parent=6071"}],"wp:term":[{"taxonomy":"category","embeddable":true,"href":"https:\/\/www.delexodo.com.ar\/index.php?rest_route=%2Fwp%2Fv2%2Fcategories&post=6071"},{"taxonomy":"post_tag","embeddable":true,"href":"https:\/\/www.delexodo.com.ar\/index.php?rest_route=%2Fwp%2Fv2%2Ftags&post=6071"}],"curies":[{"name":"wp","href":"https:\/\/api.w.org\/{rel}","templated":true}]}}