{"id":6069,"date":"2020-04-20T21:56:14","date_gmt":"2020-04-21T00:56:14","guid":{"rendered":"http:\/\/www.delexodo.com.ar\/?p=6069"},"modified":"2020-04-20T21:56:14","modified_gmt":"2020-04-21T00:56:14","slug":"manana-martes-21-comenzara-a-acreditarse-el-ife-a-los-inscriptos-entre-el-27-y-el-31-de-marzo","status":"publish","type":"post","link":"https:\/\/www.delexodo.com.ar\/?p=6069","title":{"rendered":"MA\u00d1ANA MARTES 21 COMENZAR\u00c1 A ACREDITARSE EL IFE A LOS INSCRIPTOS ENTRE EL 27 Y EL 31 DE MARZO"},"content":{"rendered":"\n<p><em>La ANSES informa que, <strong>a partir de ma\u00f1ana<\/strong>, martes 21 de abril, comenzar\u00e1 a acreditarse el monto del Ingreso Familiar de Emergencia (IFE) a las personas que habi\u00e9ndose inscripto <strong>entre el 27 y 31 de marzo<\/strong> seleccionaron la opci\u00f3n de cobro por CBU entre el 11 y el 15 de abril pasados.\u200b\u00a0\u00a0<\/em>En total, el monto que se pagar\u00e1 en esta primera etapa es de 9.765 millones de pesos, eso implica casi un mill\u00f3n de personas a las que se les acreditar\u00e1 el dinero en sus cuentas de acuerdo con el n\u00famero de terminaci\u00f3n de sus DNI, a raz\u00f3n de un d\u00edgito por d\u00eda h\u00e1bil.\u00a0<\/p>\n\n\n\n<p>Es importante aclarar que este cronograma, que se detalla m\u00e1s abajo, no incluye a las personas que han estado optando por medios de cobro desde el 16 de abril y hasta hoy 20 de abril, ya que todav\u00eda algunas est\u00e1n seleccionando la opci\u00f3n CBU.<\/p>\n\n\n\n<p><strong>El esquema de pago es el siguiente: martes 21, DNI terminados en 0; mi\u00e9rcoles 22, en 1; jueves 23, en 2; viernes 24, en 3; lunes 27, en 4; martes 28; en 5; mi\u00e9rcoles 29, en 6; jueves 30; en 7; lunes 4 de mayo, terminados en 8 y martes 5, en 9.<\/strong><\/p>\n\n\n\n<p>Cabe recordar que el monto del IFE que ser\u00e1 depositado en las cuentas de cada uno de los beneficiarios, deber\u00e1 ser retirado \u2013tal como se hace habitualmente- de los cajeros autom\u00e1ticos utilizando la tarjeta de d\u00e9bito.\u200b\u200b<\/p>\n\n\n\n<p>El Estado nacional destin\u00f3 casi 80 mil millones de pesos para aminorar la situaci\u00f3n econ\u00f3mica de m\u00e1s de 7 millones 800 mil personas que recibir\u00e1n el IFE.&nbsp;\u200b<\/p>\n","protected":false},"excerpt":{"rendered":"<p>La ANSES informa que, a partir de ma\u00f1ana, martes 21 de abril, comenzar\u00e1 a acreditarse el monto del Ingreso Familiar&hellip;<\/p>\n","protected":false},"author":1,"featured_media":5960,"comment_status":"open","ping_status":"open","sticky":false,"template":"","format":"standard","meta":{"_joinchat":[],"footnotes":""},"categories":[65,1,69,349,352],"tags":[345],"class_list":["post-6069","post","type-post","status-publish","format-standard","has-post-thumbnail","hentry","category-destacados","category-sincategoria","category-noticias","category-politica","category-salud","tag-destacar"],"yoast_head":"<!-- This site is optimized with the Yoast SEO plugin v25.1 - https:\/\/yoast.com\/wordpress\/plugins\/seo\/ -->\n<title>MA\u00d1ANA MARTES 21 COMENZAR\u00c1 A ACREDITARSE EL IFE A LOS INSCRIPTOS ENTRE EL 27 Y EL 31 DE MARZO - Del \u00c9xodo Nogoy\u00e1<\/title>\n<meta name=\"robots\" content=\"index, follow, max-snippet:-1, max-image-preview:large, max-video-preview:-1\" \/>\n<link rel=\"canonical\" href=\"https:\/\/www.delexodo.com.ar\/?p=6069\" \/>\n<meta property=\"og:locale\" content=\"es_ES\" \/>\n<meta property=\"og:type\" content=\"article\" \/>\n<meta property=\"og:title\" content=\"MA\u00d1ANA MARTES 21 COMENZAR\u00c1 A ACREDITARSE EL IFE A LOS INSCRIPTOS ENTRE EL 27 Y EL 31 DE MARZO - Del \u00c9xodo Nogoy\u00e1\" \/>\n<meta property=\"og:description\" content=\"La ANSES informa que, a partir de ma\u00f1ana, martes 21 de abril, comenzar\u00e1 a acreditarse el monto del Ingreso Familiar&hellip;\" \/>\n<meta property=\"og:url\" content=\"https:\/\/www.delexodo.com.ar\/?p=6069\" \/>\n<meta property=\"og:site_name\" content=\"Del \u00c9xodo Nogoy\u00e1\" \/>\n<meta property=\"article:published_time\" content=\"2020-04-21T00:56:14+00:00\" \/>\n<meta property=\"og:image\" content=\"https:\/\/www.delexodo.com.ar\/wp-content\/uploads\/2020\/04\/ANSES-IFE1.jpg\" \/>\n\t<meta property=\"og:image:width\" content=\"1000\" \/>\n\t<meta property=\"og:image:height\" content=\"600\" \/>\n\t<meta property=\"og:image:type\" content=\"image\/jpeg\" \/>\n<meta name=\"author\" content=\"admin\" \/>\n<meta name=\"twitter:card\" content=\"summary_large_image\" \/>\n<meta name=\"twitter:label1\" content=\"Escrito por\" \/>\n\t<meta name=\"twitter:data1\" content=\"admin\" \/>\n\t<meta name=\"twitter:label2\" content=\"Tiempo de lectura\" \/>\n\t<meta name=\"twitter:data2\" content=\"1 minuto\" \/>\n<script type=\"application\/ld+json\" class=\"yoast-schema-graph\">{\"@context\":\"https:\/\/schema.org\",\"@graph\":[{\"@type\":\"Article\",\"@id\":\"https:\/\/www.delexodo.com.ar\/?p=6069#article\",\"isPartOf\":{\"@id\":\"https:\/\/www.delexodo.com.ar\/?p=6069\"},\"author\":{\"name\":\"admin\",\"@id\":\"https:\/\/www.delexodo.com.ar\/#\/schema\/person\/bbed37f7da8e938660b34f2013ba449d\"},\"headline\":\"MA\u00d1ANA MARTES 21 COMENZAR\u00c1 A ACREDITARSE EL IFE A LOS INSCRIPTOS ENTRE EL 27 Y EL 31 DE MARZO\",\"datePublished\":\"2020-04-21T00:56:14+00:00\",\"mainEntityOfPage\":{\"@id\":\"https:\/\/www.delexodo.com.ar\/?p=6069\"},\"wordCount\":274,\"commentCount\":0,\"publisher\":{\"@id\":\"https:\/\/www.delexodo.com.ar\/#organization\"},\"image\":{\"@id\":\"https:\/\/www.delexodo.com.ar\/?p=6069#primaryimage\"},\"thumbnailUrl\":\"https:\/\/www.delexodo.com.ar\/wp-content\/uploads\/2020\/04\/ANSES-IFE1.jpg\",\"keywords\":[\"destacar\"],\"articleSection\":[\"Destacados\",\"Nogoya\",\"NOTICIAS\",\"Politica\",\"Salud\"],\"inLanguage\":\"es\",\"potentialAction\":[{\"@type\":\"CommentAction\",\"name\":\"Comment\",\"target\":[\"https:\/\/www.delexodo.com.ar\/?p=6069#respond\"]}]},{\"@type\":\"WebPage\",\"@id\":\"https:\/\/www.delexodo.com.ar\/?p=6069\",\"url\":\"https:\/\/www.delexodo.com.ar\/?p=6069\",\"name\":\"MA\u00d1ANA MARTES 21 COMENZAR\u00c1 A ACREDITARSE EL IFE A LOS INSCRIPTOS ENTRE EL 27 Y EL 31 DE MARZO - Del \u00c9xodo Nogoy\u00e1\",\"isPartOf\":{\"@id\":\"https:\/\/www.delexodo.com.ar\/#website\"},\"primaryImageOfPage\":{\"@id\":\"https:\/\/www.delexodo.com.ar\/?p=6069#primaryimage\"},\"image\":{\"@id\":\"https:\/\/www.delexodo.com.ar\/?p=6069#primaryimage\"},\"thumbnailUrl\":\"https:\/\/www.delexodo.com.ar\/wp-content\/uploads\/2020\/04\/ANSES-IFE1.jpg\",\"datePublished\":\"2020-04-21T00:56:14+00:00\",\"breadcrumb\":{\"@id\":\"https:\/\/www.delexodo.com.ar\/?p=6069#breadcrumb\"},\"inLanguage\":\"es\",\"potentialAction\":[{\"@type\":\"ReadAction\",\"target\":[\"https:\/\/www.delexodo.com.ar\/?p=6069\"]}]},{\"@type\":\"ImageObject\",\"inLanguage\":\"es\",\"@id\":\"https:\/\/www.delexodo.com.ar\/?p=6069#primaryimage\",\"url\":\"https:\/\/www.delexodo.com.ar\/wp-content\/uploads\/2020\/04\/ANSES-IFE1.jpg\",\"contentUrl\":\"https:\/\/www.delexodo.com.ar\/wp-content\/uploads\/2020\/04\/ANSES-IFE1.jpg\",\"width\":1000,\"height\":600},{\"@type\":\"BreadcrumbList\",\"@id\":\"https:\/\/www.delexodo.com.ar\/?p=6069#breadcrumb\",\"itemListElement\":[{\"@type\":\"ListItem\",\"position\":1,\"name\":\"Portada\",\"item\":\"https:\/\/www.delexodo.com.ar\/\"},{\"@type\":\"ListItem\",\"position\":2,\"name\":\"MA\u00d1ANA MARTES 21 COMENZAR\u00c1 A ACREDITARSE EL IFE A LOS INSCRIPTOS ENTRE EL 27 Y EL 31 DE MARZO\"}]},{\"@type\":\"WebSite\",\"@id\":\"https:\/\/www.delexodo.com.ar\/#website\",\"url\":\"https:\/\/www.delexodo.com.ar\/\",\"name\":\"Del \u00c9xodo Nogoy\u00e1\",\"description\":\"El Portal de Noticias de la Regi\u00f3n\",\"publisher\":{\"@id\":\"https:\/\/www.delexodo.com.ar\/#organization\"},\"potentialAction\":[{\"@type\":\"SearchAction\",\"target\":{\"@type\":\"EntryPoint\",\"urlTemplate\":\"https:\/\/www.delexodo.com.ar\/?s={search_term_string}\"},\"query-input\":{\"@type\":\"PropertyValueSpecification\",\"valueRequired\":true,\"valueName\":\"search_term_string\"}}],\"inLanguage\":\"es\"},{\"@type\":\"Organization\",\"@id\":\"https:\/\/www.delexodo.com.ar\/#organization\",\"name\":\"Del \u00c9xodo Nogoy\u00e1\",\"url\":\"https:\/\/www.delexodo.com.ar\/\",\"logo\":{\"@type\":\"ImageObject\",\"inLanguage\":\"es\",\"@id\":\"https:\/\/www.delexodo.com.ar\/#\/schema\/logo\/image\/\",\"url\":\"https:\/\/www.delexodo.com.ar\/wp-content\/uploads\/2024\/10\/cropped-cropped-LOGO24.png\",\"contentUrl\":\"https:\/\/www.delexodo.com.ar\/wp-content\/uploads\/2024\/10\/cropped-cropped-LOGO24.png\",\"width\":512,\"height\":349,\"caption\":\"Del \u00c9xodo Nogoy\u00e1\"},\"image\":{\"@id\":\"https:\/\/www.delexodo.com.ar\/#\/schema\/logo\/image\/\"}},{\"@type\":\"Person\",\"@id\":\"https:\/\/www.delexodo.com.ar\/#\/schema\/person\/bbed37f7da8e938660b34f2013ba449d\",\"name\":\"admin\",\"image\":{\"@type\":\"ImageObject\",\"inLanguage\":\"es\",\"@id\":\"https:\/\/www.delexodo.com.ar\/#\/schema\/person\/image\/\",\"url\":\"https:\/\/secure.gravatar.com\/avatar\/6b1558d1b6df085f1901bd5bd98523d7?s=96&d=mm&r=g\",\"contentUrl\":\"https:\/\/secure.gravatar.com\/avatar\/6b1558d1b6df085f1901bd5bd98523d7?s=96&d=mm&r=g\",\"caption\":\"admin\"},\"url\":\"https:\/\/www.delexodo.com.ar\/?author=1\"}]}<\/script>\n<!-- \/ Yoast SEO plugin. -->","yoast_head_json":{"title":"MA\u00d1ANA MARTES 21 COMENZAR\u00c1 A ACREDITARSE EL IFE A LOS INSCRIPTOS ENTRE EL 27 Y EL 31 DE MARZO - Del \u00c9xodo Nogoy\u00e1","robots":{"index":"index","follow":"follow","max-snippet":"max-snippet:-1","max-image-preview":"max-image-preview:large","max-video-preview":"max-video-preview:-1"},"canonical":"https:\/\/www.delexodo.com.ar\/?p=6069","og_locale":"es_ES","og_type":"article","og_title":"MA\u00d1ANA MARTES 21 COMENZAR\u00c1 A ACREDITARSE EL IFE A LOS INSCRIPTOS ENTRE EL 27 Y EL 31 DE MARZO - Del \u00c9xodo Nogoy\u00e1","og_description":"La ANSES informa que, a partir de ma\u00f1ana, martes 21 de abril, comenzar\u00e1 a acreditarse el monto del Ingreso Familiar&hellip;","og_url":"https:\/\/www.delexodo.com.ar\/?p=6069","og_site_name":"Del \u00c9xodo Nogoy\u00e1","article_published_time":"2020-04-21T00:56:14+00:00","og_image":[{"width":1000,"height":600,"url":"https:\/\/www.delexodo.com.ar\/wp-content\/uploads\/2020\/04\/ANSES-IFE1.jpg","type":"image\/jpeg"}],"author":"admin","twitter_card":"summary_large_image","twitter_misc":{"Escrito por":"admin","Tiempo de lectura":"1 minuto"},"schema":{"@context":"https:\/\/schema.org","@graph":[{"@type":"Article","@id":"https:\/\/www.delexodo.com.ar\/?p=6069#article","isPartOf":{"@id":"https:\/\/www.delexodo.com.ar\/?p=6069"},"author":{"name":"admin","@id":"https:\/\/www.delexodo.com.ar\/#\/schema\/person\/bbed37f7da8e938660b34f2013ba449d"},"headline":"MA\u00d1ANA MARTES 21 COMENZAR\u00c1 A ACREDITARSE EL IFE A LOS INSCRIPTOS ENTRE EL 27 Y EL 31 DE MARZO","datePublished":"2020-04-21T00:56:14+00:00","mainEntityOfPage":{"@id":"https:\/\/www.delexodo.com.ar\/?p=6069"},"wordCount":274,"commentCount":0,"publisher":{"@id":"https:\/\/www.delexodo.com.ar\/#organization"},"image":{"@id":"https:\/\/www.delexodo.com.ar\/?p=6069#primaryimage"},"thumbnailUrl":"https:\/\/www.delexodo.com.ar\/wp-content\/uploads\/2020\/04\/ANSES-IFE1.jpg","keywords":["destacar"],"articleSection":["Destacados","Nogoya","NOTICIAS","Politica","Salud"],"inLanguage":"es","potentialAction":[{"@type":"CommentAction","name":"Comment","target":["https:\/\/www.delexodo.com.ar\/?p=6069#respond"]}]},{"@type":"WebPage","@id":"https:\/\/www.delexodo.com.ar\/?p=6069","url":"https:\/\/www.delexodo.com.ar\/?p=6069","name":"MA\u00d1ANA MARTES 21 COMENZAR\u00c1 A ACREDITARSE EL IFE A LOS INSCRIPTOS ENTRE EL 27 Y EL 31 DE MARZO - Del \u00c9xodo Nogoy\u00e1","isPartOf":{"@id":"https:\/\/www.delexodo.com.ar\/#website"},"primaryImageOfPage":{"@id":"https:\/\/www.delexodo.com.ar\/?p=6069#primaryimage"},"image":{"@id":"https:\/\/www.delexodo.com.ar\/?p=6069#primaryimage"},"thumbnailUrl":"https:\/\/www.delexodo.com.ar\/wp-content\/uploads\/2020\/04\/ANSES-IFE1.jpg","datePublished":"2020-04-21T00:56:14+00:00","breadcrumb":{"@id":"https:\/\/www.delexodo.com.ar\/?p=6069#breadcrumb"},"inLanguage":"es","potentialAction":[{"@type":"ReadAction","target":["https:\/\/www.delexodo.com.ar\/?p=6069"]}]},{"@type":"ImageObject","inLanguage":"es","@id":"https:\/\/www.delexodo.com.ar\/?p=6069#primaryimage","url":"https:\/\/www.delexodo.com.ar\/wp-content\/uploads\/2020\/04\/ANSES-IFE1.jpg","contentUrl":"https:\/\/www.delexodo.com.ar\/wp-content\/uploads\/2020\/04\/ANSES-IFE1.jpg","width":1000,"height":600},{"@type":"BreadcrumbList","@id":"https:\/\/www.delexodo.com.ar\/?p=6069#breadcrumb","itemListElement":[{"@type":"ListItem","position":1,"name":"Portada","item":"https:\/\/www.delexodo.com.ar\/"},{"@type":"ListItem","position":2,"name":"MA\u00d1ANA MARTES 21 COMENZAR\u00c1 A ACREDITARSE EL IFE A LOS INSCRIPTOS ENTRE EL 27 Y EL 31 DE MARZO"}]},{"@type":"WebSite","@id":"https:\/\/www.delexodo.com.ar\/#website","url":"https:\/\/www.delexodo.com.ar\/","name":"Del \u00c9xodo Nogoy\u00e1","description":"El Portal de Noticias de la Regi\u00f3n","publisher":{"@id":"https:\/\/www.delexodo.com.ar\/#organization"},"potentialAction":[{"@type":"SearchAction","target":{"@type":"EntryPoint","urlTemplate":"https:\/\/www.delexodo.com.ar\/?s={search_term_string}"},"query-input":{"@type":"PropertyValueSpecification","valueRequired":true,"valueName":"search_term_string"}}],"inLanguage":"es"},{"@type":"Organization","@id":"https:\/\/www.delexodo.com.ar\/#organization","name":"Del \u00c9xodo Nogoy\u00e1","url":"https:\/\/www.delexodo.com.ar\/","logo":{"@type":"ImageObject","inLanguage":"es","@id":"https:\/\/www.delexodo.com.ar\/#\/schema\/logo\/image\/","url":"https:\/\/www.delexodo.com.ar\/wp-content\/uploads\/2024\/10\/cropped-cropped-LOGO24.png","contentUrl":"https:\/\/www.delexodo.com.ar\/wp-content\/uploads\/2024\/10\/cropped-cropped-LOGO24.png","width":512,"height":349,"caption":"Del \u00c9xodo Nogoy\u00e1"},"image":{"@id":"https:\/\/www.delexodo.com.ar\/#\/schema\/logo\/image\/"}},{"@type":"Person","@id":"https:\/\/www.delexodo.com.ar\/#\/schema\/person\/bbed37f7da8e938660b34f2013ba449d","name":"admin","image":{"@type":"ImageObject","inLanguage":"es","@id":"https:\/\/www.delexodo.com.ar\/#\/schema\/person\/image\/","url":"https:\/\/secure.gravatar.com\/avatar\/6b1558d1b6df085f1901bd5bd98523d7?s=96&d=mm&r=g","contentUrl":"https:\/\/secure.gravatar.com\/avatar\/6b1558d1b6df085f1901bd5bd98523d7?s=96&d=mm&r=g","caption":"admin"},"url":"https:\/\/www.delexodo.com.ar\/?author=1"}]}},"_links":{"self":[{"href":"https:\/\/www.delexodo.com.ar\/index.php?rest_route=\/wp\/v2\/posts\/6069","targetHints":{"allow":["GET"]}}],"collection":[{"href":"https:\/\/www.delexodo.com.ar\/index.php?rest_route=\/wp\/v2\/posts"}],"about":[{"href":"https:\/\/www.delexodo.com.ar\/index.php?rest_route=\/wp\/v2\/types\/post"}],"author":[{"embeddable":true,"href":"https:\/\/www.delexodo.com.ar\/index.php?rest_route=\/wp\/v2\/users\/1"}],"replies":[{"embeddable":true,"href":"https:\/\/www.delexodo.com.ar\/index.php?rest_route=%2Fwp%2Fv2%2Fcomments&post=6069"}],"version-history":[{"count":0,"href":"https:\/\/www.delexodo.com.ar\/index.php?rest_route=\/wp\/v2\/posts\/6069\/revisions"}],"wp:featuredmedia":[{"embeddable":true,"href":"https:\/\/www.delexodo.com.ar\/index.php?rest_route=\/wp\/v2\/media\/5960"}],"wp:attachment":[{"href":"https:\/\/www.delexodo.com.ar\/index.php?rest_route=%2Fwp%2Fv2%2Fmedia&parent=6069"}],"wp:term":[{"taxonomy":"category","embeddable":true,"href":"https:\/\/www.delexodo.com.ar\/index.php?rest_route=%2Fwp%2Fv2%2Fcategories&post=6069"},{"taxonomy":"post_tag","embeddable":true,"href":"https:\/\/www.delexodo.com.ar\/index.php?rest_route=%2Fwp%2Fv2%2Ftags&post=6069"}],"curies":[{"name":"wp","href":"https:\/\/api.w.org\/{rel}","templated":true}]}}