{"id":5791,"date":"2020-03-20T21:16:51","date_gmt":"2020-03-21T00:16:51","guid":{"rendered":"http:\/\/www.delexodo.com.ar\/?p=5791"},"modified":"2020-03-20T21:16:52","modified_gmt":"2020-03-21T00:16:52","slug":"la-policia-realiza-controles-no-son-vacaciones-aislamiento-social-preventivo-y-obligatorio","status":"publish","type":"post","link":"https:\/\/www.delexodo.com.ar\/?p=5791","title":{"rendered":"LA POLIC\u00cdA REALIZA CONTROLES: NO SON VACACIONES &#8211; \u201cAISLAMIENTO SOCIAL, PREVENTIVO Y OBLIGATORIO\u201d"},"content":{"rendered":"\n<p>En relaci\u00f3n al Decreto de Necesidad y Urgencia 297\/20, promulgado por el Poder Ejecutivo Nacional y rubricado por el Presidente de los Argentinos el Dr. Alberto Fern\u00e1ndez, relacionado con el <strong>\u201caislamiento social, preventivo y obligatorio\u201d<\/strong> en todo el \u00e1mbito del territorio de la Rep\u00fablica Argentina persigue proteger la salud p\u00fablica, por tal motivo, desde la Polic\u00eda de Entre R\u00edos se hace saber a la poblaci\u00f3n que se han dispuesto directivas expresas aboc\u00e1ndose recursos y medios al estricto cumplimiento de lo dispuesto con el solo objeto de contribuir eficientemente a que los objetivos y fines que persigue el esp\u00edritu de la normativa puedan alcanzar sus objetivos. En tal sentido, se pide y apela a la concientizaci\u00f3n de la ciudadan\u00eda, contando con el compromiso y responsabilidad de todos, el personal de la salud en los Hospitales y la Polic\u00eda en la calle, solos, no pueden, necesitamos la sumatoria del compromiso y responsabilidad de todos.<\/p>\n\n\n\n<p>Por ello, debemos entender que el <strong>\u201caislamiento social, preventivo y obligatorio\u201d<\/strong> no son vacaciones, se pide tomar conciencia que son medidas dispuestas por parte del Estado Nacional, a lo cual adhiere el Estado Provincial, para que la gente permanezca en sus hogares y de esta manera reducir al m\u00e1ximo el impacto de la propagaci\u00f3n del <strong>virus Covid-19<\/strong>, aprovechemos el valioso tiempo del cual contamos para prevenir la pandemia declarada por la Organizaci\u00f3n Mundial de la Salud, tiempo que Europa y As\u00eda no tuvo con las consecuencias lamentables que son de p\u00fablico conocimiento.<\/p>\n\n\n\n<p>En este sentido se hace saber que se han iniciado los <strong>controles en la v\u00eda p\u00fablica<\/strong>, donde en el caso de detectarse incumplimiento a las medidas de prevenci\u00f3n dispuestas por el Poder Ejecutivo Nacional en acuerdo con los Sres. Ministros de la Naci\u00f3n y Gobernadores de las Provincias, se proceder\u00e1 a la <strong><em>\u201cdetenci\u00f3n\u201d<\/em><\/strong> de quienes infrinjan el aislamiento sin causa justificada, quedando pasibles de imputaci\u00f3n de lo estatuido en los los Art\u00edculos 205\u00b0 <em>(\u2026\u201dser\u00e1 reprimido con prisi\u00f3n de 6 meses a 2 a\u00f1os, el que violare las medidas adoptadas por las autoridades competentes, para impedir la introducci\u00f3n o propagaci\u00f3n de una epidemia\u2026\u201d y 239\u00b0 (\u2026ser\u00e1 reprimido con prisi\u00f3n de 15 d\u00edas a 1 a\u00f1o, el que resistiere o desobedeciere a un funcionario p\u00fablico en el ejercicio leg\u00edtimo de sus funciones o a las personas que le prestare asistencia a requerimiento de aquel o en virtud de una obligaci\u00f3n legal\u2026)<\/em> del <strong>C\u00f3digo Penal de la Naci\u00f3n Argentina<\/strong>.<\/p>\n\n\n\n<p>Por tal motivo, se resalta que toda acci\u00f3n, actividad o conducta no contemplada en el Art\u00edculo 6\u00b0 del Decreto de Necesidad y Urgencia 297\/20, ser\u00e1 pasible de intervenci\u00f3n policial y de sanci\u00f3n penal, es decir, la presencia de la ciudadan\u00eda no justificada en la v\u00eda p\u00fablica ameritar\u00e1 el accionar del personal policial y por ende, el sometimiento de las mismas a la acci\u00f3n de la Justicia Federal. Por otro lado y a los fines informativos, a continuaci\u00f3n en cuadro ilustrativo se desarrollan las excepciones a las que se refiere el pertinente Art\u00edculo 6\u00b0.<\/p>\n\n\n\n<p>No tengamos miedo, seamos precavidos y cumplamos con las medidas que se toman. La responsabilidad es de todos. Que la falta de compromiso y responsabilidad, no haga que el trabajo de los trabajadores de la salud en los Hospitales y de la Polic\u00eda en la calle sean en vano, ellos no pueden quedarse en sus casas, uds. si, aprovecha el tiempo que a\u00fan nos queda y respeten las medidas que se disponen desde el estado Nacional, Provincial y Municipal tales como respetar las distancias entre personas, usar los elementos de seguridad y observar el tiempo de la cuarentena preventiva en el caso de arribar o de haber arribado de pa\u00edses considerados cr\u00edticos, tanto en forma individual como las personas con las cuales se ha tenido contacto.<\/p>\n\n\n\n<figure class=\"wp-block-image\"><img loading=\"lazy\" decoding=\"async\" width=\"914\" height=\"1024\" src=\"http:\/\/www.delexodo.com.ar\/wp-content\/uploads\/2020\/03\/WhatsApp-Image-2020-03-17-at-21.20.47-1-914x1024.jpeg\" alt=\"\" class=\"wp-image-5792\" srcset=\"https:\/\/www.delexodo.com.ar\/wp-content\/uploads\/2020\/03\/WhatsApp-Image-2020-03-17-at-21.20.47-1-914x1024.jpeg 914w, https:\/\/www.delexodo.com.ar\/wp-content\/uploads\/2020\/03\/WhatsApp-Image-2020-03-17-at-21.20.47-1-268x300.jpeg 268w, https:\/\/www.delexodo.com.ar\/wp-content\/uploads\/2020\/03\/WhatsApp-Image-2020-03-17-at-21.20.47-1-768x860.jpeg 768w, https:\/\/www.delexodo.com.ar\/wp-content\/uploads\/2020\/03\/WhatsApp-Image-2020-03-17-at-21.20.47-1.jpeg 1043w\" sizes=\"auto, (max-width: 914px) 100vw, 914px\" \/><\/figure>\n\n\n\n<p><strong>Denuncie toda irregularidad <\/strong>que contradiga lo informado en el presente comunicado llamando <strong>al 911, al 101<\/strong> o a la dependencia policial m\u00e1s pr\u00f3xima, en caso de sentir dolor de cabeza, tener fiebre, dolor de garganta y tos seca, <strong>comun\u00edcate con el 0800 777 8476<\/strong>. <em>\u201cLa batalla contra el Covid-19 la ganamos entre todos con una buena prevenci\u00f3n, construyamos una barrera de protecci\u00f3n, qu\u00e9date en tu casa, sobre todo si estas dentro del grupo de riesgo tales como embarazadas, personas inmunosuprimidas, con antecedentes respiratorios (asma cr\u00f3nica, bronquitis cr\u00f3nica, etc.), con antecedentes card\u00edacos, mayores de 60 a\u00f1os, insulina dependientes o con insuficiencia renal\u201d<\/em>. <\/p>\n\n\n\n<figure class=\"wp-block-image\"><img loading=\"lazy\" decoding=\"async\" width=\"737\" height=\"594\" src=\"http:\/\/www.delexodo.com.ar\/wp-content\/uploads\/2020\/03\/CORONAVIRUS-PREVENCION.png\" alt=\"\" class=\"wp-image-5707\" srcset=\"https:\/\/www.delexodo.com.ar\/wp-content\/uploads\/2020\/03\/CORONAVIRUS-PREVENCION.png 737w, https:\/\/www.delexodo.com.ar\/wp-content\/uploads\/2020\/03\/CORONAVIRUS-PREVENCION-300x242.png 300w\" sizes=\"auto, (max-width: 737px) 100vw, 737px\" \/><\/figure>\n","protected":false},"excerpt":{"rendered":"<p>En relaci\u00f3n al Decreto de Necesidad y Urgencia 297\/20, promulgado por el Poder Ejecutivo Nacional y rubricado por el Presidente&hellip;<\/p>\n","protected":false},"author":1,"featured_media":5793,"comment_status":"open","ping_status":"open","sticky":false,"template":"","format":"standard","meta":{"_joinchat":[],"footnotes":""},"categories":[65,1,69,352],"tags":[],"class_list":["post-5791","post","type-post","status-publish","format-standard","has-post-thumbnail","hentry","category-destacados","category-sincategoria","category-noticias","category-salud"],"yoast_head":"<!-- This site is optimized with the Yoast SEO plugin v25.1 - https:\/\/yoast.com\/wordpress\/plugins\/seo\/ -->\n<title>LA POLIC\u00cdA REALIZA CONTROLES: NO SON VACACIONES - \u201cAISLAMIENTO SOCIAL, PREVENTIVO Y OBLIGATORIO\u201d - Del \u00c9xodo Nogoy\u00e1<\/title>\n<meta name=\"robots\" content=\"index, follow, max-snippet:-1, max-image-preview:large, max-video-preview:-1\" \/>\n<link rel=\"canonical\" href=\"https:\/\/www.delexodo.com.ar\/?p=5791\" \/>\n<meta property=\"og:locale\" content=\"es_ES\" \/>\n<meta property=\"og:type\" content=\"article\" \/>\n<meta property=\"og:title\" content=\"LA POLIC\u00cdA REALIZA CONTROLES: NO SON VACACIONES - \u201cAISLAMIENTO SOCIAL, PREVENTIVO Y OBLIGATORIO\u201d - Del \u00c9xodo Nogoy\u00e1\" \/>\n<meta property=\"og:description\" content=\"En relaci\u00f3n al Decreto de Necesidad y Urgencia 297\/20, promulgado por el Poder Ejecutivo Nacional y rubricado por el Presidente&hellip;\" \/>\n<meta property=\"og:url\" content=\"https:\/\/www.delexodo.com.ar\/?p=5791\" \/>\n<meta property=\"og:site_name\" content=\"Del \u00c9xodo Nogoy\u00e1\" \/>\n<meta property=\"article:published_time\" content=\"2020-03-21T00:16:51+00:00\" \/>\n<meta property=\"article:modified_time\" content=\"2020-03-21T00:16:52+00:00\" \/>\n<meta property=\"og:image\" content=\"https:\/\/www.delexodo.com.ar\/wp-content\/uploads\/2020\/03\/TEESTAMOSCUIDANDO.png\" \/>\n\t<meta property=\"og:image:width\" content=\"783\" \/>\n\t<meta property=\"og:image:height\" content=\"436\" \/>\n\t<meta property=\"og:image:type\" content=\"image\/png\" \/>\n<meta name=\"author\" content=\"admin\" \/>\n<meta name=\"twitter:card\" content=\"summary_large_image\" \/>\n<meta name=\"twitter:label1\" content=\"Escrito por\" \/>\n\t<meta name=\"twitter:data1\" content=\"admin\" \/>\n\t<meta name=\"twitter:label2\" content=\"Tiempo de lectura\" \/>\n\t<meta name=\"twitter:data2\" content=\"4 minutos\" \/>\n<script type=\"application\/ld+json\" class=\"yoast-schema-graph\">{\"@context\":\"https:\/\/schema.org\",\"@graph\":[{\"@type\":\"Article\",\"@id\":\"https:\/\/www.delexodo.com.ar\/?p=5791#article\",\"isPartOf\":{\"@id\":\"https:\/\/www.delexodo.com.ar\/?p=5791\"},\"author\":{\"name\":\"admin\",\"@id\":\"https:\/\/www.delexodo.com.ar\/#\/schema\/person\/bbed37f7da8e938660b34f2013ba449d\"},\"headline\":\"LA POLIC\u00cdA REALIZA CONTROLES: NO SON VACACIONES &#8211; \u201cAISLAMIENTO SOCIAL, PREVENTIVO Y OBLIGATORIO\u201d\",\"datePublished\":\"2020-03-21T00:16:51+00:00\",\"dateModified\":\"2020-03-21T00:16:52+00:00\",\"mainEntityOfPage\":{\"@id\":\"https:\/\/www.delexodo.com.ar\/?p=5791\"},\"wordCount\":778,\"commentCount\":0,\"publisher\":{\"@id\":\"https:\/\/www.delexodo.com.ar\/#organization\"},\"image\":{\"@id\":\"https:\/\/www.delexodo.com.ar\/?p=5791#primaryimage\"},\"thumbnailUrl\":\"https:\/\/www.delexodo.com.ar\/wp-content\/uploads\/2020\/03\/TEESTAMOSCUIDANDO.png\",\"articleSection\":[\"Destacados\",\"Nogoya\",\"NOTICIAS\",\"Salud\"],\"inLanguage\":\"es\",\"potentialAction\":[{\"@type\":\"CommentAction\",\"name\":\"Comment\",\"target\":[\"https:\/\/www.delexodo.com.ar\/?p=5791#respond\"]}]},{\"@type\":\"WebPage\",\"@id\":\"https:\/\/www.delexodo.com.ar\/?p=5791\",\"url\":\"https:\/\/www.delexodo.com.ar\/?p=5791\",\"name\":\"LA POLIC\u00cdA REALIZA CONTROLES: NO SON VACACIONES - \u201cAISLAMIENTO SOCIAL, PREVENTIVO Y OBLIGATORIO\u201d - Del \u00c9xodo Nogoy\u00e1\",\"isPartOf\":{\"@id\":\"https:\/\/www.delexodo.com.ar\/#website\"},\"primaryImageOfPage\":{\"@id\":\"https:\/\/www.delexodo.com.ar\/?p=5791#primaryimage\"},\"image\":{\"@id\":\"https:\/\/www.delexodo.com.ar\/?p=5791#primaryimage\"},\"thumbnailUrl\":\"https:\/\/www.delexodo.com.ar\/wp-content\/uploads\/2020\/03\/TEESTAMOSCUIDANDO.png\",\"datePublished\":\"2020-03-21T00:16:51+00:00\",\"dateModified\":\"2020-03-21T00:16:52+00:00\",\"breadcrumb\":{\"@id\":\"https:\/\/www.delexodo.com.ar\/?p=5791#breadcrumb\"},\"inLanguage\":\"es\",\"potentialAction\":[{\"@type\":\"ReadAction\",\"target\":[\"https:\/\/www.delexodo.com.ar\/?p=5791\"]}]},{\"@type\":\"ImageObject\",\"inLanguage\":\"es\",\"@id\":\"https:\/\/www.delexodo.com.ar\/?p=5791#primaryimage\",\"url\":\"https:\/\/www.delexodo.com.ar\/wp-content\/uploads\/2020\/03\/TEESTAMOSCUIDANDO.png\",\"contentUrl\":\"https:\/\/www.delexodo.com.ar\/wp-content\/uploads\/2020\/03\/TEESTAMOSCUIDANDO.png\",\"width\":783,\"height\":436},{\"@type\":\"BreadcrumbList\",\"@id\":\"https:\/\/www.delexodo.com.ar\/?p=5791#breadcrumb\",\"itemListElement\":[{\"@type\":\"ListItem\",\"position\":1,\"name\":\"Portada\",\"item\":\"https:\/\/www.delexodo.com.ar\/\"},{\"@type\":\"ListItem\",\"position\":2,\"name\":\"LA POLIC\u00cdA REALIZA CONTROLES: NO SON VACACIONES &#8211; \u201cAISLAMIENTO SOCIAL, PREVENTIVO Y OBLIGATORIO\u201d\"}]},{\"@type\":\"WebSite\",\"@id\":\"https:\/\/www.delexodo.com.ar\/#website\",\"url\":\"https:\/\/www.delexodo.com.ar\/\",\"name\":\"Del \u00c9xodo Nogoy\u00e1\",\"description\":\"El Portal de Noticias de la Regi\u00f3n\",\"publisher\":{\"@id\":\"https:\/\/www.delexodo.com.ar\/#organization\"},\"potentialAction\":[{\"@type\":\"SearchAction\",\"target\":{\"@type\":\"EntryPoint\",\"urlTemplate\":\"https:\/\/www.delexodo.com.ar\/?s={search_term_string}\"},\"query-input\":{\"@type\":\"PropertyValueSpecification\",\"valueRequired\":true,\"valueName\":\"search_term_string\"}}],\"inLanguage\":\"es\"},{\"@type\":\"Organization\",\"@id\":\"https:\/\/www.delexodo.com.ar\/#organization\",\"name\":\"Del \u00c9xodo Nogoy\u00e1\",\"url\":\"https:\/\/www.delexodo.com.ar\/\",\"logo\":{\"@type\":\"ImageObject\",\"inLanguage\":\"es\",\"@id\":\"https:\/\/www.delexodo.com.ar\/#\/schema\/logo\/image\/\",\"url\":\"https:\/\/www.delexodo.com.ar\/wp-content\/uploads\/2024\/10\/cropped-cropped-LOGO24.png\",\"contentUrl\":\"https:\/\/www.delexodo.com.ar\/wp-content\/uploads\/2024\/10\/cropped-cropped-LOGO24.png\",\"width\":512,\"height\":349,\"caption\":\"Del \u00c9xodo Nogoy\u00e1\"},\"image\":{\"@id\":\"https:\/\/www.delexodo.com.ar\/#\/schema\/logo\/image\/\"}},{\"@type\":\"Person\",\"@id\":\"https:\/\/www.delexodo.com.ar\/#\/schema\/person\/bbed37f7da8e938660b34f2013ba449d\",\"name\":\"admin\",\"image\":{\"@type\":\"ImageObject\",\"inLanguage\":\"es\",\"@id\":\"https:\/\/www.delexodo.com.ar\/#\/schema\/person\/image\/\",\"url\":\"https:\/\/secure.gravatar.com\/avatar\/6b1558d1b6df085f1901bd5bd98523d7?s=96&d=mm&r=g\",\"contentUrl\":\"https:\/\/secure.gravatar.com\/avatar\/6b1558d1b6df085f1901bd5bd98523d7?s=96&d=mm&r=g\",\"caption\":\"admin\"},\"url\":\"https:\/\/www.delexodo.com.ar\/?author=1\"}]}<\/script>\n<!-- \/ Yoast SEO plugin. -->","yoast_head_json":{"title":"LA POLIC\u00cdA REALIZA CONTROLES: NO SON VACACIONES - \u201cAISLAMIENTO SOCIAL, PREVENTIVO Y OBLIGATORIO\u201d - Del \u00c9xodo Nogoy\u00e1","robots":{"index":"index","follow":"follow","max-snippet":"max-snippet:-1","max-image-preview":"max-image-preview:large","max-video-preview":"max-video-preview:-1"},"canonical":"https:\/\/www.delexodo.com.ar\/?p=5791","og_locale":"es_ES","og_type":"article","og_title":"LA POLIC\u00cdA REALIZA CONTROLES: NO SON VACACIONES - \u201cAISLAMIENTO SOCIAL, PREVENTIVO Y OBLIGATORIO\u201d - Del \u00c9xodo Nogoy\u00e1","og_description":"En relaci\u00f3n al Decreto de Necesidad y Urgencia 297\/20, promulgado por el Poder Ejecutivo Nacional y rubricado por el Presidente&hellip;","og_url":"https:\/\/www.delexodo.com.ar\/?p=5791","og_site_name":"Del \u00c9xodo Nogoy\u00e1","article_published_time":"2020-03-21T00:16:51+00:00","article_modified_time":"2020-03-21T00:16:52+00:00","og_image":[{"width":783,"height":436,"url":"https:\/\/www.delexodo.com.ar\/wp-content\/uploads\/2020\/03\/TEESTAMOSCUIDANDO.png","type":"image\/png"}],"author":"admin","twitter_card":"summary_large_image","twitter_misc":{"Escrito por":"admin","Tiempo de lectura":"4 minutos"},"schema":{"@context":"https:\/\/schema.org","@graph":[{"@type":"Article","@id":"https:\/\/www.delexodo.com.ar\/?p=5791#article","isPartOf":{"@id":"https:\/\/www.delexodo.com.ar\/?p=5791"},"author":{"name":"admin","@id":"https:\/\/www.delexodo.com.ar\/#\/schema\/person\/bbed37f7da8e938660b34f2013ba449d"},"headline":"LA POLIC\u00cdA REALIZA CONTROLES: NO SON VACACIONES &#8211; \u201cAISLAMIENTO SOCIAL, PREVENTIVO Y OBLIGATORIO\u201d","datePublished":"2020-03-21T00:16:51+00:00","dateModified":"2020-03-21T00:16:52+00:00","mainEntityOfPage":{"@id":"https:\/\/www.delexodo.com.ar\/?p=5791"},"wordCount":778,"commentCount":0,"publisher":{"@id":"https:\/\/www.delexodo.com.ar\/#organization"},"image":{"@id":"https:\/\/www.delexodo.com.ar\/?p=5791#primaryimage"},"thumbnailUrl":"https:\/\/www.delexodo.com.ar\/wp-content\/uploads\/2020\/03\/TEESTAMOSCUIDANDO.png","articleSection":["Destacados","Nogoya","NOTICIAS","Salud"],"inLanguage":"es","potentialAction":[{"@type":"CommentAction","name":"Comment","target":["https:\/\/www.delexodo.com.ar\/?p=5791#respond"]}]},{"@type":"WebPage","@id":"https:\/\/www.delexodo.com.ar\/?p=5791","url":"https:\/\/www.delexodo.com.ar\/?p=5791","name":"LA POLIC\u00cdA REALIZA CONTROLES: NO SON VACACIONES - \u201cAISLAMIENTO SOCIAL, PREVENTIVO Y OBLIGATORIO\u201d - Del \u00c9xodo Nogoy\u00e1","isPartOf":{"@id":"https:\/\/www.delexodo.com.ar\/#website"},"primaryImageOfPage":{"@id":"https:\/\/www.delexodo.com.ar\/?p=5791#primaryimage"},"image":{"@id":"https:\/\/www.delexodo.com.ar\/?p=5791#primaryimage"},"thumbnailUrl":"https:\/\/www.delexodo.com.ar\/wp-content\/uploads\/2020\/03\/TEESTAMOSCUIDANDO.png","datePublished":"2020-03-21T00:16:51+00:00","dateModified":"2020-03-21T00:16:52+00:00","breadcrumb":{"@id":"https:\/\/www.delexodo.com.ar\/?p=5791#breadcrumb"},"inLanguage":"es","potentialAction":[{"@type":"ReadAction","target":["https:\/\/www.delexodo.com.ar\/?p=5791"]}]},{"@type":"ImageObject","inLanguage":"es","@id":"https:\/\/www.delexodo.com.ar\/?p=5791#primaryimage","url":"https:\/\/www.delexodo.com.ar\/wp-content\/uploads\/2020\/03\/TEESTAMOSCUIDANDO.png","contentUrl":"https:\/\/www.delexodo.com.ar\/wp-content\/uploads\/2020\/03\/TEESTAMOSCUIDANDO.png","width":783,"height":436},{"@type":"BreadcrumbList","@id":"https:\/\/www.delexodo.com.ar\/?p=5791#breadcrumb","itemListElement":[{"@type":"ListItem","position":1,"name":"Portada","item":"https:\/\/www.delexodo.com.ar\/"},{"@type":"ListItem","position":2,"name":"LA POLIC\u00cdA REALIZA CONTROLES: NO SON VACACIONES &#8211; \u201cAISLAMIENTO SOCIAL, PREVENTIVO Y OBLIGATORIO\u201d"}]},{"@type":"WebSite","@id":"https:\/\/www.delexodo.com.ar\/#website","url":"https:\/\/www.delexodo.com.ar\/","name":"Del \u00c9xodo Nogoy\u00e1","description":"El Portal de Noticias de la Regi\u00f3n","publisher":{"@id":"https:\/\/www.delexodo.com.ar\/#organization"},"potentialAction":[{"@type":"SearchAction","target":{"@type":"EntryPoint","urlTemplate":"https:\/\/www.delexodo.com.ar\/?s={search_term_string}"},"query-input":{"@type":"PropertyValueSpecification","valueRequired":true,"valueName":"search_term_string"}}],"inLanguage":"es"},{"@type":"Organization","@id":"https:\/\/www.delexodo.com.ar\/#organization","name":"Del \u00c9xodo Nogoy\u00e1","url":"https:\/\/www.delexodo.com.ar\/","logo":{"@type":"ImageObject","inLanguage":"es","@id":"https:\/\/www.delexodo.com.ar\/#\/schema\/logo\/image\/","url":"https:\/\/www.delexodo.com.ar\/wp-content\/uploads\/2024\/10\/cropped-cropped-LOGO24.png","contentUrl":"https:\/\/www.delexodo.com.ar\/wp-content\/uploads\/2024\/10\/cropped-cropped-LOGO24.png","width":512,"height":349,"caption":"Del \u00c9xodo Nogoy\u00e1"},"image":{"@id":"https:\/\/www.delexodo.com.ar\/#\/schema\/logo\/image\/"}},{"@type":"Person","@id":"https:\/\/www.delexodo.com.ar\/#\/schema\/person\/bbed37f7da8e938660b34f2013ba449d","name":"admin","image":{"@type":"ImageObject","inLanguage":"es","@id":"https:\/\/www.delexodo.com.ar\/#\/schema\/person\/image\/","url":"https:\/\/secure.gravatar.com\/avatar\/6b1558d1b6df085f1901bd5bd98523d7?s=96&d=mm&r=g","contentUrl":"https:\/\/secure.gravatar.com\/avatar\/6b1558d1b6df085f1901bd5bd98523d7?s=96&d=mm&r=g","caption":"admin"},"url":"https:\/\/www.delexodo.com.ar\/?author=1"}]}},"_links":{"self":[{"href":"https:\/\/www.delexodo.com.ar\/index.php?rest_route=\/wp\/v2\/posts\/5791","targetHints":{"allow":["GET"]}}],"collection":[{"href":"https:\/\/www.delexodo.com.ar\/index.php?rest_route=\/wp\/v2\/posts"}],"about":[{"href":"https:\/\/www.delexodo.com.ar\/index.php?rest_route=\/wp\/v2\/types\/post"}],"author":[{"embeddable":true,"href":"https:\/\/www.delexodo.com.ar\/index.php?rest_route=\/wp\/v2\/users\/1"}],"replies":[{"embeddable":true,"href":"https:\/\/www.delexodo.com.ar\/index.php?rest_route=%2Fwp%2Fv2%2Fcomments&post=5791"}],"version-history":[{"count":0,"href":"https:\/\/www.delexodo.com.ar\/index.php?rest_route=\/wp\/v2\/posts\/5791\/revisions"}],"wp:featuredmedia":[{"embeddable":true,"href":"https:\/\/www.delexodo.com.ar\/index.php?rest_route=\/wp\/v2\/media\/5793"}],"wp:attachment":[{"href":"https:\/\/www.delexodo.com.ar\/index.php?rest_route=%2Fwp%2Fv2%2Fmedia&parent=5791"}],"wp:term":[{"taxonomy":"category","embeddable":true,"href":"https:\/\/www.delexodo.com.ar\/index.php?rest_route=%2Fwp%2Fv2%2Fcategories&post=5791"},{"taxonomy":"post_tag","embeddable":true,"href":"https:\/\/www.delexodo.com.ar\/index.php?rest_route=%2Fwp%2Fv2%2Ftags&post=5791"}],"curies":[{"name":"wp","href":"https:\/\/api.w.org\/{rel}","templated":true}]}}