{"id":5264,"date":"2020-01-06T22:18:56","date_gmt":"2020-01-07T01:18:56","guid":{"rendered":"http:\/\/www.delexodo.com.ar\/?p=5264"},"modified":"2020-01-06T22:55:49","modified_gmt":"2020-01-07T01:55:49","slug":"no-hubo-despidos-en-el-municipio-de-hernandez-aseguro-gaioli","status":"publish","type":"post","link":"https:\/\/www.delexodo.com.ar\/?p=5264","title":{"rendered":"NO HUBO DESPIDOS EN EL MUNICIPIO DE HERNANDEZ, ASEGUR\u00d3 GAIOLI"},"content":{"rendered":"\n<p>Este lunes por la ma\u00f1ana en la sede de la Dptal. del Copnaf tambien estuvo presente a la asunci\u00f3n de Acosta el reciente electo Intendente de Villa Sab\u00e1 Z. Hernandez Dn. <strong>LUIS GAIOLI<\/strong>.<\/p>\n\n\n\n<figure class=\"wp-block-image\"><img loading=\"lazy\" decoding=\"async\" width=\"768\" height=\"1024\" src=\"http:\/\/www.delexodo.com.ar\/wp-content\/uploads\/2020\/01\/WhatsApp-Image-2020-01-06-at-22.08.40-768x1024.jpeg\" alt=\"\" class=\"wp-image-5266\" srcset=\"https:\/\/www.delexodo.com.ar\/wp-content\/uploads\/2020\/01\/WhatsApp-Image-2020-01-06-at-22.08.40-768x1024.jpeg 768w, https:\/\/www.delexodo.com.ar\/wp-content\/uploads\/2020\/01\/WhatsApp-Image-2020-01-06-at-22.08.40-225x300.jpeg 225w, https:\/\/www.delexodo.com.ar\/wp-content\/uploads\/2020\/01\/WhatsApp-Image-2020-01-06-at-22.08.40.jpeg 960w\" sizes=\"auto, (max-width: 768px) 100vw, 768px\" \/><\/figure>\n\n\n\n<p>Aprovechamos la circunstancia para dialogar respecto al estado en el que recibi\u00f3 el municipio tras las elecciones pasadas y la asunci\u00f3n del 10 de diciembre y ante algunos trascendidos de redes sociales donde a tan solo dos d\u00edas de la asunci\u00f3n se pod\u00eda leer  \u00ab<strong>Lamento el destrato que padece la gente que me acompa\u00f1\u00f3 en mi gobierno y empleados tambi\u00e9n&#8230;cosa que yo no hice nunca\u00bb<\/strong> y unos d\u00eda despu\u00e9s un nuevo posteo manifestando \u00ab<strong>Que triste a unos d\u00edas de la Navidad ver como despiden, persiguen, e intimidan a empleados del municipio&#8230;nunca sucedi\u00f3&#8230;<\/strong>\u00ab<\/p>\n\n\n\n<p>Al respecto de la situaci\u00f3n del municipio Gaioli manifest\u00f3, <em>\u00absi bien estamos en receso y las tareas administrativas por el momento est\u00e1n suspendidas, esto nos va a permitir en los pr\u00f3ximos 20 d\u00edas ir viendo documentaci\u00f3n, el estado general de las cuestiones que hacen al funcionamiento de los equipos viales que han quedado, este periodo de receso nos va a permitir ver bien donde estamos sentados y que cosas vamos a tener que empezar a hacer a partir de febrero\u00bb<\/em><\/p>\n\n\n\n<p>Hablando referente a los n\u00fameros del municipio el intendente dijo que si bien han recibido el municipio con las cuentas equilibradas no fue un super\u00e1vit tan grande que permita proyectar una tarea de gobierno para los pr\u00f3ximos meses.<\/p>\n\n\n\n<figure class=\"wp-block-image\"><img loading=\"lazy\" decoding=\"async\" width=\"960\" height=\"394\" src=\"http:\/\/www.delexodo.com.ar\/wp-content\/uploads\/2020\/01\/POSTEOS-FACC.jpg\" alt=\"\" class=\"wp-image-5265\" srcset=\"https:\/\/www.delexodo.com.ar\/wp-content\/uploads\/2020\/01\/POSTEOS-FACC.jpg 960w, https:\/\/www.delexodo.com.ar\/wp-content\/uploads\/2020\/01\/POSTEOS-FACC-300x123.jpg 300w, https:\/\/www.delexodo.com.ar\/wp-content\/uploads\/2020\/01\/POSTEOS-FACC-768x315.jpg 768w\" sizes=\"auto, (max-width: 960px) 100vw, 960px\" \/><\/figure>\n\n\n\n<p>Respecto de las manifestaciones de la red Gaicial facebook en cuanto a los despidos en el municipio, Gaioli manifest\u00f3 <em><strong>\u00abno ninguno, despidos ninguno, se han ca\u00eddo algunos contratos de la ges<\/strong><\/em><span><b><em><strong>ti\u00f3n<\/strong><\/em><\/b><\/span><em style=\"\"><span><b> anterior como en toda <\/b><\/span><b>gesti\u00f3n, se han ca\u00eddo y no los hemos renovado pero despidos a nadie, ni de planta ni los jornaleros, los de trabajo diario, ahora a algunos no les hemos dado tareas aun porque al estar en receso no tenemos gente para estar trabajando, pero no fue as\u00ed y la verdad que la mayor\u00eda de los empleados tanto de la planta permanente, los que trabajan en el edificio municipal, hoy mismo cuando fui a las 6 de la ma\u00f1ana al corralon que estuve <\/b><span><b>salud\u00e1ndolos, la verdad que los que <\/b><\/span><b>est\u00e1n trabajando lo <\/b><\/em><strong><em>est\u00e1n haciendo de muy buena gana y la verdad que estamos muy contentos de volver a trabajar por el pueblo que tanto queremos\u00bb<\/em><\/strong><\/p>\n\n\n\n<figure class=\"wp-block-embed-youtube wp-block-embed is-type-video is-provider-youtube wp-embed-aspect-4-3 wp-has-aspect-ratio\"><div class=\"wp-block-embed__wrapper\">\n<iframe loading=\"lazy\" title=\"#AIRE #MxV - Intendente de Hernandez LUIS GAIOLI\" width=\"500\" height=\"375\" src=\"https:\/\/www.youtube.com\/embed\/TsSt62LvOAE?feature=oembed\" frameborder=\"0\" allow=\"accelerometer; autoplay; clipboard-write; encrypted-media; gyroscope; picture-in-picture; web-share\" referrerpolicy=\"strict-origin-when-cross-origin\" allowfullscreen><\/iframe>\n<\/div><\/figure>\n","protected":false},"excerpt":{"rendered":"<p>Este lunes por la ma\u00f1ana en la sede de la Dptal. del Copnaf tambien estuvo presente a la asunci\u00f3n de&hellip;<\/p>\n","protected":false},"author":1,"featured_media":5267,"comment_status":"open","ping_status":"open","sticky":false,"template":"","format":"standard","meta":{"_joinchat":[],"footnotes":""},"categories":[65,1,69,349],"tags":[],"class_list":["post-5264","post","type-post","status-publish","format-standard","has-post-thumbnail","hentry","category-destacados","category-sincategoria","category-noticias","category-politica"],"yoast_head":"<!-- This site is optimized with the Yoast SEO plugin v25.1 - https:\/\/yoast.com\/wordpress\/plugins\/seo\/ -->\n<title>NO HUBO DESPIDOS EN EL MUNICIPIO DE HERNANDEZ, ASEGUR\u00d3 GAIOLI - Del \u00c9xodo Nogoy\u00e1<\/title>\n<meta name=\"robots\" content=\"index, follow, max-snippet:-1, max-image-preview:large, max-video-preview:-1\" \/>\n<link rel=\"canonical\" href=\"https:\/\/www.delexodo.com.ar\/?p=5264\" \/>\n<meta property=\"og:locale\" content=\"es_ES\" \/>\n<meta property=\"og:type\" content=\"article\" \/>\n<meta property=\"og:title\" content=\"NO HUBO DESPIDOS EN EL MUNICIPIO DE HERNANDEZ, ASEGUR\u00d3 GAIOLI - Del \u00c9xodo Nogoy\u00e1\" \/>\n<meta property=\"og:description\" content=\"Este lunes por la ma\u00f1ana en la sede de la Dptal. del Copnaf tambien estuvo presente a la asunci\u00f3n de&hellip;\" \/>\n<meta property=\"og:url\" content=\"https:\/\/www.delexodo.com.ar\/?p=5264\" \/>\n<meta property=\"og:site_name\" content=\"Del \u00c9xodo Nogoy\u00e1\" \/>\n<meta property=\"article:published_time\" content=\"2020-01-07T01:18:56+00:00\" \/>\n<meta property=\"article:modified_time\" content=\"2020-01-07T01:55:49+00:00\" \/>\n<meta property=\"og:image\" content=\"https:\/\/www.delexodo.com.ar\/wp-content\/uploads\/2020\/01\/MUNICIPIO-HERNANDEZ.jpg\" \/>\n\t<meta property=\"og:image:width\" content=\"960\" \/>\n\t<meta property=\"og:image:height\" content=\"252\" \/>\n\t<meta property=\"og:image:type\" content=\"image\/jpeg\" \/>\n<meta name=\"author\" content=\"admin\" \/>\n<meta name=\"twitter:card\" content=\"summary_large_image\" \/>\n<meta name=\"twitter:label1\" content=\"Escrito por\" \/>\n\t<meta name=\"twitter:data1\" content=\"admin\" \/>\n\t<meta name=\"twitter:label2\" content=\"Tiempo de lectura\" \/>\n\t<meta name=\"twitter:data2\" content=\"2 minutos\" \/>\n<script type=\"application\/ld+json\" class=\"yoast-schema-graph\">{\"@context\":\"https:\/\/schema.org\",\"@graph\":[{\"@type\":\"Article\",\"@id\":\"https:\/\/www.delexodo.com.ar\/?p=5264#article\",\"isPartOf\":{\"@id\":\"https:\/\/www.delexodo.com.ar\/?p=5264\"},\"author\":{\"name\":\"admin\",\"@id\":\"https:\/\/www.delexodo.com.ar\/#\/schema\/person\/bbed37f7da8e938660b34f2013ba449d\"},\"headline\":\"NO HUBO DESPIDOS EN EL MUNICIPIO DE HERNANDEZ, ASEGUR\u00d3 GAIOLI\",\"datePublished\":\"2020-01-07T01:18:56+00:00\",\"dateModified\":\"2020-01-07T01:55:49+00:00\",\"mainEntityOfPage\":{\"@id\":\"https:\/\/www.delexodo.com.ar\/?p=5264\"},\"wordCount\":434,\"commentCount\":0,\"publisher\":{\"@id\":\"https:\/\/www.delexodo.com.ar\/#organization\"},\"image\":{\"@id\":\"https:\/\/www.delexodo.com.ar\/?p=5264#primaryimage\"},\"thumbnailUrl\":\"https:\/\/www.delexodo.com.ar\/wp-content\/uploads\/2020\/01\/MUNICIPIO-HERNANDEZ.jpg\",\"articleSection\":[\"Destacados\",\"Nogoya\",\"NOTICIAS\",\"Politica\"],\"inLanguage\":\"es\",\"potentialAction\":[{\"@type\":\"CommentAction\",\"name\":\"Comment\",\"target\":[\"https:\/\/www.delexodo.com.ar\/?p=5264#respond\"]}]},{\"@type\":\"WebPage\",\"@id\":\"https:\/\/www.delexodo.com.ar\/?p=5264\",\"url\":\"https:\/\/www.delexodo.com.ar\/?p=5264\",\"name\":\"NO HUBO DESPIDOS EN EL MUNICIPIO DE HERNANDEZ, ASEGUR\u00d3 GAIOLI - Del \u00c9xodo Nogoy\u00e1\",\"isPartOf\":{\"@id\":\"https:\/\/www.delexodo.com.ar\/#website\"},\"primaryImageOfPage\":{\"@id\":\"https:\/\/www.delexodo.com.ar\/?p=5264#primaryimage\"},\"image\":{\"@id\":\"https:\/\/www.delexodo.com.ar\/?p=5264#primaryimage\"},\"thumbnailUrl\":\"https:\/\/www.delexodo.com.ar\/wp-content\/uploads\/2020\/01\/MUNICIPIO-HERNANDEZ.jpg\",\"datePublished\":\"2020-01-07T01:18:56+00:00\",\"dateModified\":\"2020-01-07T01:55:49+00:00\",\"breadcrumb\":{\"@id\":\"https:\/\/www.delexodo.com.ar\/?p=5264#breadcrumb\"},\"inLanguage\":\"es\",\"potentialAction\":[{\"@type\":\"ReadAction\",\"target\":[\"https:\/\/www.delexodo.com.ar\/?p=5264\"]}]},{\"@type\":\"ImageObject\",\"inLanguage\":\"es\",\"@id\":\"https:\/\/www.delexodo.com.ar\/?p=5264#primaryimage\",\"url\":\"https:\/\/www.delexodo.com.ar\/wp-content\/uploads\/2020\/01\/MUNICIPIO-HERNANDEZ.jpg\",\"contentUrl\":\"https:\/\/www.delexodo.com.ar\/wp-content\/uploads\/2020\/01\/MUNICIPIO-HERNANDEZ.jpg\",\"width\":960,\"height\":252},{\"@type\":\"BreadcrumbList\",\"@id\":\"https:\/\/www.delexodo.com.ar\/?p=5264#breadcrumb\",\"itemListElement\":[{\"@type\":\"ListItem\",\"position\":1,\"name\":\"Portada\",\"item\":\"https:\/\/www.delexodo.com.ar\/\"},{\"@type\":\"ListItem\",\"position\":2,\"name\":\"NO HUBO DESPIDOS EN EL MUNICIPIO DE HERNANDEZ, ASEGUR\u00d3 GAIOLI\"}]},{\"@type\":\"WebSite\",\"@id\":\"https:\/\/www.delexodo.com.ar\/#website\",\"url\":\"https:\/\/www.delexodo.com.ar\/\",\"name\":\"Del \u00c9xodo Nogoy\u00e1\",\"description\":\"El Portal de Noticias de la Regi\u00f3n\",\"publisher\":{\"@id\":\"https:\/\/www.delexodo.com.ar\/#organization\"},\"potentialAction\":[{\"@type\":\"SearchAction\",\"target\":{\"@type\":\"EntryPoint\",\"urlTemplate\":\"https:\/\/www.delexodo.com.ar\/?s={search_term_string}\"},\"query-input\":{\"@type\":\"PropertyValueSpecification\",\"valueRequired\":true,\"valueName\":\"search_term_string\"}}],\"inLanguage\":\"es\"},{\"@type\":\"Organization\",\"@id\":\"https:\/\/www.delexodo.com.ar\/#organization\",\"name\":\"Del \u00c9xodo Nogoy\u00e1\",\"url\":\"https:\/\/www.delexodo.com.ar\/\",\"logo\":{\"@type\":\"ImageObject\",\"inLanguage\":\"es\",\"@id\":\"https:\/\/www.delexodo.com.ar\/#\/schema\/logo\/image\/\",\"url\":\"https:\/\/www.delexodo.com.ar\/wp-content\/uploads\/2024\/10\/cropped-cropped-LOGO24.png\",\"contentUrl\":\"https:\/\/www.delexodo.com.ar\/wp-content\/uploads\/2024\/10\/cropped-cropped-LOGO24.png\",\"width\":512,\"height\":349,\"caption\":\"Del \u00c9xodo Nogoy\u00e1\"},\"image\":{\"@id\":\"https:\/\/www.delexodo.com.ar\/#\/schema\/logo\/image\/\"}},{\"@type\":\"Person\",\"@id\":\"https:\/\/www.delexodo.com.ar\/#\/schema\/person\/bbed37f7da8e938660b34f2013ba449d\",\"name\":\"admin\",\"image\":{\"@type\":\"ImageObject\",\"inLanguage\":\"es\",\"@id\":\"https:\/\/www.delexodo.com.ar\/#\/schema\/person\/image\/\",\"url\":\"https:\/\/secure.gravatar.com\/avatar\/6b1558d1b6df085f1901bd5bd98523d7?s=96&d=mm&r=g\",\"contentUrl\":\"https:\/\/secure.gravatar.com\/avatar\/6b1558d1b6df085f1901bd5bd98523d7?s=96&d=mm&r=g\",\"caption\":\"admin\"},\"url\":\"https:\/\/www.delexodo.com.ar\/?author=1\"}]}<\/script>\n<!-- \/ Yoast SEO plugin. -->","yoast_head_json":{"title":"NO HUBO DESPIDOS EN EL MUNICIPIO DE HERNANDEZ, ASEGUR\u00d3 GAIOLI - Del \u00c9xodo Nogoy\u00e1","robots":{"index":"index","follow":"follow","max-snippet":"max-snippet:-1","max-image-preview":"max-image-preview:large","max-video-preview":"max-video-preview:-1"},"canonical":"https:\/\/www.delexodo.com.ar\/?p=5264","og_locale":"es_ES","og_type":"article","og_title":"NO HUBO DESPIDOS EN EL MUNICIPIO DE HERNANDEZ, ASEGUR\u00d3 GAIOLI - Del \u00c9xodo Nogoy\u00e1","og_description":"Este lunes por la ma\u00f1ana en la sede de la Dptal. del Copnaf tambien estuvo presente a la asunci\u00f3n de&hellip;","og_url":"https:\/\/www.delexodo.com.ar\/?p=5264","og_site_name":"Del \u00c9xodo Nogoy\u00e1","article_published_time":"2020-01-07T01:18:56+00:00","article_modified_time":"2020-01-07T01:55:49+00:00","og_image":[{"width":960,"height":252,"url":"https:\/\/www.delexodo.com.ar\/wp-content\/uploads\/2020\/01\/MUNICIPIO-HERNANDEZ.jpg","type":"image\/jpeg"}],"author":"admin","twitter_card":"summary_large_image","twitter_misc":{"Escrito por":"admin","Tiempo de lectura":"2 minutos"},"schema":{"@context":"https:\/\/schema.org","@graph":[{"@type":"Article","@id":"https:\/\/www.delexodo.com.ar\/?p=5264#article","isPartOf":{"@id":"https:\/\/www.delexodo.com.ar\/?p=5264"},"author":{"name":"admin","@id":"https:\/\/www.delexodo.com.ar\/#\/schema\/person\/bbed37f7da8e938660b34f2013ba449d"},"headline":"NO HUBO DESPIDOS EN EL MUNICIPIO DE HERNANDEZ, ASEGUR\u00d3 GAIOLI","datePublished":"2020-01-07T01:18:56+00:00","dateModified":"2020-01-07T01:55:49+00:00","mainEntityOfPage":{"@id":"https:\/\/www.delexodo.com.ar\/?p=5264"},"wordCount":434,"commentCount":0,"publisher":{"@id":"https:\/\/www.delexodo.com.ar\/#organization"},"image":{"@id":"https:\/\/www.delexodo.com.ar\/?p=5264#primaryimage"},"thumbnailUrl":"https:\/\/www.delexodo.com.ar\/wp-content\/uploads\/2020\/01\/MUNICIPIO-HERNANDEZ.jpg","articleSection":["Destacados","Nogoya","NOTICIAS","Politica"],"inLanguage":"es","potentialAction":[{"@type":"CommentAction","name":"Comment","target":["https:\/\/www.delexodo.com.ar\/?p=5264#respond"]}]},{"@type":"WebPage","@id":"https:\/\/www.delexodo.com.ar\/?p=5264","url":"https:\/\/www.delexodo.com.ar\/?p=5264","name":"NO HUBO DESPIDOS EN EL MUNICIPIO DE HERNANDEZ, ASEGUR\u00d3 GAIOLI - Del \u00c9xodo Nogoy\u00e1","isPartOf":{"@id":"https:\/\/www.delexodo.com.ar\/#website"},"primaryImageOfPage":{"@id":"https:\/\/www.delexodo.com.ar\/?p=5264#primaryimage"},"image":{"@id":"https:\/\/www.delexodo.com.ar\/?p=5264#primaryimage"},"thumbnailUrl":"https:\/\/www.delexodo.com.ar\/wp-content\/uploads\/2020\/01\/MUNICIPIO-HERNANDEZ.jpg","datePublished":"2020-01-07T01:18:56+00:00","dateModified":"2020-01-07T01:55:49+00:00","breadcrumb":{"@id":"https:\/\/www.delexodo.com.ar\/?p=5264#breadcrumb"},"inLanguage":"es","potentialAction":[{"@type":"ReadAction","target":["https:\/\/www.delexodo.com.ar\/?p=5264"]}]},{"@type":"ImageObject","inLanguage":"es","@id":"https:\/\/www.delexodo.com.ar\/?p=5264#primaryimage","url":"https:\/\/www.delexodo.com.ar\/wp-content\/uploads\/2020\/01\/MUNICIPIO-HERNANDEZ.jpg","contentUrl":"https:\/\/www.delexodo.com.ar\/wp-content\/uploads\/2020\/01\/MUNICIPIO-HERNANDEZ.jpg","width":960,"height":252},{"@type":"BreadcrumbList","@id":"https:\/\/www.delexodo.com.ar\/?p=5264#breadcrumb","itemListElement":[{"@type":"ListItem","position":1,"name":"Portada","item":"https:\/\/www.delexodo.com.ar\/"},{"@type":"ListItem","position":2,"name":"NO HUBO DESPIDOS EN EL MUNICIPIO DE HERNANDEZ, ASEGUR\u00d3 GAIOLI"}]},{"@type":"WebSite","@id":"https:\/\/www.delexodo.com.ar\/#website","url":"https:\/\/www.delexodo.com.ar\/","name":"Del \u00c9xodo Nogoy\u00e1","description":"El Portal de Noticias de la Regi\u00f3n","publisher":{"@id":"https:\/\/www.delexodo.com.ar\/#organization"},"potentialAction":[{"@type":"SearchAction","target":{"@type":"EntryPoint","urlTemplate":"https:\/\/www.delexodo.com.ar\/?s={search_term_string}"},"query-input":{"@type":"PropertyValueSpecification","valueRequired":true,"valueName":"search_term_string"}}],"inLanguage":"es"},{"@type":"Organization","@id":"https:\/\/www.delexodo.com.ar\/#organization","name":"Del \u00c9xodo Nogoy\u00e1","url":"https:\/\/www.delexodo.com.ar\/","logo":{"@type":"ImageObject","inLanguage":"es","@id":"https:\/\/www.delexodo.com.ar\/#\/schema\/logo\/image\/","url":"https:\/\/www.delexodo.com.ar\/wp-content\/uploads\/2024\/10\/cropped-cropped-LOGO24.png","contentUrl":"https:\/\/www.delexodo.com.ar\/wp-content\/uploads\/2024\/10\/cropped-cropped-LOGO24.png","width":512,"height":349,"caption":"Del \u00c9xodo Nogoy\u00e1"},"image":{"@id":"https:\/\/www.delexodo.com.ar\/#\/schema\/logo\/image\/"}},{"@type":"Person","@id":"https:\/\/www.delexodo.com.ar\/#\/schema\/person\/bbed37f7da8e938660b34f2013ba449d","name":"admin","image":{"@type":"ImageObject","inLanguage":"es","@id":"https:\/\/www.delexodo.com.ar\/#\/schema\/person\/image\/","url":"https:\/\/secure.gravatar.com\/avatar\/6b1558d1b6df085f1901bd5bd98523d7?s=96&d=mm&r=g","contentUrl":"https:\/\/secure.gravatar.com\/avatar\/6b1558d1b6df085f1901bd5bd98523d7?s=96&d=mm&r=g","caption":"admin"},"url":"https:\/\/www.delexodo.com.ar\/?author=1"}]}},"_links":{"self":[{"href":"https:\/\/www.delexodo.com.ar\/index.php?rest_route=\/wp\/v2\/posts\/5264","targetHints":{"allow":["GET"]}}],"collection":[{"href":"https:\/\/www.delexodo.com.ar\/index.php?rest_route=\/wp\/v2\/posts"}],"about":[{"href":"https:\/\/www.delexodo.com.ar\/index.php?rest_route=\/wp\/v2\/types\/post"}],"author":[{"embeddable":true,"href":"https:\/\/www.delexodo.com.ar\/index.php?rest_route=\/wp\/v2\/users\/1"}],"replies":[{"embeddable":true,"href":"https:\/\/www.delexodo.com.ar\/index.php?rest_route=%2Fwp%2Fv2%2Fcomments&post=5264"}],"version-history":[{"count":0,"href":"https:\/\/www.delexodo.com.ar\/index.php?rest_route=\/wp\/v2\/posts\/5264\/revisions"}],"wp:featuredmedia":[{"embeddable":true,"href":"https:\/\/www.delexodo.com.ar\/index.php?rest_route=\/wp\/v2\/media\/5267"}],"wp:attachment":[{"href":"https:\/\/www.delexodo.com.ar\/index.php?rest_route=%2Fwp%2Fv2%2Fmedia&parent=5264"}],"wp:term":[{"taxonomy":"category","embeddable":true,"href":"https:\/\/www.delexodo.com.ar\/index.php?rest_route=%2Fwp%2Fv2%2Fcategories&post=5264"},{"taxonomy":"post_tag","embeddable":true,"href":"https:\/\/www.delexodo.com.ar\/index.php?rest_route=%2Fwp%2Fv2%2Ftags&post=5264"}],"curies":[{"name":"wp","href":"https:\/\/api.w.org\/{rel}","templated":true}]}}