{"id":5194,"date":"2019-12-27T23:10:20","date_gmt":"2019-12-28T02:10:20","guid":{"rendered":"http:\/\/www.delexodo.com.ar\/?p=5194"},"modified":"2019-12-28T00:50:58","modified_gmt":"2019-12-28T03:50:58","slug":"nogoya-violencia-de-genero-preocupa-y-se-ocupa","status":"publish","type":"post","link":"https:\/\/www.delexodo.com.ar\/?p=5194","title":{"rendered":"NOGOYA. VIOLENCIA DE GENERO, PREOCUPA Y NOS OCUPA"},"content":{"rendered":"\n<p>Luego del informe por parte de la Jefatura Departamental de Nogoya el pasado jueves 26 donde el Crio. Insp. Oertelin daba cuenta de que 24 y 25 hab\u00edan sido jornadas que pod\u00edan considerarse tranquilas ya que no sucedieron hechos de relevanciaen lo que respecta a los festejos en diversos lugares p\u00fablicos pero, como dato importante destacaba un incremento importante de denuncias por violencia familiar y de g\u00e9nero, hechos que constantemente preocupan no solo en lo local sino a nivel nacional.<\/p>\n\n\n\n<p>Recientemente fue designada a cargo del \u00e1rea de la Mujer, G\u00e9nero y Diversidad la abogada <strong>VALERIA RODRIGUEZ<\/strong> qui\u00e9n deber\u00e1 poner en funcionamiento todos los engranajes necesarios a fin de promover campa\u00f1as, dar contenci\u00f3n y asistencia a victimas de este tipo de hechos que generan preocupaci\u00f3n en la sociedad.<\/p>\n\n\n\n<p>Rodriguez aport\u00f3 detalles referente al trabajo del \u00e1rea que conjuntamente con la Sub Secretar\u00eda de desarrollo social a cargo de la Lic. Carina Gomez llevan adelante el abordaje de esta tem\u00e1tica tan importante y que lamentablemente esta tan en boga con respecto a la violaci\u00f3n de muchos derechos.<\/p>\n\n\n\n<figure class=\"wp-block-embed-youtube wp-block-embed is-type-video is-provider-youtube wp-embed-aspect-4-3 wp-has-aspect-ratio\"><div class=\"wp-block-embed__wrapper\">\n<iframe loading=\"lazy\" title=\"#AIRE #MxV - Dra. Valeria Rodriguez - \u00c1REA DE LA MUJER, GENERO Y DIVERSIDAD #Nogoya\" width=\"500\" height=\"375\" src=\"https:\/\/www.youtube.com\/embed\/0qGboC7YF0s?feature=oembed\" frameborder=\"0\" allow=\"accelerometer; autoplay; clipboard-write; encrypted-media; gyroscope; picture-in-picture; web-share\" referrerpolicy=\"strict-origin-when-cross-origin\" allowfullscreen><\/iframe>\n<\/div><\/figure>\n\n\n\n<p>Denunciar la violencia de g\u00e9nero, los abusos sexuales, el maltrato laboral, y todas las agresiones que entren en este lamentable conjunto de situaciones, tiene gran importancia para quienes son v\u00edctimas y para la sociedad en general. Sin embargo parece que no resulta f\u00e1cil denunciar. Por ello es necesario fomentar, de todos los modos que sea posible, la importancia de la denuncia. Muchas mujeres no denuncian estas situaciones porque no identifican el maltrato como tal. Y es a partir de estas denuncias que la situaci\u00f3n cambia.<\/p>\n\n\n\n<p>Las mujeres v\u00edctimas de violencia de g\u00e9nero no llegan a denunciar, adem\u00e1s, por el miedo a las represalias del agresor, la verg\u00fcenza, la falta de confianza sobre el sistema judicial como posible protector de la v\u00edctima y por los da\u00f1os ps\u00edquicos que el maltrato ha generado en ellas. La violencia reiterada las deja debilitadas ps\u00edquica, econ\u00f3mica y socialmente. Son mujeres atemorizadas, dominadas, con baj\u00edsima autoestima.<\/p>\n","protected":false},"excerpt":{"rendered":"<p>Luego del informe por parte de la Jefatura Departamental de Nogoya el pasado jueves 26 donde el Crio. Insp. Oertelin&hellip;<\/p>\n","protected":false},"author":1,"featured_media":5198,"comment_status":"open","ping_status":"open","sticky":false,"template":"","format":"standard","meta":{"_joinchat":[],"footnotes":""},"categories":[65,1,69],"tags":[345],"class_list":["post-5194","post","type-post","status-publish","format-standard","has-post-thumbnail","hentry","category-destacados","category-sincategoria","category-noticias","tag-destacar"],"yoast_head":"<!-- This site is optimized with the Yoast SEO plugin v25.1 - https:\/\/yoast.com\/wordpress\/plugins\/seo\/ -->\n<title>NOGOYA. VIOLENCIA DE GENERO, PREOCUPA Y NOS OCUPA - Del \u00c9xodo Nogoy\u00e1<\/title>\n<meta name=\"robots\" content=\"index, follow, max-snippet:-1, max-image-preview:large, max-video-preview:-1\" \/>\n<link rel=\"canonical\" href=\"https:\/\/www.delexodo.com.ar\/?p=5194\" \/>\n<meta property=\"og:locale\" content=\"es_ES\" \/>\n<meta property=\"og:type\" content=\"article\" \/>\n<meta property=\"og:title\" content=\"NOGOYA. VIOLENCIA DE GENERO, PREOCUPA Y NOS OCUPA - Del \u00c9xodo Nogoy\u00e1\" \/>\n<meta property=\"og:description\" content=\"Luego del informe por parte de la Jefatura Departamental de Nogoya el pasado jueves 26 donde el Crio. Insp. Oertelin&hellip;\" \/>\n<meta property=\"og:url\" content=\"https:\/\/www.delexodo.com.ar\/?p=5194\" \/>\n<meta property=\"og:site_name\" content=\"Del \u00c9xodo Nogoy\u00e1\" \/>\n<meta property=\"article:published_time\" content=\"2019-12-28T02:10:20+00:00\" \/>\n<meta property=\"article:modified_time\" content=\"2019-12-28T03:50:58+00:00\" \/>\n<meta property=\"og:image\" content=\"https:\/\/www.delexodo.com.ar\/wp-content\/uploads\/2019\/12\/AREA-DE-LA-MUJER.png\" \/>\n\t<meta property=\"og:image:width\" content=\"640\" \/>\n\t<meta property=\"og:image:height\" content=\"297\" \/>\n\t<meta property=\"og:image:type\" content=\"image\/png\" \/>\n<meta name=\"author\" content=\"admin\" \/>\n<meta name=\"twitter:card\" content=\"summary_large_image\" \/>\n<meta name=\"twitter:label1\" content=\"Escrito por\" \/>\n\t<meta name=\"twitter:data1\" content=\"admin\" \/>\n\t<meta name=\"twitter:label2\" content=\"Tiempo de lectura\" \/>\n\t<meta name=\"twitter:data2\" content=\"2 minutos\" \/>\n<script type=\"application\/ld+json\" class=\"yoast-schema-graph\">{\"@context\":\"https:\/\/schema.org\",\"@graph\":[{\"@type\":\"Article\",\"@id\":\"https:\/\/www.delexodo.com.ar\/?p=5194#article\",\"isPartOf\":{\"@id\":\"https:\/\/www.delexodo.com.ar\/?p=5194\"},\"author\":{\"name\":\"admin\",\"@id\":\"https:\/\/www.delexodo.com.ar\/#\/schema\/person\/bbed37f7da8e938660b34f2013ba449d\"},\"headline\":\"NOGOYA. VIOLENCIA DE GENERO, PREOCUPA Y NOS OCUPA\",\"datePublished\":\"2019-12-28T02:10:20+00:00\",\"dateModified\":\"2019-12-28T03:50:58+00:00\",\"mainEntityOfPage\":{\"@id\":\"https:\/\/www.delexodo.com.ar\/?p=5194\"},\"wordCount\":363,\"commentCount\":0,\"publisher\":{\"@id\":\"https:\/\/www.delexodo.com.ar\/#organization\"},\"image\":{\"@id\":\"https:\/\/www.delexodo.com.ar\/?p=5194#primaryimage\"},\"thumbnailUrl\":\"https:\/\/www.delexodo.com.ar\/wp-content\/uploads\/2019\/12\/AREA-DE-LA-MUJER.png\",\"keywords\":[\"destacar\"],\"articleSection\":[\"Destacados\",\"Nogoya\",\"NOTICIAS\"],\"inLanguage\":\"es\",\"potentialAction\":[{\"@type\":\"CommentAction\",\"name\":\"Comment\",\"target\":[\"https:\/\/www.delexodo.com.ar\/?p=5194#respond\"]}]},{\"@type\":\"WebPage\",\"@id\":\"https:\/\/www.delexodo.com.ar\/?p=5194\",\"url\":\"https:\/\/www.delexodo.com.ar\/?p=5194\",\"name\":\"NOGOYA. VIOLENCIA DE GENERO, PREOCUPA Y NOS OCUPA - Del \u00c9xodo Nogoy\u00e1\",\"isPartOf\":{\"@id\":\"https:\/\/www.delexodo.com.ar\/#website\"},\"primaryImageOfPage\":{\"@id\":\"https:\/\/www.delexodo.com.ar\/?p=5194#primaryimage\"},\"image\":{\"@id\":\"https:\/\/www.delexodo.com.ar\/?p=5194#primaryimage\"},\"thumbnailUrl\":\"https:\/\/www.delexodo.com.ar\/wp-content\/uploads\/2019\/12\/AREA-DE-LA-MUJER.png\",\"datePublished\":\"2019-12-28T02:10:20+00:00\",\"dateModified\":\"2019-12-28T03:50:58+00:00\",\"breadcrumb\":{\"@id\":\"https:\/\/www.delexodo.com.ar\/?p=5194#breadcrumb\"},\"inLanguage\":\"es\",\"potentialAction\":[{\"@type\":\"ReadAction\",\"target\":[\"https:\/\/www.delexodo.com.ar\/?p=5194\"]}]},{\"@type\":\"ImageObject\",\"inLanguage\":\"es\",\"@id\":\"https:\/\/www.delexodo.com.ar\/?p=5194#primaryimage\",\"url\":\"https:\/\/www.delexodo.com.ar\/wp-content\/uploads\/2019\/12\/AREA-DE-LA-MUJER.png\",\"contentUrl\":\"https:\/\/www.delexodo.com.ar\/wp-content\/uploads\/2019\/12\/AREA-DE-LA-MUJER.png\",\"width\":640,\"height\":297},{\"@type\":\"BreadcrumbList\",\"@id\":\"https:\/\/www.delexodo.com.ar\/?p=5194#breadcrumb\",\"itemListElement\":[{\"@type\":\"ListItem\",\"position\":1,\"name\":\"Portada\",\"item\":\"https:\/\/www.delexodo.com.ar\/\"},{\"@type\":\"ListItem\",\"position\":2,\"name\":\"NOGOYA. VIOLENCIA DE GENERO, PREOCUPA Y NOS OCUPA\"}]},{\"@type\":\"WebSite\",\"@id\":\"https:\/\/www.delexodo.com.ar\/#website\",\"url\":\"https:\/\/www.delexodo.com.ar\/\",\"name\":\"Del \u00c9xodo Nogoy\u00e1\",\"description\":\"El Portal de Noticias de la Regi\u00f3n\",\"publisher\":{\"@id\":\"https:\/\/www.delexodo.com.ar\/#organization\"},\"potentialAction\":[{\"@type\":\"SearchAction\",\"target\":{\"@type\":\"EntryPoint\",\"urlTemplate\":\"https:\/\/www.delexodo.com.ar\/?s={search_term_string}\"},\"query-input\":{\"@type\":\"PropertyValueSpecification\",\"valueRequired\":true,\"valueName\":\"search_term_string\"}}],\"inLanguage\":\"es\"},{\"@type\":\"Organization\",\"@id\":\"https:\/\/www.delexodo.com.ar\/#organization\",\"name\":\"Del \u00c9xodo Nogoy\u00e1\",\"url\":\"https:\/\/www.delexodo.com.ar\/\",\"logo\":{\"@type\":\"ImageObject\",\"inLanguage\":\"es\",\"@id\":\"https:\/\/www.delexodo.com.ar\/#\/schema\/logo\/image\/\",\"url\":\"https:\/\/www.delexodo.com.ar\/wp-content\/uploads\/2024\/10\/cropped-cropped-LOGO24.png\",\"contentUrl\":\"https:\/\/www.delexodo.com.ar\/wp-content\/uploads\/2024\/10\/cropped-cropped-LOGO24.png\",\"width\":512,\"height\":349,\"caption\":\"Del \u00c9xodo Nogoy\u00e1\"},\"image\":{\"@id\":\"https:\/\/www.delexodo.com.ar\/#\/schema\/logo\/image\/\"}},{\"@type\":\"Person\",\"@id\":\"https:\/\/www.delexodo.com.ar\/#\/schema\/person\/bbed37f7da8e938660b34f2013ba449d\",\"name\":\"admin\",\"image\":{\"@type\":\"ImageObject\",\"inLanguage\":\"es\",\"@id\":\"https:\/\/www.delexodo.com.ar\/#\/schema\/person\/image\/\",\"url\":\"https:\/\/secure.gravatar.com\/avatar\/6b1558d1b6df085f1901bd5bd98523d7?s=96&d=mm&r=g\",\"contentUrl\":\"https:\/\/secure.gravatar.com\/avatar\/6b1558d1b6df085f1901bd5bd98523d7?s=96&d=mm&r=g\",\"caption\":\"admin\"},\"url\":\"https:\/\/www.delexodo.com.ar\/?author=1\"}]}<\/script>\n<!-- \/ Yoast SEO plugin. -->","yoast_head_json":{"title":"NOGOYA. VIOLENCIA DE GENERO, PREOCUPA Y NOS OCUPA - Del \u00c9xodo Nogoy\u00e1","robots":{"index":"index","follow":"follow","max-snippet":"max-snippet:-1","max-image-preview":"max-image-preview:large","max-video-preview":"max-video-preview:-1"},"canonical":"https:\/\/www.delexodo.com.ar\/?p=5194","og_locale":"es_ES","og_type":"article","og_title":"NOGOYA. VIOLENCIA DE GENERO, PREOCUPA Y NOS OCUPA - Del \u00c9xodo Nogoy\u00e1","og_description":"Luego del informe por parte de la Jefatura Departamental de Nogoya el pasado jueves 26 donde el Crio. Insp. Oertelin&hellip;","og_url":"https:\/\/www.delexodo.com.ar\/?p=5194","og_site_name":"Del \u00c9xodo Nogoy\u00e1","article_published_time":"2019-12-28T02:10:20+00:00","article_modified_time":"2019-12-28T03:50:58+00:00","og_image":[{"width":640,"height":297,"url":"https:\/\/www.delexodo.com.ar\/wp-content\/uploads\/2019\/12\/AREA-DE-LA-MUJER.png","type":"image\/png"}],"author":"admin","twitter_card":"summary_large_image","twitter_misc":{"Escrito por":"admin","Tiempo de lectura":"2 minutos"},"schema":{"@context":"https:\/\/schema.org","@graph":[{"@type":"Article","@id":"https:\/\/www.delexodo.com.ar\/?p=5194#article","isPartOf":{"@id":"https:\/\/www.delexodo.com.ar\/?p=5194"},"author":{"name":"admin","@id":"https:\/\/www.delexodo.com.ar\/#\/schema\/person\/bbed37f7da8e938660b34f2013ba449d"},"headline":"NOGOYA. VIOLENCIA DE GENERO, PREOCUPA Y NOS OCUPA","datePublished":"2019-12-28T02:10:20+00:00","dateModified":"2019-12-28T03:50:58+00:00","mainEntityOfPage":{"@id":"https:\/\/www.delexodo.com.ar\/?p=5194"},"wordCount":363,"commentCount":0,"publisher":{"@id":"https:\/\/www.delexodo.com.ar\/#organization"},"image":{"@id":"https:\/\/www.delexodo.com.ar\/?p=5194#primaryimage"},"thumbnailUrl":"https:\/\/www.delexodo.com.ar\/wp-content\/uploads\/2019\/12\/AREA-DE-LA-MUJER.png","keywords":["destacar"],"articleSection":["Destacados","Nogoya","NOTICIAS"],"inLanguage":"es","potentialAction":[{"@type":"CommentAction","name":"Comment","target":["https:\/\/www.delexodo.com.ar\/?p=5194#respond"]}]},{"@type":"WebPage","@id":"https:\/\/www.delexodo.com.ar\/?p=5194","url":"https:\/\/www.delexodo.com.ar\/?p=5194","name":"NOGOYA. VIOLENCIA DE GENERO, PREOCUPA Y NOS OCUPA - Del \u00c9xodo Nogoy\u00e1","isPartOf":{"@id":"https:\/\/www.delexodo.com.ar\/#website"},"primaryImageOfPage":{"@id":"https:\/\/www.delexodo.com.ar\/?p=5194#primaryimage"},"image":{"@id":"https:\/\/www.delexodo.com.ar\/?p=5194#primaryimage"},"thumbnailUrl":"https:\/\/www.delexodo.com.ar\/wp-content\/uploads\/2019\/12\/AREA-DE-LA-MUJER.png","datePublished":"2019-12-28T02:10:20+00:00","dateModified":"2019-12-28T03:50:58+00:00","breadcrumb":{"@id":"https:\/\/www.delexodo.com.ar\/?p=5194#breadcrumb"},"inLanguage":"es","potentialAction":[{"@type":"ReadAction","target":["https:\/\/www.delexodo.com.ar\/?p=5194"]}]},{"@type":"ImageObject","inLanguage":"es","@id":"https:\/\/www.delexodo.com.ar\/?p=5194#primaryimage","url":"https:\/\/www.delexodo.com.ar\/wp-content\/uploads\/2019\/12\/AREA-DE-LA-MUJER.png","contentUrl":"https:\/\/www.delexodo.com.ar\/wp-content\/uploads\/2019\/12\/AREA-DE-LA-MUJER.png","width":640,"height":297},{"@type":"BreadcrumbList","@id":"https:\/\/www.delexodo.com.ar\/?p=5194#breadcrumb","itemListElement":[{"@type":"ListItem","position":1,"name":"Portada","item":"https:\/\/www.delexodo.com.ar\/"},{"@type":"ListItem","position":2,"name":"NOGOYA. VIOLENCIA DE GENERO, PREOCUPA Y NOS OCUPA"}]},{"@type":"WebSite","@id":"https:\/\/www.delexodo.com.ar\/#website","url":"https:\/\/www.delexodo.com.ar\/","name":"Del \u00c9xodo Nogoy\u00e1","description":"El Portal de Noticias de la Regi\u00f3n","publisher":{"@id":"https:\/\/www.delexodo.com.ar\/#organization"},"potentialAction":[{"@type":"SearchAction","target":{"@type":"EntryPoint","urlTemplate":"https:\/\/www.delexodo.com.ar\/?s={search_term_string}"},"query-input":{"@type":"PropertyValueSpecification","valueRequired":true,"valueName":"search_term_string"}}],"inLanguage":"es"},{"@type":"Organization","@id":"https:\/\/www.delexodo.com.ar\/#organization","name":"Del \u00c9xodo Nogoy\u00e1","url":"https:\/\/www.delexodo.com.ar\/","logo":{"@type":"ImageObject","inLanguage":"es","@id":"https:\/\/www.delexodo.com.ar\/#\/schema\/logo\/image\/","url":"https:\/\/www.delexodo.com.ar\/wp-content\/uploads\/2024\/10\/cropped-cropped-LOGO24.png","contentUrl":"https:\/\/www.delexodo.com.ar\/wp-content\/uploads\/2024\/10\/cropped-cropped-LOGO24.png","width":512,"height":349,"caption":"Del \u00c9xodo Nogoy\u00e1"},"image":{"@id":"https:\/\/www.delexodo.com.ar\/#\/schema\/logo\/image\/"}},{"@type":"Person","@id":"https:\/\/www.delexodo.com.ar\/#\/schema\/person\/bbed37f7da8e938660b34f2013ba449d","name":"admin","image":{"@type":"ImageObject","inLanguage":"es","@id":"https:\/\/www.delexodo.com.ar\/#\/schema\/person\/image\/","url":"https:\/\/secure.gravatar.com\/avatar\/6b1558d1b6df085f1901bd5bd98523d7?s=96&d=mm&r=g","contentUrl":"https:\/\/secure.gravatar.com\/avatar\/6b1558d1b6df085f1901bd5bd98523d7?s=96&d=mm&r=g","caption":"admin"},"url":"https:\/\/www.delexodo.com.ar\/?author=1"}]}},"_links":{"self":[{"href":"https:\/\/www.delexodo.com.ar\/index.php?rest_route=\/wp\/v2\/posts\/5194","targetHints":{"allow":["GET"]}}],"collection":[{"href":"https:\/\/www.delexodo.com.ar\/index.php?rest_route=\/wp\/v2\/posts"}],"about":[{"href":"https:\/\/www.delexodo.com.ar\/index.php?rest_route=\/wp\/v2\/types\/post"}],"author":[{"embeddable":true,"href":"https:\/\/www.delexodo.com.ar\/index.php?rest_route=\/wp\/v2\/users\/1"}],"replies":[{"embeddable":true,"href":"https:\/\/www.delexodo.com.ar\/index.php?rest_route=%2Fwp%2Fv2%2Fcomments&post=5194"}],"version-history":[{"count":0,"href":"https:\/\/www.delexodo.com.ar\/index.php?rest_route=\/wp\/v2\/posts\/5194\/revisions"}],"wp:featuredmedia":[{"embeddable":true,"href":"https:\/\/www.delexodo.com.ar\/index.php?rest_route=\/wp\/v2\/media\/5198"}],"wp:attachment":[{"href":"https:\/\/www.delexodo.com.ar\/index.php?rest_route=%2Fwp%2Fv2%2Fmedia&parent=5194"}],"wp:term":[{"taxonomy":"category","embeddable":true,"href":"https:\/\/www.delexodo.com.ar\/index.php?rest_route=%2Fwp%2Fv2%2Fcategories&post=5194"},{"taxonomy":"post_tag","embeddable":true,"href":"https:\/\/www.delexodo.com.ar\/index.php?rest_route=%2Fwp%2Fv2%2Ftags&post=5194"}],"curies":[{"name":"wp","href":"https:\/\/api.w.org\/{rel}","templated":true}]}}