{"id":4922,"date":"2019-11-27T22:32:18","date_gmt":"2019-11-28T01:32:18","guid":{"rendered":"http:\/\/www.delexodo.com.ar\/?p=4922"},"modified":"2019-11-27T22:32:19","modified_gmt":"2019-11-28T01:32:19","slug":"se-anuncio-el-pago-de-sueldos-y-aguinaldo-para-trabajadores-y-jubilados-provinciales","status":"publish","type":"post","link":"https:\/\/www.delexodo.com.ar\/?p=4922","title":{"rendered":"SE ANUNCI\u00d3 EL PAGO DE SUELDOS Y AGUINALDO PARA TRABAJADORES Y JUBILADOS PROVINCIALES"},"content":{"rendered":"\n<p><em>\u00abCumplimos\ntodas las obligaciones previstas con los incrementos y el aguinaldo. Estamos\nrealizando un enorme esfuerzo en honrar los compromisos salariales, seguir con\nla obra p\u00fablica y cumplir con los servicios del Estado\u00bb<\/em>, expres\u00f3\nel gobernador Bordet al dar a conocer que <strong>este\ns\u00e1bado se comienzan a pagar los sueldos y el 19 de diciembre el aguinaldo<\/strong>.<\/p>\n\n\n\n<p><em>\u00abEn\nmedio de la complicada situaci\u00f3n econ\u00f3mica que vive el pa\u00eds este a\u00f1o hemos\notorgado un 45,9 por ciento de aumento a nuestros trabajadores y\njubilados\u00bb<\/em>, resalt\u00f3 Bordet al dar a conocer el cronograma con\nlos haberes de noviembre y valor\u00f3 que <em>\u00absumando\nel pago de haberes m\u00e1s el medio aguinaldo, se genera una inyecci\u00f3n 11.000\nmillones de pesos a la econom\u00eda provincial en diciembre\u00bb<\/em>.<\/p>\n\n\n\n<p><em>\u00abConcluimos\nesta primera gesti\u00f3n cumpliendo todos nuestros compromisos\u00bb<\/em>, destac\u00f3\nel mandatario provincial, y puso en valor <em>\u00abla\ntransparencia, el ordenamiento de las cuentas p\u00fablicas y la mejora en la\ncalidad del gasto p\u00fablico que ha permitido hacer frente a nuestras obligaciones\nen tiempo y forma garantizando derechos esenciales, obras de infraestructura y\nprogramas sociales de mucha sensibilidad\u00bb<\/em>.<\/p>\n\n\n\n<p>Bordet subray\u00f3 adem\u00e1s <em>\u00abla\nimportancia de contar con una administraci\u00f3n ordenada para dar garantizar a los\ntrabajadores entrerrianos sus derechos\u00bb<\/em>.<\/p>\n\n\n\n<p>A diferencia del mes pasado, en el que el aumento de octubre\nse abon\u00f3 por complementaria, esta vez el aumento del 12,5%, que se comenz\u00f3 a\npagar con esos haberes, ser\u00e1 liquidado con los recibos de sueldo de los\ntrabajadores activos y pasivos. En lo que va del a\u00f1o, la provincia otorg\u00f3 un\naumento acumulado de 45,9%. Esto comprende el 10% otorgado en marzo, el 12% en\nmayo, el 11,4% en julio y el 12,5% de octubre.<\/p>\n\n\n\n<p><strong>El\ncronograma para los haberes de noviembre es el siguiente:<\/strong><\/p>\n\n\n\n<p>Lunes 2 de diciembre: hasta 25.000 pesos (se acredita el\ns\u00e1bado 30\/11)<\/p>\n\n\n\n<p>Martes 3 de diciembre: de 25.001 a 35.000 pesos<\/p>\n\n\n\n<p>Mi\u00e9rcoles 4 de diciembre: de 35.001 a 45.000 pesos<\/p>\n\n\n\n<p>Jueves 5 de diciembre: de 45.001 a 55.000 pesos<\/p>\n\n\n\n<p>Viernes 6 de diciembre: de 55.001 a 65.000 pesos<\/p>\n\n\n\n<p>Mientras que el lunes 9 de diciembre cobrar\u00e1n desde 65.001 a\n75.000 pesos (se acredita el s\u00e1bado 7\/12)<\/p>\n\n\n\n<p>El martes 10 de diciembre, de 75.000 a 85.000, pesos<\/p>\n\n\n\n<p>El mi\u00e9rcoles 11 de diciembre m\u00e1s de 85.000 pesos y\nfuncionarios.<\/p>\n\n\n\n<p><strong>MEDIO AGUINALDO<\/strong><\/p>\n\n\n\n<p>En lo que respecta al pago del sueldo anual complementario,\ncomenzar\u00e1 el jueves 19 de diciembre para quienes cobren hasta 12.000 pesos;\nmientras que el viernes 20 se abonaran los aguinaldos de entre 12.001 y 30.000\npesos, y el lunes 23 cobrar\u00e1n quienes perciban m\u00e1s de 30.000 pesos y\nfuncionarios (este \u00faltimo tramo se acreditar\u00e1 el s\u00e1bado 21\/12).<\/p>\n\n\n\n<p>En ese marco, el ministro de Econom\u00eda, Hugo Ballay remarc\u00f3\nque esta inversi\u00f3n del gobierno provincial fue posible <em>\u00abal redistribuir los recursos de acuerdo a las necesidades llegamos\na esta instancia de poder cumplir en tiempo y forma con el pago de sueldos y\naguinaldo, y sin dejar de atender la continuidad de toda la obra p\u00fablica que se\nest\u00e1 realizando con fondos provinciales\u00bb<\/em>.<\/p>\n\n\n\n<p><em>\u00abTambi\u00e9n\ndando continuidad y prioridad a la atenci\u00f3n muy importante de los Ministerios\nde Salud y Desarrollo Social, muy por encima de lo que estaba presupuestado\nproducto de que el gobierno nacional dej\u00f3 de atender muchos programas que se\nsostienen con rentas provincial\u00bb<\/em>, remarc\u00f3 el ministro.<\/p>\n\n\n\n<p>Apunt\u00f3 adem\u00e1s Ballay que todo esto se da en un contexto de\nuna recaudaci\u00f3n del gobierno nacional que est\u00e1 muy por debajo de los \u00edndices\ninflacionarios, y con el cumplimiento parcial de la sentencia de la Corte\nSuprema donde el gobierno nacional est\u00e1 devolviendo a la provincia solo la\nparte que corresponde al IVA, que ser\u00eda un 15% del costo fiscal, y no est\u00e1\nreconociendo la devoluci\u00f3n de Ganancias, que implica el 85% restante.<\/p>\n\n\n\n<p><em>\u00abSi\ntenemos en cuenta que el reclamo ante la Corte era de 2.098 millones de pesos,\nest\u00e1n faltando cerca de 1.700 millones de pesos que dejamos de recibir en\nfunci\u00f3n del no cumplimiento del fallo de la Corte que la Naci\u00f3n est\u00e1\nadeudando\u00bb<\/em>, detall\u00f3 Ballay y complet\u00f3: <em>\u00abA pesar de todo eso, igual sostenemos el pago de sueldos y aguinaldo\ny seguimos cumpliendo con nuestras obligaciones\u00bb<\/em>.<\/p>\n","protected":false},"excerpt":{"rendered":"<p>\u00abCumplimos todas las obligaciones previstas con los incrementos y el aguinaldo. Estamos realizando un enorme esfuerzo en honrar los compromisos&hellip;<\/p>\n","protected":false},"author":1,"featured_media":3023,"comment_status":"open","ping_status":"open","sticky":false,"template":"","format":"standard","meta":{"_joinchat":[],"footnotes":""},"categories":[65,69],"tags":[345],"class_list":["post-4922","post","type-post","status-publish","format-standard","has-post-thumbnail","hentry","category-destacados","category-noticias","tag-destacar"],"yoast_head":"<!-- This site is optimized with the Yoast SEO plugin v25.1 - https:\/\/yoast.com\/wordpress\/plugins\/seo\/ -->\n<title>SE ANUNCI\u00d3 EL PAGO DE SUELDOS Y AGUINALDO PARA TRABAJADORES Y JUBILADOS PROVINCIALES - Del \u00c9xodo Nogoy\u00e1<\/title>\n<meta name=\"robots\" content=\"index, follow, max-snippet:-1, max-image-preview:large, max-video-preview:-1\" \/>\n<link rel=\"canonical\" href=\"https:\/\/www.delexodo.com.ar\/?p=4922\" \/>\n<meta property=\"og:locale\" content=\"es_ES\" \/>\n<meta property=\"og:type\" content=\"article\" \/>\n<meta property=\"og:title\" content=\"SE ANUNCI\u00d3 EL PAGO DE SUELDOS Y AGUINALDO PARA TRABAJADORES Y JUBILADOS PROVINCIALES - Del \u00c9xodo Nogoy\u00e1\" \/>\n<meta property=\"og:description\" content=\"\u00abCumplimos todas las obligaciones previstas con los incrementos y el aguinaldo. Estamos realizando un enorme esfuerzo en honrar los compromisos&hellip;\" \/>\n<meta property=\"og:url\" content=\"https:\/\/www.delexodo.com.ar\/?p=4922\" \/>\n<meta property=\"og:site_name\" content=\"Del \u00c9xodo Nogoy\u00e1\" \/>\n<meta property=\"article:published_time\" content=\"2019-11-28T01:32:18+00:00\" \/>\n<meta property=\"article:modified_time\" content=\"2019-11-28T01:32:19+00:00\" \/>\n<meta property=\"og:image\" content=\"https:\/\/www.delexodo.com.ar\/wp-content\/uploads\/2019\/05\/PAGOS.jpg\" \/>\n\t<meta property=\"og:image:width\" content=\"640\" \/>\n\t<meta property=\"og:image:height\" content=\"262\" \/>\n\t<meta property=\"og:image:type\" content=\"image\/jpeg\" \/>\n<meta name=\"author\" content=\"admin\" \/>\n<meta name=\"twitter:card\" content=\"summary_large_image\" \/>\n<meta name=\"twitter:label1\" content=\"Escrito por\" \/>\n\t<meta name=\"twitter:data1\" content=\"admin\" \/>\n\t<meta name=\"twitter:label2\" content=\"Tiempo de lectura\" \/>\n\t<meta name=\"twitter:data2\" content=\"3 minutos\" \/>\n<script type=\"application\/ld+json\" class=\"yoast-schema-graph\">{\"@context\":\"https:\/\/schema.org\",\"@graph\":[{\"@type\":\"Article\",\"@id\":\"https:\/\/www.delexodo.com.ar\/?p=4922#article\",\"isPartOf\":{\"@id\":\"https:\/\/www.delexodo.com.ar\/?p=4922\"},\"author\":{\"name\":\"admin\",\"@id\":\"https:\/\/www.delexodo.com.ar\/#\/schema\/person\/bbed37f7da8e938660b34f2013ba449d\"},\"headline\":\"SE ANUNCI\u00d3 EL PAGO DE SUELDOS Y AGUINALDO PARA TRABAJADORES Y JUBILADOS PROVINCIALES\",\"datePublished\":\"2019-11-28T01:32:18+00:00\",\"dateModified\":\"2019-11-28T01:32:19+00:00\",\"mainEntityOfPage\":{\"@id\":\"https:\/\/www.delexodo.com.ar\/?p=4922\"},\"wordCount\":687,\"commentCount\":0,\"publisher\":{\"@id\":\"https:\/\/www.delexodo.com.ar\/#organization\"},\"image\":{\"@id\":\"https:\/\/www.delexodo.com.ar\/?p=4922#primaryimage\"},\"thumbnailUrl\":\"https:\/\/www.delexodo.com.ar\/wp-content\/uploads\/2019\/05\/PAGOS.jpg\",\"keywords\":[\"destacar\"],\"articleSection\":[\"Destacados\",\"NOTICIAS\"],\"inLanguage\":\"es\",\"potentialAction\":[{\"@type\":\"CommentAction\",\"name\":\"Comment\",\"target\":[\"https:\/\/www.delexodo.com.ar\/?p=4922#respond\"]}]},{\"@type\":\"WebPage\",\"@id\":\"https:\/\/www.delexodo.com.ar\/?p=4922\",\"url\":\"https:\/\/www.delexodo.com.ar\/?p=4922\",\"name\":\"SE ANUNCI\u00d3 EL PAGO DE SUELDOS Y AGUINALDO PARA TRABAJADORES Y JUBILADOS PROVINCIALES - Del \u00c9xodo Nogoy\u00e1\",\"isPartOf\":{\"@id\":\"https:\/\/www.delexodo.com.ar\/#website\"},\"primaryImageOfPage\":{\"@id\":\"https:\/\/www.delexodo.com.ar\/?p=4922#primaryimage\"},\"image\":{\"@id\":\"https:\/\/www.delexodo.com.ar\/?p=4922#primaryimage\"},\"thumbnailUrl\":\"https:\/\/www.delexodo.com.ar\/wp-content\/uploads\/2019\/05\/PAGOS.jpg\",\"datePublished\":\"2019-11-28T01:32:18+00:00\",\"dateModified\":\"2019-11-28T01:32:19+00:00\",\"breadcrumb\":{\"@id\":\"https:\/\/www.delexodo.com.ar\/?p=4922#breadcrumb\"},\"inLanguage\":\"es\",\"potentialAction\":[{\"@type\":\"ReadAction\",\"target\":[\"https:\/\/www.delexodo.com.ar\/?p=4922\"]}]},{\"@type\":\"ImageObject\",\"inLanguage\":\"es\",\"@id\":\"https:\/\/www.delexodo.com.ar\/?p=4922#primaryimage\",\"url\":\"https:\/\/www.delexodo.com.ar\/wp-content\/uploads\/2019\/05\/PAGOS.jpg\",\"contentUrl\":\"https:\/\/www.delexodo.com.ar\/wp-content\/uploads\/2019\/05\/PAGOS.jpg\",\"width\":640,\"height\":262},{\"@type\":\"BreadcrumbList\",\"@id\":\"https:\/\/www.delexodo.com.ar\/?p=4922#breadcrumb\",\"itemListElement\":[{\"@type\":\"ListItem\",\"position\":1,\"name\":\"Portada\",\"item\":\"https:\/\/www.delexodo.com.ar\/\"},{\"@type\":\"ListItem\",\"position\":2,\"name\":\"SE ANUNCI\u00d3 EL PAGO DE SUELDOS Y AGUINALDO PARA TRABAJADORES Y JUBILADOS PROVINCIALES\"}]},{\"@type\":\"WebSite\",\"@id\":\"https:\/\/www.delexodo.com.ar\/#website\",\"url\":\"https:\/\/www.delexodo.com.ar\/\",\"name\":\"Del \u00c9xodo Nogoy\u00e1\",\"description\":\"El Portal de Noticias de la Regi\u00f3n\",\"publisher\":{\"@id\":\"https:\/\/www.delexodo.com.ar\/#organization\"},\"potentialAction\":[{\"@type\":\"SearchAction\",\"target\":{\"@type\":\"EntryPoint\",\"urlTemplate\":\"https:\/\/www.delexodo.com.ar\/?s={search_term_string}\"},\"query-input\":{\"@type\":\"PropertyValueSpecification\",\"valueRequired\":true,\"valueName\":\"search_term_string\"}}],\"inLanguage\":\"es\"},{\"@type\":\"Organization\",\"@id\":\"https:\/\/www.delexodo.com.ar\/#organization\",\"name\":\"Del \u00c9xodo Nogoy\u00e1\",\"url\":\"https:\/\/www.delexodo.com.ar\/\",\"logo\":{\"@type\":\"ImageObject\",\"inLanguage\":\"es\",\"@id\":\"https:\/\/www.delexodo.com.ar\/#\/schema\/logo\/image\/\",\"url\":\"https:\/\/www.delexodo.com.ar\/wp-content\/uploads\/2024\/10\/cropped-cropped-LOGO24.png\",\"contentUrl\":\"https:\/\/www.delexodo.com.ar\/wp-content\/uploads\/2024\/10\/cropped-cropped-LOGO24.png\",\"width\":512,\"height\":349,\"caption\":\"Del \u00c9xodo Nogoy\u00e1\"},\"image\":{\"@id\":\"https:\/\/www.delexodo.com.ar\/#\/schema\/logo\/image\/\"}},{\"@type\":\"Person\",\"@id\":\"https:\/\/www.delexodo.com.ar\/#\/schema\/person\/bbed37f7da8e938660b34f2013ba449d\",\"name\":\"admin\",\"image\":{\"@type\":\"ImageObject\",\"inLanguage\":\"es\",\"@id\":\"https:\/\/www.delexodo.com.ar\/#\/schema\/person\/image\/\",\"url\":\"https:\/\/secure.gravatar.com\/avatar\/6b1558d1b6df085f1901bd5bd98523d7?s=96&d=mm&r=g\",\"contentUrl\":\"https:\/\/secure.gravatar.com\/avatar\/6b1558d1b6df085f1901bd5bd98523d7?s=96&d=mm&r=g\",\"caption\":\"admin\"},\"url\":\"https:\/\/www.delexodo.com.ar\/?author=1\"}]}<\/script>\n<!-- \/ Yoast SEO plugin. -->","yoast_head_json":{"title":"SE ANUNCI\u00d3 EL PAGO DE SUELDOS Y AGUINALDO PARA TRABAJADORES Y JUBILADOS PROVINCIALES - Del \u00c9xodo Nogoy\u00e1","robots":{"index":"index","follow":"follow","max-snippet":"max-snippet:-1","max-image-preview":"max-image-preview:large","max-video-preview":"max-video-preview:-1"},"canonical":"https:\/\/www.delexodo.com.ar\/?p=4922","og_locale":"es_ES","og_type":"article","og_title":"SE ANUNCI\u00d3 EL PAGO DE SUELDOS Y AGUINALDO PARA TRABAJADORES Y JUBILADOS PROVINCIALES - Del \u00c9xodo Nogoy\u00e1","og_description":"\u00abCumplimos todas las obligaciones previstas con los incrementos y el aguinaldo. Estamos realizando un enorme esfuerzo en honrar los compromisos&hellip;","og_url":"https:\/\/www.delexodo.com.ar\/?p=4922","og_site_name":"Del \u00c9xodo Nogoy\u00e1","article_published_time":"2019-11-28T01:32:18+00:00","article_modified_time":"2019-11-28T01:32:19+00:00","og_image":[{"width":640,"height":262,"url":"https:\/\/www.delexodo.com.ar\/wp-content\/uploads\/2019\/05\/PAGOS.jpg","type":"image\/jpeg"}],"author":"admin","twitter_card":"summary_large_image","twitter_misc":{"Escrito por":"admin","Tiempo de lectura":"3 minutos"},"schema":{"@context":"https:\/\/schema.org","@graph":[{"@type":"Article","@id":"https:\/\/www.delexodo.com.ar\/?p=4922#article","isPartOf":{"@id":"https:\/\/www.delexodo.com.ar\/?p=4922"},"author":{"name":"admin","@id":"https:\/\/www.delexodo.com.ar\/#\/schema\/person\/bbed37f7da8e938660b34f2013ba449d"},"headline":"SE ANUNCI\u00d3 EL PAGO DE SUELDOS Y AGUINALDO PARA TRABAJADORES Y JUBILADOS PROVINCIALES","datePublished":"2019-11-28T01:32:18+00:00","dateModified":"2019-11-28T01:32:19+00:00","mainEntityOfPage":{"@id":"https:\/\/www.delexodo.com.ar\/?p=4922"},"wordCount":687,"commentCount":0,"publisher":{"@id":"https:\/\/www.delexodo.com.ar\/#organization"},"image":{"@id":"https:\/\/www.delexodo.com.ar\/?p=4922#primaryimage"},"thumbnailUrl":"https:\/\/www.delexodo.com.ar\/wp-content\/uploads\/2019\/05\/PAGOS.jpg","keywords":["destacar"],"articleSection":["Destacados","NOTICIAS"],"inLanguage":"es","potentialAction":[{"@type":"CommentAction","name":"Comment","target":["https:\/\/www.delexodo.com.ar\/?p=4922#respond"]}]},{"@type":"WebPage","@id":"https:\/\/www.delexodo.com.ar\/?p=4922","url":"https:\/\/www.delexodo.com.ar\/?p=4922","name":"SE ANUNCI\u00d3 EL PAGO DE SUELDOS Y AGUINALDO PARA TRABAJADORES Y JUBILADOS PROVINCIALES - Del \u00c9xodo Nogoy\u00e1","isPartOf":{"@id":"https:\/\/www.delexodo.com.ar\/#website"},"primaryImageOfPage":{"@id":"https:\/\/www.delexodo.com.ar\/?p=4922#primaryimage"},"image":{"@id":"https:\/\/www.delexodo.com.ar\/?p=4922#primaryimage"},"thumbnailUrl":"https:\/\/www.delexodo.com.ar\/wp-content\/uploads\/2019\/05\/PAGOS.jpg","datePublished":"2019-11-28T01:32:18+00:00","dateModified":"2019-11-28T01:32:19+00:00","breadcrumb":{"@id":"https:\/\/www.delexodo.com.ar\/?p=4922#breadcrumb"},"inLanguage":"es","potentialAction":[{"@type":"ReadAction","target":["https:\/\/www.delexodo.com.ar\/?p=4922"]}]},{"@type":"ImageObject","inLanguage":"es","@id":"https:\/\/www.delexodo.com.ar\/?p=4922#primaryimage","url":"https:\/\/www.delexodo.com.ar\/wp-content\/uploads\/2019\/05\/PAGOS.jpg","contentUrl":"https:\/\/www.delexodo.com.ar\/wp-content\/uploads\/2019\/05\/PAGOS.jpg","width":640,"height":262},{"@type":"BreadcrumbList","@id":"https:\/\/www.delexodo.com.ar\/?p=4922#breadcrumb","itemListElement":[{"@type":"ListItem","position":1,"name":"Portada","item":"https:\/\/www.delexodo.com.ar\/"},{"@type":"ListItem","position":2,"name":"SE ANUNCI\u00d3 EL PAGO DE SUELDOS Y AGUINALDO PARA TRABAJADORES Y JUBILADOS PROVINCIALES"}]},{"@type":"WebSite","@id":"https:\/\/www.delexodo.com.ar\/#website","url":"https:\/\/www.delexodo.com.ar\/","name":"Del \u00c9xodo Nogoy\u00e1","description":"El Portal de Noticias de la Regi\u00f3n","publisher":{"@id":"https:\/\/www.delexodo.com.ar\/#organization"},"potentialAction":[{"@type":"SearchAction","target":{"@type":"EntryPoint","urlTemplate":"https:\/\/www.delexodo.com.ar\/?s={search_term_string}"},"query-input":{"@type":"PropertyValueSpecification","valueRequired":true,"valueName":"search_term_string"}}],"inLanguage":"es"},{"@type":"Organization","@id":"https:\/\/www.delexodo.com.ar\/#organization","name":"Del \u00c9xodo Nogoy\u00e1","url":"https:\/\/www.delexodo.com.ar\/","logo":{"@type":"ImageObject","inLanguage":"es","@id":"https:\/\/www.delexodo.com.ar\/#\/schema\/logo\/image\/","url":"https:\/\/www.delexodo.com.ar\/wp-content\/uploads\/2024\/10\/cropped-cropped-LOGO24.png","contentUrl":"https:\/\/www.delexodo.com.ar\/wp-content\/uploads\/2024\/10\/cropped-cropped-LOGO24.png","width":512,"height":349,"caption":"Del \u00c9xodo Nogoy\u00e1"},"image":{"@id":"https:\/\/www.delexodo.com.ar\/#\/schema\/logo\/image\/"}},{"@type":"Person","@id":"https:\/\/www.delexodo.com.ar\/#\/schema\/person\/bbed37f7da8e938660b34f2013ba449d","name":"admin","image":{"@type":"ImageObject","inLanguage":"es","@id":"https:\/\/www.delexodo.com.ar\/#\/schema\/person\/image\/","url":"https:\/\/secure.gravatar.com\/avatar\/6b1558d1b6df085f1901bd5bd98523d7?s=96&d=mm&r=g","contentUrl":"https:\/\/secure.gravatar.com\/avatar\/6b1558d1b6df085f1901bd5bd98523d7?s=96&d=mm&r=g","caption":"admin"},"url":"https:\/\/www.delexodo.com.ar\/?author=1"}]}},"_links":{"self":[{"href":"https:\/\/www.delexodo.com.ar\/index.php?rest_route=\/wp\/v2\/posts\/4922","targetHints":{"allow":["GET"]}}],"collection":[{"href":"https:\/\/www.delexodo.com.ar\/index.php?rest_route=\/wp\/v2\/posts"}],"about":[{"href":"https:\/\/www.delexodo.com.ar\/index.php?rest_route=\/wp\/v2\/types\/post"}],"author":[{"embeddable":true,"href":"https:\/\/www.delexodo.com.ar\/index.php?rest_route=\/wp\/v2\/users\/1"}],"replies":[{"embeddable":true,"href":"https:\/\/www.delexodo.com.ar\/index.php?rest_route=%2Fwp%2Fv2%2Fcomments&post=4922"}],"version-history":[{"count":0,"href":"https:\/\/www.delexodo.com.ar\/index.php?rest_route=\/wp\/v2\/posts\/4922\/revisions"}],"wp:featuredmedia":[{"embeddable":true,"href":"https:\/\/www.delexodo.com.ar\/index.php?rest_route=\/wp\/v2\/media\/3023"}],"wp:attachment":[{"href":"https:\/\/www.delexodo.com.ar\/index.php?rest_route=%2Fwp%2Fv2%2Fmedia&parent=4922"}],"wp:term":[{"taxonomy":"category","embeddable":true,"href":"https:\/\/www.delexodo.com.ar\/index.php?rest_route=%2Fwp%2Fv2%2Fcategories&post=4922"},{"taxonomy":"post_tag","embeddable":true,"href":"https:\/\/www.delexodo.com.ar\/index.php?rest_route=%2Fwp%2Fv2%2Ftags&post=4922"}],"curies":[{"name":"wp","href":"https:\/\/api.w.org\/{rel}","templated":true}]}}