{"id":4894,"date":"2019-11-25T23:27:41","date_gmt":"2019-11-26T02:27:41","guid":{"rendered":"http:\/\/www.delexodo.com.ar\/?p=4894"},"modified":"2019-11-25T23:27:41","modified_gmt":"2019-11-26T02:27:41","slug":"la-diputada-gabriela-lena-despisto-y-volco-en-la-autovia-artigas","status":"publish","type":"post","link":"https:\/\/www.delexodo.com.ar\/?p=4894","title":{"rendered":"LA DIPUTADA GABRIELA LENA DESPIST\u00d3 Y VOLC\u00d3 EN LA AUTOV\u00cdA ARTIGAS"},"content":{"rendered":"\n<p>La diputada nacional electa Gabriela Lena perdi\u00f3 el control\ndel veh\u00edculo y termin\u00f3 despistando y volcando. Sucedi\u00f3 mientras conduc\u00eda por la\nautov\u00eda Gervasio Artigas en la tarde este lunes, aproximadamente a las 18,40\nhoras.<\/p>\n\n\n\n<p>Personal policial y de bomberos voluntarios asisti\u00f3 a dos\nmujeres que protagonizaron un despiste en el km 210 y \u00bd de la autov\u00eda 14. All\u00ed despist\u00f3\ny volc\u00f3 un Honda Civic conducido por la diputada provincial y diputada nacional\nelecta, <strong>Gabriela Lena, de 53 a\u00f1os <\/strong>quien\niba acompa\u00f1ada de otra mujer, de 50 a\u00f1os y circulaban desde Buenos Aires.<\/p>\n\n\n\n<p>El jefe de Bomberos Voluntarios de Ubajay, Marcelo Fern\u00e1ndez\nindic\u00f3 que las dos mujeres que se conduc\u00edan en el veh\u00edculo <strong>\u00abresultaron con lesiones leves\u00bb<\/strong>.<\/p>\n\n\n\n<p><strong>\u00abCuando\nllegamos, el auto estaba volcado y las dos mujeres que ocupaban el rodado\nestaban fuera del mismo. Sufrieron golpes leves, nada grave. El auto s\u00ed estaba\nmuy da\u00f1ado y qued\u00f3 volcado\u00bb<\/strong>, relat\u00f3 Fern\u00e1ndez.<\/p>\n\n\n\n<p>Ambas mujeres fueron trasladadas con la ambulancia de Ubajay\nal Hospital San Benjam\u00edn, indica Infopalmares. <\/p>\n\n\n\n<p>Lena iba acompa\u00f1ada por la concejal <strong>Anal\u00eda Corina Pizzio, de 50 a\u00f1os<\/strong>, domiciliada en la ciudad de\nFederaci\u00f3n.<\/p>\n\n\n\n<p>El bombero voluntario cont\u00f3 que en la zona en donde ocurri\u00f3\neste hecho, es frecuente este tipo de despistes: En esa zona de la ruta, <em>\u00abhemos asistido en varios despistes,\nincuso uno fatal. Por la lluvia, se forma un &#8216;ojo de agua&#8217; que corta la ruta,\neso hace que despisten los autos pierdan el control y la mayor\u00eda de los\nautom\u00f3viles terminan en la banquina\u00bb<\/em>, acot\u00f3.<\/p>\n\n\n\n<p>Fuente: Elonce.com<\/p>\n","protected":false},"excerpt":{"rendered":"<p>La diputada nacional electa Gabriela Lena perdi\u00f3 el control del veh\u00edculo y termin\u00f3 despistando y volcando. Sucedi\u00f3 mientras conduc\u00eda por&hellip;<\/p>\n","protected":false},"author":1,"featured_media":4895,"comment_status":"open","ping_status":"open","sticky":false,"template":"","format":"standard","meta":{"_joinchat":[],"footnotes":""},"categories":[65,69,350],"tags":[],"class_list":["post-4894","post","type-post","status-publish","format-standard","has-post-thumbnail","hentry","category-destacados","category-noticias","category-policiales"],"yoast_head":"<!-- This site is optimized with the Yoast SEO plugin v25.1 - https:\/\/yoast.com\/wordpress\/plugins\/seo\/ -->\n<title>LA DIPUTADA GABRIELA LENA DESPIST\u00d3 Y VOLC\u00d3 EN LA AUTOV\u00cdA ARTIGAS - Del \u00c9xodo Nogoy\u00e1<\/title>\n<meta name=\"robots\" content=\"index, follow, max-snippet:-1, max-image-preview:large, max-video-preview:-1\" \/>\n<link rel=\"canonical\" href=\"https:\/\/www.delexodo.com.ar\/?p=4894\" \/>\n<meta property=\"og:locale\" content=\"es_ES\" \/>\n<meta property=\"og:type\" content=\"article\" \/>\n<meta property=\"og:title\" content=\"LA DIPUTADA GABRIELA LENA DESPIST\u00d3 Y VOLC\u00d3 EN LA AUTOV\u00cdA ARTIGAS - Del \u00c9xodo Nogoy\u00e1\" \/>\n<meta property=\"og:description\" content=\"La diputada nacional electa Gabriela Lena perdi\u00f3 el control del veh\u00edculo y termin\u00f3 despistando y volcando. Sucedi\u00f3 mientras conduc\u00eda por&hellip;\" \/>\n<meta property=\"og:url\" content=\"https:\/\/www.delexodo.com.ar\/?p=4894\" \/>\n<meta property=\"og:site_name\" content=\"Del \u00c9xodo Nogoy\u00e1\" \/>\n<meta property=\"article:published_time\" content=\"2019-11-26T02:27:41+00:00\" \/>\n<meta property=\"og:image\" content=\"https:\/\/www.delexodo.com.ar\/wp-content\/uploads\/2019\/11\/AUTO-LENA.jpg\" \/>\n\t<meta property=\"og:image:width\" content=\"800\" \/>\n\t<meta property=\"og:image:height\" content=\"450\" \/>\n\t<meta property=\"og:image:type\" content=\"image\/jpeg\" \/>\n<meta name=\"author\" content=\"admin\" \/>\n<meta name=\"twitter:card\" content=\"summary_large_image\" \/>\n<meta name=\"twitter:label1\" content=\"Escrito por\" \/>\n\t<meta name=\"twitter:data1\" content=\"admin\" \/>\n\t<meta name=\"twitter:label2\" content=\"Tiempo de lectura\" \/>\n\t<meta name=\"twitter:data2\" content=\"1 minuto\" \/>\n<script type=\"application\/ld+json\" class=\"yoast-schema-graph\">{\"@context\":\"https:\/\/schema.org\",\"@graph\":[{\"@type\":\"Article\",\"@id\":\"https:\/\/www.delexodo.com.ar\/?p=4894#article\",\"isPartOf\":{\"@id\":\"https:\/\/www.delexodo.com.ar\/?p=4894\"},\"author\":{\"name\":\"admin\",\"@id\":\"https:\/\/www.delexodo.com.ar\/#\/schema\/person\/bbed37f7da8e938660b34f2013ba449d\"},\"headline\":\"LA DIPUTADA GABRIELA LENA DESPIST\u00d3 Y VOLC\u00d3 EN LA AUTOV\u00cdA ARTIGAS\",\"datePublished\":\"2019-11-26T02:27:41+00:00\",\"mainEntityOfPage\":{\"@id\":\"https:\/\/www.delexodo.com.ar\/?p=4894\"},\"wordCount\":277,\"commentCount\":0,\"publisher\":{\"@id\":\"https:\/\/www.delexodo.com.ar\/#organization\"},\"image\":{\"@id\":\"https:\/\/www.delexodo.com.ar\/?p=4894#primaryimage\"},\"thumbnailUrl\":\"https:\/\/www.delexodo.com.ar\/wp-content\/uploads\/2019\/11\/AUTO-LENA.jpg\",\"articleSection\":[\"Destacados\",\"NOTICIAS\",\"Policiales\"],\"inLanguage\":\"es\",\"potentialAction\":[{\"@type\":\"CommentAction\",\"name\":\"Comment\",\"target\":[\"https:\/\/www.delexodo.com.ar\/?p=4894#respond\"]}]},{\"@type\":\"WebPage\",\"@id\":\"https:\/\/www.delexodo.com.ar\/?p=4894\",\"url\":\"https:\/\/www.delexodo.com.ar\/?p=4894\",\"name\":\"LA DIPUTADA GABRIELA LENA DESPIST\u00d3 Y VOLC\u00d3 EN LA AUTOV\u00cdA ARTIGAS - Del \u00c9xodo Nogoy\u00e1\",\"isPartOf\":{\"@id\":\"https:\/\/www.delexodo.com.ar\/#website\"},\"primaryImageOfPage\":{\"@id\":\"https:\/\/www.delexodo.com.ar\/?p=4894#primaryimage\"},\"image\":{\"@id\":\"https:\/\/www.delexodo.com.ar\/?p=4894#primaryimage\"},\"thumbnailUrl\":\"https:\/\/www.delexodo.com.ar\/wp-content\/uploads\/2019\/11\/AUTO-LENA.jpg\",\"datePublished\":\"2019-11-26T02:27:41+00:00\",\"breadcrumb\":{\"@id\":\"https:\/\/www.delexodo.com.ar\/?p=4894#breadcrumb\"},\"inLanguage\":\"es\",\"potentialAction\":[{\"@type\":\"ReadAction\",\"target\":[\"https:\/\/www.delexodo.com.ar\/?p=4894\"]}]},{\"@type\":\"ImageObject\",\"inLanguage\":\"es\",\"@id\":\"https:\/\/www.delexodo.com.ar\/?p=4894#primaryimage\",\"url\":\"https:\/\/www.delexodo.com.ar\/wp-content\/uploads\/2019\/11\/AUTO-LENA.jpg\",\"contentUrl\":\"https:\/\/www.delexodo.com.ar\/wp-content\/uploads\/2019\/11\/AUTO-LENA.jpg\",\"width\":800,\"height\":450},{\"@type\":\"BreadcrumbList\",\"@id\":\"https:\/\/www.delexodo.com.ar\/?p=4894#breadcrumb\",\"itemListElement\":[{\"@type\":\"ListItem\",\"position\":1,\"name\":\"Portada\",\"item\":\"https:\/\/www.delexodo.com.ar\/\"},{\"@type\":\"ListItem\",\"position\":2,\"name\":\"LA DIPUTADA GABRIELA LENA DESPIST\u00d3 Y VOLC\u00d3 EN LA AUTOV\u00cdA ARTIGAS\"}]},{\"@type\":\"WebSite\",\"@id\":\"https:\/\/www.delexodo.com.ar\/#website\",\"url\":\"https:\/\/www.delexodo.com.ar\/\",\"name\":\"Del \u00c9xodo Nogoy\u00e1\",\"description\":\"El Portal de Noticias de la Regi\u00f3n\",\"publisher\":{\"@id\":\"https:\/\/www.delexodo.com.ar\/#organization\"},\"potentialAction\":[{\"@type\":\"SearchAction\",\"target\":{\"@type\":\"EntryPoint\",\"urlTemplate\":\"https:\/\/www.delexodo.com.ar\/?s={search_term_string}\"},\"query-input\":{\"@type\":\"PropertyValueSpecification\",\"valueRequired\":true,\"valueName\":\"search_term_string\"}}],\"inLanguage\":\"es\"},{\"@type\":\"Organization\",\"@id\":\"https:\/\/www.delexodo.com.ar\/#organization\",\"name\":\"Del \u00c9xodo Nogoy\u00e1\",\"url\":\"https:\/\/www.delexodo.com.ar\/\",\"logo\":{\"@type\":\"ImageObject\",\"inLanguage\":\"es\",\"@id\":\"https:\/\/www.delexodo.com.ar\/#\/schema\/logo\/image\/\",\"url\":\"https:\/\/www.delexodo.com.ar\/wp-content\/uploads\/2024\/10\/cropped-cropped-LOGO24.png\",\"contentUrl\":\"https:\/\/www.delexodo.com.ar\/wp-content\/uploads\/2024\/10\/cropped-cropped-LOGO24.png\",\"width\":512,\"height\":349,\"caption\":\"Del \u00c9xodo Nogoy\u00e1\"},\"image\":{\"@id\":\"https:\/\/www.delexodo.com.ar\/#\/schema\/logo\/image\/\"}},{\"@type\":\"Person\",\"@id\":\"https:\/\/www.delexodo.com.ar\/#\/schema\/person\/bbed37f7da8e938660b34f2013ba449d\",\"name\":\"admin\",\"image\":{\"@type\":\"ImageObject\",\"inLanguage\":\"es\",\"@id\":\"https:\/\/www.delexodo.com.ar\/#\/schema\/person\/image\/\",\"url\":\"https:\/\/secure.gravatar.com\/avatar\/6b1558d1b6df085f1901bd5bd98523d7?s=96&d=mm&r=g\",\"contentUrl\":\"https:\/\/secure.gravatar.com\/avatar\/6b1558d1b6df085f1901bd5bd98523d7?s=96&d=mm&r=g\",\"caption\":\"admin\"},\"url\":\"https:\/\/www.delexodo.com.ar\/?author=1\"}]}<\/script>\n<!-- \/ Yoast SEO plugin. -->","yoast_head_json":{"title":"LA DIPUTADA GABRIELA LENA DESPIST\u00d3 Y VOLC\u00d3 EN LA AUTOV\u00cdA ARTIGAS - Del \u00c9xodo Nogoy\u00e1","robots":{"index":"index","follow":"follow","max-snippet":"max-snippet:-1","max-image-preview":"max-image-preview:large","max-video-preview":"max-video-preview:-1"},"canonical":"https:\/\/www.delexodo.com.ar\/?p=4894","og_locale":"es_ES","og_type":"article","og_title":"LA DIPUTADA GABRIELA LENA DESPIST\u00d3 Y VOLC\u00d3 EN LA AUTOV\u00cdA ARTIGAS - Del \u00c9xodo Nogoy\u00e1","og_description":"La diputada nacional electa Gabriela Lena perdi\u00f3 el control del veh\u00edculo y termin\u00f3 despistando y volcando. Sucedi\u00f3 mientras conduc\u00eda por&hellip;","og_url":"https:\/\/www.delexodo.com.ar\/?p=4894","og_site_name":"Del \u00c9xodo Nogoy\u00e1","article_published_time":"2019-11-26T02:27:41+00:00","og_image":[{"width":800,"height":450,"url":"https:\/\/www.delexodo.com.ar\/wp-content\/uploads\/2019\/11\/AUTO-LENA.jpg","type":"image\/jpeg"}],"author":"admin","twitter_card":"summary_large_image","twitter_misc":{"Escrito por":"admin","Tiempo de lectura":"1 minuto"},"schema":{"@context":"https:\/\/schema.org","@graph":[{"@type":"Article","@id":"https:\/\/www.delexodo.com.ar\/?p=4894#article","isPartOf":{"@id":"https:\/\/www.delexodo.com.ar\/?p=4894"},"author":{"name":"admin","@id":"https:\/\/www.delexodo.com.ar\/#\/schema\/person\/bbed37f7da8e938660b34f2013ba449d"},"headline":"LA DIPUTADA GABRIELA LENA DESPIST\u00d3 Y VOLC\u00d3 EN LA AUTOV\u00cdA ARTIGAS","datePublished":"2019-11-26T02:27:41+00:00","mainEntityOfPage":{"@id":"https:\/\/www.delexodo.com.ar\/?p=4894"},"wordCount":277,"commentCount":0,"publisher":{"@id":"https:\/\/www.delexodo.com.ar\/#organization"},"image":{"@id":"https:\/\/www.delexodo.com.ar\/?p=4894#primaryimage"},"thumbnailUrl":"https:\/\/www.delexodo.com.ar\/wp-content\/uploads\/2019\/11\/AUTO-LENA.jpg","articleSection":["Destacados","NOTICIAS","Policiales"],"inLanguage":"es","potentialAction":[{"@type":"CommentAction","name":"Comment","target":["https:\/\/www.delexodo.com.ar\/?p=4894#respond"]}]},{"@type":"WebPage","@id":"https:\/\/www.delexodo.com.ar\/?p=4894","url":"https:\/\/www.delexodo.com.ar\/?p=4894","name":"LA DIPUTADA GABRIELA LENA DESPIST\u00d3 Y VOLC\u00d3 EN LA AUTOV\u00cdA ARTIGAS - Del \u00c9xodo Nogoy\u00e1","isPartOf":{"@id":"https:\/\/www.delexodo.com.ar\/#website"},"primaryImageOfPage":{"@id":"https:\/\/www.delexodo.com.ar\/?p=4894#primaryimage"},"image":{"@id":"https:\/\/www.delexodo.com.ar\/?p=4894#primaryimage"},"thumbnailUrl":"https:\/\/www.delexodo.com.ar\/wp-content\/uploads\/2019\/11\/AUTO-LENA.jpg","datePublished":"2019-11-26T02:27:41+00:00","breadcrumb":{"@id":"https:\/\/www.delexodo.com.ar\/?p=4894#breadcrumb"},"inLanguage":"es","potentialAction":[{"@type":"ReadAction","target":["https:\/\/www.delexodo.com.ar\/?p=4894"]}]},{"@type":"ImageObject","inLanguage":"es","@id":"https:\/\/www.delexodo.com.ar\/?p=4894#primaryimage","url":"https:\/\/www.delexodo.com.ar\/wp-content\/uploads\/2019\/11\/AUTO-LENA.jpg","contentUrl":"https:\/\/www.delexodo.com.ar\/wp-content\/uploads\/2019\/11\/AUTO-LENA.jpg","width":800,"height":450},{"@type":"BreadcrumbList","@id":"https:\/\/www.delexodo.com.ar\/?p=4894#breadcrumb","itemListElement":[{"@type":"ListItem","position":1,"name":"Portada","item":"https:\/\/www.delexodo.com.ar\/"},{"@type":"ListItem","position":2,"name":"LA DIPUTADA GABRIELA LENA DESPIST\u00d3 Y VOLC\u00d3 EN LA AUTOV\u00cdA ARTIGAS"}]},{"@type":"WebSite","@id":"https:\/\/www.delexodo.com.ar\/#website","url":"https:\/\/www.delexodo.com.ar\/","name":"Del \u00c9xodo Nogoy\u00e1","description":"El Portal de Noticias de la Regi\u00f3n","publisher":{"@id":"https:\/\/www.delexodo.com.ar\/#organization"},"potentialAction":[{"@type":"SearchAction","target":{"@type":"EntryPoint","urlTemplate":"https:\/\/www.delexodo.com.ar\/?s={search_term_string}"},"query-input":{"@type":"PropertyValueSpecification","valueRequired":true,"valueName":"search_term_string"}}],"inLanguage":"es"},{"@type":"Organization","@id":"https:\/\/www.delexodo.com.ar\/#organization","name":"Del \u00c9xodo Nogoy\u00e1","url":"https:\/\/www.delexodo.com.ar\/","logo":{"@type":"ImageObject","inLanguage":"es","@id":"https:\/\/www.delexodo.com.ar\/#\/schema\/logo\/image\/","url":"https:\/\/www.delexodo.com.ar\/wp-content\/uploads\/2024\/10\/cropped-cropped-LOGO24.png","contentUrl":"https:\/\/www.delexodo.com.ar\/wp-content\/uploads\/2024\/10\/cropped-cropped-LOGO24.png","width":512,"height":349,"caption":"Del \u00c9xodo Nogoy\u00e1"},"image":{"@id":"https:\/\/www.delexodo.com.ar\/#\/schema\/logo\/image\/"}},{"@type":"Person","@id":"https:\/\/www.delexodo.com.ar\/#\/schema\/person\/bbed37f7da8e938660b34f2013ba449d","name":"admin","image":{"@type":"ImageObject","inLanguage":"es","@id":"https:\/\/www.delexodo.com.ar\/#\/schema\/person\/image\/","url":"https:\/\/secure.gravatar.com\/avatar\/6b1558d1b6df085f1901bd5bd98523d7?s=96&d=mm&r=g","contentUrl":"https:\/\/secure.gravatar.com\/avatar\/6b1558d1b6df085f1901bd5bd98523d7?s=96&d=mm&r=g","caption":"admin"},"url":"https:\/\/www.delexodo.com.ar\/?author=1"}]}},"_links":{"self":[{"href":"https:\/\/www.delexodo.com.ar\/index.php?rest_route=\/wp\/v2\/posts\/4894","targetHints":{"allow":["GET"]}}],"collection":[{"href":"https:\/\/www.delexodo.com.ar\/index.php?rest_route=\/wp\/v2\/posts"}],"about":[{"href":"https:\/\/www.delexodo.com.ar\/index.php?rest_route=\/wp\/v2\/types\/post"}],"author":[{"embeddable":true,"href":"https:\/\/www.delexodo.com.ar\/index.php?rest_route=\/wp\/v2\/users\/1"}],"replies":[{"embeddable":true,"href":"https:\/\/www.delexodo.com.ar\/index.php?rest_route=%2Fwp%2Fv2%2Fcomments&post=4894"}],"version-history":[{"count":0,"href":"https:\/\/www.delexodo.com.ar\/index.php?rest_route=\/wp\/v2\/posts\/4894\/revisions"}],"wp:featuredmedia":[{"embeddable":true,"href":"https:\/\/www.delexodo.com.ar\/index.php?rest_route=\/wp\/v2\/media\/4895"}],"wp:attachment":[{"href":"https:\/\/www.delexodo.com.ar\/index.php?rest_route=%2Fwp%2Fv2%2Fmedia&parent=4894"}],"wp:term":[{"taxonomy":"category","embeddable":true,"href":"https:\/\/www.delexodo.com.ar\/index.php?rest_route=%2Fwp%2Fv2%2Fcategories&post=4894"},{"taxonomy":"post_tag","embeddable":true,"href":"https:\/\/www.delexodo.com.ar\/index.php?rest_route=%2Fwp%2Fv2%2Ftags&post=4894"}],"curies":[{"name":"wp","href":"https:\/\/api.w.org\/{rel}","templated":true}]}}