{"id":4216,"date":"2019-09-17T21:26:40","date_gmt":"2019-09-18T00:26:40","guid":{"rendered":"http:\/\/www.delexodo.com.ar\/?p=4216"},"modified":"2019-09-17T21:32:07","modified_gmt":"2019-09-18T00:32:07","slug":"ya-tiene-dictamen-el-proyecto-de-aumento-de-aporte-para-bomberos-que-sera-tratado-en-la-proxima-sesion-de-concejo","status":"publish","type":"post","link":"https:\/\/www.delexodo.com.ar\/?p=4216","title":{"rendered":"YA TIENE DICTAMEN EL PROYECTO DE AUMENTO DE APORTE PARA BOMBEROS QUE SER\u00c1 TRATADO EN LA PR\u00d3XIMA SESI\u00d3N DE CONCEJO"},"content":{"rendered":"\n<p>La visita del <strong>Dr. Mariano Berdi\u00f1as<\/strong>, Concejal de\nCambiemos a la Ma\u00f1ana por Vos de la 88.5 para dialogar principalmente referente\nal <strong>Proyecto de Ordenanza<\/strong> que\nmodificar\u00eda el aporte que se hace para <strong>Bomberos\nVoluntarios de Nogoya<\/strong> que tanta pol\u00e9mica ha generado quiz\u00e1s por la falta de\ninformaci\u00f3n o desinformaci\u00f3n en cuanto a la obligatoriedad del mismo.<\/p>\n\n\n\n<figure class=\"wp-block-image\"><img loading=\"lazy\" decoding=\"async\" width=\"678\" height=\"1024\" src=\"http:\/\/www.delexodo.com.ar\/wp-content\/uploads\/2019\/09\/WhatsApp-Image-2019-09-17-at-21.10.29-678x1024.jpeg\" alt=\"\" class=\"wp-image-4218\" srcset=\"https:\/\/www.delexodo.com.ar\/wp-content\/uploads\/2019\/09\/WhatsApp-Image-2019-09-17-at-21.10.29-678x1024.jpeg 678w, https:\/\/www.delexodo.com.ar\/wp-content\/uploads\/2019\/09\/WhatsApp-Image-2019-09-17-at-21.10.29-199x300.jpeg 199w, https:\/\/www.delexodo.com.ar\/wp-content\/uploads\/2019\/09\/WhatsApp-Image-2019-09-17-at-21.10.29-768x1159.jpeg 768w, https:\/\/www.delexodo.com.ar\/wp-content\/uploads\/2019\/09\/WhatsApp-Image-2019-09-17-at-21.10.29.jpeg 848w\" sizes=\"auto, (max-width: 678px) 100vw, 678px\" \/><figcaption>Dr. Mariano Berdi\u00f1as &#8211; Concejal Cambiemos Nogoya<\/figcaption><\/figure>\n\n\n\n<p>Fruto del trabajo de los 11\nConcejales se logr\u00f3 las firmas para darle dictamen y ser\u00e1 tratado en la pr\u00f3xima\nsesi\u00f3n de concejo el <strong>Mi\u00e9rcoles 25<\/strong>\nesta modificaci\u00f3n que incorpora un porcentual sobre una unidad de referencia y\nque seguir\u00e1 siendo como hasta ahora de car\u00e1cter <strong>\u201cvoluntario\u201d<\/strong>.<\/p>\n\n\n\n<figure class=\"wp-block-embed-youtube wp-block-embed is-type-video is-provider-youtube wp-embed-aspect-16-9 wp-has-aspect-ratio\"><div class=\"wp-block-embed__wrapper\">\n<iframe loading=\"lazy\" title=\"#AIRE #MxV - Concejal Mariano Berdi\u00f1as - Ordenanza Aporte Bomberos\" width=\"500\" height=\"281\" src=\"https:\/\/www.youtube.com\/embed\/ZL7O2tL35rE?feature=oembed\" frameborder=\"0\" allow=\"accelerometer; autoplay; clipboard-write; encrypted-media; gyroscope; picture-in-picture; web-share\" referrerpolicy=\"strict-origin-when-cross-origin\" allowfullscreen><\/iframe>\n<\/div><\/figure>\n\n\n\n<p>Berdi\u00f1as explic\u00f3 claramente como es el funcionamiento de estos aportes; <em>\u201c\u2026cuando se liquidan las tasas municipales, se liquidan 3 pesos m\u00e1s, el municipio funciona como una especie de agente de retenci\u00f3n y a fin de mes la sumatoria de los 3 pesos que los vecinos han abonado al pagar sus tasas son transferidos a Bomberos Voluntarios, no es que el municipio transfiere fondos municipales sino que son fondos de los mismos vecinos y <strong>es muy importante destacar que el vecino que no quiera abonar esos 3 pesos debe acercarse al municipio y completar un formulario y deja de abonar ese importe<\/strong>, por lo que estamos hablando de un <strong>aporte voluntario<\/strong> si bien con la norma sale con car\u00e1cter obligatorio o sea que a todos los vecinos se les liquida salvo que haga el tr\u00e1mite para dejar de hacerlo, como as\u00ed que los que ya han realizado el tramite cuando sea aprobado el proyecto con el aumento no deber\u00e1n hacer nada ya que no modifica su decisi\u00f3n de no pagar\u201d<\/em>.<\/p>\n\n\n\n<p>La ordenanza original fue sancionada en el a\u00f1o 2014, daba destino de uso del dinero y rendici\u00f3n trimestral y consideramos oportuno tratar esta modificaci\u00f3n a pedido de la instituci\u00f3n y en forma consensuada.<\/p>\n\n\n\n<p>Con la modificaci\u00f3n el aporte\nser\u00e1 del <strong>40% del valor del Sellado por Actuaciones\nAdministrativas<\/strong> en el Municipio, tomado como una <strong>unidad de referencia<\/strong>, que se va actualizando anualmente cuando se\ntrata la ordenanza impositiva, hoy est\u00e1 en un valor de 30 pesos. El equivalente\nal 40% es lo que los vecinos van a pagar, si es que quieren hacerlo, e ir\u00e1\ndestinado al aporte <strong>\u201cvoluntario\u201d<\/strong> a\nBomberos, o sea que es un valor de 12 pesos.<\/p>\n\n\n\n<p><em>\u201cCreo que es una ordenanza justa, que no le estamos metiendo la mano en el bolsillo a nadie y en esta modificaci\u00f3n las rendiciones ser\u00e1n semestrales las cuales deber\u00e1n cumplir en tiempo y forma para evitar sanciones y el uso queda liberado abierto a las necesidades de la instituci\u00f3n\u201d<\/em>.<\/p>\n\n\n\n<p>Aprovechamos la oportunidad para\ndialogar sobre pol\u00edtica y el trabajo desde su lugar en la militancia y en plena\ncampa\u00f1a, referente a ciertas situaciones locales y tambi\u00e9n nacionales, la\nvisita del Senador De Angeli y extrajimos algunos p\u00e1rrafos fundamentales de la\ncharla.<\/p>\n\n\n\n<p>Hablando del trabajo junto al\nPresidente Municipal Berdi\u00f1as manifest\u00f3; <em>\u201cYo\nsiempre he estado a disposici\u00f3n, cuando me convocan estoy, cuando no me\nconvocan no\u201d<\/em>.<\/p>\n\n\n\n<div class=\"wp-block-image\"><figure class=\"aligncenter is-resized\"><img loading=\"lazy\" decoding=\"async\" src=\"http:\/\/www.delexodo.com.ar\/wp-content\/uploads\/2019\/09\/WhatsApp-Image-2019-09-17-at-21.12.49-603x1024.jpeg\" alt=\"\" class=\"wp-image-4219\" width=\"322\" height=\"546\" srcset=\"https:\/\/www.delexodo.com.ar\/wp-content\/uploads\/2019\/09\/WhatsApp-Image-2019-09-17-at-21.12.49-603x1024.jpeg 603w, https:\/\/www.delexodo.com.ar\/wp-content\/uploads\/2019\/09\/WhatsApp-Image-2019-09-17-at-21.12.49-177x300.jpeg 177w, https:\/\/www.delexodo.com.ar\/wp-content\/uploads\/2019\/09\/WhatsApp-Image-2019-09-17-at-21.12.49.jpeg 754w\" sizes=\"auto, (max-width: 322px) 100vw, 322px\" \/><\/figure><\/div>\n\n\n\n<p>En cuanto a las modificaciones\nen el gabinete, el Concejal opin\u00f3; <em>\u201cConsidero\nque Cavagna <strong>tendr\u00eda que oxigenar todo su\ngabinete<\/strong> para el segundo mandato, se lo he dicho, pero si \u00e9l decide que contin\u00faen\nlos que est\u00e1n voy a respetar su decisi\u00f3n porque \u00e9l es el presidente municipal\u201d.\n\u201cLe he dicho a Rafael que no me parece que necesariamente tenga que esperar\nhasta el 10 de diciembre porque ya tiene para gobernar cuatro a\u00f1os m\u00e1s, va a\nhaber una continuidad\u201d <\/em>y agreg\u00f3<em>; \u201cYo\ncreo que todo lo que funciona est\u00e1 bien que permanezca pero cuando algo no\nfunciona se tiene que ir, yo me manejo as\u00ed\u201d<\/em>.<\/p>\n\n\n\n<p>En cuanto a espacio vacante\nque dej\u00f3 la salida de Manuel Schonhals, Berdi\u00f1as coment\u00f3; <em>\u201cAl presidente municipal se le planteo la inquietud de que pensaba\nhacer con la Secretaria de Obras y Servicios P\u00fablicos ya que la renuncia de\nSchonhals fue a fines de abril y la verdad que es un \u00e1rea muy importante, muy\nabarcativa que est\u00e1 siendo llevada adelante por Marcelo Barreto que tiene toda\nla Secretaria de Gobierno, es imposible que uno por mas que le ponga la mejor intenci\u00f3n,\ntodas las pilas y las ganas, pueda cumplir con todo, por eso yo <strong>considero que tendr\u00eda que haber una designaci\u00f3n\nde un Secretario de Obras Publicas previo al 10 de diciembre<\/strong>\u201d<\/em>.<\/p>\n","protected":false},"excerpt":{"rendered":"<p>La visita del Dr. Mariano Berdi\u00f1as, Concejal de Cambiemos a la Ma\u00f1ana por Vos de la 88.5 para dialogar principalmente&hellip;<\/p>\n","protected":false},"author":1,"featured_media":4217,"comment_status":"open","ping_status":"open","sticky":false,"template":"","format":"standard","meta":{"_joinchat":[],"footnotes":""},"categories":[65,1,69],"tags":[345],"class_list":["post-4216","post","type-post","status-publish","format-standard","has-post-thumbnail","hentry","category-destacados","category-sincategoria","category-noticias","tag-destacar"],"yoast_head":"<!-- This site is optimized with the Yoast SEO plugin v25.1 - https:\/\/yoast.com\/wordpress\/plugins\/seo\/ -->\n<title>YA TIENE DICTAMEN EL PROYECTO DE AUMENTO DE APORTE PARA BOMBEROS QUE SER\u00c1 TRATADO EN LA PR\u00d3XIMA SESI\u00d3N DE CONCEJO - Del \u00c9xodo Nogoy\u00e1<\/title>\n<meta name=\"robots\" content=\"index, follow, max-snippet:-1, max-image-preview:large, max-video-preview:-1\" \/>\n<link rel=\"canonical\" href=\"https:\/\/www.delexodo.com.ar\/?p=4216\" \/>\n<meta property=\"og:locale\" content=\"es_ES\" \/>\n<meta property=\"og:type\" content=\"article\" \/>\n<meta property=\"og:title\" content=\"YA TIENE DICTAMEN EL PROYECTO DE AUMENTO DE APORTE PARA BOMBEROS QUE SER\u00c1 TRATADO EN LA PR\u00d3XIMA SESI\u00d3N DE CONCEJO - Del \u00c9xodo Nogoy\u00e1\" \/>\n<meta property=\"og:description\" content=\"La visita del Dr. Mariano Berdi\u00f1as, Concejal de Cambiemos a la Ma\u00f1ana por Vos de la 88.5 para dialogar principalmente&hellip;\" \/>\n<meta property=\"og:url\" content=\"https:\/\/www.delexodo.com.ar\/?p=4216\" \/>\n<meta property=\"og:site_name\" content=\"Del \u00c9xodo Nogoy\u00e1\" \/>\n<meta property=\"article:published_time\" content=\"2019-09-18T00:26:40+00:00\" \/>\n<meta property=\"article:modified_time\" content=\"2019-09-18T00:32:07+00:00\" \/>\n<meta property=\"og:image\" content=\"https:\/\/www.delexodo.com.ar\/wp-content\/uploads\/2019\/09\/bomberos.jpg\" \/>\n\t<meta property=\"og:image:width\" content=\"447\" \/>\n\t<meta property=\"og:image:height\" content=\"336\" \/>\n\t<meta property=\"og:image:type\" content=\"image\/jpeg\" \/>\n<meta name=\"author\" content=\"admin\" \/>\n<meta name=\"twitter:card\" content=\"summary_large_image\" \/>\n<meta name=\"twitter:label1\" content=\"Escrito por\" \/>\n\t<meta name=\"twitter:data1\" content=\"admin\" \/>\n\t<meta name=\"twitter:label2\" content=\"Tiempo de lectura\" \/>\n\t<meta name=\"twitter:data2\" content=\"4 minutos\" \/>\n<script type=\"application\/ld+json\" class=\"yoast-schema-graph\">{\"@context\":\"https:\/\/schema.org\",\"@graph\":[{\"@type\":\"Article\",\"@id\":\"https:\/\/www.delexodo.com.ar\/?p=4216#article\",\"isPartOf\":{\"@id\":\"https:\/\/www.delexodo.com.ar\/?p=4216\"},\"author\":{\"name\":\"admin\",\"@id\":\"https:\/\/www.delexodo.com.ar\/#\/schema\/person\/bbed37f7da8e938660b34f2013ba449d\"},\"headline\":\"YA TIENE DICTAMEN EL PROYECTO DE AUMENTO DE APORTE PARA BOMBEROS QUE SER\u00c1 TRATADO EN LA PR\u00d3XIMA SESI\u00d3N DE CONCEJO\",\"datePublished\":\"2019-09-18T00:26:40+00:00\",\"dateModified\":\"2019-09-18T00:32:07+00:00\",\"mainEntityOfPage\":{\"@id\":\"https:\/\/www.delexodo.com.ar\/?p=4216\"},\"wordCount\":794,\"commentCount\":0,\"publisher\":{\"@id\":\"https:\/\/www.delexodo.com.ar\/#organization\"},\"image\":{\"@id\":\"https:\/\/www.delexodo.com.ar\/?p=4216#primaryimage\"},\"thumbnailUrl\":\"https:\/\/www.delexodo.com.ar\/wp-content\/uploads\/2019\/09\/bomberos.jpg\",\"keywords\":[\"destacar\"],\"articleSection\":[\"Destacados\",\"Nogoya\",\"NOTICIAS\"],\"inLanguage\":\"es\",\"potentialAction\":[{\"@type\":\"CommentAction\",\"name\":\"Comment\",\"target\":[\"https:\/\/www.delexodo.com.ar\/?p=4216#respond\"]}]},{\"@type\":\"WebPage\",\"@id\":\"https:\/\/www.delexodo.com.ar\/?p=4216\",\"url\":\"https:\/\/www.delexodo.com.ar\/?p=4216\",\"name\":\"YA TIENE DICTAMEN EL PROYECTO DE AUMENTO DE APORTE PARA BOMBEROS QUE SER\u00c1 TRATADO EN LA PR\u00d3XIMA SESI\u00d3N DE CONCEJO - Del \u00c9xodo Nogoy\u00e1\",\"isPartOf\":{\"@id\":\"https:\/\/www.delexodo.com.ar\/#website\"},\"primaryImageOfPage\":{\"@id\":\"https:\/\/www.delexodo.com.ar\/?p=4216#primaryimage\"},\"image\":{\"@id\":\"https:\/\/www.delexodo.com.ar\/?p=4216#primaryimage\"},\"thumbnailUrl\":\"https:\/\/www.delexodo.com.ar\/wp-content\/uploads\/2019\/09\/bomberos.jpg\",\"datePublished\":\"2019-09-18T00:26:40+00:00\",\"dateModified\":\"2019-09-18T00:32:07+00:00\",\"breadcrumb\":{\"@id\":\"https:\/\/www.delexodo.com.ar\/?p=4216#breadcrumb\"},\"inLanguage\":\"es\",\"potentialAction\":[{\"@type\":\"ReadAction\",\"target\":[\"https:\/\/www.delexodo.com.ar\/?p=4216\"]}]},{\"@type\":\"ImageObject\",\"inLanguage\":\"es\",\"@id\":\"https:\/\/www.delexodo.com.ar\/?p=4216#primaryimage\",\"url\":\"https:\/\/www.delexodo.com.ar\/wp-content\/uploads\/2019\/09\/bomberos.jpg\",\"contentUrl\":\"https:\/\/www.delexodo.com.ar\/wp-content\/uploads\/2019\/09\/bomberos.jpg\",\"width\":447,\"height\":336},{\"@type\":\"BreadcrumbList\",\"@id\":\"https:\/\/www.delexodo.com.ar\/?p=4216#breadcrumb\",\"itemListElement\":[{\"@type\":\"ListItem\",\"position\":1,\"name\":\"Portada\",\"item\":\"https:\/\/www.delexodo.com.ar\/\"},{\"@type\":\"ListItem\",\"position\":2,\"name\":\"YA TIENE DICTAMEN EL PROYECTO DE AUMENTO DE APORTE PARA BOMBEROS QUE SER\u00c1 TRATADO EN LA PR\u00d3XIMA SESI\u00d3N DE CONCEJO\"}]},{\"@type\":\"WebSite\",\"@id\":\"https:\/\/www.delexodo.com.ar\/#website\",\"url\":\"https:\/\/www.delexodo.com.ar\/\",\"name\":\"Del \u00c9xodo Nogoy\u00e1\",\"description\":\"El Portal de Noticias de la Regi\u00f3n\",\"publisher\":{\"@id\":\"https:\/\/www.delexodo.com.ar\/#organization\"},\"potentialAction\":[{\"@type\":\"SearchAction\",\"target\":{\"@type\":\"EntryPoint\",\"urlTemplate\":\"https:\/\/www.delexodo.com.ar\/?s={search_term_string}\"},\"query-input\":{\"@type\":\"PropertyValueSpecification\",\"valueRequired\":true,\"valueName\":\"search_term_string\"}}],\"inLanguage\":\"es\"},{\"@type\":\"Organization\",\"@id\":\"https:\/\/www.delexodo.com.ar\/#organization\",\"name\":\"Del \u00c9xodo Nogoy\u00e1\",\"url\":\"https:\/\/www.delexodo.com.ar\/\",\"logo\":{\"@type\":\"ImageObject\",\"inLanguage\":\"es\",\"@id\":\"https:\/\/www.delexodo.com.ar\/#\/schema\/logo\/image\/\",\"url\":\"https:\/\/www.delexodo.com.ar\/wp-content\/uploads\/2024\/10\/cropped-cropped-LOGO24.png\",\"contentUrl\":\"https:\/\/www.delexodo.com.ar\/wp-content\/uploads\/2024\/10\/cropped-cropped-LOGO24.png\",\"width\":512,\"height\":349,\"caption\":\"Del \u00c9xodo Nogoy\u00e1\"},\"image\":{\"@id\":\"https:\/\/www.delexodo.com.ar\/#\/schema\/logo\/image\/\"}},{\"@type\":\"Person\",\"@id\":\"https:\/\/www.delexodo.com.ar\/#\/schema\/person\/bbed37f7da8e938660b34f2013ba449d\",\"name\":\"admin\",\"image\":{\"@type\":\"ImageObject\",\"inLanguage\":\"es\",\"@id\":\"https:\/\/www.delexodo.com.ar\/#\/schema\/person\/image\/\",\"url\":\"https:\/\/secure.gravatar.com\/avatar\/6b1558d1b6df085f1901bd5bd98523d7?s=96&d=mm&r=g\",\"contentUrl\":\"https:\/\/secure.gravatar.com\/avatar\/6b1558d1b6df085f1901bd5bd98523d7?s=96&d=mm&r=g\",\"caption\":\"admin\"},\"url\":\"https:\/\/www.delexodo.com.ar\/?author=1\"}]}<\/script>\n<!-- \/ Yoast SEO plugin. -->","yoast_head_json":{"title":"YA TIENE DICTAMEN EL PROYECTO DE AUMENTO DE APORTE PARA BOMBEROS QUE SER\u00c1 TRATADO EN LA PR\u00d3XIMA SESI\u00d3N DE CONCEJO - Del \u00c9xodo Nogoy\u00e1","robots":{"index":"index","follow":"follow","max-snippet":"max-snippet:-1","max-image-preview":"max-image-preview:large","max-video-preview":"max-video-preview:-1"},"canonical":"https:\/\/www.delexodo.com.ar\/?p=4216","og_locale":"es_ES","og_type":"article","og_title":"YA TIENE DICTAMEN EL PROYECTO DE AUMENTO DE APORTE PARA BOMBEROS QUE SER\u00c1 TRATADO EN LA PR\u00d3XIMA SESI\u00d3N DE CONCEJO - Del \u00c9xodo Nogoy\u00e1","og_description":"La visita del Dr. Mariano Berdi\u00f1as, Concejal de Cambiemos a la Ma\u00f1ana por Vos de la 88.5 para dialogar principalmente&hellip;","og_url":"https:\/\/www.delexodo.com.ar\/?p=4216","og_site_name":"Del \u00c9xodo Nogoy\u00e1","article_published_time":"2019-09-18T00:26:40+00:00","article_modified_time":"2019-09-18T00:32:07+00:00","og_image":[{"width":447,"height":336,"url":"https:\/\/www.delexodo.com.ar\/wp-content\/uploads\/2019\/09\/bomberos.jpg","type":"image\/jpeg"}],"author":"admin","twitter_card":"summary_large_image","twitter_misc":{"Escrito por":"admin","Tiempo de lectura":"4 minutos"},"schema":{"@context":"https:\/\/schema.org","@graph":[{"@type":"Article","@id":"https:\/\/www.delexodo.com.ar\/?p=4216#article","isPartOf":{"@id":"https:\/\/www.delexodo.com.ar\/?p=4216"},"author":{"name":"admin","@id":"https:\/\/www.delexodo.com.ar\/#\/schema\/person\/bbed37f7da8e938660b34f2013ba449d"},"headline":"YA TIENE DICTAMEN EL PROYECTO DE AUMENTO DE APORTE PARA BOMBEROS QUE SER\u00c1 TRATADO EN LA PR\u00d3XIMA SESI\u00d3N DE CONCEJO","datePublished":"2019-09-18T00:26:40+00:00","dateModified":"2019-09-18T00:32:07+00:00","mainEntityOfPage":{"@id":"https:\/\/www.delexodo.com.ar\/?p=4216"},"wordCount":794,"commentCount":0,"publisher":{"@id":"https:\/\/www.delexodo.com.ar\/#organization"},"image":{"@id":"https:\/\/www.delexodo.com.ar\/?p=4216#primaryimage"},"thumbnailUrl":"https:\/\/www.delexodo.com.ar\/wp-content\/uploads\/2019\/09\/bomberos.jpg","keywords":["destacar"],"articleSection":["Destacados","Nogoya","NOTICIAS"],"inLanguage":"es","potentialAction":[{"@type":"CommentAction","name":"Comment","target":["https:\/\/www.delexodo.com.ar\/?p=4216#respond"]}]},{"@type":"WebPage","@id":"https:\/\/www.delexodo.com.ar\/?p=4216","url":"https:\/\/www.delexodo.com.ar\/?p=4216","name":"YA TIENE DICTAMEN EL PROYECTO DE AUMENTO DE APORTE PARA BOMBEROS QUE SER\u00c1 TRATADO EN LA PR\u00d3XIMA SESI\u00d3N DE CONCEJO - Del \u00c9xodo Nogoy\u00e1","isPartOf":{"@id":"https:\/\/www.delexodo.com.ar\/#website"},"primaryImageOfPage":{"@id":"https:\/\/www.delexodo.com.ar\/?p=4216#primaryimage"},"image":{"@id":"https:\/\/www.delexodo.com.ar\/?p=4216#primaryimage"},"thumbnailUrl":"https:\/\/www.delexodo.com.ar\/wp-content\/uploads\/2019\/09\/bomberos.jpg","datePublished":"2019-09-18T00:26:40+00:00","dateModified":"2019-09-18T00:32:07+00:00","breadcrumb":{"@id":"https:\/\/www.delexodo.com.ar\/?p=4216#breadcrumb"},"inLanguage":"es","potentialAction":[{"@type":"ReadAction","target":["https:\/\/www.delexodo.com.ar\/?p=4216"]}]},{"@type":"ImageObject","inLanguage":"es","@id":"https:\/\/www.delexodo.com.ar\/?p=4216#primaryimage","url":"https:\/\/www.delexodo.com.ar\/wp-content\/uploads\/2019\/09\/bomberos.jpg","contentUrl":"https:\/\/www.delexodo.com.ar\/wp-content\/uploads\/2019\/09\/bomberos.jpg","width":447,"height":336},{"@type":"BreadcrumbList","@id":"https:\/\/www.delexodo.com.ar\/?p=4216#breadcrumb","itemListElement":[{"@type":"ListItem","position":1,"name":"Portada","item":"https:\/\/www.delexodo.com.ar\/"},{"@type":"ListItem","position":2,"name":"YA TIENE DICTAMEN EL PROYECTO DE AUMENTO DE APORTE PARA BOMBEROS QUE SER\u00c1 TRATADO EN LA PR\u00d3XIMA SESI\u00d3N DE CONCEJO"}]},{"@type":"WebSite","@id":"https:\/\/www.delexodo.com.ar\/#website","url":"https:\/\/www.delexodo.com.ar\/","name":"Del \u00c9xodo Nogoy\u00e1","description":"El Portal de Noticias de la Regi\u00f3n","publisher":{"@id":"https:\/\/www.delexodo.com.ar\/#organization"},"potentialAction":[{"@type":"SearchAction","target":{"@type":"EntryPoint","urlTemplate":"https:\/\/www.delexodo.com.ar\/?s={search_term_string}"},"query-input":{"@type":"PropertyValueSpecification","valueRequired":true,"valueName":"search_term_string"}}],"inLanguage":"es"},{"@type":"Organization","@id":"https:\/\/www.delexodo.com.ar\/#organization","name":"Del \u00c9xodo Nogoy\u00e1","url":"https:\/\/www.delexodo.com.ar\/","logo":{"@type":"ImageObject","inLanguage":"es","@id":"https:\/\/www.delexodo.com.ar\/#\/schema\/logo\/image\/","url":"https:\/\/www.delexodo.com.ar\/wp-content\/uploads\/2024\/10\/cropped-cropped-LOGO24.png","contentUrl":"https:\/\/www.delexodo.com.ar\/wp-content\/uploads\/2024\/10\/cropped-cropped-LOGO24.png","width":512,"height":349,"caption":"Del \u00c9xodo Nogoy\u00e1"},"image":{"@id":"https:\/\/www.delexodo.com.ar\/#\/schema\/logo\/image\/"}},{"@type":"Person","@id":"https:\/\/www.delexodo.com.ar\/#\/schema\/person\/bbed37f7da8e938660b34f2013ba449d","name":"admin","image":{"@type":"ImageObject","inLanguage":"es","@id":"https:\/\/www.delexodo.com.ar\/#\/schema\/person\/image\/","url":"https:\/\/secure.gravatar.com\/avatar\/6b1558d1b6df085f1901bd5bd98523d7?s=96&d=mm&r=g","contentUrl":"https:\/\/secure.gravatar.com\/avatar\/6b1558d1b6df085f1901bd5bd98523d7?s=96&d=mm&r=g","caption":"admin"},"url":"https:\/\/www.delexodo.com.ar\/?author=1"}]}},"_links":{"self":[{"href":"https:\/\/www.delexodo.com.ar\/index.php?rest_route=\/wp\/v2\/posts\/4216","targetHints":{"allow":["GET"]}}],"collection":[{"href":"https:\/\/www.delexodo.com.ar\/index.php?rest_route=\/wp\/v2\/posts"}],"about":[{"href":"https:\/\/www.delexodo.com.ar\/index.php?rest_route=\/wp\/v2\/types\/post"}],"author":[{"embeddable":true,"href":"https:\/\/www.delexodo.com.ar\/index.php?rest_route=\/wp\/v2\/users\/1"}],"replies":[{"embeddable":true,"href":"https:\/\/www.delexodo.com.ar\/index.php?rest_route=%2Fwp%2Fv2%2Fcomments&post=4216"}],"version-history":[{"count":0,"href":"https:\/\/www.delexodo.com.ar\/index.php?rest_route=\/wp\/v2\/posts\/4216\/revisions"}],"wp:featuredmedia":[{"embeddable":true,"href":"https:\/\/www.delexodo.com.ar\/index.php?rest_route=\/wp\/v2\/media\/4217"}],"wp:attachment":[{"href":"https:\/\/www.delexodo.com.ar\/index.php?rest_route=%2Fwp%2Fv2%2Fmedia&parent=4216"}],"wp:term":[{"taxonomy":"category","embeddable":true,"href":"https:\/\/www.delexodo.com.ar\/index.php?rest_route=%2Fwp%2Fv2%2Fcategories&post=4216"},{"taxonomy":"post_tag","embeddable":true,"href":"https:\/\/www.delexodo.com.ar\/index.php?rest_route=%2Fwp%2Fv2%2Ftags&post=4216"}],"curies":[{"name":"wp","href":"https:\/\/api.w.org\/{rel}","templated":true}]}}