{"id":4163,"date":"2019-09-15T19:19:35","date_gmt":"2019-09-15T22:19:35","guid":{"rendered":"http:\/\/www.delexodo.com.ar\/?p=4163"},"modified":"2019-09-15T19:19:36","modified_gmt":"2019-09-15T22:19:36","slug":"el-comisario-insp-oertlin-sera-el-proximo-jefe-departamental-de-policia","status":"publish","type":"post","link":"https:\/\/www.delexodo.com.ar\/?p=4163","title":{"rendered":"EL COMISARIO INSP. OERTLIN SER\u00c1 EL PR\u00d3XIMO JEFE DEPARTAMENTAL DE POLIC\u00cdA"},"content":{"rendered":"\n<p>As\u00ed lo anunci\u00f3 el <strong>Comisario Gral. Gustavo Maslein<\/strong> en el acto oficial de entrega de una <strong>Pick Up 4&#215;4<\/strong> en esta localidad de Nogoya. Si bien a\u00fan no ha salido el correspondiente decreto de nombramiento dado a que el Gobernador Bordet se encuentra de viaje en el exterior, Maslein confirm\u00f3 en la entrevista que Oertlin ocupar\u00e1 el cargo en la Dptal. de Nogoya que hoy interinamente desempe\u00f1a. Todav\u00eda resta saber quien ocupar\u00e1 la sub jefatura departamental.<\/p>\n\n\n\n<figure class=\"wp-block-image\"><img loading=\"lazy\" decoding=\"async\" width=\"1024\" height=\"768\" src=\"http:\/\/www.delexodo.com.ar\/wp-content\/uploads\/2019\/09\/20190913_185055-1024x768.jpg\" alt=\"\" class=\"wp-image-4165\" srcset=\"https:\/\/www.delexodo.com.ar\/wp-content\/uploads\/2019\/09\/20190913_185055-1024x768.jpg 1024w, https:\/\/www.delexodo.com.ar\/wp-content\/uploads\/2019\/09\/20190913_185055-300x225.jpg 300w, https:\/\/www.delexodo.com.ar\/wp-content\/uploads\/2019\/09\/20190913_185055-768x576.jpg 768w\" sizes=\"auto, (max-width: 1024px) 100vw, 1024px\" \/><\/figure>\n\n\n\n<p>Maslein habl\u00f3 tambi\u00e9n de distintas obras que se realizaron en la Jefatura como as\u00ed algunas que resta encarar de las cuales se contar\u00e1 con el apoyo municipal.<\/p>\n\n\n\n<figure class=\"wp-block-image\"><img loading=\"lazy\" decoding=\"async\" width=\"1024\" height=\"768\" src=\"http:\/\/www.delexodo.com.ar\/wp-content\/uploads\/2019\/09\/20190913_190536-1024x768.jpg\" alt=\"\" class=\"wp-image-4164\" srcset=\"https:\/\/www.delexodo.com.ar\/wp-content\/uploads\/2019\/09\/20190913_190536-1024x768.jpg 1024w, https:\/\/www.delexodo.com.ar\/wp-content\/uploads\/2019\/09\/20190913_190536-300x225.jpg 300w, https:\/\/www.delexodo.com.ar\/wp-content\/uploads\/2019\/09\/20190913_190536-768x576.jpg 768w\" sizes=\"auto, (max-width: 1024px) 100vw, 1024px\" \/><\/figure>\n\n\n\n<p>Al acto tambi\u00e9n asisti\u00f3 el <strong>Comisario Mayor Jorge Cancio<\/strong> quien en la actualidad de desarrolla como Jefe de la Departamental de Concordia y hasta mediado de Julio ocupaba el cargo de Jefe en esta localidad.<\/p>\n\n\n\n<figure class=\"wp-block-embed-youtube wp-block-embed is-type-video is-provider-youtube wp-embed-aspect-16-9 wp-has-aspect-ratio\"><div class=\"wp-block-embed__wrapper\">\n<iframe loading=\"lazy\" title=\"Acto Oficial entrega Pick Up 4x4 Policia Dptal. Nogoya\" width=\"500\" height=\"281\" src=\"https:\/\/www.youtube.com\/embed\/UimnPKajq8g?feature=oembed\" frameborder=\"0\" allow=\"accelerometer; autoplay; clipboard-write; encrypted-media; gyroscope; picture-in-picture; web-share\" referrerpolicy=\"strict-origin-when-cross-origin\" allowfullscreen><\/iframe>\n<\/div><figcaption>Acto Oficial entrega Pick Up 4&#215;4 Jefatura Dptal. Nogoya<\/figcaption><\/figure>\n\n\n\n<figure class=\"wp-block-image\"><img loading=\"lazy\" decoding=\"async\" width=\"1024\" height=\"768\" src=\"http:\/\/www.delexodo.com.ar\/wp-content\/uploads\/2019\/09\/20190913_182941-1024x768.jpg\" alt=\"\" class=\"wp-image-4166\" srcset=\"https:\/\/www.delexodo.com.ar\/wp-content\/uploads\/2019\/09\/20190913_182941-1024x768.jpg 1024w, https:\/\/www.delexodo.com.ar\/wp-content\/uploads\/2019\/09\/20190913_182941-300x225.jpg 300w, https:\/\/www.delexodo.com.ar\/wp-content\/uploads\/2019\/09\/20190913_182941-768x576.jpg 768w\" sizes=\"auto, (max-width: 1024px) 100vw, 1024px\" \/><\/figure>\n","protected":false},"excerpt":{"rendered":"<p>As\u00ed lo anunci\u00f3 el Comisario Gral. Gustavo Maslein en el acto oficial de entrega de una Pick Up 4&#215;4 en&hellip;<\/p>\n","protected":false},"author":1,"featured_media":4167,"comment_status":"open","ping_status":"open","sticky":false,"template":"","format":"standard","meta":{"_joinchat":[],"footnotes":""},"categories":[65,1,69],"tags":[],"class_list":["post-4163","post","type-post","status-publish","format-standard","has-post-thumbnail","hentry","category-destacados","category-sincategoria","category-noticias"],"yoast_head":"<!-- This site is optimized with the Yoast SEO plugin v25.1 - https:\/\/yoast.com\/wordpress\/plugins\/seo\/ -->\n<title>EL COMISARIO INSP. OERTLIN SER\u00c1 EL PR\u00d3XIMO JEFE DEPARTAMENTAL DE POLIC\u00cdA - Del \u00c9xodo Nogoy\u00e1<\/title>\n<meta name=\"robots\" content=\"index, follow, max-snippet:-1, max-image-preview:large, max-video-preview:-1\" \/>\n<link rel=\"canonical\" href=\"https:\/\/www.delexodo.com.ar\/?p=4163\" \/>\n<meta property=\"og:locale\" content=\"es_ES\" \/>\n<meta property=\"og:type\" content=\"article\" \/>\n<meta property=\"og:title\" content=\"EL COMISARIO INSP. OERTLIN SER\u00c1 EL PR\u00d3XIMO JEFE DEPARTAMENTAL DE POLIC\u00cdA - Del \u00c9xodo Nogoy\u00e1\" \/>\n<meta property=\"og:description\" content=\"As\u00ed lo anunci\u00f3 el Comisario Gral. Gustavo Maslein en el acto oficial de entrega de una Pick Up 4&#215;4 en&hellip;\" \/>\n<meta property=\"og:url\" content=\"https:\/\/www.delexodo.com.ar\/?p=4163\" \/>\n<meta property=\"og:site_name\" content=\"Del \u00c9xodo Nogoy\u00e1\" \/>\n<meta property=\"article:published_time\" content=\"2019-09-15T22:19:35+00:00\" \/>\n<meta property=\"article:modified_time\" content=\"2019-09-15T22:19:36+00:00\" \/>\n<meta property=\"og:image\" content=\"https:\/\/www.delexodo.com.ar\/wp-content\/uploads\/2019\/09\/20190913_183126-1024x768.jpg\" \/>\n\t<meta property=\"og:image:width\" content=\"1024\" \/>\n\t<meta property=\"og:image:height\" content=\"768\" \/>\n\t<meta property=\"og:image:type\" content=\"image\/jpeg\" \/>\n<meta name=\"author\" content=\"admin\" \/>\n<meta name=\"twitter:card\" content=\"summary_large_image\" \/>\n<meta name=\"twitter:label1\" content=\"Escrito por\" \/>\n\t<meta name=\"twitter:data1\" content=\"admin\" \/>\n\t<meta name=\"twitter:label2\" content=\"Tiempo de lectura\" \/>\n\t<meta name=\"twitter:data2\" content=\"1 minuto\" \/>\n<script type=\"application\/ld+json\" class=\"yoast-schema-graph\">{\"@context\":\"https:\/\/schema.org\",\"@graph\":[{\"@type\":\"Article\",\"@id\":\"https:\/\/www.delexodo.com.ar\/?p=4163#article\",\"isPartOf\":{\"@id\":\"https:\/\/www.delexodo.com.ar\/?p=4163\"},\"author\":{\"name\":\"admin\",\"@id\":\"https:\/\/www.delexodo.com.ar\/#\/schema\/person\/bbed37f7da8e938660b34f2013ba449d\"},\"headline\":\"EL COMISARIO INSP. OERTLIN SER\u00c1 EL PR\u00d3XIMO JEFE DEPARTAMENTAL DE POLIC\u00cdA\",\"datePublished\":\"2019-09-15T22:19:35+00:00\",\"dateModified\":\"2019-09-15T22:19:36+00:00\",\"mainEntityOfPage\":{\"@id\":\"https:\/\/www.delexodo.com.ar\/?p=4163\"},\"wordCount\":170,\"commentCount\":0,\"publisher\":{\"@id\":\"https:\/\/www.delexodo.com.ar\/#organization\"},\"image\":{\"@id\":\"https:\/\/www.delexodo.com.ar\/?p=4163#primaryimage\"},\"thumbnailUrl\":\"https:\/\/www.delexodo.com.ar\/wp-content\/uploads\/2019\/09\/20190913_183126.jpg\",\"articleSection\":[\"Destacados\",\"Nogoya\",\"NOTICIAS\"],\"inLanguage\":\"es\",\"potentialAction\":[{\"@type\":\"CommentAction\",\"name\":\"Comment\",\"target\":[\"https:\/\/www.delexodo.com.ar\/?p=4163#respond\"]}]},{\"@type\":\"WebPage\",\"@id\":\"https:\/\/www.delexodo.com.ar\/?p=4163\",\"url\":\"https:\/\/www.delexodo.com.ar\/?p=4163\",\"name\":\"EL COMISARIO INSP. OERTLIN SER\u00c1 EL PR\u00d3XIMO JEFE DEPARTAMENTAL DE POLIC\u00cdA - Del \u00c9xodo Nogoy\u00e1\",\"isPartOf\":{\"@id\":\"https:\/\/www.delexodo.com.ar\/#website\"},\"primaryImageOfPage\":{\"@id\":\"https:\/\/www.delexodo.com.ar\/?p=4163#primaryimage\"},\"image\":{\"@id\":\"https:\/\/www.delexodo.com.ar\/?p=4163#primaryimage\"},\"thumbnailUrl\":\"https:\/\/www.delexodo.com.ar\/wp-content\/uploads\/2019\/09\/20190913_183126.jpg\",\"datePublished\":\"2019-09-15T22:19:35+00:00\",\"dateModified\":\"2019-09-15T22:19:36+00:00\",\"breadcrumb\":{\"@id\":\"https:\/\/www.delexodo.com.ar\/?p=4163#breadcrumb\"},\"inLanguage\":\"es\",\"potentialAction\":[{\"@type\":\"ReadAction\",\"target\":[\"https:\/\/www.delexodo.com.ar\/?p=4163\"]}]},{\"@type\":\"ImageObject\",\"inLanguage\":\"es\",\"@id\":\"https:\/\/www.delexodo.com.ar\/?p=4163#primaryimage\",\"url\":\"https:\/\/www.delexodo.com.ar\/wp-content\/uploads\/2019\/09\/20190913_183126.jpg\",\"contentUrl\":\"https:\/\/www.delexodo.com.ar\/wp-content\/uploads\/2019\/09\/20190913_183126.jpg\",\"width\":4160,\"height\":3120},{\"@type\":\"BreadcrumbList\",\"@id\":\"https:\/\/www.delexodo.com.ar\/?p=4163#breadcrumb\",\"itemListElement\":[{\"@type\":\"ListItem\",\"position\":1,\"name\":\"Portada\",\"item\":\"https:\/\/www.delexodo.com.ar\/\"},{\"@type\":\"ListItem\",\"position\":2,\"name\":\"EL COMISARIO INSP. OERTLIN SER\u00c1 EL PR\u00d3XIMO JEFE DEPARTAMENTAL DE POLIC\u00cdA\"}]},{\"@type\":\"WebSite\",\"@id\":\"https:\/\/www.delexodo.com.ar\/#website\",\"url\":\"https:\/\/www.delexodo.com.ar\/\",\"name\":\"Del \u00c9xodo Nogoy\u00e1\",\"description\":\"El Portal de Noticias de la Regi\u00f3n\",\"publisher\":{\"@id\":\"https:\/\/www.delexodo.com.ar\/#organization\"},\"potentialAction\":[{\"@type\":\"SearchAction\",\"target\":{\"@type\":\"EntryPoint\",\"urlTemplate\":\"https:\/\/www.delexodo.com.ar\/?s={search_term_string}\"},\"query-input\":{\"@type\":\"PropertyValueSpecification\",\"valueRequired\":true,\"valueName\":\"search_term_string\"}}],\"inLanguage\":\"es\"},{\"@type\":\"Organization\",\"@id\":\"https:\/\/www.delexodo.com.ar\/#organization\",\"name\":\"Del \u00c9xodo Nogoy\u00e1\",\"url\":\"https:\/\/www.delexodo.com.ar\/\",\"logo\":{\"@type\":\"ImageObject\",\"inLanguage\":\"es\",\"@id\":\"https:\/\/www.delexodo.com.ar\/#\/schema\/logo\/image\/\",\"url\":\"https:\/\/www.delexodo.com.ar\/wp-content\/uploads\/2024\/10\/cropped-cropped-LOGO24.png\",\"contentUrl\":\"https:\/\/www.delexodo.com.ar\/wp-content\/uploads\/2024\/10\/cropped-cropped-LOGO24.png\",\"width\":512,\"height\":349,\"caption\":\"Del \u00c9xodo Nogoy\u00e1\"},\"image\":{\"@id\":\"https:\/\/www.delexodo.com.ar\/#\/schema\/logo\/image\/\"}},{\"@type\":\"Person\",\"@id\":\"https:\/\/www.delexodo.com.ar\/#\/schema\/person\/bbed37f7da8e938660b34f2013ba449d\",\"name\":\"admin\",\"image\":{\"@type\":\"ImageObject\",\"inLanguage\":\"es\",\"@id\":\"https:\/\/www.delexodo.com.ar\/#\/schema\/person\/image\/\",\"url\":\"https:\/\/secure.gravatar.com\/avatar\/6b1558d1b6df085f1901bd5bd98523d7?s=96&d=mm&r=g\",\"contentUrl\":\"https:\/\/secure.gravatar.com\/avatar\/6b1558d1b6df085f1901bd5bd98523d7?s=96&d=mm&r=g\",\"caption\":\"admin\"},\"url\":\"https:\/\/www.delexodo.com.ar\/?author=1\"}]}<\/script>\n<!-- \/ Yoast SEO plugin. -->","yoast_head_json":{"title":"EL COMISARIO INSP. OERTLIN SER\u00c1 EL PR\u00d3XIMO JEFE DEPARTAMENTAL DE POLIC\u00cdA - Del \u00c9xodo Nogoy\u00e1","robots":{"index":"index","follow":"follow","max-snippet":"max-snippet:-1","max-image-preview":"max-image-preview:large","max-video-preview":"max-video-preview:-1"},"canonical":"https:\/\/www.delexodo.com.ar\/?p=4163","og_locale":"es_ES","og_type":"article","og_title":"EL COMISARIO INSP. OERTLIN SER\u00c1 EL PR\u00d3XIMO JEFE DEPARTAMENTAL DE POLIC\u00cdA - Del \u00c9xodo Nogoy\u00e1","og_description":"As\u00ed lo anunci\u00f3 el Comisario Gral. Gustavo Maslein en el acto oficial de entrega de una Pick Up 4&#215;4 en&hellip;","og_url":"https:\/\/www.delexodo.com.ar\/?p=4163","og_site_name":"Del \u00c9xodo Nogoy\u00e1","article_published_time":"2019-09-15T22:19:35+00:00","article_modified_time":"2019-09-15T22:19:36+00:00","og_image":[{"width":1024,"height":768,"url":"https:\/\/www.delexodo.com.ar\/wp-content\/uploads\/2019\/09\/20190913_183126-1024x768.jpg","type":"image\/jpeg"}],"author":"admin","twitter_card":"summary_large_image","twitter_misc":{"Escrito por":"admin","Tiempo de lectura":"1 minuto"},"schema":{"@context":"https:\/\/schema.org","@graph":[{"@type":"Article","@id":"https:\/\/www.delexodo.com.ar\/?p=4163#article","isPartOf":{"@id":"https:\/\/www.delexodo.com.ar\/?p=4163"},"author":{"name":"admin","@id":"https:\/\/www.delexodo.com.ar\/#\/schema\/person\/bbed37f7da8e938660b34f2013ba449d"},"headline":"EL COMISARIO INSP. OERTLIN SER\u00c1 EL PR\u00d3XIMO JEFE DEPARTAMENTAL DE POLIC\u00cdA","datePublished":"2019-09-15T22:19:35+00:00","dateModified":"2019-09-15T22:19:36+00:00","mainEntityOfPage":{"@id":"https:\/\/www.delexodo.com.ar\/?p=4163"},"wordCount":170,"commentCount":0,"publisher":{"@id":"https:\/\/www.delexodo.com.ar\/#organization"},"image":{"@id":"https:\/\/www.delexodo.com.ar\/?p=4163#primaryimage"},"thumbnailUrl":"https:\/\/www.delexodo.com.ar\/wp-content\/uploads\/2019\/09\/20190913_183126.jpg","articleSection":["Destacados","Nogoya","NOTICIAS"],"inLanguage":"es","potentialAction":[{"@type":"CommentAction","name":"Comment","target":["https:\/\/www.delexodo.com.ar\/?p=4163#respond"]}]},{"@type":"WebPage","@id":"https:\/\/www.delexodo.com.ar\/?p=4163","url":"https:\/\/www.delexodo.com.ar\/?p=4163","name":"EL COMISARIO INSP. OERTLIN SER\u00c1 EL PR\u00d3XIMO JEFE DEPARTAMENTAL DE POLIC\u00cdA - Del \u00c9xodo Nogoy\u00e1","isPartOf":{"@id":"https:\/\/www.delexodo.com.ar\/#website"},"primaryImageOfPage":{"@id":"https:\/\/www.delexodo.com.ar\/?p=4163#primaryimage"},"image":{"@id":"https:\/\/www.delexodo.com.ar\/?p=4163#primaryimage"},"thumbnailUrl":"https:\/\/www.delexodo.com.ar\/wp-content\/uploads\/2019\/09\/20190913_183126.jpg","datePublished":"2019-09-15T22:19:35+00:00","dateModified":"2019-09-15T22:19:36+00:00","breadcrumb":{"@id":"https:\/\/www.delexodo.com.ar\/?p=4163#breadcrumb"},"inLanguage":"es","potentialAction":[{"@type":"ReadAction","target":["https:\/\/www.delexodo.com.ar\/?p=4163"]}]},{"@type":"ImageObject","inLanguage":"es","@id":"https:\/\/www.delexodo.com.ar\/?p=4163#primaryimage","url":"https:\/\/www.delexodo.com.ar\/wp-content\/uploads\/2019\/09\/20190913_183126.jpg","contentUrl":"https:\/\/www.delexodo.com.ar\/wp-content\/uploads\/2019\/09\/20190913_183126.jpg","width":4160,"height":3120},{"@type":"BreadcrumbList","@id":"https:\/\/www.delexodo.com.ar\/?p=4163#breadcrumb","itemListElement":[{"@type":"ListItem","position":1,"name":"Portada","item":"https:\/\/www.delexodo.com.ar\/"},{"@type":"ListItem","position":2,"name":"EL COMISARIO INSP. OERTLIN SER\u00c1 EL PR\u00d3XIMO JEFE DEPARTAMENTAL DE POLIC\u00cdA"}]},{"@type":"WebSite","@id":"https:\/\/www.delexodo.com.ar\/#website","url":"https:\/\/www.delexodo.com.ar\/","name":"Del \u00c9xodo Nogoy\u00e1","description":"El Portal de Noticias de la Regi\u00f3n","publisher":{"@id":"https:\/\/www.delexodo.com.ar\/#organization"},"potentialAction":[{"@type":"SearchAction","target":{"@type":"EntryPoint","urlTemplate":"https:\/\/www.delexodo.com.ar\/?s={search_term_string}"},"query-input":{"@type":"PropertyValueSpecification","valueRequired":true,"valueName":"search_term_string"}}],"inLanguage":"es"},{"@type":"Organization","@id":"https:\/\/www.delexodo.com.ar\/#organization","name":"Del \u00c9xodo Nogoy\u00e1","url":"https:\/\/www.delexodo.com.ar\/","logo":{"@type":"ImageObject","inLanguage":"es","@id":"https:\/\/www.delexodo.com.ar\/#\/schema\/logo\/image\/","url":"https:\/\/www.delexodo.com.ar\/wp-content\/uploads\/2024\/10\/cropped-cropped-LOGO24.png","contentUrl":"https:\/\/www.delexodo.com.ar\/wp-content\/uploads\/2024\/10\/cropped-cropped-LOGO24.png","width":512,"height":349,"caption":"Del \u00c9xodo Nogoy\u00e1"},"image":{"@id":"https:\/\/www.delexodo.com.ar\/#\/schema\/logo\/image\/"}},{"@type":"Person","@id":"https:\/\/www.delexodo.com.ar\/#\/schema\/person\/bbed37f7da8e938660b34f2013ba449d","name":"admin","image":{"@type":"ImageObject","inLanguage":"es","@id":"https:\/\/www.delexodo.com.ar\/#\/schema\/person\/image\/","url":"https:\/\/secure.gravatar.com\/avatar\/6b1558d1b6df085f1901bd5bd98523d7?s=96&d=mm&r=g","contentUrl":"https:\/\/secure.gravatar.com\/avatar\/6b1558d1b6df085f1901bd5bd98523d7?s=96&d=mm&r=g","caption":"admin"},"url":"https:\/\/www.delexodo.com.ar\/?author=1"}]}},"_links":{"self":[{"href":"https:\/\/www.delexodo.com.ar\/index.php?rest_route=\/wp\/v2\/posts\/4163","targetHints":{"allow":["GET"]}}],"collection":[{"href":"https:\/\/www.delexodo.com.ar\/index.php?rest_route=\/wp\/v2\/posts"}],"about":[{"href":"https:\/\/www.delexodo.com.ar\/index.php?rest_route=\/wp\/v2\/types\/post"}],"author":[{"embeddable":true,"href":"https:\/\/www.delexodo.com.ar\/index.php?rest_route=\/wp\/v2\/users\/1"}],"replies":[{"embeddable":true,"href":"https:\/\/www.delexodo.com.ar\/index.php?rest_route=%2Fwp%2Fv2%2Fcomments&post=4163"}],"version-history":[{"count":0,"href":"https:\/\/www.delexodo.com.ar\/index.php?rest_route=\/wp\/v2\/posts\/4163\/revisions"}],"wp:featuredmedia":[{"embeddable":true,"href":"https:\/\/www.delexodo.com.ar\/index.php?rest_route=\/wp\/v2\/media\/4167"}],"wp:attachment":[{"href":"https:\/\/www.delexodo.com.ar\/index.php?rest_route=%2Fwp%2Fv2%2Fmedia&parent=4163"}],"wp:term":[{"taxonomy":"category","embeddable":true,"href":"https:\/\/www.delexodo.com.ar\/index.php?rest_route=%2Fwp%2Fv2%2Fcategories&post=4163"},{"taxonomy":"post_tag","embeddable":true,"href":"https:\/\/www.delexodo.com.ar\/index.php?rest_route=%2Fwp%2Fv2%2Ftags&post=4163"}],"curies":[{"name":"wp","href":"https:\/\/api.w.org\/{rel}","templated":true}]}}