{"id":4157,"date":"2019-09-15T18:14:20","date_gmt":"2019-09-15T21:14:20","guid":{"rendered":"http:\/\/www.delexodo.com.ar\/?p=4157"},"modified":"2019-09-15T18:14:21","modified_gmt":"2019-09-15T21:14:21","slug":"argentina-perdio-la-final-con-espana-y-alcanzo-el-subcampeonato-por-segunda-vez-en-la-historia-del-mundial-de-basquet","status":"publish","type":"post","link":"https:\/\/www.delexodo.com.ar\/?p=4157","title":{"rendered":"ARGENTINA PERDI\u00d3 LA FINAL CON ESPA\u00d1A Y ALCANZ\u00d3 EL SUBCAMPEONATO POR SEGUNDA VEZ EN LA HISTORIA DEL MUNDIAL DE B\u00c1SQUET"},"content":{"rendered":"\n<p>El equipo de Sergio Hern\u00e1ndez no pudo con el conjunto\neuropeo y termin\u00f3 en el segundo puesto de la Copa del Mundo. Con 24 puntos,\nGabriel Deck fue m\u00e1ximo anotador de la definici\u00f3n por el t\u00edtulo. Al igual que\nen el Mundial de Indian\u00e1polis 2002, la selecci\u00f3n logr\u00f3 el segundo puesto<\/p>\n\n\n\n<p>Por la final del Mundial de b\u00e1squet China 2019, Espa\u00f1a\ndomin\u00f3 el juego desde el comienzo y se qued\u00f3 con el segundo t\u00edtulo de su\nhistoria: super\u00f3 a Argentina por 95-75. Por su parte, el seleccionado termin\u00f3\nsubcampe\u00f3n del mundo al igual que en 2002.<\/p>\n\n\n\n<figure class=\"wp-block-image\"><img loading=\"lazy\" decoding=\"async\" width=\"750\" height=\"422\" src=\"http:\/\/www.delexodo.com.ar\/wp-content\/uploads\/2019\/09\/Espa\u00f1a-domin\u00f3-las-acciones-en-el-primer-tiempo-contra-el-equipo-de-Hern\u00e1ndez-AFP.png\" alt=\"\" class=\"wp-image-4159\" srcset=\"https:\/\/www.delexodo.com.ar\/wp-content\/uploads\/2019\/09\/Espa\u00f1a-domin\u00f3-las-acciones-en-el-primer-tiempo-contra-el-equipo-de-Hern\u00e1ndez-AFP.png 750w, https:\/\/www.delexodo.com.ar\/wp-content\/uploads\/2019\/09\/Espa\u00f1a-domin\u00f3-las-acciones-en-el-primer-tiempo-contra-el-equipo-de-Hern\u00e1ndez-AFP-300x169.png 300w\" sizes=\"auto, (max-width: 750px) 100vw, 750px\" \/><figcaption>Espa\u00f1a domin\u00f3 las acciones en el primer tiempo contra el equipo de Hern\u00e1ndez (AFP)<\/figcaption><\/figure>\n\n\n\n<p>Para comenzar el partido, Sergio Hern\u00e1ndez puso el quinteto\ninicial cl\u00e1sico del torneo: salieron a la cancha Campazzo, Brussino, Garino,\nScola y Del\u00eda.<\/p>\n\n\n\n<p>Espa\u00f1a tuvo un arranque furioso en el juego. En los primeros\n3.30 minutos logr\u00f3 un parcial de 12-2, con una presi\u00f3n clara en la marca a\nScola y aprovechando que Argentina entr\u00f3 desconectado del partido. Hasta que\napareci\u00f3 Brussino con 8 puntos consecutivos -dos triples- para poner en juego\nal seleccionado nacional con una racha de 11-2 a su favor.<\/p>\n\n\n\n<p>Fue importante el ingreso de Deck en en el ataque argentino\n-sum\u00f3 4 unidades- y Pau Ribas en Espa\u00f1a, que anot\u00f3 5 tantos. A pesar del\nintento de recuperaci\u00f3n, el conjunto ib\u00e9rico se qued\u00f3 con el primer cuarto por\n23-14.<\/p>\n\n\n\n<p>El inicio del segundo cuarto fue similar al del partido. El\nequipo de Scariolo est\u00e1 mejor en ambos costados de la cancha, pero la aparici\u00f3n\nde Laprovittola con 7 puntos consecutivos mantuvo en juego al equipo (21-33)\npromediando el parcial. Rudy Fern\u00e1ndez, importante en la ofensiva espa\u00f1ola, es\nel goleador con 8 puntos para los ib\u00e9ricos, que repartieron la anotaci\u00f3n en la\nparte inicial de la final del Mundial.<\/p>\n\n\n\n<p>Con una gran tarea de los hermanos Hernang\u00f3mez en defensa,\nel equipo de Hern\u00e1ndez cerr\u00f3 el primer tiempo con un 3-13 en triples. Argentina\nnunca pudo tener el control del ritmo del juego, algo que nunca hab\u00eda sucedido\nen toda la Copa del Mundo y por eso perdi\u00f3 la primera mitad por 43-31.<\/p>\n\n\n\n<p>El inicio de la segunda mitad tuvo a dos protagonista en el\nequipo espa\u00f1ol: de la mano de Rubio y Marc Gasol, decisivo en el juego interior\ncomo pasador de la pelota para los tiradores, los europeos sacaron la m\u00e1xima a\nlos 3.30 del tercer cuarto (60-39). Argentina tard\u00f3 medio cuarto para anotar\nsus primeros tiros de campo. Dos bombazos de Deck y Campazzo le dieron un poco\nde aire al equipo argentino, que no pudo entrar en juego.<\/p>\n\n\n\n<p>Los primeros puntos de Scola llegaron reci\u00e9n a los 3 minutos\npara el final del tercer cuarto. Y fueron todos desde la l\u00ednea de libres para\nsumar 6 puntos en un per\u00edodo que sigui\u00f3 siendo dominado en lo estrat\u00e9gico por\nlos espa\u00f1oles, que cerraron el parcial al frente 66-47.<\/p>\n\n\n\n<figure class=\"wp-block-image\"><img loading=\"lazy\" decoding=\"async\" width=\"750\" height=\"422\" src=\"http:\/\/www.delexodo.com.ar\/wp-content\/uploads\/2019\/09\/Luis-Scola-el-capit\u00e1n-de-la-Selecci\u00f3n-Reuters.png\" alt=\"\" class=\"wp-image-4160\" srcset=\"https:\/\/www.delexodo.com.ar\/wp-content\/uploads\/2019\/09\/Luis-Scola-el-capit\u00e1n-de-la-Selecci\u00f3n-Reuters.png 750w, https:\/\/www.delexodo.com.ar\/wp-content\/uploads\/2019\/09\/Luis-Scola-el-capit\u00e1n-de-la-Selecci\u00f3n-Reuters-300x169.png 300w\" sizes=\"auto, (max-width: 750px) 100vw, 750px\" \/><figcaption>Luis Scola, el capit\u00e1n de la Selecci\u00f3n (Reuters)<\/figcaption><\/figure>\n\n\n\n<p>En el arranque del \u00faltimo cuarto se vio la mejor cara del\nequipo argentino. Triple de Laprovittola y doble de Deck, m\u00e1s libres del n\u00famero\n7 para meter una racha de 7-0 que puso en juego a la Selecci\u00f3n. Pero Espa\u00f1a\nreaccion\u00f3 r\u00e1pido con Juancho Hernang\u00f3mez y la conducci\u00f3n en versi\u00f3n anotadora\nde Ricky Rubio, una de las figuras del juego con 20 puntos y elegido el Jugador\nM\u00e1s Valioso del torneo.<\/p>\n\n\n\n<p>Los minutos finales quedaron para que Oveja Hern\u00e1ndez haga\ningresar a Lucio Redivo -el jugador del plantel argentino con menos minutos en\nel torneo- y a C\u00e1ffaro. Espa\u00f1a gan\u00f3 la final por 95-75 y se qued\u00f3 con el\nsegundo t\u00edtulo mundial de su historia. Por su parte, Argentina logr\u00f3 un\nresultado que, en la previa, era impensado. Este grupo, con siete debutantes en\nuna Copa del Mundo, logr\u00f3 subirse al segundo lugar del podio. Un logro enorme\npara una generaci\u00f3n joven, conducida por el hist\u00f3rico Luis Scola.<\/p>\n\n\n\n<p>Fuente: Infobae<\/p>\n","protected":false},"excerpt":{"rendered":"<p>El equipo de Sergio Hern\u00e1ndez no pudo con el conjunto europeo y termin\u00f3 en el segundo puesto de la Copa&hellip;<\/p>\n","protected":false},"author":1,"featured_media":4158,"comment_status":"open","ping_status":"open","sticky":false,"template":"","format":"standard","meta":{"_joinchat":[],"footnotes":""},"categories":[353,65,69],"tags":[],"class_list":["post-4157","post","type-post","status-publish","format-standard","has-post-thumbnail","hentry","category-deportes","category-destacados","category-noticias"],"yoast_head":"<!-- This site is optimized with the Yoast SEO plugin v25.1 - https:\/\/yoast.com\/wordpress\/plugins\/seo\/ -->\n<title>ARGENTINA PERDI\u00d3 LA FINAL CON ESPA\u00d1A Y ALCANZ\u00d3 EL SUBCAMPEONATO POR SEGUNDA VEZ EN LA HISTORIA DEL MUNDIAL DE B\u00c1SQUET - Del \u00c9xodo Nogoy\u00e1<\/title>\n<meta name=\"robots\" content=\"index, follow, max-snippet:-1, max-image-preview:large, max-video-preview:-1\" \/>\n<link rel=\"canonical\" href=\"https:\/\/www.delexodo.com.ar\/?p=4157\" \/>\n<meta property=\"og:locale\" content=\"es_ES\" \/>\n<meta property=\"og:type\" content=\"article\" \/>\n<meta property=\"og:title\" content=\"ARGENTINA PERDI\u00d3 LA FINAL CON ESPA\u00d1A Y ALCANZ\u00d3 EL SUBCAMPEONATO POR SEGUNDA VEZ EN LA HISTORIA DEL MUNDIAL DE B\u00c1SQUET - Del \u00c9xodo Nogoy\u00e1\" \/>\n<meta property=\"og:description\" content=\"El equipo de Sergio Hern\u00e1ndez no pudo con el conjunto europeo y termin\u00f3 en el segundo puesto de la Copa&hellip;\" \/>\n<meta property=\"og:url\" content=\"https:\/\/www.delexodo.com.ar\/?p=4157\" \/>\n<meta property=\"og:site_name\" content=\"Del \u00c9xodo Nogoy\u00e1\" \/>\n<meta property=\"article:published_time\" content=\"2019-09-15T21:14:20+00:00\" \/>\n<meta property=\"article:modified_time\" content=\"2019-09-15T21:14:21+00:00\" \/>\n<meta property=\"og:image\" content=\"https:\/\/www.delexodo.com.ar\/wp-content\/uploads\/2019\/09\/El-dolor-de-Laprovittola-y-Campazzo-tras-la-ilusi\u00f3n-trunca-Foto_EFE.png\" \/>\n\t<meta property=\"og:image:width\" content=\"750\" \/>\n\t<meta property=\"og:image:height\" content=\"422\" \/>\n\t<meta property=\"og:image:type\" content=\"image\/png\" \/>\n<meta name=\"author\" content=\"admin\" \/>\n<meta name=\"twitter:card\" content=\"summary_large_image\" \/>\n<meta name=\"twitter:label1\" content=\"Escrito por\" \/>\n\t<meta name=\"twitter:data1\" content=\"admin\" \/>\n\t<meta name=\"twitter:label2\" content=\"Tiempo de lectura\" \/>\n\t<meta name=\"twitter:data2\" content=\"3 minutos\" \/>\n<script type=\"application\/ld+json\" class=\"yoast-schema-graph\">{\"@context\":\"https:\/\/schema.org\",\"@graph\":[{\"@type\":\"Article\",\"@id\":\"https:\/\/www.delexodo.com.ar\/?p=4157#article\",\"isPartOf\":{\"@id\":\"https:\/\/www.delexodo.com.ar\/?p=4157\"},\"author\":{\"name\":\"admin\",\"@id\":\"https:\/\/www.delexodo.com.ar\/#\/schema\/person\/bbed37f7da8e938660b34f2013ba449d\"},\"headline\":\"ARGENTINA PERDI\u00d3 LA FINAL CON ESPA\u00d1A Y ALCANZ\u00d3 EL SUBCAMPEONATO POR SEGUNDA VEZ EN LA HISTORIA DEL MUNDIAL DE B\u00c1SQUET\",\"datePublished\":\"2019-09-15T21:14:20+00:00\",\"dateModified\":\"2019-09-15T21:14:21+00:00\",\"mainEntityOfPage\":{\"@id\":\"https:\/\/www.delexodo.com.ar\/?p=4157\"},\"wordCount\":711,\"commentCount\":0,\"publisher\":{\"@id\":\"https:\/\/www.delexodo.com.ar\/#organization\"},\"image\":{\"@id\":\"https:\/\/www.delexodo.com.ar\/?p=4157#primaryimage\"},\"thumbnailUrl\":\"https:\/\/www.delexodo.com.ar\/wp-content\/uploads\/2019\/09\/El-dolor-de-Laprovittola-y-Campazzo-tras-la-ilusi\u00f3n-trunca-Foto_EFE.png\",\"articleSection\":[\"Deportes\",\"Destacados\",\"NOTICIAS\"],\"inLanguage\":\"es\",\"potentialAction\":[{\"@type\":\"CommentAction\",\"name\":\"Comment\",\"target\":[\"https:\/\/www.delexodo.com.ar\/?p=4157#respond\"]}]},{\"@type\":\"WebPage\",\"@id\":\"https:\/\/www.delexodo.com.ar\/?p=4157\",\"url\":\"https:\/\/www.delexodo.com.ar\/?p=4157\",\"name\":\"ARGENTINA PERDI\u00d3 LA FINAL CON ESPA\u00d1A Y ALCANZ\u00d3 EL SUBCAMPEONATO POR SEGUNDA VEZ EN LA HISTORIA DEL MUNDIAL DE B\u00c1SQUET - Del \u00c9xodo Nogoy\u00e1\",\"isPartOf\":{\"@id\":\"https:\/\/www.delexodo.com.ar\/#website\"},\"primaryImageOfPage\":{\"@id\":\"https:\/\/www.delexodo.com.ar\/?p=4157#primaryimage\"},\"image\":{\"@id\":\"https:\/\/www.delexodo.com.ar\/?p=4157#primaryimage\"},\"thumbnailUrl\":\"https:\/\/www.delexodo.com.ar\/wp-content\/uploads\/2019\/09\/El-dolor-de-Laprovittola-y-Campazzo-tras-la-ilusi\u00f3n-trunca-Foto_EFE.png\",\"datePublished\":\"2019-09-15T21:14:20+00:00\",\"dateModified\":\"2019-09-15T21:14:21+00:00\",\"breadcrumb\":{\"@id\":\"https:\/\/www.delexodo.com.ar\/?p=4157#breadcrumb\"},\"inLanguage\":\"es\",\"potentialAction\":[{\"@type\":\"ReadAction\",\"target\":[\"https:\/\/www.delexodo.com.ar\/?p=4157\"]}]},{\"@type\":\"ImageObject\",\"inLanguage\":\"es\",\"@id\":\"https:\/\/www.delexodo.com.ar\/?p=4157#primaryimage\",\"url\":\"https:\/\/www.delexodo.com.ar\/wp-content\/uploads\/2019\/09\/El-dolor-de-Laprovittola-y-Campazzo-tras-la-ilusi\u00f3n-trunca-Foto_EFE.png\",\"contentUrl\":\"https:\/\/www.delexodo.com.ar\/wp-content\/uploads\/2019\/09\/El-dolor-de-Laprovittola-y-Campazzo-tras-la-ilusi\u00f3n-trunca-Foto_EFE.png\",\"width\":750,\"height\":422,\"caption\":\"El dolor de Laprovittola y Campazzo, tras la ilusi\u00f3n trunca Foto (EFE)\"},{\"@type\":\"BreadcrumbList\",\"@id\":\"https:\/\/www.delexodo.com.ar\/?p=4157#breadcrumb\",\"itemListElement\":[{\"@type\":\"ListItem\",\"position\":1,\"name\":\"Portada\",\"item\":\"https:\/\/www.delexodo.com.ar\/\"},{\"@type\":\"ListItem\",\"position\":2,\"name\":\"ARGENTINA PERDI\u00d3 LA FINAL CON ESPA\u00d1A Y ALCANZ\u00d3 EL SUBCAMPEONATO POR SEGUNDA VEZ EN LA HISTORIA DEL MUNDIAL DE B\u00c1SQUET\"}]},{\"@type\":\"WebSite\",\"@id\":\"https:\/\/www.delexodo.com.ar\/#website\",\"url\":\"https:\/\/www.delexodo.com.ar\/\",\"name\":\"Del \u00c9xodo Nogoy\u00e1\",\"description\":\"El Portal de Noticias de la Regi\u00f3n\",\"publisher\":{\"@id\":\"https:\/\/www.delexodo.com.ar\/#organization\"},\"potentialAction\":[{\"@type\":\"SearchAction\",\"target\":{\"@type\":\"EntryPoint\",\"urlTemplate\":\"https:\/\/www.delexodo.com.ar\/?s={search_term_string}\"},\"query-input\":{\"@type\":\"PropertyValueSpecification\",\"valueRequired\":true,\"valueName\":\"search_term_string\"}}],\"inLanguage\":\"es\"},{\"@type\":\"Organization\",\"@id\":\"https:\/\/www.delexodo.com.ar\/#organization\",\"name\":\"Del \u00c9xodo Nogoy\u00e1\",\"url\":\"https:\/\/www.delexodo.com.ar\/\",\"logo\":{\"@type\":\"ImageObject\",\"inLanguage\":\"es\",\"@id\":\"https:\/\/www.delexodo.com.ar\/#\/schema\/logo\/image\/\",\"url\":\"https:\/\/www.delexodo.com.ar\/wp-content\/uploads\/2024\/10\/cropped-cropped-LOGO24.png\",\"contentUrl\":\"https:\/\/www.delexodo.com.ar\/wp-content\/uploads\/2024\/10\/cropped-cropped-LOGO24.png\",\"width\":512,\"height\":349,\"caption\":\"Del \u00c9xodo Nogoy\u00e1\"},\"image\":{\"@id\":\"https:\/\/www.delexodo.com.ar\/#\/schema\/logo\/image\/\"}},{\"@type\":\"Person\",\"@id\":\"https:\/\/www.delexodo.com.ar\/#\/schema\/person\/bbed37f7da8e938660b34f2013ba449d\",\"name\":\"admin\",\"image\":{\"@type\":\"ImageObject\",\"inLanguage\":\"es\",\"@id\":\"https:\/\/www.delexodo.com.ar\/#\/schema\/person\/image\/\",\"url\":\"https:\/\/secure.gravatar.com\/avatar\/6b1558d1b6df085f1901bd5bd98523d7?s=96&d=mm&r=g\",\"contentUrl\":\"https:\/\/secure.gravatar.com\/avatar\/6b1558d1b6df085f1901bd5bd98523d7?s=96&d=mm&r=g\",\"caption\":\"admin\"},\"url\":\"https:\/\/www.delexodo.com.ar\/?author=1\"}]}<\/script>\n<!-- \/ Yoast SEO plugin. -->","yoast_head_json":{"title":"ARGENTINA PERDI\u00d3 LA FINAL CON ESPA\u00d1A Y ALCANZ\u00d3 EL SUBCAMPEONATO POR SEGUNDA VEZ EN LA HISTORIA DEL MUNDIAL DE B\u00c1SQUET - Del \u00c9xodo Nogoy\u00e1","robots":{"index":"index","follow":"follow","max-snippet":"max-snippet:-1","max-image-preview":"max-image-preview:large","max-video-preview":"max-video-preview:-1"},"canonical":"https:\/\/www.delexodo.com.ar\/?p=4157","og_locale":"es_ES","og_type":"article","og_title":"ARGENTINA PERDI\u00d3 LA FINAL CON ESPA\u00d1A Y ALCANZ\u00d3 EL SUBCAMPEONATO POR SEGUNDA VEZ EN LA HISTORIA DEL MUNDIAL DE B\u00c1SQUET - Del \u00c9xodo Nogoy\u00e1","og_description":"El equipo de Sergio Hern\u00e1ndez no pudo con el conjunto europeo y termin\u00f3 en el segundo puesto de la Copa&hellip;","og_url":"https:\/\/www.delexodo.com.ar\/?p=4157","og_site_name":"Del \u00c9xodo Nogoy\u00e1","article_published_time":"2019-09-15T21:14:20+00:00","article_modified_time":"2019-09-15T21:14:21+00:00","og_image":[{"width":750,"height":422,"url":"https:\/\/www.delexodo.com.ar\/wp-content\/uploads\/2019\/09\/El-dolor-de-Laprovittola-y-Campazzo-tras-la-ilusi\u00f3n-trunca-Foto_EFE.png","type":"image\/png"}],"author":"admin","twitter_card":"summary_large_image","twitter_misc":{"Escrito por":"admin","Tiempo de lectura":"3 minutos"},"schema":{"@context":"https:\/\/schema.org","@graph":[{"@type":"Article","@id":"https:\/\/www.delexodo.com.ar\/?p=4157#article","isPartOf":{"@id":"https:\/\/www.delexodo.com.ar\/?p=4157"},"author":{"name":"admin","@id":"https:\/\/www.delexodo.com.ar\/#\/schema\/person\/bbed37f7da8e938660b34f2013ba449d"},"headline":"ARGENTINA PERDI\u00d3 LA FINAL CON ESPA\u00d1A Y ALCANZ\u00d3 EL SUBCAMPEONATO POR SEGUNDA VEZ EN LA HISTORIA DEL MUNDIAL DE B\u00c1SQUET","datePublished":"2019-09-15T21:14:20+00:00","dateModified":"2019-09-15T21:14:21+00:00","mainEntityOfPage":{"@id":"https:\/\/www.delexodo.com.ar\/?p=4157"},"wordCount":711,"commentCount":0,"publisher":{"@id":"https:\/\/www.delexodo.com.ar\/#organization"},"image":{"@id":"https:\/\/www.delexodo.com.ar\/?p=4157#primaryimage"},"thumbnailUrl":"https:\/\/www.delexodo.com.ar\/wp-content\/uploads\/2019\/09\/El-dolor-de-Laprovittola-y-Campazzo-tras-la-ilusi\u00f3n-trunca-Foto_EFE.png","articleSection":["Deportes","Destacados","NOTICIAS"],"inLanguage":"es","potentialAction":[{"@type":"CommentAction","name":"Comment","target":["https:\/\/www.delexodo.com.ar\/?p=4157#respond"]}]},{"@type":"WebPage","@id":"https:\/\/www.delexodo.com.ar\/?p=4157","url":"https:\/\/www.delexodo.com.ar\/?p=4157","name":"ARGENTINA PERDI\u00d3 LA FINAL CON ESPA\u00d1A Y ALCANZ\u00d3 EL SUBCAMPEONATO POR SEGUNDA VEZ EN LA HISTORIA DEL MUNDIAL DE B\u00c1SQUET - Del \u00c9xodo Nogoy\u00e1","isPartOf":{"@id":"https:\/\/www.delexodo.com.ar\/#website"},"primaryImageOfPage":{"@id":"https:\/\/www.delexodo.com.ar\/?p=4157#primaryimage"},"image":{"@id":"https:\/\/www.delexodo.com.ar\/?p=4157#primaryimage"},"thumbnailUrl":"https:\/\/www.delexodo.com.ar\/wp-content\/uploads\/2019\/09\/El-dolor-de-Laprovittola-y-Campazzo-tras-la-ilusi\u00f3n-trunca-Foto_EFE.png","datePublished":"2019-09-15T21:14:20+00:00","dateModified":"2019-09-15T21:14:21+00:00","breadcrumb":{"@id":"https:\/\/www.delexodo.com.ar\/?p=4157#breadcrumb"},"inLanguage":"es","potentialAction":[{"@type":"ReadAction","target":["https:\/\/www.delexodo.com.ar\/?p=4157"]}]},{"@type":"ImageObject","inLanguage":"es","@id":"https:\/\/www.delexodo.com.ar\/?p=4157#primaryimage","url":"https:\/\/www.delexodo.com.ar\/wp-content\/uploads\/2019\/09\/El-dolor-de-Laprovittola-y-Campazzo-tras-la-ilusi\u00f3n-trunca-Foto_EFE.png","contentUrl":"https:\/\/www.delexodo.com.ar\/wp-content\/uploads\/2019\/09\/El-dolor-de-Laprovittola-y-Campazzo-tras-la-ilusi\u00f3n-trunca-Foto_EFE.png","width":750,"height":422,"caption":"El dolor de Laprovittola y Campazzo, tras la ilusi\u00f3n trunca Foto (EFE)"},{"@type":"BreadcrumbList","@id":"https:\/\/www.delexodo.com.ar\/?p=4157#breadcrumb","itemListElement":[{"@type":"ListItem","position":1,"name":"Portada","item":"https:\/\/www.delexodo.com.ar\/"},{"@type":"ListItem","position":2,"name":"ARGENTINA PERDI\u00d3 LA FINAL CON ESPA\u00d1A Y ALCANZ\u00d3 EL SUBCAMPEONATO POR SEGUNDA VEZ EN LA HISTORIA DEL MUNDIAL DE B\u00c1SQUET"}]},{"@type":"WebSite","@id":"https:\/\/www.delexodo.com.ar\/#website","url":"https:\/\/www.delexodo.com.ar\/","name":"Del \u00c9xodo Nogoy\u00e1","description":"El Portal de Noticias de la Regi\u00f3n","publisher":{"@id":"https:\/\/www.delexodo.com.ar\/#organization"},"potentialAction":[{"@type":"SearchAction","target":{"@type":"EntryPoint","urlTemplate":"https:\/\/www.delexodo.com.ar\/?s={search_term_string}"},"query-input":{"@type":"PropertyValueSpecification","valueRequired":true,"valueName":"search_term_string"}}],"inLanguage":"es"},{"@type":"Organization","@id":"https:\/\/www.delexodo.com.ar\/#organization","name":"Del \u00c9xodo Nogoy\u00e1","url":"https:\/\/www.delexodo.com.ar\/","logo":{"@type":"ImageObject","inLanguage":"es","@id":"https:\/\/www.delexodo.com.ar\/#\/schema\/logo\/image\/","url":"https:\/\/www.delexodo.com.ar\/wp-content\/uploads\/2024\/10\/cropped-cropped-LOGO24.png","contentUrl":"https:\/\/www.delexodo.com.ar\/wp-content\/uploads\/2024\/10\/cropped-cropped-LOGO24.png","width":512,"height":349,"caption":"Del \u00c9xodo Nogoy\u00e1"},"image":{"@id":"https:\/\/www.delexodo.com.ar\/#\/schema\/logo\/image\/"}},{"@type":"Person","@id":"https:\/\/www.delexodo.com.ar\/#\/schema\/person\/bbed37f7da8e938660b34f2013ba449d","name":"admin","image":{"@type":"ImageObject","inLanguage":"es","@id":"https:\/\/www.delexodo.com.ar\/#\/schema\/person\/image\/","url":"https:\/\/secure.gravatar.com\/avatar\/6b1558d1b6df085f1901bd5bd98523d7?s=96&d=mm&r=g","contentUrl":"https:\/\/secure.gravatar.com\/avatar\/6b1558d1b6df085f1901bd5bd98523d7?s=96&d=mm&r=g","caption":"admin"},"url":"https:\/\/www.delexodo.com.ar\/?author=1"}]}},"_links":{"self":[{"href":"https:\/\/www.delexodo.com.ar\/index.php?rest_route=\/wp\/v2\/posts\/4157","targetHints":{"allow":["GET"]}}],"collection":[{"href":"https:\/\/www.delexodo.com.ar\/index.php?rest_route=\/wp\/v2\/posts"}],"about":[{"href":"https:\/\/www.delexodo.com.ar\/index.php?rest_route=\/wp\/v2\/types\/post"}],"author":[{"embeddable":true,"href":"https:\/\/www.delexodo.com.ar\/index.php?rest_route=\/wp\/v2\/users\/1"}],"replies":[{"embeddable":true,"href":"https:\/\/www.delexodo.com.ar\/index.php?rest_route=%2Fwp%2Fv2%2Fcomments&post=4157"}],"version-history":[{"count":0,"href":"https:\/\/www.delexodo.com.ar\/index.php?rest_route=\/wp\/v2\/posts\/4157\/revisions"}],"wp:featuredmedia":[{"embeddable":true,"href":"https:\/\/www.delexodo.com.ar\/index.php?rest_route=\/wp\/v2\/media\/4158"}],"wp:attachment":[{"href":"https:\/\/www.delexodo.com.ar\/index.php?rest_route=%2Fwp%2Fv2%2Fmedia&parent=4157"}],"wp:term":[{"taxonomy":"category","embeddable":true,"href":"https:\/\/www.delexodo.com.ar\/index.php?rest_route=%2Fwp%2Fv2%2Fcategories&post=4157"},{"taxonomy":"post_tag","embeddable":true,"href":"https:\/\/www.delexodo.com.ar\/index.php?rest_route=%2Fwp%2Fv2%2Ftags&post=4157"}],"curies":[{"name":"wp","href":"https:\/\/api.w.org\/{rel}","templated":true}]}}