{"id":4116,"date":"2019-09-11T22:42:23","date_gmt":"2019-09-12T01:42:23","guid":{"rendered":"http:\/\/www.delexodo.com.ar\/?p=4116"},"modified":"2019-09-11T22:42:24","modified_gmt":"2019-09-12T01:42:24","slug":"la-emergencia-alimentaria-acordada-entre-el-gobierno-y-la-oposicion-costara-al-menos-8-000-millones","status":"publish","type":"post","link":"https:\/\/www.delexodo.com.ar\/?p=4116","title":{"rendered":"LA EMERGENCIA ALIMENTARIA ACORDADA ENTRE EL GOBIERNO Y LA OPOSICI\u00d3N COSTAR\u00c1 AL MENOS $8.000 MILLONES"},"content":{"rendered":"\n<p>La C\u00e1mara de Diputados tratar\u00e1 ma\u00f1ana la iniciativa\npresentada por los bloques opositores en una sesi\u00f3n especial que se extender\u00eda\ndurante toda la tarde<\/p>\n\n\n\n<p>En un intento por poner fin a un arduo debate que podr\u00eda\ngenerar mayores complicaciones en la campa\u00f1a electoral, el Gobierno y la\noposici\u00f3n acordaron aprobar ma\u00f1ana, en una sesi\u00f3n \u00abcorta y sin\nagresiones\u00bb, el proyecto de ley de los bloques de diputados opositores que\ncontempla un aumento del 50% de los programas de ayuda social en el contexto de\nla emergencia alimentaria y que en la pr\u00e1ctica implicar\u00eda la inyecci\u00f3n de\nfondos de entre $8.000 y $10.000 millones.<\/p>\n\n\n\n<p>Despu\u00e9s de una reuni\u00f3n reservada entre el presidente de la\nC\u00e1mara de Diputados Emilio Monz\u00f3, el titular del Interbloque de Cambiemos Mario\nNegri y el jefe de la bancada del Frente para la Victoria Agust\u00edn Rossi, el\noficialismo y la oposic\u00f3n acordaron que ma\u00f1ana habr\u00e1 una sesi\u00f3n especial para\naprobar el proyecto de emergencia alimentaria sin crear nuevos gastos para el\nEstado. En cambio, la medida se encuadrar\u00e1 en una reasignaci\u00f3n de partidas.<\/p>\n\n\n\n<p>Se tratar\u00e1 as\u00ed de un proyecto que contempla el aumento del\n50% del monto destinado a los planes sociales alimentarios. Es decir, se\ncontabilizaron de esta manera los $12.000 millones que originalmente estaban en\nel presupuesto 2019 para planes alimentarios m\u00e1s los $6.000 millones que se\ninyectaron tras la devaluaci\u00f3n que hubo despu\u00e9s de las PASO. Esto suma unos\n$18.000 millones, con lo cual el aumento del 50% ser\u00eda de entre $8.000 y\n$10.000 millones.<\/p>\n\n\n\n<p>\u00abHay un acuerdo de caballeros para evitar que haya\nincertidumbre y que se generen mecanismos de ayuda social inmediatos\u00bb,\nexplic\u00f3 a Infobae un funcionario del Gobierno que estuvo siguiendo de cerca la\nreuni\u00f3n reservada entre Rossi, Negri y Monz\u00f3. Tanto el jefe de Gabinete Marcos\nPe\u00f1a como el ministro de Hacienda Hern\u00e1n Lacunza fueron informados de manera\npermanente por Negri y Monz\u00f3 sobre las negociaciones parlamentarias con el\nperonismo.<\/p>\n\n\n\n<p>En el breve informe de la Oficina de Presupuesto del\nCongreso al que tuvo acceso Infobae sobre el impacto del proyecto de ley de\nemergencia alimentaria se detall\u00f3: \u00abEn cuanto a la forma en que se\natender\u00e1 el financiamiento de la medida si bien en el el art\u00edculo 4 no queda\nespecificado de acuerdo con la lectura del art\u00edculo 6 se faculta al Poder Ejecutivo\nNacional las decisiones administrativas conducentes a un abordaje efectivo de\nla emergencia alimentaria y nutricional estableciendo como l\u00edmite que las\nreestructuraciones presupuestarias no podr\u00e1n realizarse con la reducci\u00f3n de los\ncr\u00e9ditos correspondientes a la finalidad servicios sociales\u00bb.<\/p>\n\n\n\n<p>En el informe de la Oficina de Presupuesto del Congreso se\nobserva que si el incremento se calcula sobre los cr\u00e9ditos vigentes al 31 de\nagosto de los programas alimentarios, el costo del aumento ascender\u00eda a unos $10.489\nmillones. Pero si el incremento se calcula sobre los saldos de cr\u00e9ditos no\nejecutados al 31 de agosto, el costo ascender\u00eda a unos $4.061 millones. No est\u00e1\nclaro a\u00fan qu\u00e9 monto se tomar\u00e1, pero de las charlas que Rossi mantuvo con Negri\ny Monz\u00f3 se desliz\u00f3 que podr\u00eda darse un aumento de entre $8.000 y $10.000\nmillones.<\/p>\n\n\n\n<p>No osbtante, qued\u00f3 claro que no habr\u00e1 nuevos gastos sino\nreasignaci\u00f3n de partidas que deber\u00e1n definir el jefe de Gabinete y Lacunza.\nEsta decisi\u00f3n prev\u00e9 tambi\u00e9n dar una se\u00f1al de austeridad hacia afuera tendiendo\nen cuenta que el FMI reclama que no haya un aumento del gasto p\u00fablico para\ndesembolsar los USD 5.400 millones que a\u00fan restan del cr\u00e9dito lanzado el a\u00f1o\npasado.<\/p>\n\n\n\n<p>A la vez, entre la oposici\u00f3n y el oficialismo prim\u00f3 la\ncautela en medio de la campa\u00f1a. \u00abNo podemos poner en tensi\u00f3n a la sociedad\npor una disputa electoral entre pol\u00edticos\u00bb, dijo a Infobae un destacado\ndiputado de Cambiemos al entender el riesgo que implica generar un show\nmedi\u00e1tico en estos momentos con un tema tan sensible como es el de la\nemergencia alimentaria.<\/p>\n\n\n\n<p>Si bien el tema ya se acord\u00f3 entre el Gobierno, los jefes de\nla C\u00e1mara baja y la oposici\u00f3n, esta tarde se iba a someter el tema a un debate\nen el interbloque de Cambiemos. Pero est\u00e1 claro que imperaba la orden del\npresidente Mauricio Macri de \u00abestar disponibles\u00bb para ampliar la\nemergencia alimentaria.<\/p>\n\n\n\n<pre class=\"wp-block-preformatted\"><iframe loading=\"lazy\" src=\"https:\/\/drive.google.com\/file\/d\/1QOnFhkU9dnREX2-Cdn8_d__73cHCQ_T0\/preview\" width=\"640\" height=\"480\"><\/iframe><\/pre>\n\n\n\n<p>Fuente: Infobae<\/p>\n","protected":false},"excerpt":{"rendered":"<p>La C\u00e1mara de Diputados tratar\u00e1 ma\u00f1ana la iniciativa presentada por los bloques opositores en una sesi\u00f3n especial que se extender\u00eda&hellip;<\/p>\n","protected":false},"author":1,"featured_media":4118,"comment_status":"open","ping_status":"open","sticky":false,"template":"","format":"standard","meta":{"_joinchat":[],"footnotes":""},"categories":[65,69,349],"tags":[],"class_list":["post-4116","post","type-post","status-publish","format-standard","has-post-thumbnail","hentry","category-destacados","category-noticias","category-politica"],"yoast_head":"<!-- This site is optimized with the Yoast SEO plugin v25.1 - https:\/\/yoast.com\/wordpress\/plugins\/seo\/ -->\n<title>LA EMERGENCIA ALIMENTARIA ACORDADA ENTRE EL GOBIERNO Y LA OPOSICI\u00d3N COSTAR\u00c1 AL MENOS $8.000 MILLONES - Del \u00c9xodo Nogoy\u00e1<\/title>\n<meta name=\"robots\" content=\"index, follow, max-snippet:-1, max-image-preview:large, max-video-preview:-1\" \/>\n<link rel=\"canonical\" href=\"https:\/\/www.delexodo.com.ar\/?p=4116\" \/>\n<meta property=\"og:locale\" content=\"es_ES\" \/>\n<meta property=\"og:type\" content=\"article\" \/>\n<meta property=\"og:title\" content=\"LA EMERGENCIA ALIMENTARIA ACORDADA ENTRE EL GOBIERNO Y LA OPOSICI\u00d3N COSTAR\u00c1 AL MENOS $8.000 MILLONES - Del \u00c9xodo Nogoy\u00e1\" \/>\n<meta property=\"og:description\" content=\"La C\u00e1mara de Diputados tratar\u00e1 ma\u00f1ana la iniciativa presentada por los bloques opositores en una sesi\u00f3n especial que se extender\u00eda&hellip;\" \/>\n<meta property=\"og:url\" content=\"https:\/\/www.delexodo.com.ar\/?p=4116\" \/>\n<meta property=\"og:site_name\" content=\"Del \u00c9xodo Nogoy\u00e1\" \/>\n<meta property=\"article:published_time\" content=\"2019-09-12T01:42:23+00:00\" \/>\n<meta property=\"article:modified_time\" content=\"2019-09-12T01:42:24+00:00\" \/>\n<meta property=\"og:image\" content=\"https:\/\/www.delexodo.com.ar\/wp-content\/uploads\/2019\/09\/diputados.jpg\" \/>\n\t<meta property=\"og:image:width\" content=\"747\" \/>\n\t<meta property=\"og:image:height\" content=\"422\" \/>\n\t<meta property=\"og:image:type\" content=\"image\/jpeg\" \/>\n<meta name=\"author\" content=\"admin\" \/>\n<meta name=\"twitter:card\" content=\"summary_large_image\" \/>\n<meta name=\"twitter:label1\" content=\"Escrito por\" \/>\n\t<meta name=\"twitter:data1\" content=\"admin\" \/>\n\t<meta name=\"twitter:label2\" content=\"Tiempo de lectura\" \/>\n\t<meta name=\"twitter:data2\" content=\"4 minutos\" \/>\n<script type=\"application\/ld+json\" class=\"yoast-schema-graph\">{\"@context\":\"https:\/\/schema.org\",\"@graph\":[{\"@type\":\"Article\",\"@id\":\"https:\/\/www.delexodo.com.ar\/?p=4116#article\",\"isPartOf\":{\"@id\":\"https:\/\/www.delexodo.com.ar\/?p=4116\"},\"author\":{\"name\":\"admin\",\"@id\":\"https:\/\/www.delexodo.com.ar\/#\/schema\/person\/bbed37f7da8e938660b34f2013ba449d\"},\"headline\":\"LA EMERGENCIA ALIMENTARIA ACORDADA ENTRE EL GOBIERNO Y LA OPOSICI\u00d3N COSTAR\u00c1 AL MENOS $8.000 MILLONES\",\"datePublished\":\"2019-09-12T01:42:23+00:00\",\"dateModified\":\"2019-09-12T01:42:24+00:00\",\"mainEntityOfPage\":{\"@id\":\"https:\/\/www.delexodo.com.ar\/?p=4116\"},\"wordCount\":750,\"commentCount\":0,\"publisher\":{\"@id\":\"https:\/\/www.delexodo.com.ar\/#organization\"},\"image\":{\"@id\":\"https:\/\/www.delexodo.com.ar\/?p=4116#primaryimage\"},\"thumbnailUrl\":\"https:\/\/www.delexodo.com.ar\/wp-content\/uploads\/2019\/09\/diputados.jpg\",\"articleSection\":[\"Destacados\",\"NOTICIAS\",\"Politica\"],\"inLanguage\":\"es\",\"potentialAction\":[{\"@type\":\"CommentAction\",\"name\":\"Comment\",\"target\":[\"https:\/\/www.delexodo.com.ar\/?p=4116#respond\"]}]},{\"@type\":\"WebPage\",\"@id\":\"https:\/\/www.delexodo.com.ar\/?p=4116\",\"url\":\"https:\/\/www.delexodo.com.ar\/?p=4116\",\"name\":\"LA EMERGENCIA ALIMENTARIA ACORDADA ENTRE EL GOBIERNO Y LA OPOSICI\u00d3N COSTAR\u00c1 AL MENOS $8.000 MILLONES - Del \u00c9xodo Nogoy\u00e1\",\"isPartOf\":{\"@id\":\"https:\/\/www.delexodo.com.ar\/#website\"},\"primaryImageOfPage\":{\"@id\":\"https:\/\/www.delexodo.com.ar\/?p=4116#primaryimage\"},\"image\":{\"@id\":\"https:\/\/www.delexodo.com.ar\/?p=4116#primaryimage\"},\"thumbnailUrl\":\"https:\/\/www.delexodo.com.ar\/wp-content\/uploads\/2019\/09\/diputados.jpg\",\"datePublished\":\"2019-09-12T01:42:23+00:00\",\"dateModified\":\"2019-09-12T01:42:24+00:00\",\"breadcrumb\":{\"@id\":\"https:\/\/www.delexodo.com.ar\/?p=4116#breadcrumb\"},\"inLanguage\":\"es\",\"potentialAction\":[{\"@type\":\"ReadAction\",\"target\":[\"https:\/\/www.delexodo.com.ar\/?p=4116\"]}]},{\"@type\":\"ImageObject\",\"inLanguage\":\"es\",\"@id\":\"https:\/\/www.delexodo.com.ar\/?p=4116#primaryimage\",\"url\":\"https:\/\/www.delexodo.com.ar\/wp-content\/uploads\/2019\/09\/diputados.jpg\",\"contentUrl\":\"https:\/\/www.delexodo.com.ar\/wp-content\/uploads\/2019\/09\/diputados.jpg\",\"width\":747,\"height\":422},{\"@type\":\"BreadcrumbList\",\"@id\":\"https:\/\/www.delexodo.com.ar\/?p=4116#breadcrumb\",\"itemListElement\":[{\"@type\":\"ListItem\",\"position\":1,\"name\":\"Portada\",\"item\":\"https:\/\/www.delexodo.com.ar\/\"},{\"@type\":\"ListItem\",\"position\":2,\"name\":\"LA EMERGENCIA ALIMENTARIA ACORDADA ENTRE EL GOBIERNO Y LA OPOSICI\u00d3N COSTAR\u00c1 AL MENOS $8.000 MILLONES\"}]},{\"@type\":\"WebSite\",\"@id\":\"https:\/\/www.delexodo.com.ar\/#website\",\"url\":\"https:\/\/www.delexodo.com.ar\/\",\"name\":\"Del \u00c9xodo Nogoy\u00e1\",\"description\":\"El Portal de Noticias de la Regi\u00f3n\",\"publisher\":{\"@id\":\"https:\/\/www.delexodo.com.ar\/#organization\"},\"potentialAction\":[{\"@type\":\"SearchAction\",\"target\":{\"@type\":\"EntryPoint\",\"urlTemplate\":\"https:\/\/www.delexodo.com.ar\/?s={search_term_string}\"},\"query-input\":{\"@type\":\"PropertyValueSpecification\",\"valueRequired\":true,\"valueName\":\"search_term_string\"}}],\"inLanguage\":\"es\"},{\"@type\":\"Organization\",\"@id\":\"https:\/\/www.delexodo.com.ar\/#organization\",\"name\":\"Del \u00c9xodo Nogoy\u00e1\",\"url\":\"https:\/\/www.delexodo.com.ar\/\",\"logo\":{\"@type\":\"ImageObject\",\"inLanguage\":\"es\",\"@id\":\"https:\/\/www.delexodo.com.ar\/#\/schema\/logo\/image\/\",\"url\":\"https:\/\/www.delexodo.com.ar\/wp-content\/uploads\/2024\/10\/cropped-cropped-LOGO24.png\",\"contentUrl\":\"https:\/\/www.delexodo.com.ar\/wp-content\/uploads\/2024\/10\/cropped-cropped-LOGO24.png\",\"width\":512,\"height\":349,\"caption\":\"Del \u00c9xodo Nogoy\u00e1\"},\"image\":{\"@id\":\"https:\/\/www.delexodo.com.ar\/#\/schema\/logo\/image\/\"}},{\"@type\":\"Person\",\"@id\":\"https:\/\/www.delexodo.com.ar\/#\/schema\/person\/bbed37f7da8e938660b34f2013ba449d\",\"name\":\"admin\",\"image\":{\"@type\":\"ImageObject\",\"inLanguage\":\"es\",\"@id\":\"https:\/\/www.delexodo.com.ar\/#\/schema\/person\/image\/\",\"url\":\"https:\/\/secure.gravatar.com\/avatar\/6b1558d1b6df085f1901bd5bd98523d7?s=96&d=mm&r=g\",\"contentUrl\":\"https:\/\/secure.gravatar.com\/avatar\/6b1558d1b6df085f1901bd5bd98523d7?s=96&d=mm&r=g\",\"caption\":\"admin\"},\"url\":\"https:\/\/www.delexodo.com.ar\/?author=1\"}]}<\/script>\n<!-- \/ Yoast SEO plugin. -->","yoast_head_json":{"title":"LA EMERGENCIA ALIMENTARIA ACORDADA ENTRE EL GOBIERNO Y LA OPOSICI\u00d3N COSTAR\u00c1 AL MENOS $8.000 MILLONES - Del \u00c9xodo Nogoy\u00e1","robots":{"index":"index","follow":"follow","max-snippet":"max-snippet:-1","max-image-preview":"max-image-preview:large","max-video-preview":"max-video-preview:-1"},"canonical":"https:\/\/www.delexodo.com.ar\/?p=4116","og_locale":"es_ES","og_type":"article","og_title":"LA EMERGENCIA ALIMENTARIA ACORDADA ENTRE EL GOBIERNO Y LA OPOSICI\u00d3N COSTAR\u00c1 AL MENOS $8.000 MILLONES - Del \u00c9xodo Nogoy\u00e1","og_description":"La C\u00e1mara de Diputados tratar\u00e1 ma\u00f1ana la iniciativa presentada por los bloques opositores en una sesi\u00f3n especial que se extender\u00eda&hellip;","og_url":"https:\/\/www.delexodo.com.ar\/?p=4116","og_site_name":"Del \u00c9xodo Nogoy\u00e1","article_published_time":"2019-09-12T01:42:23+00:00","article_modified_time":"2019-09-12T01:42:24+00:00","og_image":[{"width":747,"height":422,"url":"https:\/\/www.delexodo.com.ar\/wp-content\/uploads\/2019\/09\/diputados.jpg","type":"image\/jpeg"}],"author":"admin","twitter_card":"summary_large_image","twitter_misc":{"Escrito por":"admin","Tiempo de lectura":"4 minutos"},"schema":{"@context":"https:\/\/schema.org","@graph":[{"@type":"Article","@id":"https:\/\/www.delexodo.com.ar\/?p=4116#article","isPartOf":{"@id":"https:\/\/www.delexodo.com.ar\/?p=4116"},"author":{"name":"admin","@id":"https:\/\/www.delexodo.com.ar\/#\/schema\/person\/bbed37f7da8e938660b34f2013ba449d"},"headline":"LA EMERGENCIA ALIMENTARIA ACORDADA ENTRE EL GOBIERNO Y LA OPOSICI\u00d3N COSTAR\u00c1 AL MENOS $8.000 MILLONES","datePublished":"2019-09-12T01:42:23+00:00","dateModified":"2019-09-12T01:42:24+00:00","mainEntityOfPage":{"@id":"https:\/\/www.delexodo.com.ar\/?p=4116"},"wordCount":750,"commentCount":0,"publisher":{"@id":"https:\/\/www.delexodo.com.ar\/#organization"},"image":{"@id":"https:\/\/www.delexodo.com.ar\/?p=4116#primaryimage"},"thumbnailUrl":"https:\/\/www.delexodo.com.ar\/wp-content\/uploads\/2019\/09\/diputados.jpg","articleSection":["Destacados","NOTICIAS","Politica"],"inLanguage":"es","potentialAction":[{"@type":"CommentAction","name":"Comment","target":["https:\/\/www.delexodo.com.ar\/?p=4116#respond"]}]},{"@type":"WebPage","@id":"https:\/\/www.delexodo.com.ar\/?p=4116","url":"https:\/\/www.delexodo.com.ar\/?p=4116","name":"LA EMERGENCIA ALIMENTARIA ACORDADA ENTRE EL GOBIERNO Y LA OPOSICI\u00d3N COSTAR\u00c1 AL MENOS $8.000 MILLONES - Del \u00c9xodo Nogoy\u00e1","isPartOf":{"@id":"https:\/\/www.delexodo.com.ar\/#website"},"primaryImageOfPage":{"@id":"https:\/\/www.delexodo.com.ar\/?p=4116#primaryimage"},"image":{"@id":"https:\/\/www.delexodo.com.ar\/?p=4116#primaryimage"},"thumbnailUrl":"https:\/\/www.delexodo.com.ar\/wp-content\/uploads\/2019\/09\/diputados.jpg","datePublished":"2019-09-12T01:42:23+00:00","dateModified":"2019-09-12T01:42:24+00:00","breadcrumb":{"@id":"https:\/\/www.delexodo.com.ar\/?p=4116#breadcrumb"},"inLanguage":"es","potentialAction":[{"@type":"ReadAction","target":["https:\/\/www.delexodo.com.ar\/?p=4116"]}]},{"@type":"ImageObject","inLanguage":"es","@id":"https:\/\/www.delexodo.com.ar\/?p=4116#primaryimage","url":"https:\/\/www.delexodo.com.ar\/wp-content\/uploads\/2019\/09\/diputados.jpg","contentUrl":"https:\/\/www.delexodo.com.ar\/wp-content\/uploads\/2019\/09\/diputados.jpg","width":747,"height":422},{"@type":"BreadcrumbList","@id":"https:\/\/www.delexodo.com.ar\/?p=4116#breadcrumb","itemListElement":[{"@type":"ListItem","position":1,"name":"Portada","item":"https:\/\/www.delexodo.com.ar\/"},{"@type":"ListItem","position":2,"name":"LA EMERGENCIA ALIMENTARIA ACORDADA ENTRE EL GOBIERNO Y LA OPOSICI\u00d3N COSTAR\u00c1 AL MENOS $8.000 MILLONES"}]},{"@type":"WebSite","@id":"https:\/\/www.delexodo.com.ar\/#website","url":"https:\/\/www.delexodo.com.ar\/","name":"Del \u00c9xodo Nogoy\u00e1","description":"El Portal de Noticias de la Regi\u00f3n","publisher":{"@id":"https:\/\/www.delexodo.com.ar\/#organization"},"potentialAction":[{"@type":"SearchAction","target":{"@type":"EntryPoint","urlTemplate":"https:\/\/www.delexodo.com.ar\/?s={search_term_string}"},"query-input":{"@type":"PropertyValueSpecification","valueRequired":true,"valueName":"search_term_string"}}],"inLanguage":"es"},{"@type":"Organization","@id":"https:\/\/www.delexodo.com.ar\/#organization","name":"Del \u00c9xodo Nogoy\u00e1","url":"https:\/\/www.delexodo.com.ar\/","logo":{"@type":"ImageObject","inLanguage":"es","@id":"https:\/\/www.delexodo.com.ar\/#\/schema\/logo\/image\/","url":"https:\/\/www.delexodo.com.ar\/wp-content\/uploads\/2024\/10\/cropped-cropped-LOGO24.png","contentUrl":"https:\/\/www.delexodo.com.ar\/wp-content\/uploads\/2024\/10\/cropped-cropped-LOGO24.png","width":512,"height":349,"caption":"Del \u00c9xodo Nogoy\u00e1"},"image":{"@id":"https:\/\/www.delexodo.com.ar\/#\/schema\/logo\/image\/"}},{"@type":"Person","@id":"https:\/\/www.delexodo.com.ar\/#\/schema\/person\/bbed37f7da8e938660b34f2013ba449d","name":"admin","image":{"@type":"ImageObject","inLanguage":"es","@id":"https:\/\/www.delexodo.com.ar\/#\/schema\/person\/image\/","url":"https:\/\/secure.gravatar.com\/avatar\/6b1558d1b6df085f1901bd5bd98523d7?s=96&d=mm&r=g","contentUrl":"https:\/\/secure.gravatar.com\/avatar\/6b1558d1b6df085f1901bd5bd98523d7?s=96&d=mm&r=g","caption":"admin"},"url":"https:\/\/www.delexodo.com.ar\/?author=1"}]}},"_links":{"self":[{"href":"https:\/\/www.delexodo.com.ar\/index.php?rest_route=\/wp\/v2\/posts\/4116","targetHints":{"allow":["GET"]}}],"collection":[{"href":"https:\/\/www.delexodo.com.ar\/index.php?rest_route=\/wp\/v2\/posts"}],"about":[{"href":"https:\/\/www.delexodo.com.ar\/index.php?rest_route=\/wp\/v2\/types\/post"}],"author":[{"embeddable":true,"href":"https:\/\/www.delexodo.com.ar\/index.php?rest_route=\/wp\/v2\/users\/1"}],"replies":[{"embeddable":true,"href":"https:\/\/www.delexodo.com.ar\/index.php?rest_route=%2Fwp%2Fv2%2Fcomments&post=4116"}],"version-history":[{"count":0,"href":"https:\/\/www.delexodo.com.ar\/index.php?rest_route=\/wp\/v2\/posts\/4116\/revisions"}],"wp:featuredmedia":[{"embeddable":true,"href":"https:\/\/www.delexodo.com.ar\/index.php?rest_route=\/wp\/v2\/media\/4118"}],"wp:attachment":[{"href":"https:\/\/www.delexodo.com.ar\/index.php?rest_route=%2Fwp%2Fv2%2Fmedia&parent=4116"}],"wp:term":[{"taxonomy":"category","embeddable":true,"href":"https:\/\/www.delexodo.com.ar\/index.php?rest_route=%2Fwp%2Fv2%2Fcategories&post=4116"},{"taxonomy":"post_tag","embeddable":true,"href":"https:\/\/www.delexodo.com.ar\/index.php?rest_route=%2Fwp%2Fv2%2Ftags&post=4116"}],"curies":[{"name":"wp","href":"https:\/\/api.w.org\/{rel}","templated":true}]}}